{"id":86001,"date":"2024-07-14T20:35:29","date_gmt":"2024-07-15T00:35:29","guid":{"rendered":"https:\/\/lasprimeras.com.do\/?p=86001"},"modified":"2024-07-14T20:35:29","modified_gmt":"2024-07-15T00:35:29","slug":"en-el-sur-y-el-cibao-fp-elige-integrantes-de-la-comision-organizadora-de-su-congreso","status":"publish","type":"post","link":"https:\/\/lasprimeras.com.do\/index.php\/2024\/07\/14\/en-el-sur-y-el-cibao-fp-elige-integrantes-de-la-comision-organizadora-de-su-congreso\/","title":{"rendered":"En el Sur y El Cibao, FP elige integrantes de la Comisi\u00f3n Organizadora de su Congreso"},"content":{"rendered":"\n<p class=\"wp-block-paragraph\">Con la presencia de su presidente y l\u00edder, Leonel Fern\u00e1ndez, el partido Fuerza del Pueblo (FP) concluy\u00f3 el proceso de elecci\u00f3n de los representantes regionales del Sur y El Cibao en el Comit\u00e9 Organizador del II Congreso que desarrollar\u00e1 esta entidad desde su fundaci\u00f3n, como parte del proceso de reestructuraci\u00f3n interna.<\/p>\n\n\n\n<p class=\"wp-block-paragraph\">En una asamblea efectuada en la ciudad cibae\u00f1a de Santiago, los integrantes de la Direcci\u00f3n Central de la FP, representantes de las 14 provincias de la regi\u00f3n se reunieron para elegir tres delegados a la Comisi\u00f3n Organizadora del II Congreso doctor Franklin Almeyda Rancier, el cual es un importante evento partidario que servir\u00e1 de punto de partida para el relanzamiento de la principal entidad pol\u00edtica opositora de la Rep\u00fablica Dominicana.<\/p>\n\n\n\n<p class=\"wp-block-paragraph\">Los integrantes de este alto organismo de direcci\u00f3n de la FP de las provincias de Santiago, La Vega, Puerto Plata, Monse\u00f1or Nouel, Espaillat, Hermanas Mirabal, Mar\u00eda Trinidad S\u00e1nchez, S\u00e1nchez Ram\u00edrez, Saman\u00e1, Santiago Rodr\u00edguez, Valverde, Montecristi, Dajab\u00f3n y Duarte seleccionaron tres personas como sus representantes ante el Comit\u00e9 Organizador de su pr\u00f3ximo Congreso. Fueron electos los se\u00f1ores: Xiomara Inmaculada Valerio (Espaillat), Jos\u00e9 Luis Cosme Mercedes (Mar\u00eda Trinidad S\u00e1nchez) y Pedro Rafael Cruz P\u00e9rez (Santiago).<\/p>\n\n\n\n<p class=\"wp-block-paragraph\">En Azua<\/p>\n\n\n\n<p class=\"wp-block-paragraph\">Previo a la asamblea de la Ciudad Coraz\u00f3n, en horas de la ma\u00f1ana de este s\u00e1bado, Leonel Fern\u00e1ndez encabez\u00f3 la asamblea de la regi\u00f3n Sur, en la que la principal entidad pol\u00edtica de la oposici\u00f3n dominicana reuni\u00f3 a los integrantes de su Direcci\u00f3n Central pertenecientes a las provincias de Peravia, Azua, San Juan, Bahoruco, Barahona, Pedernales, El\u00edas Pi\u00f1a, Independencia, San Jos\u00e9 de Ocoa y San Crist\u00f3bal, procediendo a la elecci\u00f3n de los representantes regionales para el II Congreso de la FP.<\/p>\n\n\n\n<p class=\"wp-block-paragraph\">En la asamblea preparatoria del importante proceso de reestructuraci\u00f3n partidaria de la entidad pol\u00edtica que lidera el ex presidente de la Rep\u00fablica Leonel Fern\u00e1ndez, fueron seleccionados como representantes de la regi\u00f3n Sur los se\u00f1ores: Jos\u00e9 Medina Sena (Azua) y Juan Rodr\u00edguez (San Juan).<\/p>\n\n\n\n<p class=\"wp-block-paragraph\">Los 25 integrantes de la Comisi\u00f3n Organizadora que coordinar\u00e1n los trabajos, electos en las asambleas regionales y seccionales en el exterior (virtuales), ser\u00e1n presentados para su ratificaci\u00f3n o validaci\u00f3n en la asamblea general de la Direcci\u00f3n Central, pautada para el lunes 15, la cual ser\u00e1 realizada en el Pabell\u00f3n de la Fama del Deporte Dominicano.<\/p>\n","protected":false},"excerpt":{"rendered":"<p>Con la presencia de su presidente y l\u00edder, Leonel Fern\u00e1ndez, el partido Fuerza del Pueblo (FP) concluy\u00f3 el proceso de elecci\u00f3n de los representantes regionales del Sur y El Cibao&hellip;<\/p>\n","protected":false},"author":2,"featured_media":86002,"comment_status":"open","ping_status":"open","sticky":false,"template":"","format":"standard","meta":{"content-type":"","_jetpack_newsletter_access":"","_jetpack_dont_email_post_to_subs":false,"_jetpack_newsletter_tier_id":0,"_jetpack_memberships_contains_paywalled_content":false,"_jetpack_feature_clip_id":0,"_jetpack_memberships_contains_paid_content":false,"footnotes":"","jetpack_post_was_ever_published":false},"categories":[25],"tags":[950,530,14091,158,3289,4133],"class_list":["post-86001","post","type-post","status-publish","format-standard","has-post-thumbnail","hentry","category-portada","tag-comision","tag-congreso","tag-el-cibao","tag-fuerza-del-pueblo","tag-organizadora","tag-sur"],"jetpack-related-posts":[{"id":85935,"url":"https:\/\/lasprimeras.com.do\/index.php\/2024\/07\/13\/fp-continua-proceso-de-eleccion-de-la-comision-organizadora-de-su-congreso\/","url_meta":{"origin":86001,"position":0},"title":"FP contin\u00faa proceso de elecci\u00f3n de la Comisi\u00f3n Organizadora de su Congreso","author":"Nelson Feliz","date":"13 de julio de 2024","format":false,"excerpt":"Selecciona representantes de la regi\u00f3n Este al Congreso de la entidad. La principal entidad pol\u00edtica de la oposici\u00f3n dominicana, el partido Fuerza del Pueblo (FP), continu\u00f3 en San Pedro de Macor\u00eds el proceso de elecci\u00f3n de los integrantes de la Comisi\u00f3n Organizadora de su segundo Congreso, el cual llevar\u00e1 por\u2026","rel":"","context":"En \u00abPORTADA\u00bb","block_context":{"text":"PORTADA","link":"https:\/\/lasprimeras.com.do\/index.php\/category\/portada\/"},"img":{"alt_text":"Leonel Fern\u00e1ndez","src":"https:\/\/i0.wp.com\/lasprimeras.com.do\/wp-content\/uploads\/2024\/07\/Leonel-Fernandez.jpg?resize=350%2C200&ssl=1","width":350,"height":200,"srcset":"https:\/\/i0.wp.com\/lasprimeras.com.do\/wp-content\/uploads\/2024\/07\/Leonel-Fernandez.jpg?resize=350%2C200&ssl=1 1x, https:\/\/i0.wp.com\/lasprimeras.com.do\/wp-content\/uploads\/2024\/07\/Leonel-Fernandez.jpg?resize=525%2C300&ssl=1 1.5x"},"classes":[]},{"id":85828,"url":"https:\/\/lasprimeras.com.do\/index.php\/2024\/07\/09\/fuerza-del-pueblo-inicio-eleccion-de-la-comision-organizadora-del-congreso\/","url_meta":{"origin":86001,"position":1},"title":"Fuerza del Pueblo inici\u00f3 elecci\u00f3n de la Comisi\u00f3n Organizadora del Congreso","author":"Nelson Feliz","date":"9 de julio de 2024","format":false,"excerpt":"El proceso se est\u00e1 realizando mediante votaci\u00f3n, garantizando representaciones regionales y del exterior Con una asamblea encabezada por el presidente del partido Fuerza del Pueblo (FP), Leonel Fern\u00e1ndez, se inici\u00f3 el proceso de elecci\u00f3n de los integrantes de la Comisi\u00f3n Organizadora de su 2do. Congreso, que lleva por nombre Dr.\u2026","rel":"","context":"En \u00abPORTADA\u00bb","block_context":{"text":"PORTADA","link":"https:\/\/lasprimeras.com.do\/index.php\/category\/portada\/"},"img":{"alt_text":"","src":"https:\/\/i0.wp.com\/lasprimeras.com.do\/wp-content\/uploads\/2024\/07\/Fuerza-del-Pueblo.jpg?resize=350%2C200&ssl=1","width":350,"height":200,"srcset":"https:\/\/i0.wp.com\/lasprimeras.com.do\/wp-content\/uploads\/2024\/07\/Fuerza-del-Pueblo.jpg?resize=350%2C200&ssl=1 1x, https:\/\/i0.wp.com\/lasprimeras.com.do\/wp-content\/uploads\/2024\/07\/Fuerza-del-Pueblo.jpg?resize=525%2C300&ssl=1 1.5x, https:\/\/i0.wp.com\/lasprimeras.com.do\/wp-content\/uploads\/2024\/07\/Fuerza-del-Pueblo.jpg?resize=700%2C400&ssl=1 2x"},"classes":[]},{"id":88578,"url":"https:\/\/lasprimeras.com.do\/index.php\/2024\/08\/31\/leonel-asegura-que-la-fp-no-pausara-labor-de-oposicion\/","url_meta":{"origin":86001,"position":2},"title":"Leonel asegura que la FP no pausar\u00e1 labor de oposici\u00f3n","author":"Nelson Feliz","date":"31 de agosto de 2024","format":false,"excerpt":"Fuerza del Pueblo pasa balance a los avances de su Congreso Nacional. El presidente y l\u00edder del partido Fuerza del Pueblo (FP), Leonel Fern\u00e1ndez, asegur\u00f3 este viernes que esa organizaci\u00f3n no pausar\u00e1 su labor de oposici\u00f3n, ni de crecimiento, por la realizaci\u00f3n de su congreso ordinario. El expresidente de la\u2026","rel":"","context":"En \u00abPORTADA\u00bb","block_context":{"text":"PORTADA","link":"https:\/\/lasprimeras.com.do\/index.php\/category\/portada\/"},"img":{"alt_text":"Leonel Fern\u00e1ndez","src":"https:\/\/i0.wp.com\/lasprimeras.com.do\/wp-content\/uploads\/2024\/08\/Leonel-Fernandez-3.jpg?resize=350%2C200&ssl=1","width":350,"height":200,"srcset":"https:\/\/i0.wp.com\/lasprimeras.com.do\/wp-content\/uploads\/2024\/08\/Leonel-Fernandez-3.jpg?resize=350%2C200&ssl=1 1x, https:\/\/i0.wp.com\/lasprimeras.com.do\/wp-content\/uploads\/2024\/08\/Leonel-Fernandez-3.jpg?resize=525%2C300&ssl=1 1.5x"},"classes":[]},{"id":92887,"url":"https:\/\/lasprimeras.com.do\/index.php\/2025\/01\/19\/fuerza-del-pueblo-entra-en-la-etapa-final-de-su-congreso-nacional-ordinario\/","url_meta":{"origin":86001,"position":3},"title":"Fuerza del Pueblo entra en la etapa final de su Congreso Nacional Ordinario","author":"Nelson Feliz","date":"19 de enero de 2025","format":false,"excerpt":"Henry Mer\u00e1n ofrece detalles de los avances del Congreso de la FP El coordinador de la Comisi\u00f3n Nacional Organizadora del Congreso Nacional Ordinario \u201cDr. Franklin Almeyda Rancier\u201d del partido Fuerza del Pueblo (FP), Dr. Henry Mer\u00e1n, anunci\u00f3 que el proceso ha entrado en su fase final. La informaci\u00f3n fue dada\u2026","rel":"","context":"En \u00abPOLITICA\u00bb","block_context":{"text":"POLITICA","link":"https:\/\/lasprimeras.com.do\/index.php\/category\/politica\/"},"img":{"alt_text":"Henry Mer\u00e1n","src":"https:\/\/i0.wp.com\/lasprimeras.com.do\/wp-content\/uploads\/2025\/01\/Henry-Meran.jpg?resize=350%2C200&ssl=1","width":350,"height":200,"srcset":"https:\/\/i0.wp.com\/lasprimeras.com.do\/wp-content\/uploads\/2025\/01\/Henry-Meran.jpg?resize=350%2C200&ssl=1 1x, https:\/\/i0.wp.com\/lasprimeras.com.do\/wp-content\/uploads\/2025\/01\/Henry-Meran.jpg?resize=525%2C300&ssl=1 1.5x, https:\/\/i0.wp.com\/lasprimeras.com.do\/wp-content\/uploads\/2025\/01\/Henry-Meran.jpg?resize=700%2C400&ssl=1 2x"},"classes":[]},{"id":135779,"url":"https:\/\/lasprimeras.com.do\/index.php\/2026\/07\/17\/legisladores-de-la-fp-piden-ampliar-estudio-del-codigo-penal-2\/","url_meta":{"origin":86001,"position":4},"title":"Legisladores de la FP piden ampliar estudio del C\u00f3digo Penal","author":"Nelson Feliz","date":"17 de julio de 2026","format":false,"excerpt":"Los congresistas opositores exigen abrir espacios de participaci\u00f3n a organizaciones consultadas Santo Domingo.- Los legisladores de la Fuerza del Pueblo que integran la Comisi\u00f3n Bicameral encargada del estudio del proyecto de C\u00f3digo Penal expresaron su preocupaci\u00f3n ante la intenci\u00f3n de concluir de manera acelerada y festinada el conocimiento de las\u2026","rel":"","context":"En \u00abPOLITICA\u00bb","block_context":{"text":"POLITICA","link":"https:\/\/lasprimeras.com.do\/index.php\/category\/politica\/"},"img":{"alt_text":"Fuerza del Pueblo","src":"https:\/\/i0.wp.com\/lasprimeras.com.do\/wp-content\/uploads\/2023\/08\/Fuerza-del-Pueblo-2.jpg?resize=350%2C200&ssl=1","width":350,"height":200,"srcset":"https:\/\/i0.wp.com\/lasprimeras.com.do\/wp-content\/uploads\/2023\/08\/Fuerza-del-Pueblo-2.jpg?resize=350%2C200&ssl=1 1x, https:\/\/i0.wp.com\/lasprimeras.com.do\/wp-content\/uploads\/2023\/08\/Fuerza-del-Pueblo-2.jpg?resize=525%2C300&ssl=1 1.5x, https:\/\/i0.wp.com\/lasprimeras.com.do\/wp-content\/uploads\/2023\/08\/Fuerza-del-Pueblo-2.jpg?resize=700%2C400&ssl=1 2x"},"classes":[]},{"id":91306,"url":"https:\/\/lasprimeras.com.do\/index.php\/2024\/11\/16\/leonel-encabezara-actividades-este-domingo-en-el-dn-y-spm\/","url_meta":{"origin":86001,"position":5},"title":"Leonel encabezar\u00e1 actividades este domingo en el DN y SPM","author":"Nelson Feliz","date":"16 de noviembre de 2024","format":false,"excerpt":"El l\u00edder opositor tomar\u00e1 juramento en esa organizaci\u00f3n a cientos de nuevos miembros. El presidente y l\u00edder del partido Fuerza del Pueblo (FP), Leonel Fern\u00e1ndez, tomar\u00e1 juramento en esa organizaci\u00f3n a cientos de nuevos miembros de diversos sectores profesionales este domingo, durante actos en el Distrito Nacional y San Pedro\u2026","rel":"","context":"En \u00abPORTADA\u00bb","block_context":{"text":"PORTADA","link":"https:\/\/lasprimeras.com.do\/index.php\/category\/portada\/"},"img":{"alt_text":"Leonel Fern\u00e1ndez","src":"https:\/\/i0.wp.com\/lasprimeras.com.do\/wp-content\/uploads\/2024\/11\/Leonel-Fernandez-02.jpg?resize=350%2C200&ssl=1","width":350,"height":200,"srcset":"https:\/\/i0.wp.com\/lasprimeras.com.do\/wp-content\/uploads\/2024\/11\/Leonel-Fernandez-02.jpg?resize=350%2C200&ssl=1 1x, https:\/\/i0.wp.com\/lasprimeras.com.do\/wp-content\/uploads\/2024\/11\/Leonel-Fernandez-02.jpg?resize=525%2C300&ssl=1 1.5x"},"classes":[]}],"jetpack_sharing_enabled":true,"jetpack_featured_media_url":"https:\/\/lasprimeras.com.do\/wp-content\/uploads\/2024\/07\/Leonel-Fernandez-1.jpg","_links":{"self":[{"href":"https:\/\/lasprimeras.com.do\/index.php\/wp-json\/wp\/v2\/posts\/86001","targetHints":{"allow":["GET"]}}],"collection":[{"href":"https:\/\/lasprimeras.com.do\/index.php\/wp-json\/wp\/v2\/posts"}],"about":[{"href":"https:\/\/lasprimeras.com.do\/index.php\/wp-json\/wp\/v2\/types\/post"}],"author":[{"embeddable":true,"href":"https:\/\/lasprimeras.com.do\/index.php\/wp-json\/wp\/v2\/users\/2"}],"replies":[{"embeddable":true,"href":"https:\/\/lasprimeras.com.do\/index.php\/wp-json\/wp\/v2\/comments?post=86001"}],"version-history":[{"count":1,"href":"https:\/\/lasprimeras.com.do\/index.php\/wp-json\/wp\/v2\/posts\/86001\/revisions"}],"predecessor-version":[{"id":86003,"href":"https:\/\/lasprimeras.com.do\/index.php\/wp-json\/wp\/v2\/posts\/86001\/revisions\/86003"}],"wp:featuredmedia":[{"embeddable":true,"href":"https:\/\/lasprimeras.com.do\/index.php\/wp-json\/wp\/v2\/media\/86002"}],"wp:attachment":[{"href":"https:\/\/lasprimeras.com.do\/index.php\/wp-json\/wp\/v2\/media?parent=86001"}],"wp:term":[{"taxonomy":"category","embeddable":true,"href":"https:\/\/lasprimeras.com.do\/index.php\/wp-json\/wp\/v2\/categories?post=86001"},{"taxonomy":"post_tag","embeddable":true,"href":"https:\/\/lasprimeras.com.do\/index.php\/wp-json\/wp\/v2\/tags?post=86001"}],"curies":[{"name":"wp","href":"https:\/\/api.w.org\/{rel}","templated":true}]}}