{"id":86083,"date":"2024-07-17T22:33:23","date_gmt":"2024-07-18T02:33:23","guid":{"rendered":"https:\/\/lasprimeras.com.do\/?p=86083"},"modified":"2024-07-17T22:33:24","modified_gmt":"2024-07-18T02:33:24","slug":"raquel-pena-destaca-logros-en-inversion-extranjera-en-inauguracion-del-encuentro-regional-de-waipa","status":"publish","type":"post","link":"https:\/\/lasprimeras.com.do\/index.php\/2024\/07\/17\/raquel-pena-destaca-logros-en-inversion-extranjera-en-inauguracion-del-encuentro-regional-de-waipa\/","title":{"rendered":"Raquel Pe\u00f1a destaca logros en inversi\u00f3n extranjera en inauguraci\u00f3n del Encuentro Regional de WAIPA"},"content":{"rendered":"\n<p class=\"wp-block-paragraph\"><strong>ProDominicana lider\u00f3 la organizaci\u00f3n del evento, destacando logros hist\u00f3ricos en inversi\u00f3n extranjera directa en el pa\u00eds.<\/strong><\/p>\n\n\n\n<p class=\"wp-block-paragraph\">La Rep\u00fablica Dominicana, se convirti\u00f3 este mi\u00e9rcoles en el anfitri\u00f3n del Encuentro Regional de la Asociaci\u00f3n Mundial de Agencias de Promoci\u00f3n de Inversiones (WAIPA), organizado por el Centro de Exportaci\u00f3n e Inversi\u00f3n de la Rep\u00fablica Dominicana (ProDominicana), y que re\u00fane a pa\u00edses de Centroam\u00e9rica y el Caribe, como Bahamas, Bermuda, Santa Luc\u00eda, Curazao, Costa Rica, Honduras, Estados Unidos (Florida), Ghana, Guatemala, Guyana y Dominica.<\/p>\n\n\n\n<p class=\"wp-block-paragraph\">El evento estuvo encabezado por la vicepresidenta dominicana, Raquel Pe\u00f1a, quien expres\u00f3 su confianza en que el encuentro marque el inicio de una nueva era de prosperidad y cooperaci\u00f3n para Centroam\u00e9rica y el Caribe.<\/p>\n\n\n\n<p class=\"wp-block-paragraph\">La vicemandataria, que es tambi\u00e9n la presidenta del Gabinete de Promoci\u00f3n de Inversiones, sostuvo que las agencias de promoci\u00f3n de inversiones desempe\u00f1an un rol crucial facilitando colaboraciones, fomentando la transferencia de tecnolog\u00eda y promoviendo la innovaci\u00f3n, como es el caso de ProDominicana, bajo el liderazgo de su directora Biviana Riveiro, que, seg\u00fan Pe\u00f1a, ha sido una punta de lanza en el constante crecimiento de la captaci\u00f3n de inversiones.<\/p>\n\n\n\n<p class=\"wp-block-paragraph\">Asimismo, enfatiz\u00f3 que la confianza de la que actualmente goza la naci\u00f3n es el cimiento sobre el cual se construyen alianzas duraderas y oportunidades de crecimiento mutuo y &#8220;es un ciclo virtuos&#8221; que le ha permitido al gobierno invertir en programas sociales de amplio alcance que elevan la calidad de vida de los ciudadanos.<\/p>\n\n\n\n<p class=\"wp-block-paragraph\">La directora ejecutiva de ProDominicana, Biviana Riveiro, quien a su vez es directora regional de WAIPA, destac\u00f3 los logros recientes del pa\u00eds en materia de inversi\u00f3n extranjera directa: &#8220;La elecci\u00f3n de ProDominicana como parte del comit\u00e9 directivo para representar la direcci\u00f3n regional de Centroam\u00e9rica y el Caribe de la WAIPA, representa un privilegio y tambi\u00e9n un gran compromiso en la tarea de liderar iniciativas que fortalezcan la atracci\u00f3n de inversiones, mediante la integraci\u00f3n de esfuerzos para que cada pa\u00eds de nuestra regi\u00f3n se beneficie de las oportunidades que esto conlleva, toda vez que hemos vivido en el pasado reciente numerosos desaf\u00edos y panoramas que nos obligan a adaptarnos al cambio&#8221;.<\/p>\n\n\n\n<p class=\"wp-block-paragraph\">Asegur\u00f3 que estas acciones han logrado impulsar r\u00e9cords hist\u00f3ricos consecutivos de m\u00e1s de US$4,000 millones de d\u00f3lares en captaci\u00f3n de IED en sectores como turismo, energ\u00eda, comercio e industria, sector inmobiliario, miner\u00eda y telecomunicaciones.<\/p>\n\n\n\n<p class=\"wp-block-paragraph\">De igual modo, Hostos Rizik, director ejecutivo del Banco Centroamericano de Integraci\u00f3n Econ\u00f3mica (BCIE por Rep\u00fablica Dominicana), expres\u00f3 que Rep\u00fablica Dominicana ha demostrado ser l\u00edder en la regi\u00f3n y con la econom\u00eda m\u00e1s grande, alcanzando un Producto Interno Bruto (PIB) de US$119,966.0 millones al cierre de 2023 (25.9% de la producci\u00f3n de toda la regi\u00f3n centroamericana), con un crecimiento econ\u00f3mico esperado de 5.4% para el 2024 seg\u00fan el Fondo Monetario Internacional (FMI), alcanzando una senda tendencial de recuperaci\u00f3n de crecimiento previo al comportamiento de la pandemia del COVID-19, con una econom\u00eda din\u00e1mica y un entorno favorable para la inversi\u00f3n, tanto nacional como extranjera.<\/p>\n\n\n\n<p class=\"wp-block-paragraph\">De acuerdo con las \u00faltimas estad\u00edsticas del Banco Central de la Rep\u00fablica Dominicana (BCRD), la inversi\u00f3n extranjera directa, durante el primer trimestre del 2024, alcanz\u00f3 la mejor cifra de la historia con un valor deUS$1,268.5 millones para un incremento interanual de 1.5% y posiciona este per\u00edodo como el mejor trimestre enero-marzo en captaci\u00f3n de IED en la econom\u00eda dominicana.<\/p>\n\n\n\n<p class=\"wp-block-paragraph\">El evento incluy\u00f3 conferencias impartidas por Ismail Ersahin, director ejecutivo de WAIPA quien realiz\u00f3 una disertaci\u00f3n sobre \u201cLas Agencias de Promoci\u00f3n de Inversiones impulsores del crecimiento: panorama actual y perspectivas futuras\u201d; Amelia Santos, jefa de la Secci\u00f3n de Investigaci\u00f3n de Inversiones de la UNCTAD con el tema Facilitaci\u00f3n y Gobernanza para la Atracci\u00f3n de Inversi\u00f3n Extranjera en Centroam\u00e9rica y El Caribe; Escipi\u00f3n Oliveira, director de la Divisi\u00f3n Competitividad Empresarial e Instituciones del Centro de Comercio Internacional (ITC) con Perspectiva de Negocios Internacionales en Tiempos Disruptivos; Manuel Fernelis Ogando, gerente de pa\u00eds del BCIE disert\u00f3 sobre las Oportunidades de Negocios Internacionales y Apoyo Institucional con el BCIE.<\/p>\n\n\n\n<p class=\"wp-block-paragraph\">Participaron organismos regionales e internacionales, tales como el Banco Centroamericano de Integraci\u00f3n Econ\u00f3mica (BCIE), como colaborador oficial del evento, la Conferencia de las Naciones Unidas para el Comercio y Desarrollo (UNCTAD), el Centro de Comercio Internacional (ITC), la Organizaci\u00f3n Mundial del Turismo (OMT), y la Organizaci\u00f3n de las Naciones Unidas para el Desarrollo Industrial (UNIDO).<\/p>\n\n\n\n<p class=\"wp-block-paragraph\">Asimismo, Sr. Juan Vicens, de la Direcci\u00f3n General de Aduanas Rep. Dominicana presentando casos de Rep\u00fablica Dominicana: Sector Log\u00edstico; Peter Ramsaroop, jefe de la oficina de inversi\u00f3n de GO Invest Guyana con el Caso Guyana: Posibilidades de Inversi\u00f3n en Nuevas Industrias; Martin Ibarra, consultor internacional quien habl\u00f3 de C\u00f3mo Captar las Oportunidades de Nearshoring en Centroam\u00e9rica y el Caribe; Brian Portelli, asesor t\u00e9cnico de ONUDI, Tecnolog\u00edas Disponibles en el Programa ACP Business Friendly y M\u00f3nica Uma\u00f1a, gerente de atracci\u00f3n de inversiones de PROCOMER Costa Rica con las Oportunidades de Inversi\u00f3n y Desarrollo de las TIC\u2019s.<\/p>\n\n\n\n<p class=\"wp-block-paragraph\">El encuentro tambi\u00e9n cont\u00f3 con un panel enfocado en el sector turismo titulado &#8220;Sector Turismo: Catalizador de Oportunidades para Econom\u00edas en Desarrollo&#8221;. El mismo estuvo integrado por Sr. Antonio L\u00f3pez De \u00c1vila, director de Innovaci\u00f3n, Educaci\u00f3n e Inversi\u00f3n Naciones Unidas Turismo; Jacqueline Mora, viceministra t\u00e9cnica del Ministerio de Turismo; Juan Manuel Martin de Oliva, vicepresidente de negocios tur\u00edsticos del Banco Popular Dominicano; David Llibre, presidente de ASONAHORES. Como moderadora Aguie Lendor, vicepresidenta ejecutiva de ASONAHORES.<\/p>\n\n\n\n<p class=\"wp-block-paragraph\">La actividad se enfoc\u00f3 en promover la colaboraci\u00f3n entre las agencias de promoci\u00f3n de inversiones de la regi\u00f3n y facilitar un espacio para compartir conocimientos y visiones que promuevan la atracci\u00f3n de inversi\u00f3n extranjera directa.<\/p>\n","protected":false},"excerpt":{"rendered":"<p>ProDominicana lider\u00f3 la organizaci\u00f3n del evento, destacando logros hist\u00f3ricos en inversi\u00f3n extranjera directa en el pa\u00eds. La Rep\u00fablica Dominicana, se convirti\u00f3 este mi\u00e9rcoles en el anfitri\u00f3n del Encuentro Regional de&hellip;<\/p>\n","protected":false},"author":2,"featured_media":86084,"comment_status":"open","ping_status":"open","sticky":false,"template":"","format":"standard","meta":{"content-type":"","_jetpack_newsletter_access":"","_jetpack_dont_email_post_to_subs":false,"_jetpack_newsletter_tier_id":0,"_jetpack_memberships_contains_paywalled_content":false,"_jetpack_feature_clip_id":0,"_jetpack_memberships_contains_paid_content":false,"footnotes":"","jetpack_post_was_ever_published":false},"categories":[39,25],"tags":[2086,1225,2873,479,14125],"class_list":["post-86083","post","type-post","status-publish","format-standard","has-post-thumbnail","hentry","category-economia","category-portada","tag-encuentro","tag-inversion-extranjera","tag-raquel-pena","tag-regional","tag-waipa"],"jetpack-related-posts":[{"id":133880,"url":"https:\/\/lasprimeras.com.do\/index.php\/2026\/07\/03\/americas-investment-forum-2026-reune-lideres-internacionales-y-fortalece-la-agenda-de-inversion-en-las-americas\/","url_meta":{"origin":86083,"position":0},"title":"Americas Investment Forum 2026 re\u00fane l\u00edderes internacionales y fortalece la agenda de inversi\u00f3n en las Am\u00e9ricas","author":"Nelson Feliz","date":"3 de julio de 2026","format":false,"excerpt":"Santo Domingo.\u2013 El Americas Investment Forum (AIF) 2026 celebr\u00f3 su primera jornada con la participaci\u00f3n de la vicepresidenta de la Rep\u00fablica, Raquel Pe\u00f1a; el primer vicepresidente de Costa Rica, Francisco Gamboa Soto; la directora ejecutiva de ProDominicana, Biviana Riveiro Disla; el presidente de la Asociaci\u00f3n Mundial de Agencias de Promoci\u00f3n\u2026","rel":"","context":"En \u00abECONOM\u00cdA\u00bb","block_context":{"text":"ECONOM\u00cdA","link":"https:\/\/lasprimeras.com.do\/index.php\/category\/economia\/"},"img":{"alt_text":"","src":"https:\/\/i0.wp.com\/lasprimeras.com.do\/wp-content\/uploads\/2026\/07\/IMG-20260702-WA1035.jpg?resize=350%2C200&ssl=1","width":350,"height":200,"srcset":"https:\/\/i0.wp.com\/lasprimeras.com.do\/wp-content\/uploads\/2026\/07\/IMG-20260702-WA1035.jpg?resize=350%2C200&ssl=1 1x, https:\/\/i0.wp.com\/lasprimeras.com.do\/wp-content\/uploads\/2026\/07\/IMG-20260702-WA1035.jpg?resize=525%2C300&ssl=1 1.5x, https:\/\/i0.wp.com\/lasprimeras.com.do\/wp-content\/uploads\/2026\/07\/IMG-20260702-WA1035.jpg?resize=700%2C400&ssl=1 2x, https:\/\/i0.wp.com\/lasprimeras.com.do\/wp-content\/uploads\/2026\/07\/IMG-20260702-WA1035.jpg?resize=1050%2C600&ssl=1 3x, https:\/\/i0.wp.com\/lasprimeras.com.do\/wp-content\/uploads\/2026\/07\/IMG-20260702-WA1035.jpg?resize=1400%2C800&ssl=1 4x"},"classes":[]},{"id":133999,"url":"https:\/\/lasprimeras.com.do\/index.php\/2026\/07\/05\/americas-investment-forum-2026-consolida-a-rd-como-hub-regional-de-inversion\/","url_meta":{"origin":86083,"position":1},"title":"Americas Investment Forum 2026 consolida a RD como hub regional de inversi\u00f3n","author":"Nelson Feliz","date":"5 de julio de 2026","format":false,"excerpt":"M\u00e1s de 2,000 participantes de 52 pa\u00edses impulsaron acuerdos estrat\u00e9gicos, nuevos proyectos de inversi\u00f3n y una agenda regional orientada a la innovaci\u00f3n, la sostenibilidad y la competitividad. Santo Domingo. \u2013 La Rep\u00fablica Dominicana reafirm\u00f3 su liderazgo como uno de los destinos m\u00e1s din\u00e1micos y competitivos para la inversi\u00f3n extranjera en\u2026","rel":"","context":"En \u00abECONOM\u00cdA\u00bb","block_context":{"text":"ECONOM\u00cdA","link":"https:\/\/lasprimeras.com.do\/index.php\/category\/economia\/"},"img":{"alt_text":"","src":"https:\/\/i0.wp.com\/lasprimeras.com.do\/wp-content\/uploads\/2026\/07\/IMG-20260705-WA0247.jpg?resize=350%2C200&ssl=1","width":350,"height":200,"srcset":"https:\/\/i0.wp.com\/lasprimeras.com.do\/wp-content\/uploads\/2026\/07\/IMG-20260705-WA0247.jpg?resize=350%2C200&ssl=1 1x, https:\/\/i0.wp.com\/lasprimeras.com.do\/wp-content\/uploads\/2026\/07\/IMG-20260705-WA0247.jpg?resize=525%2C300&ssl=1 1.5x, https:\/\/i0.wp.com\/lasprimeras.com.do\/wp-content\/uploads\/2026\/07\/IMG-20260705-WA0247.jpg?resize=700%2C400&ssl=1 2x, https:\/\/i0.wp.com\/lasprimeras.com.do\/wp-content\/uploads\/2026\/07\/IMG-20260705-WA0247.jpg?resize=1050%2C600&ssl=1 3x, https:\/\/i0.wp.com\/lasprimeras.com.do\/wp-content\/uploads\/2026\/07\/IMG-20260705-WA0247.jpg?resize=1400%2C800&ssl=1 4x"},"classes":[]},{"id":112723,"url":"https:\/\/lasprimeras.com.do\/index.php\/2025\/10\/22\/biviana-riveiro-asume-vicepresidencia-de-la-asociacion-mundial-de-agencias-de-promocion-de-inversiones\/","url_meta":{"origin":86083,"position":2},"title":"Biviana Riveiro asume vicepresidencia de la Asociaci\u00f3n Mundial de Agencias de Promoci\u00f3n de Inversiones","author":"Nelson Feliz","date":"22 de octubre de 2025","format":false,"excerpt":"Al asumir sus nuevas funciones, Riveiro expres\u00f3 su compromiso de fortalecer la colaboraci\u00f3n entre las entidades e impulsar iniciativas orientadas a la innovaci\u00f3n. Sharjah, Emiratos \u00c1rabes Unidos.\u2013 La directora ejecutiva del Centro de Exportaci\u00f3n e Inversi\u00f3n de la Rep\u00fablica Dominicana (ProDominicana), Biviana Riveiro Disla, asumi\u00f3 la vicepresidencia de la Asociaci\u00f3n\u2026","rel":"","context":"En \u00abECONOM\u00cdA\u00bb","block_context":{"text":"ECONOM\u00cdA","link":"https:\/\/lasprimeras.com.do\/index.php\/category\/economia\/"},"img":{"alt_text":"","src":"https:\/\/i0.wp.com\/lasprimeras.com.do\/wp-content\/uploads\/2025\/10\/Biviana-Riveiro.jpg?resize=350%2C200&ssl=1","width":350,"height":200,"srcset":"https:\/\/i0.wp.com\/lasprimeras.com.do\/wp-content\/uploads\/2025\/10\/Biviana-Riveiro.jpg?resize=350%2C200&ssl=1 1x, https:\/\/i0.wp.com\/lasprimeras.com.do\/wp-content\/uploads\/2025\/10\/Biviana-Riveiro.jpg?resize=525%2C300&ssl=1 1.5x, https:\/\/i0.wp.com\/lasprimeras.com.do\/wp-content\/uploads\/2025\/10\/Biviana-Riveiro.jpg?resize=700%2C400&ssl=1 2x, https:\/\/i0.wp.com\/lasprimeras.com.do\/wp-content\/uploads\/2025\/10\/Biviana-Riveiro.jpg?resize=1050%2C600&ssl=1 3x"},"classes":[]},{"id":129828,"url":"https:\/\/lasprimeras.com.do\/index.php\/2026\/05\/06\/prodominicana-lanza-americas-investment-forum-aif-como-plataforma-para-movilizar-inversiones-de-la-region\/","url_meta":{"origin":86083,"position":3},"title":"ProDominicana lanza \u201cAmericas Investment Forum (AIF)\u201d como plataforma para movilizar inversiones de la regi\u00f3n","author":"Nelson Feliz","date":"6 de mayo de 2026","format":false,"excerpt":"El Centro de Exportaci\u00f3n e Inversi\u00f3n de la Rep\u00fablica Dominicana (ProDominicana), en conjunto con la Asociaci\u00f3n Mundial de Agencias de Promoci\u00f3n de Inversiones (WAIPA), por sus siglas en ingl\u00e9s), anunciaron la celebraci\u00f3n del Americas Investment Forum (AIF) 2026 en Santo Domingo, Rep\u00fablica Dominicana, afiliado a la Conferencia Mundial de Inversiones\u2026","rel":"","context":"En \u00abECONOM\u00cdA\u00bb","block_context":{"text":"ECONOM\u00cdA","link":"https:\/\/lasprimeras.com.do\/index.php\/category\/economia\/"},"img":{"alt_text":"ProDominicana","src":"https:\/\/i0.wp.com\/lasprimeras.com.do\/wp-content\/uploads\/2026\/05\/ProDominicana.jpg?resize=350%2C200&ssl=1","width":350,"height":200,"srcset":"https:\/\/i0.wp.com\/lasprimeras.com.do\/wp-content\/uploads\/2026\/05\/ProDominicana.jpg?resize=350%2C200&ssl=1 1x, https:\/\/i0.wp.com\/lasprimeras.com.do\/wp-content\/uploads\/2026\/05\/ProDominicana.jpg?resize=525%2C300&ssl=1 1.5x, https:\/\/i0.wp.com\/lasprimeras.com.do\/wp-content\/uploads\/2026\/05\/ProDominicana.jpg?resize=700%2C400&ssl=1 2x"},"classes":[]},{"id":133692,"url":"https:\/\/lasprimeras.com.do\/index.php\/2026\/06\/30\/republica-dominicana-sera-sede-del-americas-investment-forum-2026\/","url_meta":{"origin":86083,"position":4},"title":"Rep\u00fablica Dominicana ser\u00e1 sede del Am\u00e9ricas Investment Forum 2026","author":"Nelson Feliz","date":"30 de junio de 2026","format":false,"excerpt":"El evento impulsar\u00e1 la inversi\u00f3n y el comercio regional Santo Domingo.- La Rep\u00fablica Dominicana ser\u00e1 el pa\u00eds anfitri\u00f3n del Americas Investment Forum (AIF) 2026, el principal espacio de di\u00e1logo sobre inversi\u00f3n, comercio e innovaci\u00f3n de las Am\u00e9ricas. El AIF 2026, organizado por el Centro de Exportaci\u00f3n e Inversi\u00f3n de la\u2026","rel":"","context":"En \u00abPORTADA\u00bb","block_context":{"text":"PORTADA","link":"https:\/\/lasprimeras.com.do\/index.php\/category\/portada\/"},"img":{"alt_text":"","src":"https:\/\/i0.wp.com\/lasprimeras.com.do\/wp-content\/uploads\/2026\/06\/prodominicana.jpg?resize=350%2C200&ssl=1","width":350,"height":200,"srcset":"https:\/\/i0.wp.com\/lasprimeras.com.do\/wp-content\/uploads\/2026\/06\/prodominicana.jpg?resize=350%2C200&ssl=1 1x, https:\/\/i0.wp.com\/lasprimeras.com.do\/wp-content\/uploads\/2026\/06\/prodominicana.jpg?resize=525%2C300&ssl=1 1.5x, https:\/\/i0.wp.com\/lasprimeras.com.do\/wp-content\/uploads\/2026\/06\/prodominicana.jpg?resize=700%2C400&ssl=1 2x"},"classes":[]},{"id":113108,"url":"https:\/\/lasprimeras.com.do\/index.php\/2025\/10\/30\/prodominicana-impulsa-entorno-de-inversion-de-rd-en-el-foro-mundial-de-inversiones-2025\/","url_meta":{"origin":86083,"position":5},"title":"ProDominicana impulsa entorno de inversi\u00f3n de RD en el Foro Mundial de Inversiones 2025","author":"Nelson Feliz","date":"30 de octubre de 2025","format":false,"excerpt":"Sharjah, Emiratos \u00c1rabes Unidos.\u2013 La directora ejecutiva del Centro de Exportaci\u00f3n e Inversi\u00f3n de la Rep\u00fablica Dominicana (ProDominicana), Biviana Riveiro Disla, particip\u00f3 en la Conferencia Mundial de Inversiones de la Asociaci\u00f3n Mundial de Agencias de Promoci\u00f3n de Inversi\u00f3n y en el Foro de Inversiones de Sharjah (SIF 2025). El evento\u2026","rel":"","context":"En \u00abECONOM\u00cdA\u00bb","block_context":{"text":"ECONOM\u00cdA","link":"https:\/\/lasprimeras.com.do\/index.php\/category\/economia\/"},"img":{"alt_text":"","src":"https:\/\/i0.wp.com\/lasprimeras.com.do\/wp-content\/uploads\/2025\/10\/ProDominicana.jpg?resize=350%2C200&ssl=1","width":350,"height":200,"srcset":"https:\/\/i0.wp.com\/lasprimeras.com.do\/wp-content\/uploads\/2025\/10\/ProDominicana.jpg?resize=350%2C200&ssl=1 1x, https:\/\/i0.wp.com\/lasprimeras.com.do\/wp-content\/uploads\/2025\/10\/ProDominicana.jpg?resize=525%2C300&ssl=1 1.5x, https:\/\/i0.wp.com\/lasprimeras.com.do\/wp-content\/uploads\/2025\/10\/ProDominicana.jpg?resize=700%2C400&ssl=1 2x"},"classes":[]}],"jetpack_sharing_enabled":true,"jetpack_featured_media_url":"https:\/\/lasprimeras.com.do\/wp-content\/uploads\/2024\/07\/Raquel-Pena.jpg","_links":{"self":[{"href":"https:\/\/lasprimeras.com.do\/index.php\/wp-json\/wp\/v2\/posts\/86083","targetHints":{"allow":["GET"]}}],"collection":[{"href":"https:\/\/lasprimeras.com.do\/index.php\/wp-json\/wp\/v2\/posts"}],"about":[{"href":"https:\/\/lasprimeras.com.do\/index.php\/wp-json\/wp\/v2\/types\/post"}],"author":[{"embeddable":true,"href":"https:\/\/lasprimeras.com.do\/index.php\/wp-json\/wp\/v2\/users\/2"}],"replies":[{"embeddable":true,"href":"https:\/\/lasprimeras.com.do\/index.php\/wp-json\/wp\/v2\/comments?post=86083"}],"version-history":[{"count":1,"href":"https:\/\/lasprimeras.com.do\/index.php\/wp-json\/wp\/v2\/posts\/86083\/revisions"}],"predecessor-version":[{"id":86085,"href":"https:\/\/lasprimeras.com.do\/index.php\/wp-json\/wp\/v2\/posts\/86083\/revisions\/86085"}],"wp:featuredmedia":[{"embeddable":true,"href":"https:\/\/lasprimeras.com.do\/index.php\/wp-json\/wp\/v2\/media\/86084"}],"wp:attachment":[{"href":"https:\/\/lasprimeras.com.do\/index.php\/wp-json\/wp\/v2\/media?parent=86083"}],"wp:term":[{"taxonomy":"category","embeddable":true,"href":"https:\/\/lasprimeras.com.do\/index.php\/wp-json\/wp\/v2\/categories?post=86083"},{"taxonomy":"post_tag","embeddable":true,"href":"https:\/\/lasprimeras.com.do\/index.php\/wp-json\/wp\/v2\/tags?post=86083"}],"curies":[{"name":"wp","href":"https:\/\/api.w.org\/{rel}","templated":true}]}}