{"id":86130,"date":"2024-07-18T22:09:16","date_gmt":"2024-07-19T02:09:16","guid":{"rendered":"https:\/\/lasprimeras.com.do\/?p=86130"},"modified":"2024-07-18T22:09:18","modified_gmt":"2024-07-19T02:09:18","slug":"venezuela-liberan-al-jefe-de-seguridad-de-lider-opositora-maria-corina-machado","status":"publish","type":"post","link":"https:\/\/lasprimeras.com.do\/index.php\/2024\/07\/18\/venezuela-liberan-al-jefe-de-seguridad-de-lider-opositora-maria-corina-machado\/","title":{"rendered":"Venezuela: liberan al jefe de seguridad de l\u00edder opositora Mar\u00eda Corina Machado"},"content":{"rendered":"\n<p class=\"wp-block-paragraph\">CARACAS (AP) \u2014 El jefe de seguridad de la l\u00edder opositora venezolana Mar\u00eda Corina Machado fue liberado el jueves, tras su detenci\u00f3n el d\u00eda anterior para ser procesado por un incidente con simpatizantes del oficialismo en el centro del pa\u00eds.<\/p>\n\n\n\n<p class=\"wp-block-paragraph\">Milciades \u00c1vila, jefe de seguridad de Machado, fue liberado tras una audiencia en un tribunal local donde le dictaron una medida cautelar de presentaci\u00f3n cada 30 d\u00edas en un juzgado de la ciudad central de Maracay, indic\u00f3 la exlegisladora en su cuenta de la red social X, antes Twitter, sin ofrecer m\u00e1s detalles.<\/p>\n\n\n\n<p class=\"wp-block-paragraph\">Machado, quien se convirti\u00f3 en la principal promotora del candidato de la coalici\u00f3n opositora Edmundo Gonz\u00e1lez al ser inhabilitada para ejercer cargos p\u00fablicos, difundi\u00f3 en su cuenta de la red social una fotograf\u00eda en la que aparece abrazando a \u00c1vila \u2014quien forma parte de su equipo desde hace 10 a\u00f1os\u2014 en la entrada de la sede capitalina de su organizaci\u00f3n.<\/p>\n\n\n\n<p class=\"wp-block-paragraph\">La detenci\u00f3n del jefe de seguridad de la l\u00edder opositora se produjo a poco m\u00e1s de una semana de que Venezuela vaya a elecciones presidenciales, en las que el mandatario Nicol\u00e1s Maduro busca la reelecci\u00f3n para su tercer mandato, en un proceso electoral cuestionado por la oposici\u00f3n por los obst\u00e1culos encontrados para sus candidaturas.<\/p>\n\n\n\n<p class=\"wp-block-paragraph\">Machado denunci\u00f3 el d\u00eda antes que \u00c1vila \u201cfue secuestrado por el r\u00e9gimen acusado de violencia de g\u00e9nero contra unas mujeres que el pasado s\u00e1bado intentaron agredirnos a Edmundo y a m\u00ed en La Encrucijada\u201d, un tramo de la autopista que enlaza Caracas con la ciudad central de Valencia.<\/p>\n\n\n\n<p class=\"wp-block-paragraph\">\u201cHay decenas de testigos y videos que demuestran que ese acto fue una provocaci\u00f3n planificada para dejarnos sin protecci\u00f3n a 11 d\u00edas del 28 de julio\u201d cuando se celebrar\u00e1n las elecciones generales, dijo la dirigente en sus redes sociales.<\/p>\n\n\n\n<p class=\"wp-block-paragraph\">El hecho al que hace referencia Machado ocurri\u00f3 en un restaurante donde Machado y Gonz\u00e1lez se dispon\u00edan a comer luego de participar en una concentraci\u00f3n proselitista en la ciudad de Valencia, a 125 kil\u00f3metros al suroeste de Caracas.<\/p>\n\n\n\n<p class=\"wp-block-paragraph\">La convocatoria en Valencia, como muchas otras, no estuvo exenta de imprevistos, como controles policiales o cierres viales, que seg\u00fan los dirigentes de la oposici\u00f3n provienen del gobierno del presidente Nicol\u00e1s Maduro para perjudicar su campa\u00f1a.<\/p>\n\n\n\n<p class=\"wp-block-paragraph\">Asimismo, Machado denunci\u00f3 el jueves tambi\u00e9n un sabotaje contra dos de los veh\u00edculos que usa para recorrer el pa\u00eds, afirmando que es parte de los intentos de perturbar la campa\u00f1a de cara a los comicios presidenciales del 28 de julio.<\/p>\n\n\n\n<p class=\"wp-block-paragraph\">Los veh\u00edculos fueron \u201cvandalizados\u201d y en uno de ellos se evidenci\u00f3 que \u201ccortaron la manguera de los frenos\u201d, dijo la opositora. Esto se produjo alrededor de 24 horas despu\u00e9s que fue detenido \u00c1vila.<\/p>\n\n\n\n<p class=\"wp-block-paragraph\">Esto habr\u00eda ocurrido en la madrugada del jueves, en momentos en que la lideresa y su equipo pernoctaban en la ciudad occidental de Barquisimeto del Estado Lara, a unos 290 kil\u00f3metros al oeste de Caracas.<\/p>\n\n\n\n<p class=\"wp-block-paragraph\">Sin mencionar alg\u00fan sospechoso en concreto, Machado coment\u00f3 que en todo momento su comitiva fue seguida de cerca por \u201cagentes del r\u00e9gimen\u201d a lo largo del trayecto entre los estados de Lara y Portuguesa; en ese \u00faltimo realiz\u00f3 un acto de campa\u00f1a. Como suele ocurrir, los agentes \u201crodearon la urbanizaci\u00f3n\u201d donde pasaron la noche, acot\u00f3.<\/p>\n","protected":false},"excerpt":{"rendered":"<p>CARACAS (AP) \u2014 El jefe de seguridad de la l\u00edder opositora venezolana Mar\u00eda Corina Machado fue liberado el jueves, tras su detenci\u00f3n el d\u00eda anterior para ser procesado por un&hellip;<\/p>\n","protected":false},"author":2,"featured_media":86131,"comment_status":"open","ping_status":"open","sticky":false,"template":"","format":"standard","meta":{"content-type":"","_jetpack_newsletter_access":"","_jetpack_dont_email_post_to_subs":false,"_jetpack_newsletter_tier_id":0,"_jetpack_memberships_contains_paywalled_content":false,"_jetpack_feature_clip_id":0,"_jetpack_memberships_contains_paid_content":false,"footnotes":"","jetpack_post_was_ever_published":false},"categories":[1],"tags":[5451,3744,14145,4210,76,420],"class_list":["post-86130","post","type-post","status-publish","format-standard","has-post-thumbnail","hentry","category-sin-categoria","tag-jefe","tag-liberan","tag-maria-corina-machado","tag-opositora","tag-seguridad","tag-venezuela"],"jetpack-related-posts":[{"id":91277,"url":"https:\/\/lasprimeras.com.do\/index.php\/2024\/11\/16\/maria-corina-machado-dice-que-presos-politicos-liberados-sufrieron-danos-irreparables\/","url_meta":{"origin":86130,"position":0},"title":"Mar\u00eda Corina Machado dice que &#8220;presos pol\u00edticos&#8221; liberados sufrieron &#8220;da\u00f1os irreparables&#8221;","author":"Nelson Feliz","date":"16 de noviembre de 2024","format":false,"excerpt":"Caracas, (EFE).- La l\u00edder opositora de Venezuela Mar\u00eda Corina Machado afirm\u00f3 este s\u00e1bado que los considerados \"presos pol\u00edticos\" que han sido liberados durante esta jornada de varias c\u00e1rceles del norte del pa\u00eds han sufrido \"da\u00f1os irreparables\", por lo que -indic\u00f3- merecen la \"libertad plena\", sin medidas posteriores \"a merced\" de\u2026","rel":"","context":"En \u00abINTERNACIONALES\u00bb","block_context":{"text":"INTERNACIONALES","link":"https:\/\/lasprimeras.com.do\/index.php\/category\/sin-categoria\/internacionales\/"},"img":{"alt_text":"Mar\u00eda Corina Machado","src":"https:\/\/i0.wp.com\/lasprimeras.com.do\/wp-content\/uploads\/2024\/11\/Maria-Corina-Machado.jpg?resize=350%2C200&ssl=1","width":350,"height":200,"srcset":"https:\/\/i0.wp.com\/lasprimeras.com.do\/wp-content\/uploads\/2024\/11\/Maria-Corina-Machado.jpg?resize=350%2C200&ssl=1 1x, https:\/\/i0.wp.com\/lasprimeras.com.do\/wp-content\/uploads\/2024\/11\/Maria-Corina-Machado.jpg?resize=525%2C300&ssl=1 1.5x"},"classes":[]},{"id":86331,"url":"https:\/\/lasprimeras.com.do\/index.php\/2024\/07\/22\/elecciones-en-venezuela-parte-1\/","url_meta":{"origin":86130,"position":1},"title":"Elecciones en Venezuela, parte 1","author":"Nelson Feliz","date":"22 de julio de 2024","format":false,"excerpt":"MARIA CORINA MACHADO, UN LIDERAZGO QUE AMENAZA CON SACAR DEL PODER AL CHAVISMO. Por Dar\u00edo Made Mar\u00eda Corina Machado es una l\u00edder de la oposici\u00f3n venezolana con gran apoyo popular, que en octubre del a\u00f1o pasado arras\u00f3 en las primarias de la coalici\u00f3n opositora, con m\u00e1s del noventa por ciento\u2026","rel":"","context":"En \u00abOPINI\u00d3N\u00bb","block_context":{"text":"OPINI\u00d3N","link":"https:\/\/lasprimeras.com.do\/index.php\/category\/opinion\/"},"img":{"alt_text":"Mar\u00eda Corina Machado","src":"https:\/\/i0.wp.com\/lasprimeras.com.do\/wp-content\/uploads\/2024\/07\/Maria-Corina-Machado-1.jpg?resize=350%2C200&ssl=1","width":350,"height":200,"srcset":"https:\/\/i0.wp.com\/lasprimeras.com.do\/wp-content\/uploads\/2024\/07\/Maria-Corina-Machado-1.jpg?resize=350%2C200&ssl=1 1x, https:\/\/i0.wp.com\/lasprimeras.com.do\/wp-content\/uploads\/2024\/07\/Maria-Corina-Machado-1.jpg?resize=525%2C300&ssl=1 1.5x, https:\/\/i0.wp.com\/lasprimeras.com.do\/wp-content\/uploads\/2024\/07\/Maria-Corina-Machado-1.jpg?resize=700%2C400&ssl=1 2x"},"classes":[]},{"id":117305,"url":"https:\/\/lasprimeras.com.do\/index.php\/2025\/12\/09\/cancelan-conferencia-de-lider-opositora-venezolana-en-vispera-de-ceremonia-del-nobel\/","url_meta":{"origin":86130,"position":2},"title":"Cancelan conferencia de l\u00edder opositora venezolana en v\u00edspera de ceremonia del Nobel","author":"Nelson Feliz","date":"9 de diciembre de 2025","format":false,"excerpt":"OSLO, Noruega (AP) \u2014 Una conferencia de prensa planeada para el martes por la l\u00edder opositora venezolana y ganadora del Premio Nobel de la Paz, Mar\u00eda Corina Machado, fue cancelada tras un retraso de varias horas, un d\u00eda antes de la ceremonia de entrega del premio en Oslo. Machado, quien\u2026","rel":"","context":"En \u00abINTERNACIONALES\u00bb","block_context":{"text":"INTERNACIONALES","link":"https:\/\/lasprimeras.com.do\/index.php\/category\/sin-categoria\/internacionales\/"},"img":{"alt_text":"Mar\u00eda Corina Machado","src":"https:\/\/i0.wp.com\/lasprimeras.com.do\/wp-content\/uploads\/2025\/12\/Maria-Corina-Machado.jpg?resize=350%2C200&ssl=1","width":350,"height":200,"srcset":"https:\/\/i0.wp.com\/lasprimeras.com.do\/wp-content\/uploads\/2025\/12\/Maria-Corina-Machado.jpg?resize=350%2C200&ssl=1 1x, https:\/\/i0.wp.com\/lasprimeras.com.do\/wp-content\/uploads\/2025\/12\/Maria-Corina-Machado.jpg?resize=525%2C300&ssl=1 1.5x, https:\/\/i0.wp.com\/lasprimeras.com.do\/wp-content\/uploads\/2025\/12\/Maria-Corina-Machado.jpg?resize=700%2C400&ssl=1 2x"},"classes":[]},{"id":88295,"url":"https:\/\/lasprimeras.com.do\/index.php\/2024\/08\/25\/partido-de-maria-corina-machado-denuncia-la-detencion-de-un-dirigente-regional-y-su-esposa\/","url_meta":{"origin":86130,"position":3},"title":"Partido de Mar\u00eda Corina Machado denuncia la detenci\u00f3n de un dirigente regional y su esposa","author":"Nelson Feliz","date":"25 de agosto de 2024","format":false,"excerpt":"Caracas, (EFE).- El partido opositor Vente Venezuela (VV), liderado por la exdiputada Mar\u00eda Corina Machado, denunci\u00f3 este domingo la detenci\u00f3n de su secretario pol\u00edtico en el estado Miranda (norte), Luis Ist\u00fariz, y su esposa, Andriuska S\u00e1nchez, cuyos paraderos la organizaci\u00f3n asegura desconocer desde este s\u00e1bado, cuando fueron aprehendidos \"por el\u2026","rel":"","context":"En \u00abSin categor\u00eda\u00bb","block_context":{"text":"Sin categor\u00eda","link":"https:\/\/lasprimeras.com.do\/index.php\/category\/sin-categoria\/"},"img":{"alt_text":"Mar\u00eda Corina Machado","src":"https:\/\/i0.wp.com\/lasprimeras.com.do\/wp-content\/uploads\/2024\/08\/Maria-Corina-Machado-1.jpg?resize=350%2C200&ssl=1","width":350,"height":200,"srcset":"https:\/\/i0.wp.com\/lasprimeras.com.do\/wp-content\/uploads\/2024\/08\/Maria-Corina-Machado-1.jpg?resize=350%2C200&ssl=1 1x, https:\/\/i0.wp.com\/lasprimeras.com.do\/wp-content\/uploads\/2024\/08\/Maria-Corina-Machado-1.jpg?resize=525%2C300&ssl=1 1.5x, https:\/\/i0.wp.com\/lasprimeras.com.do\/wp-content\/uploads\/2024\/08\/Maria-Corina-Machado-1.jpg?resize=700%2C400&ssl=1 2x"},"classes":[]},{"id":117470,"url":"https:\/\/lasprimeras.com.do\/index.php\/2025\/12\/11\/la-opositora-venezolana-machado-dice-que-el-gobierno-de-maduro-no-sabia-donde-se-escondia\/","url_meta":{"origin":86130,"position":4},"title":"La opositora venezolana Machado dice que el gobierno de Maduro no sab\u00eda d\u00f3nde se escond\u00eda","author":"Nelson Feliz","date":"11 de diciembre de 2025","format":false,"excerpt":"OSLO, Noruega (AP) \u2014 La l\u00edder opositora venezolana Mar\u00eda Corina Machado afirm\u00f3 el jueves que no cree que el gobierno venezolano supiera d\u00f3nde se escond\u00eda durante la mayor parte de este a\u00f1o, en declaraciones durante un encuentro con el mandatario de Noruega al d\u00eda siguiente de que su hija recibiera\u2026","rel":"","context":"En \u00abINTERNACIONALES\u00bb","block_context":{"text":"INTERNACIONALES","link":"https:\/\/lasprimeras.com.do\/index.php\/category\/sin-categoria\/internacionales\/"},"img":{"alt_text":"La ganadora del Nobel de la Paz Mar\u00eda Corina Machado habla durante una conferencia de prensa en un recinto representativo del gobierno en un complejo representativo del gobierno en Oslo, Noruega el jueves 11 de diciembre de 2025. (Stian Lysberg Solum\/NTB Scanpix, Pool Foto via AP)","src":"https:\/\/i0.wp.com\/lasprimeras.com.do\/wp-content\/uploads\/2025\/12\/Maria-Corina-Machado-2.jpg?resize=350%2C200&ssl=1","width":350,"height":200,"srcset":"https:\/\/i0.wp.com\/lasprimeras.com.do\/wp-content\/uploads\/2025\/12\/Maria-Corina-Machado-2.jpg?resize=350%2C200&ssl=1 1x, https:\/\/i0.wp.com\/lasprimeras.com.do\/wp-content\/uploads\/2025\/12\/Maria-Corina-Machado-2.jpg?resize=525%2C300&ssl=1 1.5x, https:\/\/i0.wp.com\/lasprimeras.com.do\/wp-content\/uploads\/2025\/12\/Maria-Corina-Machado-2.jpg?resize=700%2C400&ssl=1 2x"},"classes":[]},{"id":117341,"url":"https:\/\/lasprimeras.com.do\/index.php\/2025\/12\/10\/maria-corina-machado-se-perdera-la-ceremonia-del-premio-nobel-de-la-paz\/","url_meta":{"origin":86130,"position":5},"title":"Mar\u00eda Corina Machado se perder\u00e1 la ceremonia del Premio Nobel de la Paz","author":"Nelson Feliz","date":"10 de diciembre de 2025","format":false,"excerpt":"Por David Keyton OSLO, Noruega (AP) \u2014 La l\u00edder opositora venezolana Mar\u00eda Corina Machado no asistir\u00e1 a la ceremonia de entrega del Premio Nobel de la Paz en Oslo el mi\u00e9rcoles, dijo el director del Instituto Noruego del Nobel. La \u00faltima aparici\u00f3n p\u00fablica de Machado fue hace 11 meses. El\u2026","rel":"","context":"En \u00abINTERNACIONALES\u00bb","block_context":{"text":"INTERNACIONALES","link":"https:\/\/lasprimeras.com.do\/index.php\/category\/sin-categoria\/internacionales\/"},"img":{"alt_text":"Mar\u00eda Corina Machado","src":"https:\/\/i0.wp.com\/lasprimeras.com.do\/wp-content\/uploads\/2025\/12\/Maria-Corina-Machado-1.jpg?resize=350%2C200&ssl=1","width":350,"height":200,"srcset":"https:\/\/i0.wp.com\/lasprimeras.com.do\/wp-content\/uploads\/2025\/12\/Maria-Corina-Machado-1.jpg?resize=350%2C200&ssl=1 1x, https:\/\/i0.wp.com\/lasprimeras.com.do\/wp-content\/uploads\/2025\/12\/Maria-Corina-Machado-1.jpg?resize=525%2C300&ssl=1 1.5x, https:\/\/i0.wp.com\/lasprimeras.com.do\/wp-content\/uploads\/2025\/12\/Maria-Corina-Machado-1.jpg?resize=700%2C400&ssl=1 2x"},"classes":[]}],"jetpack_sharing_enabled":true,"jetpack_featured_media_url":"https:\/\/lasprimeras.com.do\/wp-content\/uploads\/2024\/07\/Maria-Corina-Machado.jpg","_links":{"self":[{"href":"https:\/\/lasprimeras.com.do\/index.php\/wp-json\/wp\/v2\/posts\/86130","targetHints":{"allow":["GET"]}}],"collection":[{"href":"https:\/\/lasprimeras.com.do\/index.php\/wp-json\/wp\/v2\/posts"}],"about":[{"href":"https:\/\/lasprimeras.com.do\/index.php\/wp-json\/wp\/v2\/types\/post"}],"author":[{"embeddable":true,"href":"https:\/\/lasprimeras.com.do\/index.php\/wp-json\/wp\/v2\/users\/2"}],"replies":[{"embeddable":true,"href":"https:\/\/lasprimeras.com.do\/index.php\/wp-json\/wp\/v2\/comments?post=86130"}],"version-history":[{"count":1,"href":"https:\/\/lasprimeras.com.do\/index.php\/wp-json\/wp\/v2\/posts\/86130\/revisions"}],"predecessor-version":[{"id":86132,"href":"https:\/\/lasprimeras.com.do\/index.php\/wp-json\/wp\/v2\/posts\/86130\/revisions\/86132"}],"wp:featuredmedia":[{"embeddable":true,"href":"https:\/\/lasprimeras.com.do\/index.php\/wp-json\/wp\/v2\/media\/86131"}],"wp:attachment":[{"href":"https:\/\/lasprimeras.com.do\/index.php\/wp-json\/wp\/v2\/media?parent=86130"}],"wp:term":[{"taxonomy":"category","embeddable":true,"href":"https:\/\/lasprimeras.com.do\/index.php\/wp-json\/wp\/v2\/categories?post=86130"},{"taxonomy":"post_tag","embeddable":true,"href":"https:\/\/lasprimeras.com.do\/index.php\/wp-json\/wp\/v2\/tags?post=86130"}],"curies":[{"name":"wp","href":"https:\/\/api.w.org\/{rel}","templated":true}]}}