{"id":86163,"date":"2024-07-19T22:57:56","date_gmt":"2024-07-20T02:57:56","guid":{"rendered":"https:\/\/lasprimeras.com.do\/?p=86163"},"modified":"2024-07-19T22:57:58","modified_gmt":"2024-07-20T02:57:58","slug":"abinader-entrega-remozada-planta-de-tratamiento-de-hainamosa","status":"publish","type":"post","link":"https:\/\/lasprimeras.com.do\/index.php\/2024\/07\/19\/abinader-entrega-remozada-planta-de-tratamiento-de-hainamosa\/","title":{"rendered":"Abinader entrega remozada planta de tratamiento de Hainamosa"},"content":{"rendered":"\n<p class=\"wp-block-paragraph\"><strong>Tambi\u00e9n inaugura carretera que une autopista Juan Pablo II con Mata Los Indios, Bella Vista y San Antonio de Guerra.<\/strong><\/p>\n\n\n\n<p class=\"wp-block-paragraph\">El presidente Luis Abinader entreg\u00f3, junto al director de la CAASD, Fellito Suberv\u00ed, la remozada planta de tratamiento de aguas residuales dom\u00e9sticas de Hainamosa.<\/p>\n\n\n\n<p class=\"wp-block-paragraph\">Posteriormente inaugur\u00f3 la carretera que une la autopista Juan Pablo II con Mata Los Indios, Bella Vista y San Antonio de Guerra, en compa\u00f1\u00eda del ministro de Obras P\u00fablicas, Deligne Ascenci\u00f3n.<\/p>\n\n\n\n<p class=\"wp-block-paragraph\">Esta obra beneficiar\u00e1 a m\u00e1s de 80 mil habitantes de Hainamosa, Invivienda y Los Rosales, en Santo Domingo Este, con una capacidad de tratamiento de 1,800 galones por minuto y una inversi\u00f3n de RD$ 91.9 millones.<\/p>\n\n\n\n<p class=\"wp-block-paragraph\">Por m\u00e1s de 30 a\u00f1os se hab\u00eda reclamado su reconstrucci\u00f3n, ya que pon\u00eda en riesgo la salud de los habitantes del lugar.<\/p>\n\n\n\n<p class=\"wp-block-paragraph\">Fellito Suberv\u00ed destac\u00f3 que con esta infraestructura se cumple otra promesa del presidente y se implementan medidas para reducir la contaminaci\u00f3n ambiental y revitalizar las \u00e1reas verdes.<\/p>\n\n\n\n<p class=\"wp-block-paragraph\">\u201cHoy me siento m\u00e1s que satisfecho al ver este trabajo realizado y lo que significa para la comunidad que se quejaba constantemente por el alto grado de contaminaci\u00f3n que emit\u00edan las aguas residuales\u201d.<\/p>\n\n\n\n<p class=\"wp-block-paragraph\">La planta tiene 4 reactores anaer\u00f3bicos de flujo ascendente, una laguna de acabado, un lecho de secado, canal perimetral para el drenaje pluvial, verjas en malla cicl\u00f3nica, v\u00edas de acceso y contenes, se ampliaron las conexiones de tuber\u00edas residuales, se equiparon los tanques, se ilumin\u00f3 el exterior, se instalaron casetas y quemadores de gas.<\/p>\n\n\n\n<p class=\"wp-block-paragraph\">Los comunitarios tambi\u00e9n participaron en el acto, y representados por Rafael P\u00e9rez Rodr\u00edguez, agradecieron al mandatario porque con esta obra les cambia la vida.<\/p>\n\n\n\n<p class=\"wp-block-paragraph\">M\u00e1s tarde, el mandatario inaugur\u00f3 la carretera que une la autopista Juan Pablo II con las comunidades de Mata Los Indios, Bella Vista y San Antonio de Guerra, que tuvo una inversi\u00f3n de unos 690 millones de pesos.<\/p>\n\n\n\n<p class=\"wp-block-paragraph\">Este proyecto consiste en la reconstrucci\u00f3n de 12.8 kil\u00f3metros de carretera, con un ancho de 6.5 metros, que permitir\u00e1 una r\u00e1pida comunicaci\u00f3n de estas comunidades con la carretera o autov\u00eda que conduce a Saman\u00e1 y a toda la regi\u00f3n de la costa nordeste.<\/p>\n\n\n\n<p class=\"wp-block-paragraph\">En su discurso, el ministro de Obras P\u00fablicas, Deligne Ascenci\u00f3n, expres\u00f3 que esta v\u00eda de manera expresa conecta con la ciudad de Santo Domingo, y a su vez con la autopista de Las Am\u00e9ricas, el aeropuerto y la regi\u00f3n tur\u00edstica del Este.&nbsp;<\/p>\n\n\n\n<p class=\"wp-block-paragraph\">Ascensi\u00f3n precis\u00f3 que esta conexi\u00f3n permitir\u00e1 el acceso f\u00e1cil y expedito de cientos de familias de los alrededores.<\/p>\n\n\n\n<p class=\"wp-block-paragraph\">&#8220;A partir de ahora tendr\u00e1n a su alcance la conexi\u00f3n vial con los principales centros de salud, las universidades, los centros de trabajo productivo, las actividades deportivas, recreativas y culturales de la metr\u00f3polis de Santo Domingo&#8221;.<\/p>\n","protected":false},"excerpt":{"rendered":"<p>Tambi\u00e9n inaugura carretera que une autopista Juan Pablo II con Mata Los Indios, Bella Vista y San Antonio de Guerra. El presidente Luis Abinader entreg\u00f3, junto al director de la&hellip;<\/p>\n","protected":false},"author":2,"featured_media":86164,"comment_status":"open","ping_status":"open","sticky":false,"template":"","format":"standard","meta":{"content-type":"","_jetpack_newsletter_access":"","_jetpack_dont_email_post_to_subs":false,"_jetpack_newsletter_tier_id":0,"_jetpack_memberships_contains_paywalled_content":false,"_jetpack_feature_clip_id":0,"_jetpack_memberships_contains_paid_content":false,"footnotes":"","jetpack_post_was_ever_published":false},"categories":[39,25],"tags":[6391,67,1405,11636,675],"class_list":["post-86163","post","type-post","status-publish","format-standard","has-post-thumbnail","hentry","category-economia","category-portada","tag-hainamosa","tag-luis-abinader","tag-planta","tag-remozada","tag-tratamiento"],"jetpack-related-posts":[{"id":86166,"url":"https:\/\/lasprimeras.com.do\/index.php\/2024\/07\/19\/abinader-y-fellito-subervi-entregan-planta-de-tratamiento-de-hainamosa-remozada-por-la-caasd\/","url_meta":{"origin":86163,"position":0},"title":"Abinader y Fellito Suberv\u00ed entregan planta de tratamiento de Hainamosa remozada por la CAASD","author":"Nelson Feliz","date":"19 de julio de 2024","format":false,"excerpt":"La obra, que beneficiar\u00e1 a m\u00e1s de 80 mil habitantes, cuenta con paisajismo, aceras, contenes e iluminaci\u00f3n, elementos que cambian radicalmente el entorno y la vida de los mun\u00edcipes de Hainamosa, Los Rosales e Invivienda. El presidente de la Rep\u00fablica, Luis Abinader y el director general de la Corporaci\u00f3n del\u2026","rel":"","context":"En \u00abECONOM\u00cdA\u00bb","block_context":{"text":"ECONOM\u00cdA","link":"https:\/\/lasprimeras.com.do\/index.php\/category\/economia\/"},"img":{"alt_text":"","src":"https:\/\/i0.wp.com\/lasprimeras.com.do\/wp-content\/uploads\/2024\/07\/Fellito-Subervi.jpg?resize=350%2C200&ssl=1","width":350,"height":200,"srcset":"https:\/\/i0.wp.com\/lasprimeras.com.do\/wp-content\/uploads\/2024\/07\/Fellito-Subervi.jpg?resize=350%2C200&ssl=1 1x, https:\/\/i0.wp.com\/lasprimeras.com.do\/wp-content\/uploads\/2024\/07\/Fellito-Subervi.jpg?resize=525%2C300&ssl=1 1.5x, https:\/\/i0.wp.com\/lasprimeras.com.do\/wp-content\/uploads\/2024\/07\/Fellito-Subervi.jpg?resize=700%2C400&ssl=1 2x"},"classes":[]},{"id":86941,"url":"https:\/\/lasprimeras.com.do\/index.php\/2024\/08\/04\/dos-grandes-obras-inauguradas-por-fellito-subervi-que-benefician-a-83-mil-personas\/","url_meta":{"origin":86163,"position":1},"title":"Dos grandes obras inauguradas por Fellito Suberv\u00ed que benefician a 83 mil personas","author":"Nelson Feliz","date":"4 de agosto de 2024","format":false,"excerpt":"Algunos de los sectores beneficiados en julio por la CAASD fueron Hainamosa, Los Rosales, Invivivienda, Capotillo, entre otros. M\u00e1s de 83 mil habitantes fueron beneficiados con el remozamiento de dos importantes obras entregadas en el mes de julio por Fellito Suberv\u00ed, director de la Corporaci\u00f3n del Acueducto y Alcantarillado de\u2026","rel":"","context":"En \u00abNACIONALES\u00bb","block_context":{"text":"NACIONALES","link":"https:\/\/lasprimeras.com.do\/index.php\/category\/nacionales\/"},"img":{"alt_text":"Fellito Subervi","src":"https:\/\/i0.wp.com\/lasprimeras.com.do\/wp-content\/uploads\/2024\/08\/Fellito-Subervi.jpg?resize=350%2C200&ssl=1","width":350,"height":200,"srcset":"https:\/\/i0.wp.com\/lasprimeras.com.do\/wp-content\/uploads\/2024\/08\/Fellito-Subervi.jpg?resize=350%2C200&ssl=1 1x, https:\/\/i0.wp.com\/lasprimeras.com.do\/wp-content\/uploads\/2024\/08\/Fellito-Subervi.jpg?resize=525%2C300&ssl=1 1.5x, https:\/\/i0.wp.com\/lasprimeras.com.do\/wp-content\/uploads\/2024\/08\/Fellito-Subervi.jpg?resize=700%2C400&ssl=1 2x"},"classes":[]},{"id":138665,"url":"https:\/\/lasprimeras.com.do\/index.php\/2026\/09\/01\/abinader-ampliara-el-acueducto-del-cibao-central-y-distribucion-de-agua-en-santo-domingo\/","url_meta":{"origin":86163,"position":2},"title":"Abinader ampliar\u00e1 el acueducto del Cibao Central y distribuci\u00f3n de agua en Santo Domingo","author":"Nelson Feliz","date":"1 de septiembre de 2026","format":false,"excerpt":"Destacan inversi\u00f3n hist\u00f3rica superior a los RD 37,000 millones en agua potable y saneamiento. Santo Domingo. \u2013 El presidente Luis Abinader anunci\u00f3 la ampliaci\u00f3n del acueducto del Cibao Central como uno de los grandes proyectos que iniciar\u00e1 esta gesti\u00f3n de Gobierno para consolidar la red h\u00eddrica nacional, destacando que este\u2026","rel":"","context":"En \u00abPORTADA\u00bb","block_context":{"text":"PORTADA","link":"https:\/\/lasprimeras.com.do\/index.php\/category\/portada\/"},"img":{"alt_text":"","src":"https:\/\/i0.wp.com\/lasprimeras.com.do\/wp-content\/uploads\/2026\/09\/Luis-Abinader-7.jpg?resize=350%2C200&ssl=1","width":350,"height":200,"srcset":"https:\/\/i0.wp.com\/lasprimeras.com.do\/wp-content\/uploads\/2026\/09\/Luis-Abinader-7.jpg?resize=350%2C200&ssl=1 1x, https:\/\/i0.wp.com\/lasprimeras.com.do\/wp-content\/uploads\/2026\/09\/Luis-Abinader-7.jpg?resize=525%2C300&ssl=1 1.5x, https:\/\/i0.wp.com\/lasprimeras.com.do\/wp-content\/uploads\/2026\/09\/Luis-Abinader-7.jpg?resize=700%2C400&ssl=1 2x"},"classes":[]},{"id":56857,"url":"https:\/\/lasprimeras.com.do\/index.php\/2023\/08\/06\/fellito-subervi-duplicara-la-produccion-de-agua-potable-en-la-provincia-santo-domingo-este\/","url_meta":{"origin":86163,"position":3},"title":"Fellito Suberv\u00ed: &#8220;Duplicar\u00e1 la producci\u00f3n de agua potable en la provincia Santo Domingo Este&#8221;","author":"Nelson Feliz","date":"6 de agosto de 2023","format":false,"excerpt":"El funcionario supervis\u00f3 obras que est\u00e1n lista en un 90% en los municipios de Santo Domingo Este y San Antonio de Guerra, que beneficiaran a millones de habitantes de esas demarcaciones y que se pretenden est\u00e9n concluidas a finales de este a\u00f1o o inicio 2024 El director general de la\u2026","rel":"","context":"En \u00abNACIONALES\u00bb","block_context":{"text":"NACIONALES","link":"https:\/\/lasprimeras.com.do\/index.php\/category\/nacionales\/"},"img":{"alt_text":"Fellito Subervi","src":"https:\/\/i0.wp.com\/lasprimeras.com.do\/wp-content\/uploads\/2023\/08\/Fellito-Subervi-1.jpg?resize=350%2C200&ssl=1","width":350,"height":200,"srcset":"https:\/\/i0.wp.com\/lasprimeras.com.do\/wp-content\/uploads\/2023\/08\/Fellito-Subervi-1.jpg?resize=350%2C200&ssl=1 1x, https:\/\/i0.wp.com\/lasprimeras.com.do\/wp-content\/uploads\/2023\/08\/Fellito-Subervi-1.jpg?resize=525%2C300&ssl=1 1.5x, https:\/\/i0.wp.com\/lasprimeras.com.do\/wp-content\/uploads\/2023\/08\/Fellito-Subervi-1.jpg?resize=700%2C400&ssl=1 2x"},"classes":[]},{"id":114419,"url":"https:\/\/lasprimeras.com.do\/index.php\/2025\/11\/13\/ministro-kelvin-cruz-inicia-construccion-de-11-techados-multiusos-en-sde\/","url_meta":{"origin":86163,"position":4},"title":"Ministro Kelvin Cruz inicia construcci\u00f3n de 11 techados multiusos en SDE","author":"Nelson Feliz","date":"13 de noviembre de 2025","format":false,"excerpt":"El ministro de Deportes, Kelvin Cruz, inici\u00f3 este mi\u00e9rcoles los trabajos para la construcci\u00f3n y remozamiento de techados en 11 clubes del municipio Santo Domingo Este, con una inversi\u00f3n total superior a los 300 millones de pesos. La masiva mejora de la infraestructura deportiva del municipio m\u00e1s poblado del pa\u00eds\u2026","rel":"","context":"En \u00abDEPORTES\u00bb","block_context":{"text":"DEPORTES","link":"https:\/\/lasprimeras.com.do\/index.php\/category\/deportes\/"},"img":{"alt_text":"","src":"https:\/\/i0.wp.com\/lasprimeras.com.do\/wp-content\/uploads\/2025\/11\/Kelvin-Cruz-1.jpg?resize=350%2C200&ssl=1","width":350,"height":200,"srcset":"https:\/\/i0.wp.com\/lasprimeras.com.do\/wp-content\/uploads\/2025\/11\/Kelvin-Cruz-1.jpg?resize=350%2C200&ssl=1 1x, https:\/\/i0.wp.com\/lasprimeras.com.do\/wp-content\/uploads\/2025\/11\/Kelvin-Cruz-1.jpg?resize=525%2C300&ssl=1 1.5x, https:\/\/i0.wp.com\/lasprimeras.com.do\/wp-content\/uploads\/2025\/11\/Kelvin-Cruz-1.jpg?resize=700%2C400&ssl=1 2x"},"classes":[]},{"id":136174,"url":"https:\/\/lasprimeras.com.do\/index.php\/2026\/07\/31\/abinader-inaugura-planta-de-tratamiento-de-aguas-residuales-en-beneficio-de-juan-dolio-y-guayacanes\/","url_meta":{"origin":86163,"position":5},"title":"Abinader inaugura planta de tratamiento de aguas residuales en beneficio de Juan Dolio y Guayacanes","author":"Nelson Feliz","date":"31 de julio de 2026","format":false,"excerpt":"Obra permite elevar la calidad de vida de estas comunidades, contribuyendo con la salud, el bienestar y el desarrollo sostenible de este destino tur\u00edstico. Por Martin Restituyo San Pedro de Macor\u00eds.- El presidente Luis Abinader, junto con el ministro de Turismo David Collado, inaugur\u00f3 una nueva planta para el tratamiento\u2026","rel":"","context":"En \u00abPORTADA\u00bb","block_context":{"text":"PORTADA","link":"https:\/\/lasprimeras.com.do\/index.php\/category\/portada\/"},"img":{"alt_text":"planta de tratamiento","src":"https:\/\/i0.wp.com\/lasprimeras.com.do\/wp-content\/uploads\/2026\/07\/planta-de-tratamiento.jpg?resize=350%2C200&ssl=1","width":350,"height":200,"srcset":"https:\/\/i0.wp.com\/lasprimeras.com.do\/wp-content\/uploads\/2026\/07\/planta-de-tratamiento.jpg?resize=350%2C200&ssl=1 1x, https:\/\/i0.wp.com\/lasprimeras.com.do\/wp-content\/uploads\/2026\/07\/planta-de-tratamiento.jpg?resize=525%2C300&ssl=1 1.5x, https:\/\/i0.wp.com\/lasprimeras.com.do\/wp-content\/uploads\/2026\/07\/planta-de-tratamiento.jpg?resize=700%2C400&ssl=1 2x"},"classes":[]}],"jetpack_sharing_enabled":true,"jetpack_featured_media_url":"https:\/\/lasprimeras.com.do\/wp-content\/uploads\/2024\/07\/Luis-Abinader-8.jpg","_links":{"self":[{"href":"https:\/\/lasprimeras.com.do\/index.php\/wp-json\/wp\/v2\/posts\/86163","targetHints":{"allow":["GET"]}}],"collection":[{"href":"https:\/\/lasprimeras.com.do\/index.php\/wp-json\/wp\/v2\/posts"}],"about":[{"href":"https:\/\/lasprimeras.com.do\/index.php\/wp-json\/wp\/v2\/types\/post"}],"author":[{"embeddable":true,"href":"https:\/\/lasprimeras.com.do\/index.php\/wp-json\/wp\/v2\/users\/2"}],"replies":[{"embeddable":true,"href":"https:\/\/lasprimeras.com.do\/index.php\/wp-json\/wp\/v2\/comments?post=86163"}],"version-history":[{"count":1,"href":"https:\/\/lasprimeras.com.do\/index.php\/wp-json\/wp\/v2\/posts\/86163\/revisions"}],"predecessor-version":[{"id":86165,"href":"https:\/\/lasprimeras.com.do\/index.php\/wp-json\/wp\/v2\/posts\/86163\/revisions\/86165"}],"wp:featuredmedia":[{"embeddable":true,"href":"https:\/\/lasprimeras.com.do\/index.php\/wp-json\/wp\/v2\/media\/86164"}],"wp:attachment":[{"href":"https:\/\/lasprimeras.com.do\/index.php\/wp-json\/wp\/v2\/media?parent=86163"}],"wp:term":[{"taxonomy":"category","embeddable":true,"href":"https:\/\/lasprimeras.com.do\/index.php\/wp-json\/wp\/v2\/categories?post=86163"},{"taxonomy":"post_tag","embeddable":true,"href":"https:\/\/lasprimeras.com.do\/index.php\/wp-json\/wp\/v2\/tags?post=86163"}],"curies":[{"name":"wp","href":"https:\/\/api.w.org\/{rel}","templated":true}]}}