{"id":86189,"date":"2024-07-20T20:51:33","date_gmt":"2024-07-21T00:51:33","guid":{"rendered":"https:\/\/lasprimeras.com.do\/?p=86189"},"modified":"2024-07-20T20:51:34","modified_gmt":"2024-07-21T00:51:34","slug":"organismos-que-conforman-fuerza-de-tarea-de-santiago-sostienen-reunion-de-trabajo","status":"publish","type":"post","link":"https:\/\/lasprimeras.com.do\/index.php\/2024\/07\/20\/organismos-que-conforman-fuerza-de-tarea-de-santiago-sostienen-reunion-de-trabajo\/","title":{"rendered":"Organismos\u00a0que conforman\u00a0Fuerza de Tarea de Santiago sostienen reuni\u00f3n\u00a0de trabajo\u00a0"},"content":{"rendered":"\n<p>Por Roberto P\u00e9rez<\/p>\n\n\n\n<p>Los organismos de seguridad y prevenci\u00f3n del crimen que integran la Fuerza de Tarea Conjunta en Santiago, sostuvieron una reuni\u00f3n de trabajo donde socializaron los resultados del primer semestre del a\u00f1o en materia de seguridad.&nbsp;<\/p>\n\n\n\n<p>&nbsp;La Fuerza de Tarea durante m\u00e1s de un a\u00f1o, ha permitido la articulaci\u00f3n de las instituciones que persiguen el crimen y el delito, logrando con ello identificar los puntos de inter\u00e9s o cr\u00edticos, ampliar la presencia y vigilancia, intervenir, prevenir y perseguir, cuando fuere necesario, para capturar a quienes interfieren con la tranquilidad y la paz ciudadana.&nbsp;<\/p>\n\n\n\n<p>El titular de la Fiscal\u00eda de Santiago, Osvaldo Bonilla Hiraldo encabez\u00f3 la mesa de trabajo junto al director regional Cibao Central de la Polic\u00eda, general Juan Bautista Jim\u00e9nez Reinoso; as\u00ed tambi\u00e9n estuvieron los titulares locales de la Direcci\u00f3n Nacional de Control de Drogas (DNCD) y del Departamento de Investigaciones Criminales (DICRIM) de la Polic\u00eda.&nbsp;<\/p>\n\n\n\n<p>El curso de los trabajos bajo este esfuerzo conjunto, con la ejecuci\u00f3n de m\u00e1s de 300 allanamientos, permiti\u00f3 el apresamiento de importantes perfiles del crimen organizado, lavado de activos, narcotr\u00e1fico y asesinatos, a los cuales, habiendo cumplido con el debido proceso, se le present\u00f3 ante el tribunal competente, obteniendo por ello medidas de coerci\u00f3n.&nbsp;<\/p>\n\n\n\n<p>El titular de la Fiscal\u00eda manifest\u00f3 que la estructura operativa lograda bajo la sinergia de estos organismos ha permitido la incautaci\u00f3n de cientos de kilos de distintos tipos de drogas, as\u00ed como cientos de armas de fuego, lo que se traduce en menos muertes violentas.&nbsp;<\/p>\n\n\n\n<p>A Bonilla le acompa\u00f1aron los directores de los departamentos de persecuci\u00f3n e investigaci\u00f3n de la Fiscal\u00eda, entre ellos, de Persecuci\u00f3n de Drogas Narc\u00f3ticas, R\u00f3mely Blanco; de Cr\u00edmenes y Delitos contra la Propiedad (Robo), Nelson Cabrera y de Investigaci\u00f3n de Casos Complejos, Joana Garc\u00eda.&nbsp;<\/p>\n\n\n\n<p>As\u00ed tambi\u00e9n estuvieron los tambi\u00e9n fiscales Yeil\u00edn Dur\u00e1n del Departamento de Violencia F\u00edsica (Homicidio); L\u00eda Collado de Delitos Electr\u00f3nicos; Rolando D\u00edaz de Inteligencia Criminal e Inocencia Tapia de Denuncias y Querellas.&nbsp;<\/p>\n","protected":false},"excerpt":{"rendered":"<p>Por Roberto P\u00e9rez Los organismos de seguridad y prevenci\u00f3n del crimen que integran la Fuerza de Tarea Conjunta en Santiago, sostuvieron una reuni\u00f3n de trabajo donde socializaron los resultados del&hellip;<\/p>\n","protected":false},"author":2,"featured_media":0,"comment_status":"open","ping_status":"open","sticky":false,"template":"","format":"standard","meta":{"content-type":"","jetpack_post_was_ever_published":false,"_jetpack_newsletter_access":"","_jetpack_dont_email_post_to_subs":false,"_jetpack_newsletter_tier_id":0,"_jetpack_memberships_contains_paywalled_content":false,"_jetpack_memberships_contains_paid_content":false,"footnotes":""},"categories":[3057],"tags":[1377,4206,576,1049,11930,967],"class_list":["post-86189","post","type-post","status-publish","format-standard","hentry","category-militares","tag-fuerza","tag-organismos","tag-reunion","tag-santiago","tag-tarea","tag-trabajo"],"jetpack_featured_media_url":"","jetpack-related-posts":[{"id":114310,"url":"https:\/\/lasprimeras.com.do\/index.php\/2025\/11\/12\/santiago-consolida-avances-en-seguridad-ciudadana\/","url_meta":{"origin":86189,"position":0},"title":"Santiago consolida avances en seguridad ciudadana","author":"Nelson Feliz","date":"12 de noviembre de 2025","format":false,"excerpt":"La provincia de Santiago de los Caballeros registra una reducci\u00f3n hist\u00f3rica en la tasa de homicidios, que se sit\u00faa en 5.03 por cada 100 mil habitantes, como resultado de las acciones sostenidas de la Fuerza de Tarea Conjunta, el fortalecimiento del patrullaje y la incorporaci\u00f3n de nuevos agentes graduados recientemente,\u2026","rel":"","context":"En \u00abMILITARES\u00bb","block_context":{"text":"MILITARES","link":"https:\/\/lasprimeras.com.do\/index.php\/category\/militares\/"},"img":{"alt_text":"","src":"https:\/\/i0.wp.com\/lasprimeras.com.do\/wp-content\/uploads\/2025\/11\/Faride-Raful-1.jpg?resize=350%2C200&ssl=1","width":350,"height":200,"srcset":"https:\/\/i0.wp.com\/lasprimeras.com.do\/wp-content\/uploads\/2025\/11\/Faride-Raful-1.jpg?resize=350%2C200&ssl=1 1x, https:\/\/i0.wp.com\/lasprimeras.com.do\/wp-content\/uploads\/2025\/11\/Faride-Raful-1.jpg?resize=525%2C300&ssl=1 1.5x, https:\/\/i0.wp.com\/lasprimeras.com.do\/wp-content\/uploads\/2025\/11\/Faride-Raful-1.jpg?resize=700%2C400&ssl=1 2x"},"classes":[]},{"id":104162,"url":"https:\/\/lasprimeras.com.do\/index.php\/2025\/07\/22\/republica-dominicana-asume-presidencia-equipo-subsidiario-de-gestion-policial-de-la-oea\/","url_meta":{"origin":86189,"position":1},"title":"Rep\u00fablica Dominicana asume presidencia &#8220;Equipo Subsidiario de Gesti\u00f3n Policial de la OEA&#8221;","author":"Nelson Feliz","date":"22 de julio de 2025","format":false,"excerpt":"Fuerza de Tarea ha decomisado 4,300 armas en acciones contra el crimen Rep\u00fablica Dominicana asumi\u00f3 la presidencia del Equipo T\u00e9cnico Subsidiario de Gesti\u00f3n Policial del Comit\u00e9 de Ministros de Seguridad de las Am\u00e9ricas de la Organizaci\u00f3n de Estados Americanos (OEA), por los avances en reforma policial, seguridad ciudadana y lucha\u2026","rel":"","context":"En \u00abMILITARES\u00bb","block_context":{"text":"MILITARES","link":"https:\/\/lasprimeras.com.do\/index.php\/category\/militares\/"},"img":{"alt_text":"Faride Raful","src":"https:\/\/i0.wp.com\/lasprimeras.com.do\/wp-content\/uploads\/2025\/07\/Faride-Raful-1-1.jpg?resize=350%2C200&ssl=1","width":350,"height":200,"srcset":"https:\/\/i0.wp.com\/lasprimeras.com.do\/wp-content\/uploads\/2025\/07\/Faride-Raful-1-1.jpg?resize=350%2C200&ssl=1 1x, https:\/\/i0.wp.com\/lasprimeras.com.do\/wp-content\/uploads\/2025\/07\/Faride-Raful-1-1.jpg?resize=525%2C300&ssl=1 1.5x, https:\/\/i0.wp.com\/lasprimeras.com.do\/wp-content\/uploads\/2025\/07\/Faride-Raful-1-1.jpg?resize=700%2C400&ssl=1 2x"},"classes":[]},{"id":103567,"url":"https:\/\/lasprimeras.com.do\/index.php\/2025\/07\/16\/abinader-dice-sometera-nueva-ley-organica-de-la-policia-nacional-el-16-de-agosto\/","url_meta":{"origin":86189,"position":2},"title":"Abinader dice someter\u00e1 nueva ley org\u00e1nica de la Polic\u00eda Nacional el 16 de agosto","author":"Nelson Feliz","date":"16 de julio de 2025","format":false,"excerpt":"El gobernante asegur\u00f3 que esa nueva ley ser\u00e1 la base jur\u00eddica para avanzar en los cambios estructurales que demanda el cuerpo del orden. El presidente Luis Abinader anunci\u00f3 este mi\u00e9rcoles que trabajan en la elaboraci\u00f3n de una nueva ley org\u00e1nica de la Polic\u00eda Nacional, que pretende presentar el pr\u00f3ximo 16\u2026","rel":"","context":"En \u00abNACIONALES\u00bb","block_context":{"text":"NACIONALES","link":"https:\/\/lasprimeras.com.do\/index.php\/category\/nacionales\/"},"img":{"alt_text":"","src":"https:\/\/i0.wp.com\/lasprimeras.com.do\/wp-content\/uploads\/2025\/07\/Luis-Abinader-2-1.jpg?resize=350%2C200&ssl=1","width":350,"height":200,"srcset":"https:\/\/i0.wp.com\/lasprimeras.com.do\/wp-content\/uploads\/2025\/07\/Luis-Abinader-2-1.jpg?resize=350%2C200&ssl=1 1x, https:\/\/i0.wp.com\/lasprimeras.com.do\/wp-content\/uploads\/2025\/07\/Luis-Abinader-2-1.jpg?resize=525%2C300&ssl=1 1.5x, https:\/\/i0.wp.com\/lasprimeras.com.do\/wp-content\/uploads\/2025\/07\/Luis-Abinader-2-1.jpg?resize=700%2C400&ssl=1 2x"},"classes":[]},{"id":98812,"url":"https:\/\/lasprimeras.com.do\/index.php\/2025\/05\/13\/tasa-acumulada-de-homicidios-descendio-a-7-7-por-primera-vez-24-provincias-debajo-de-un-digito\/","url_meta":{"origin":86189,"position":3},"title":"Tasa acumulada de homicidios descendi\u00f3 a 7.7; por primera vez 24 provincias debajo de un d\u00edgito","author":"Nelson Feliz","date":"13 de mayo de 2025","format":false,"excerpt":"La ministra de Interior y Polic\u00eda, Faride Raful, inform\u00f3 que la tasa acumulada de homicidios descendi\u00f3 a 7.7 por cada 100 mil habitantes, una reducci\u00f3n considerable con relaci\u00f3n a las dos semanas anteriores, cuando el registro era 7.9. Adem\u00e1s, mayo presenta una de las cifras m\u00e1s bajas con 3.7, esto\u2026","rel":"","context":"En \u00abNACIONALES\u00bb","block_context":{"text":"NACIONALES","link":"https:\/\/lasprimeras.com.do\/index.php\/category\/nacionales\/"},"img":{"alt_text":"","src":"https:\/\/i0.wp.com\/lasprimeras.com.do\/wp-content\/uploads\/2025\/05\/Faride-Raful-1.jpg?resize=350%2C200&ssl=1","width":350,"height":200,"srcset":"https:\/\/i0.wp.com\/lasprimeras.com.do\/wp-content\/uploads\/2025\/05\/Faride-Raful-1.jpg?resize=350%2C200&ssl=1 1x, https:\/\/i0.wp.com\/lasprimeras.com.do\/wp-content\/uploads\/2025\/05\/Faride-Raful-1.jpg?resize=525%2C300&ssl=1 1.5x, https:\/\/i0.wp.com\/lasprimeras.com.do\/wp-content\/uploads\/2025\/05\/Faride-Raful-1.jpg?resize=700%2C400&ssl=1 2x"},"classes":[]},{"id":71334,"url":"https:\/\/lasprimeras.com.do\/index.php\/2023\/12\/19\/ministro-santos-afirma-homicidios-siguen-a-la-baja\/","url_meta":{"origin":86189,"position":4},"title":"Ministro Santos afirma homicidios siguen a la baja","author":"BIMARY DE JES\u00daS Matos","date":"19 de diciembre de 2023","format":false,"excerpt":"Santo Domingo .-El ministro de la Presidencia, Joel Santos Echavarr\u00eda, afirm\u00f3 que la tasa de homicidios por cada 100,000 habitantes contin\u00faa en una tendencia a la baja, registrando un \u00edndice de 11.4. Expres\u00f3 que las autoridades trabajan sin descanso para poder lograr en el pr\u00f3ximo a\u00f1o que la tasa de\u2026","rel":"","context":"En \u00abNACIONALES\u00bb","block_context":{"text":"NACIONALES","link":"https:\/\/lasprimeras.com.do\/index.php\/category\/nacionales\/"},"img":{"alt_text":"","src":"https:\/\/i0.wp.com\/lasprimeras.com.do\/wp-content\/uploads\/2023\/12\/con-6-3.webp?resize=350%2C200&ssl=1","width":350,"height":200,"srcset":"https:\/\/i0.wp.com\/lasprimeras.com.do\/wp-content\/uploads\/2023\/12\/con-6-3.webp?resize=350%2C200&ssl=1 1x, https:\/\/i0.wp.com\/lasprimeras.com.do\/wp-content\/uploads\/2023\/12\/con-6-3.webp?resize=525%2C300&ssl=1 1.5x, https:\/\/i0.wp.com\/lasprimeras.com.do\/wp-content\/uploads\/2023\/12\/con-6-3.webp?resize=700%2C400&ssl=1 2x"},"classes":[]},{"id":106803,"url":"https:\/\/lasprimeras.com.do\/index.php\/2025\/08\/19\/fuerza-de-tarea-conjunta-traza-plan-estrategico-para-reducir-homicidios-en-provincias-de-mayor-incidencia\/","url_meta":{"origin":86189,"position":5},"title":"Fuerza de Tarea Conjunta traza plan estrat\u00e9gico para reducir homicidios en provincias de mayor incidencia","author":"Nelson Feliz","date":"19 de agosto de 2025","format":false,"excerpt":"Ministra Faride Raful llama a ejercer ciudadan\u00eda consciente y respetuosa de las autoridades La ministra de Interior y Polic\u00eda, Faride Raful inform\u00f3 que la tasa acumulada de homicidios permanece en 8.2 por cada 100 mil habitantes y 25 provincias siguen por debajo de un d\u00edgito, mientras la Fuerza de Tarea\u2026","rel":"","context":"En \u00abMILITARES\u00bb","block_context":{"text":"MILITARES","link":"https:\/\/lasprimeras.com.do\/index.php\/category\/militares\/"},"img":{"alt_text":"","src":"https:\/\/i0.wp.com\/lasprimeras.com.do\/wp-content\/uploads\/2025\/08\/Faride-Raful-1.jpg?resize=350%2C200&ssl=1","width":350,"height":200,"srcset":"https:\/\/i0.wp.com\/lasprimeras.com.do\/wp-content\/uploads\/2025\/08\/Faride-Raful-1.jpg?resize=350%2C200&ssl=1 1x, https:\/\/i0.wp.com\/lasprimeras.com.do\/wp-content\/uploads\/2025\/08\/Faride-Raful-1.jpg?resize=525%2C300&ssl=1 1.5x, https:\/\/i0.wp.com\/lasprimeras.com.do\/wp-content\/uploads\/2025\/08\/Faride-Raful-1.jpg?resize=700%2C400&ssl=1 2x"},"classes":[]}],"jetpack_sharing_enabled":true,"_links":{"self":[{"href":"https:\/\/lasprimeras.com.do\/index.php\/wp-json\/wp\/v2\/posts\/86189","targetHints":{"allow":["GET"]}}],"collection":[{"href":"https:\/\/lasprimeras.com.do\/index.php\/wp-json\/wp\/v2\/posts"}],"about":[{"href":"https:\/\/lasprimeras.com.do\/index.php\/wp-json\/wp\/v2\/types\/post"}],"author":[{"embeddable":true,"href":"https:\/\/lasprimeras.com.do\/index.php\/wp-json\/wp\/v2\/users\/2"}],"replies":[{"embeddable":true,"href":"https:\/\/lasprimeras.com.do\/index.php\/wp-json\/wp\/v2\/comments?post=86189"}],"version-history":[{"count":1,"href":"https:\/\/lasprimeras.com.do\/index.php\/wp-json\/wp\/v2\/posts\/86189\/revisions"}],"predecessor-version":[{"id":86190,"href":"https:\/\/lasprimeras.com.do\/index.php\/wp-json\/wp\/v2\/posts\/86189\/revisions\/86190"}],"wp:attachment":[{"href":"https:\/\/lasprimeras.com.do\/index.php\/wp-json\/wp\/v2\/media?parent=86189"}],"wp:term":[{"taxonomy":"category","embeddable":true,"href":"https:\/\/lasprimeras.com.do\/index.php\/wp-json\/wp\/v2\/categories?post=86189"},{"taxonomy":"post_tag","embeddable":true,"href":"https:\/\/lasprimeras.com.do\/index.php\/wp-json\/wp\/v2\/tags?post=86189"}],"curies":[{"name":"wp","href":"https:\/\/api.w.org\/{rel}","templated":true}]}}