{"id":86226,"date":"2024-07-21T13:01:41","date_gmt":"2024-07-21T17:01:41","guid":{"rendered":"https:\/\/lasprimeras.com.do\/?p=86226"},"modified":"2024-07-21T13:01:42","modified_gmt":"2024-07-21T17:01:42","slug":"nina-de-12-anos-es-acusada-de-asfixiar-a-su-prima-de-8-por-un-iphone","status":"publish","type":"post","link":"https:\/\/lasprimeras.com.do\/index.php\/2024\/07\/21\/nina-de-12-anos-es-acusada-de-asfixiar-a-su-prima-de-8-por-un-iphone\/","title":{"rendered":"Ni\u00f1a de 12 a\u00f1os es acusada de asfixiar a su prima de 8 por un iPhone"},"content":{"rendered":"\n<p class=\"wp-block-paragraph\">Una ni\u00f1a de 12 a\u00f1os de Tennessee fue acusada de asesinato por asfixiar a su prima de 8 a\u00f1os mientras \u00e9sta dorm\u00eda. Un familiar dijo que hab\u00edan discutido por un iPhone.<\/p>\n\n\n\n<p class=\"wp-block-paragraph\">El 15 de julio, una c\u00e1mara de seguridad registr\u00f3 el asesinato, ocurrido en el dormitorio que ambas compart\u00edan en Humboldt, Tennessee, se\u00f1al\u00f3 la fiscal\u00eda del condado.<\/p>\n\n\n\n<p class=\"wp-block-paragraph\">En la grabaci\u00f3n se muestra a la ni\u00f1a mayor usando la ropa de cama para asfixiar a su prima, mientras \u00e9sta dorm\u00eda en la litera superior, se lee en el comunicado del fiscal del distrito de Gibson, Frederick Agee. Tras la muerte de la ni\u00f1a, \u201cla joven limpi\u00f3 a la v\u00edctima y reacomod\u00f3 su cuerpo\u201d, dijo Agee.<\/p>\n\n\n\n<p class=\"wp-block-paragraph\">Un familiar declar\u00f3 a WREG-TV en Memphis que las ni\u00f1as hab\u00edan discutido por un iPhone tras llegar a la ciudad para quedarse con su abuela.<\/p>\n\n\n\n<p class=\"wp-block-paragraph\">La ni\u00f1a fue acusada de homicidio premeditado y manipulaci\u00f3n de pruebas despu\u00e9s de que las autoridades obtuvieron el video el mi\u00e9rcoles.<\/p>\n","protected":false},"excerpt":{"rendered":"<p>Una ni\u00f1a de 12 a\u00f1os de Tennessee fue acusada de asesinato por asfixiar a su prima de 8 a\u00f1os mientras \u00e9sta dorm\u00eda. Un familiar dijo que hab\u00edan discutido por un&hellip;<\/p>\n","protected":false},"author":2,"featured_media":86227,"comment_status":"open","ping_status":"open","sticky":false,"template":"","format":"standard","meta":{"content-type":"","_jetpack_newsletter_access":"","_jetpack_dont_email_post_to_subs":false,"_jetpack_newsletter_tier_id":0,"_jetpack_memberships_contains_paywalled_content":false,"_jetpack_feature_clip_id":0,"_jetpack_memberships_contains_paid_content":false,"footnotes":"","jetpack_post_was_ever_published":false},"categories":[1],"tags":[4134,14187,14189,4300,14188],"class_list":["post-86226","post","type-post","status-publish","format-standard","has-post-thumbnail","hentry","category-sin-categoria","tag-acusada","tag-asfixiar","tag-iphone","tag-nina","tag-prima"],"jetpack-related-posts":[{"id":85586,"url":"https:\/\/lasprimeras.com.do\/index.php\/2024\/07\/03\/suben-fianza-de-mujer-de-texas-que-intento-ahogar-a-nina-tras-hacer-comentarios-racistas-a-su-madre\/","url_meta":{"origin":86226,"position":0},"title":"Suben fianza de mujer de Texas que intent\u00f3 ahogar a ni\u00f1a tras hacer comentarios racistas a su madre","author":"Nelson Feliz","date":"3 de julio de 2024","format":false,"excerpt":"EULESS, Texas, EE.UU. (AP) \u2014 Una mujer de Texas acusada de intentar ahogar a una ni\u00f1a de 3 a\u00f1os en la piscina de un complejo de apartamentos en los suburbios de Dallas despu\u00e9s de hacer comentarios racistas hacia la madre de la ni\u00f1a ha sido detenida de nuevo tras un\u2026","rel":"","context":"En \u00abSin categor\u00eda\u00bb","block_context":{"text":"Sin categor\u00eda","link":"https:\/\/lasprimeras.com.do\/index.php\/category\/sin-categoria\/"},"img":{"alt_text":"","src":"https:\/\/i0.wp.com\/lasprimeras.com.do\/wp-content\/uploads\/2024\/07\/Elizabeth-Wolf.jpg?resize=350%2C200&ssl=1","width":350,"height":200,"srcset":"https:\/\/i0.wp.com\/lasprimeras.com.do\/wp-content\/uploads\/2024\/07\/Elizabeth-Wolf.jpg?resize=350%2C200&ssl=1 1x, https:\/\/i0.wp.com\/lasprimeras.com.do\/wp-content\/uploads\/2024\/07\/Elizabeth-Wolf.jpg?resize=525%2C300&ssl=1 1.5x, https:\/\/i0.wp.com\/lasprimeras.com.do\/wp-content\/uploads\/2024\/07\/Elizabeth-Wolf.jpg?resize=700%2C400&ssl=1 2x"},"classes":[]},{"id":51905,"url":"https:\/\/lasprimeras.com.do\/index.php\/2023\/06\/04\/mueren-asfixiadas-12-personas-en-una-mina-afectada-por-las-lluvias-en-venezuela\/","url_meta":{"origin":86226,"position":1},"title":"Mueren asfixiadas 12 personas en una mina afectada por las lluvias en Venezuela","author":"prenxa100","date":"4 de junio de 2023","format":false,"excerpt":"Hasta el momento, las autoridades no han explicado el tipo de afectaciones que sufri\u00f3 la mina. Al menos doce personas murieron asfixiadas dentro de una mina ubicada en el amaz\u00f3nico estado Bol\u00edvar (fronterizo con Brasil), la cual se vio afectada por las intensas lluvias registradas en los \u00faltimos d\u00edas, informaron\u2026","rel":"","context":"En \u00abSin categor\u00eda\u00bb","block_context":{"text":"Sin categor\u00eda","link":"https:\/\/lasprimeras.com.do\/index.php\/category\/sin-categoria\/"},"img":{"alt_text":"","src":"","width":0,"height":0},"classes":[]},{"id":48836,"url":"https:\/\/lasprimeras.com.do\/index.php\/2023\/05\/04\/a-27-anos-del-asesinato-del-nino-jose-rafael-llenas-aybar\/","url_meta":{"origin":86226,"position":2},"title":"A 27 a\u00f1os del asesinato del ni\u00f1o Jos\u00e9 Rafael Llenas Aybar","author":"prenxa100","date":"4 de mayo de 2023","format":false,"excerpt":"Hoy, 4 de mayo, la sociedad dominicana a\u00fan recuerda con pesar c\u00f3mo hace 27 a\u00f1os dos j\u00f3venes le arrebataron la vida al ni\u00f1o Jos\u00e9 Rafael Llenas Aybar, en uno de los casos m\u00e1s tr\u00e1gicos que ha sufrido el pa\u00eds, llegando a ser definido como \u201cel caso del siglo\u201d. Su cuerpo\u2026","rel":"","context":"En \u00abJUSTICIA\u00bb","block_context":{"text":"JUSTICIA","link":"https:\/\/lasprimeras.com.do\/index.php\/category\/justicia\/"},"img":{"alt_text":"","src":"","width":0,"height":0},"classes":[]},{"id":105626,"url":"https:\/\/lasprimeras.com.do\/index.php\/2025\/08\/05\/la-policia-arresta-a-sospechoso-del-asesinato-de-cuatro-miembros-de-una-familia-de-tennessee\/","url_meta":{"origin":86226,"position":3},"title":"La polic\u00eda arresta a sospechoso del asesinato de cuatro miembros de una familia de Tennessee","author":"Nelson Feliz","date":"5 de agosto de 2025","format":false,"excerpt":"Por MIKE CATALINI Tennessee, AP.-.El hombre buscado por los asesinatos de los padres, la abuela y el t\u00edo de un beb\u00e9 encontrado abandonado en el patio delantero de una casa la semana pasada fue arrestado, dijo la polic\u00eda de Tennessee. Austin Robert Drummond, de 28 a\u00f1os, fue detenido durante un\u2026","rel":"","context":"En \u00abINTERNACIONALES\u00bb","block_context":{"text":"INTERNACIONALES","link":"https:\/\/lasprimeras.com.do\/index.php\/category\/sin-categoria\/internacionales\/"},"img":{"alt_text":"","src":"https:\/\/i0.wp.com\/lasprimeras.com.do\/wp-content\/uploads\/2025\/08\/POLICE.jpg?resize=350%2C200&ssl=1","width":350,"height":200,"srcset":"https:\/\/i0.wp.com\/lasprimeras.com.do\/wp-content\/uploads\/2025\/08\/POLICE.jpg?resize=350%2C200&ssl=1 1x, https:\/\/i0.wp.com\/lasprimeras.com.do\/wp-content\/uploads\/2025\/08\/POLICE.jpg?resize=525%2C300&ssl=1 1.5x, https:\/\/i0.wp.com\/lasprimeras.com.do\/wp-content\/uploads\/2025\/08\/POLICE.jpg?resize=700%2C400&ssl=1 2x"},"classes":[]},{"id":130744,"url":"https:\/\/lasprimeras.com.do\/index.php\/2026\/05\/15\/san-cristobal-prision-preventiva-para-mujer-que-mato-a-su-hija\/","url_meta":{"origin":86226,"position":4},"title":"San Crist\u00f3bal: Prisi\u00f3n preventiva para mujer que mat\u00f3 a su hija","author":"Nelson Feliz","date":"15 de mayo de 2026","format":false,"excerpt":"El padre de la menor, Miguel \u00c1ngel Araujo, valor\u00f3 la decisi\u00f3n de las autoridades y pidi\u00f3 que se contin\u00faen las investigaciones del caso La Oficina Judicial de Servicios de Atenci\u00f3n Permanente de la provincia San Crist\u00f3bal impuso tres meses de prisi\u00f3n preventiva contra Yoleydi Linarez Araujo, acusada de quitarle la\u2026","rel":"","context":"En \u00abJUSTICIA\u00bb","block_context":{"text":"JUSTICIA","link":"https:\/\/lasprimeras.com.do\/index.php\/category\/justicia\/"},"img":{"alt_text":"","src":"https:\/\/i0.wp.com\/lasprimeras.com.do\/wp-content\/uploads\/2026\/05\/mujer.jpeg?resize=350%2C200&ssl=1","width":350,"height":200,"srcset":"https:\/\/i0.wp.com\/lasprimeras.com.do\/wp-content\/uploads\/2026\/05\/mujer.jpeg?resize=350%2C200&ssl=1 1x, https:\/\/i0.wp.com\/lasprimeras.com.do\/wp-content\/uploads\/2026\/05\/mujer.jpeg?resize=525%2C300&ssl=1 1.5x, https:\/\/i0.wp.com\/lasprimeras.com.do\/wp-content\/uploads\/2026\/05\/mujer.jpeg?resize=700%2C400&ssl=1 2x, https:\/\/i0.wp.com\/lasprimeras.com.do\/wp-content\/uploads\/2026\/05\/mujer.jpeg?resize=1050%2C600&ssl=1 3x"},"classes":[]},{"id":91429,"url":"https:\/\/lasprimeras.com.do\/index.php\/2024\/11\/23\/modelo-demanda-a-kanye-west-por-amordazamiento-pornografico\/","url_meta":{"origin":86226,"position":5},"title":"Modelo demanda a Kanye West por &#8220;amordazamiento pornogr\u00e1fico&#8221;","author":"Nelson Feliz","date":"23 de noviembre de 2024","format":false,"excerpt":"\"Le introdujo varios dedos en la garganta, los movi\u00f3 continuamente dentro y fuera y la amordaz\u00f3\", asegura el documento presentado este viernes ante un tribunal federal de Nueva York. La modelo Jenifer An present\u00f3 este viernes ante un tribunal federal de Nueva York (EE.UU.) una demanda \u2014a la que ha\u2026","rel":"","context":"En \u00abINTERNACIONALES\u00bb","block_context":{"text":"INTERNACIONALES","link":"https:\/\/lasprimeras.com.do\/index.php\/category\/sin-categoria\/internacionales\/"},"img":{"alt_text":"","src":"https:\/\/i0.wp.com\/lasprimeras.com.do\/wp-content\/uploads\/2024\/11\/Kanye-West.jpg?resize=350%2C200&ssl=1","width":350,"height":200,"srcset":"https:\/\/i0.wp.com\/lasprimeras.com.do\/wp-content\/uploads\/2024\/11\/Kanye-West.jpg?resize=350%2C200&ssl=1 1x, https:\/\/i0.wp.com\/lasprimeras.com.do\/wp-content\/uploads\/2024\/11\/Kanye-West.jpg?resize=525%2C300&ssl=1 1.5x, https:\/\/i0.wp.com\/lasprimeras.com.do\/wp-content\/uploads\/2024\/11\/Kanye-West.jpg?resize=700%2C400&ssl=1 2x"},"classes":[]}],"jetpack_sharing_enabled":true,"jetpack_featured_media_url":"https:\/\/lasprimeras.com.do\/wp-content\/uploads\/2024\/07\/police.png","_links":{"self":[{"href":"https:\/\/lasprimeras.com.do\/index.php\/wp-json\/wp\/v2\/posts\/86226","targetHints":{"allow":["GET"]}}],"collection":[{"href":"https:\/\/lasprimeras.com.do\/index.php\/wp-json\/wp\/v2\/posts"}],"about":[{"href":"https:\/\/lasprimeras.com.do\/index.php\/wp-json\/wp\/v2\/types\/post"}],"author":[{"embeddable":true,"href":"https:\/\/lasprimeras.com.do\/index.php\/wp-json\/wp\/v2\/users\/2"}],"replies":[{"embeddable":true,"href":"https:\/\/lasprimeras.com.do\/index.php\/wp-json\/wp\/v2\/comments?post=86226"}],"version-history":[{"count":1,"href":"https:\/\/lasprimeras.com.do\/index.php\/wp-json\/wp\/v2\/posts\/86226\/revisions"}],"predecessor-version":[{"id":86228,"href":"https:\/\/lasprimeras.com.do\/index.php\/wp-json\/wp\/v2\/posts\/86226\/revisions\/86228"}],"wp:featuredmedia":[{"embeddable":true,"href":"https:\/\/lasprimeras.com.do\/index.php\/wp-json\/wp\/v2\/media\/86227"}],"wp:attachment":[{"href":"https:\/\/lasprimeras.com.do\/index.php\/wp-json\/wp\/v2\/media?parent=86226"}],"wp:term":[{"taxonomy":"category","embeddable":true,"href":"https:\/\/lasprimeras.com.do\/index.php\/wp-json\/wp\/v2\/categories?post=86226"},{"taxonomy":"post_tag","embeddable":true,"href":"https:\/\/lasprimeras.com.do\/index.php\/wp-json\/wp\/v2\/tags?post=86226"}],"curies":[{"name":"wp","href":"https:\/\/api.w.org\/{rel}","templated":true}]}}