{"id":86241,"date":"2024-07-21T13:46:53","date_gmt":"2024-07-21T17:46:53","guid":{"rendered":"https:\/\/lasprimeras.com.do\/?p=86241"},"modified":"2024-07-21T13:46:54","modified_gmt":"2024-07-21T17:46:54","slug":"montecristi-un-paraiso-olvidado","status":"publish","type":"post","link":"https:\/\/lasprimeras.com.do\/index.php\/2024\/07\/21\/montecristi-un-paraiso-olvidado\/","title":{"rendered":"Montecristi, un para\u00edso olvidado"},"content":{"rendered":"\n<p class=\"wp-block-paragraph\">POR LUIS M. GUZMAN<br>luimy2061@gmail.com<\/p>\n\n\n\n<p class=\"wp-block-paragraph\">La provincia de Montecristi perteneciente a la L\u00ednea Noroeste del pa\u00eds cuenta con 50 kil\u00f3metros de costa con gran potencial tur\u00edstico a lo largo del Oc\u00e9ano Atl\u00e1ntico. Esta franja costera se caracteriza por su belleza natural, con playas de arena blanca, aguas cristalinas y una rica biodiversidad marina.<\/p>\n\n\n\n<p class=\"wp-block-paragraph\">Tiene potencial enorme para convertir su parque nacional en uno de renombre y siendo el 5to polo tur\u00edstico sus posibilidades de progreso ser\u00edan incalculables\u2026 pero cuando?<\/p>\n\n\n\n<p class=\"wp-block-paragraph\">Montecristi presenta uno de los niveles de pobreza m\u00e1s altos del pa\u00eds. Seg\u00fan datos de la Oficina Nacional de Estad\u00edstica (ONE) del a\u00f1o 2023, el 61.3% de los hogares en Montecristi vive en condiciones de pobreza y el 23.5% se encuentra en pobreza extrema.<\/p>\n\n\n\n<p class=\"wp-block-paragraph\">Las causas de la pobreza en Montecristi son diversas y complejas, e incluyen factores como:<\/p>\n\n\n\n<p class=\"wp-block-paragraph\">La baja productividad econ\u00f3mica: La provincia se caracteriza por una econom\u00eda basada principalmente en la agricultura y la pesca, sectores con baja productividad y altos niveles de informalidad.<\/p>\n\n\n\n<p class=\"wp-block-paragraph\">La falta de oportunidades de empleo: Las oportunidades laborales en la provincia son limitadas, lo que genera un alto \u00edndice de desempleo y subempleo.<\/p>\n\n\n\n<p class=\"wp-block-paragraph\">El bajo nivel educativo: La tasa de analfabetismo en Montecristi es superior al promedio nacional, lo que limita las oportunidades de desarrollo personal y profesional de la poblaci\u00f3n.<\/p>\n\n\n\n<p class=\"wp-block-paragraph\">La falta de acceso a servicios b\u00e1sicos: Muchos hogares en Montecristi no tienen acceso a agua potable, saneamiento b\u00e1sico o electricidad, lo que agrava las condiciones de pobreza.<\/p>\n\n\n\n<p class=\"wp-block-paragraph\">La mala calidad de la vivienda: Un alto porcentaje de las viviendas en Montecristi se encuentran en condiciones precarias, lo que afecta la salud y el bienestar de la poblaci\u00f3n.<\/p>\n\n\n\n<p class=\"wp-block-paragraph\">Resolver las d\u00e9cadas de abandono y postergaci\u00f3n del progreso en Montecristi, a pesar de sus 50 kil\u00f3metros de costa con gran potencial tur\u00edstico, requiere un enfoque integral.<\/p>\n\n\n\n<p class=\"wp-block-paragraph\">Esto contrasta con el desarrollo alcanzado en otros litorales del pa\u00eds, ya que el sector tur\u00edstico de la Rep\u00fablica Dominicana contin\u00faa mostrando un crecimiento s\u00f3lido y sostenido, consolid\u00e1ndose como un pilar fundamental de la econom\u00eda nacional.<\/p>\n\n\n\n<p class=\"wp-block-paragraph\">Seg\u00fan el informe del Consejo Mundial de Viajes y Turismo (WTTC), se proyecta que para finales de 2024, la contribuci\u00f3n del sector de viajes y turismo al PIB del pa\u00eds alcanzar\u00e1 los 19.4 mil millones de d\u00f3lares. Esta cifra representa un aumento significativo en comparaci\u00f3n con a\u00f1os anteriores, evidenciando la robusta recuperaci\u00f3n y el crecimiento continuo del sector tur\u00edstico dominicano.<\/p>\n\n\n\n<p class=\"wp-block-paragraph\">Estas proyecciones subrayan la creciente importancia del turismo en la econom\u00eda dominicana y su papel crucial como motor de crecimiento econ\u00f3mico para el pa\u00eds. El sector no solo genera ingresos directos, sino que tambi\u00e9n tiene un efecto multiplicador en otros sectores de la econom\u00eda, como la construcci\u00f3n, el transporte y las pymes de servicios.<\/p>\n\n\n\n<p class=\"wp-block-paragraph\">En este contexto de crecimiento nacional, es importante destacar el potencial de desarrollo tur\u00edstico en provincias como Montecristi. Esta regi\u00f3n cuenta con atributos naturales y culturales significativos que podr\u00edan convertirla en un destino tur\u00edstico importante.<\/p>\n\n\n\n<p class=\"wp-block-paragraph\">Sin embargo, para que Montecristi pueda sumarse al desarrollo y prosperidad que experimentan otras regiones del pa\u00eds, es necesaria una decisi\u00f3n firme y un plan estrat\u00e9gico por parte del gobierno del presidente Luis Abinader que se encamina a su segundo periodo.<\/p>\n\n\n\n<p class=\"wp-block-paragraph\">El desarrollo del sector tur\u00edstico en Montecristi podr\u00eda ser fundamental para reducir la pobreza en la provincia, generando empleos directos e indirectos, estimulando la econom\u00eda local y mejorando la infraestructura.<\/p>\n\n\n\n<p class=\"wp-block-paragraph\">Con una inversi\u00f3n adecuada y pol\u00edticas de desarrollo sostenible, Montecristi tiene el potencial de despertar de su letargo econ\u00f3mico y convertirse en un nuevo polo de atracci\u00f3n tur\u00edstica, contribuyendo as\u00ed al crecimiento general del sector tur\u00edstico dominicano y al bienestar de sus habitantes.<\/p>\n\n\n\n<p class=\"wp-block-paragraph\">Abordar el rezago de Montecristi requiere un compromiso sostenido y una colaboraci\u00f3n efectiva entre el gobierno junto con sus representantes locales como la gobernadora provincial, los diputados, el senador, el sector privado, la sociedad civil y la comunidad local.<\/p>\n\n\n\n<p class=\"wp-block-paragraph\">Con el compromiso de todos implementando estrategias de manera integral y coordinada, se pueden sentar las bases para un desarrollo sostenible y equitativo que beneficie a todos los habitantes de la provincia.<\/p>\n","protected":false},"excerpt":{"rendered":"<p>POR LUIS M. GUZMANluimy2061@gmail.com La provincia de Montecristi perteneciente a la L\u00ednea Noroeste del pa\u00eds cuenta con 50 kil\u00f3metros de costa con gran potencial tur\u00edstico a lo largo del Oc\u00e9ano&hellip;<\/p>\n","protected":false},"author":2,"featured_media":86242,"comment_status":"open","ping_status":"open","sticky":false,"template":"","format":"standard","meta":{"content-type":"","_jetpack_newsletter_access":"","_jetpack_dont_email_post_to_subs":false,"_jetpack_newsletter_tier_id":0,"_jetpack_memberships_contains_paywalled_content":false,"_jetpack_feature_clip_id":0,"_jetpack_memberships_contains_paid_content":false,"footnotes":"","jetpack_post_was_ever_published":false},"categories":[95],"tags":[2022,14196],"class_list":["post-86241","post","type-post","status-publish","format-standard","has-post-thumbnail","hentry","category-opinion","tag-montecristi","tag-un-paraiso-olvidado"],"jetpack-related-posts":[{"id":132014,"url":"https:\/\/lasprimeras.com.do\/index.php\/2026\/05\/28\/autoridades-deben-investigar-afirmaciones-del-senador-de-montecristi\/","url_meta":{"origin":86241,"position":0},"title":"Autoridades deben investigar afirmaciones del Senador de Montecristi","author":"Nelson Feliz","date":"28 de mayo de 2026","format":false,"excerpt":"Mayobanex Escoto, del CP del PLD, estalla tras declaraciones del senador de Montecristi, Bernardo Alem\u00e1n, sobre pr\u00e1cticas impropias El miembro del Comit\u00e9 Pol\u00edtico del Partido de la Liberaci\u00f3n Dominicana (PLD), Mayobanex Escoto, hizo un llamado a las autoridades nacionales para que investiguen y act\u00faen ante las declaraciones ofrecidas por el\u2026","rel":"","context":"En \u00abPOLITICA\u00bb","block_context":{"text":"POLITICA","link":"https:\/\/lasprimeras.com.do\/index.php\/category\/politica\/"},"img":{"alt_text":"","src":"https:\/\/i0.wp.com\/lasprimeras.com.do\/wp-content\/uploads\/2026\/05\/MayobaneX-Escoto.jpg?resize=350%2C200&ssl=1","width":350,"height":200,"srcset":"https:\/\/i0.wp.com\/lasprimeras.com.do\/wp-content\/uploads\/2026\/05\/MayobaneX-Escoto.jpg?resize=350%2C200&ssl=1 1x, https:\/\/i0.wp.com\/lasprimeras.com.do\/wp-content\/uploads\/2026\/05\/MayobaneX-Escoto.jpg?resize=525%2C300&ssl=1 1.5x, https:\/\/i0.wp.com\/lasprimeras.com.do\/wp-content\/uploads\/2026\/05\/MayobaneX-Escoto.jpg?resize=700%2C400&ssl=1 2x"},"classes":[]},{"id":102456,"url":"https:\/\/lasprimeras.com.do\/index.php\/2025\/07\/04\/apresan-35-haitianos-indocumentados-en-zonas-rurales-de-montecristi-y-dajabon\/","url_meta":{"origin":86241,"position":1},"title":"Apresan 35 haitianos indocumentados en zonas rurales de Montecristi y Dajab\u00f3n","author":"Nelson Feliz","date":"4 de julio de 2025","format":false,"excerpt":"Patrullas de la 4ta. Brigada de Infanter\u00eda, del Ej\u00e9rcito de Rep\u00fablica Dominicana detuvieron a 35 nacionales haitianos indocumentados en zonas rurales de las provincias Montecristi y Dajab\u00f3n. En una parcela en el municipio Hatillo Palma de Montecristi, 10 nacionales haitianos indocumentados que se escond\u00edan en la oscuridad de la noche\u2026","rel":"","context":"En \u00abMILITARES\u00bb","block_context":{"text":"MILITARES","link":"https:\/\/lasprimeras.com.do\/index.php\/category\/militares\/"},"img":{"alt_text":"","src":"https:\/\/i0.wp.com\/lasprimeras.com.do\/wp-content\/uploads\/2025\/07\/Patrullas-del-Ejercito-1.jpg?resize=350%2C200&ssl=1","width":350,"height":200,"srcset":"https:\/\/i0.wp.com\/lasprimeras.com.do\/wp-content\/uploads\/2025\/07\/Patrullas-del-Ejercito-1.jpg?resize=350%2C200&ssl=1 1x, https:\/\/i0.wp.com\/lasprimeras.com.do\/wp-content\/uploads\/2025\/07\/Patrullas-del-Ejercito-1.jpg?resize=525%2C300&ssl=1 1.5x, https:\/\/i0.wp.com\/lasprimeras.com.do\/wp-content\/uploads\/2025\/07\/Patrullas-del-Ejercito-1.jpg?resize=700%2C400&ssl=1 2x"},"classes":[]},{"id":125472,"url":"https:\/\/lasprimeras.com.do\/index.php\/2026\/03\/23\/abinader-inaugurara-la-central-termoelectrica-manzanillo-power-land-en-montecristi\/","url_meta":{"origin":86241,"position":2},"title":"Abinader inaugurar\u00e1 la Central Termoel\u00e9ctrica Manzanillo Power Land en Montecristi","author":"Nelson Feliz","date":"23 de marzo de 2026","format":false,"excerpt":"La Direcci\u00f3n de Estrategia y Comunicaci\u00f3n Gubernamental informa que el presidente de la Rep\u00fablica, Luis Abinader, encabezar\u00e1 el pr\u00f3ximo viernes 27 de marzo de 2026 el acto de inauguraci\u00f3n de la Central de Generaci\u00f3n Termoel\u00e9ctrica Manzanillo Power Land. Este importante proyecto energ\u00e9tico, ubicado en el municipio de Pepillo Salcedo, provincia\u2026","rel":"","context":"En \u00abNACIONALES\u00bb","block_context":{"text":"NACIONALES","link":"https:\/\/lasprimeras.com.do\/index.php\/category\/nacionales\/"},"img":{"alt_text":"","src":"https:\/\/i0.wp.com\/lasprimeras.com.do\/wp-content\/uploads\/2026\/03\/pawer-land.jpg?resize=350%2C200&ssl=1","width":350,"height":200,"srcset":"https:\/\/i0.wp.com\/lasprimeras.com.do\/wp-content\/uploads\/2026\/03\/pawer-land.jpg?resize=350%2C200&ssl=1 1x, https:\/\/i0.wp.com\/lasprimeras.com.do\/wp-content\/uploads\/2026\/03\/pawer-land.jpg?resize=525%2C300&ssl=1 1.5x"},"classes":[]},{"id":104585,"url":"https:\/\/lasprimeras.com.do\/index.php\/2025\/07\/24\/detienen-a-33-ciudadanos-haitianos-indocumentados-durante-operativos-en-montecristi\/","url_meta":{"origin":86241,"position":3},"title":"Detienen a 33 ciudadanos haitianos indocumentados durante operativos en Montecristi","author":"Nelson Feliz","date":"24 de julio de 2025","format":false,"excerpt":"Miembros del Ej\u00e9rcito de Rep\u00fablica Dominicana (ERD) adscritos al destacamento Mang\u00e1 de Montecristi, detuvieron 33 nacionales haitianos en condici\u00f3n migratoria irregular. El operativo fue desarrollado en distintos sectores del municipio de Guayub\u00edn y forma parte de los esfuerzos continuos para reforzar la seguridad fronteriza y el control migratorio en la\u2026","rel":"","context":"En \u00abMILITARES\u00bb","block_context":{"text":"MILITARES","link":"https:\/\/lasprimeras.com.do\/index.php\/category\/militares\/"},"img":{"alt_text":"","src":"https:\/\/i0.wp.com\/lasprimeras.com.do\/wp-content\/uploads\/2025\/07\/indocumentados.jpg?resize=350%2C200&ssl=1","width":350,"height":200,"srcset":"https:\/\/i0.wp.com\/lasprimeras.com.do\/wp-content\/uploads\/2025\/07\/indocumentados.jpg?resize=350%2C200&ssl=1 1x, https:\/\/i0.wp.com\/lasprimeras.com.do\/wp-content\/uploads\/2025\/07\/indocumentados.jpg?resize=525%2C300&ssl=1 1.5x, https:\/\/i0.wp.com\/lasprimeras.com.do\/wp-content\/uploads\/2025\/07\/indocumentados.jpg?resize=700%2C400&ssl=1 2x"},"classes":[]},{"id":100746,"url":"https:\/\/lasprimeras.com.do\/index.php\/2025\/06\/11\/erd-intercepta-dos-grupos-de-migrantes-indocumentados-en-dajabon-y-montecristi\/","url_meta":{"origin":86241,"position":4},"title":"ERD intercepta dos grupos de migrantes indocumentados en Dajab\u00f3n y Montecristi","author":"Nelson Feliz","date":"11 de junio de 2025","format":false,"excerpt":"Los extranjeros indocumentados fueron detenidos en distintos operativos realizados en las comunidades Santa Mar\u00eda y Aminilla. Miembros del Ej\u00e9rcito de Rep\u00fablica Dominicana,detuvieron 35 migrantes indocumentados, mediante operativos realizados en diferentes localidades de las provincias Montecristi y Dajab\u00f3n. Un grupo de 26 nacionales haitianos en condici\u00f3n migratoria irregular fue interceptado por\u2026","rel":"","context":"En \u00abMILITARES\u00bb","block_context":{"text":"MILITARES","link":"https:\/\/lasprimeras.com.do\/index.php\/category\/militares\/"},"img":{"alt_text":"","src":"https:\/\/i0.wp.com\/lasprimeras.com.do\/wp-content\/uploads\/2025\/06\/ejercito-1.jpg?resize=350%2C200&ssl=1","width":350,"height":200,"srcset":"https:\/\/i0.wp.com\/lasprimeras.com.do\/wp-content\/uploads\/2025\/06\/ejercito-1.jpg?resize=350%2C200&ssl=1 1x, https:\/\/i0.wp.com\/lasprimeras.com.do\/wp-content\/uploads\/2025\/06\/ejercito-1.jpg?resize=525%2C300&ssl=1 1.5x, https:\/\/i0.wp.com\/lasprimeras.com.do\/wp-content\/uploads\/2025\/06\/ejercito-1.jpg?resize=700%2C400&ssl=1 2x"},"classes":[]},{"id":102939,"url":"https:\/\/lasprimeras.com.do\/index.php\/2025\/07\/10\/presidente-abinader-inaugura-muelle-en-cayo-yuti-y-escuela-basica-en-montecristi\/","url_meta":{"origin":86241,"position":5},"title":"Presidente Abinader inaugura muelle en Cayo Yuti y escuela b\u00e1sica en Montecristi","author":"Nelson Feliz","date":"10 de julio de 2025","format":false,"excerpt":"De igual modo, el mandatario inaugur\u00f3 los Juegos Fronterizos 2025; se reuni\u00f3 con los directivos de la C\u00e1mara de Comercio y Producci\u00f3n y ladirectora del INAIPI deja en funcionamiento un CAIPI. El presidente Luis Abinader dej\u00f3 inaugurado este mi\u00e9rcoles en horas de la tarde el muelle tur\u00edstico y pesquero de\u2026","rel":"","context":"En \u00abNACIONALES\u00bb","block_context":{"text":"NACIONALES","link":"https:\/\/lasprimeras.com.do\/index.php\/category\/nacionales\/"},"img":{"alt_text":"","src":"https:\/\/i0.wp.com\/lasprimeras.com.do\/wp-content\/uploads\/2025\/07\/Luis-Abinader-4.jpg?resize=350%2C200&ssl=1","width":350,"height":200,"srcset":"https:\/\/i0.wp.com\/lasprimeras.com.do\/wp-content\/uploads\/2025\/07\/Luis-Abinader-4.jpg?resize=350%2C200&ssl=1 1x, https:\/\/i0.wp.com\/lasprimeras.com.do\/wp-content\/uploads\/2025\/07\/Luis-Abinader-4.jpg?resize=525%2C300&ssl=1 1.5x, https:\/\/i0.wp.com\/lasprimeras.com.do\/wp-content\/uploads\/2025\/07\/Luis-Abinader-4.jpg?resize=700%2C400&ssl=1 2x"},"classes":[]}],"jetpack_sharing_enabled":true,"jetpack_featured_media_url":"https:\/\/lasprimeras.com.do\/wp-content\/uploads\/2024\/07\/WhatsApp-Image-2024-07-21-at-1.26.16-PM.jpeg","_links":{"self":[{"href":"https:\/\/lasprimeras.com.do\/index.php\/wp-json\/wp\/v2\/posts\/86241","targetHints":{"allow":["GET"]}}],"collection":[{"href":"https:\/\/lasprimeras.com.do\/index.php\/wp-json\/wp\/v2\/posts"}],"about":[{"href":"https:\/\/lasprimeras.com.do\/index.php\/wp-json\/wp\/v2\/types\/post"}],"author":[{"embeddable":true,"href":"https:\/\/lasprimeras.com.do\/index.php\/wp-json\/wp\/v2\/users\/2"}],"replies":[{"embeddable":true,"href":"https:\/\/lasprimeras.com.do\/index.php\/wp-json\/wp\/v2\/comments?post=86241"}],"version-history":[{"count":1,"href":"https:\/\/lasprimeras.com.do\/index.php\/wp-json\/wp\/v2\/posts\/86241\/revisions"}],"predecessor-version":[{"id":86243,"href":"https:\/\/lasprimeras.com.do\/index.php\/wp-json\/wp\/v2\/posts\/86241\/revisions\/86243"}],"wp:featuredmedia":[{"embeddable":true,"href":"https:\/\/lasprimeras.com.do\/index.php\/wp-json\/wp\/v2\/media\/86242"}],"wp:attachment":[{"href":"https:\/\/lasprimeras.com.do\/index.php\/wp-json\/wp\/v2\/media?parent=86241"}],"wp:term":[{"taxonomy":"category","embeddable":true,"href":"https:\/\/lasprimeras.com.do\/index.php\/wp-json\/wp\/v2\/categories?post=86241"},{"taxonomy":"post_tag","embeddable":true,"href":"https:\/\/lasprimeras.com.do\/index.php\/wp-json\/wp\/v2\/tags?post=86241"}],"curies":[{"name":"wp","href":"https:\/\/api.w.org\/{rel}","templated":true}]}}