{"id":86278,"date":"2024-07-21T16:42:32","date_gmt":"2024-07-21T20:42:32","guid":{"rendered":"https:\/\/lasprimeras.com.do\/?p=86278"},"modified":"2024-07-21T16:42:34","modified_gmt":"2024-07-21T20:42:34","slug":"marranzini-pide-al-gobierno-construir-un-hospital-en-la-frontera-para-parturientas-haitianas","status":"publish","type":"post","link":"https:\/\/lasprimeras.com.do\/index.php\/2024\/07\/21\/marranzini-pide-al-gobierno-construir-un-hospital-en-la-frontera-para-parturientas-haitianas\/","title":{"rendered":"Marranzini pide al gobierno construir un hospital en la frontera para parturientas haitianas"},"content":{"rendered":"\n<p class=\"wp-block-paragraph\">El presidente del Consejo Unificado de las Empresas Distribuidoras de Electricidad (CUED), Celso Marranzini, pidi\u00f3 al gobierno construir un hospital en la frontera en la parte de Hait\u00ed para las parturientas haitianas porque representan una alta carga para el sistema de salud en Rep\u00fablica Dominicana.<\/p>\n\n\n\n<p class=\"wp-block-paragraph\">\u201cConstruyanle un hospital en la frontera del lado de Hait\u00ed para las parturientas haitianas. Para no seguir asumiendo el costo de Hait\u00ed\u201d, expres\u00f3.<\/p>\n\n\n\n<p class=\"wp-block-paragraph\">Entrevistado en el programa Mckinney, que se transmite por Color Visi\u00f3n, Marranzini llam\u00f3 al presidente de la Rep\u00fablica, Luis Abinader endurecer la pol\u00edtica migratoria ante las mafia en el Centro Vacacional de Haina.<\/p>\n\n\n\n<p class=\"wp-block-paragraph\">\u201cEn lo vacacional cobran doscientos d\u00f3lares por parturientas. El gobierno tiene retos y es apretar la pol\u00edtica migratoria. Hay que acabar con esas mafias. El gobierno tiene que acabar con esas mafias. Hay que juntarse con el empresariado para mejorar el salario a los dominicanos\u201d, indic\u00f3 el presidente de la CUED.<\/p>\n\n\n\n<p class=\"wp-block-paragraph\">Asimismo afirm\u00f3, que \u201cNosotros no podemos seguir asumiendo el costo de Hait\u00ed y el costos de sus empresarios. El empresario haitiano no vive en Hait\u00ed\u201d.<\/p>\n\n\n\n<p class=\"wp-block-paragraph\">Se recuerda que el 16 de septiembre del 2022 en rueda de prensa en el Palacio Nacional, en el sal\u00f3n Las Cari\u00e1tides del Palacio Nacional, acompa\u00f1ado de la Vicepresidenta Raquel Pe\u00f1a y el Ministro Administrativo de la Presidencia, Jos\u00e9 Ignacio Paliza, as\u00ed como el de la Presidencia, Joel Santos, el presidente de la Rep\u00fablica, Luis Abinader anunci\u00f3, que el Banco Interamericano de Desarrollo (BID) financiar\u00e1 la construcci\u00f3n de dos hospitales en la frontera norte y sur de Hait\u00ed.<\/p>\n","protected":false},"excerpt":{"rendered":"<p>El presidente del Consejo Unificado de las Empresas Distribuidoras de Electricidad (CUED), Celso Marranzini, pidi\u00f3 al gobierno construir un hospital en la frontera en la parte de Hait\u00ed para las&hellip;<\/p>\n","protected":false},"author":2,"featured_media":86279,"comment_status":"open","ping_status":"open","sticky":false,"template":"","format":"standard","meta":{"content-type":"","_jetpack_newsletter_access":"","_jetpack_dont_email_post_to_subs":false,"_jetpack_newsletter_tier_id":0,"_jetpack_memberships_contains_paywalled_content":false,"_jetpack_feature_clip_id":0,"_jetpack_memberships_contains_paid_content":false,"footnotes":"","jetpack_post_was_ever_published":false},"categories":[25],"tags":[14209,1929,74,171,3467,14210],"class_list":["post-86278","post","type-post","status-publish","format-standard","has-post-thumbnail","hentry","category-portada","tag-celso-marranzini","tag-construir","tag-frontera","tag-gobierno","tag-hospital","tag-parturientas"],"jetpack-related-posts":[{"id":115275,"url":"https:\/\/lasprimeras.com.do\/index.php\/2025\/11\/20\/luis-el-gallo-rechaza-denuncias-de-amnistia-internacional-y-senala-son-viles-mentiras\/","url_meta":{"origin":86278,"position":0},"title":"Luis \u201cEl Gallo\u201d rechaza denuncias de Amnist\u00eda Internacional y se\u00f1ala son viles mentiras","author":"Nelson Feliz","date":"20 de noviembre de 2025","format":false,"excerpt":"El presidente de la Uni\u00f3n Dem\u00f3crata Cristiana -UDC-, Luis Acosta Moreta, Luis \u201cEl Gallo\u201d, rechaz\u00f3 hoy por mentirosas y viles las denuncias de Amnist\u00eda Internacional de que en el pa\u00eds se da a las parturientas haitianas un trato racista, discriminatorio y violador de los derechos humanos. Dijo que por el\u2026","rel":"","context":"En \u00abPOLITICA\u00bb","block_context":{"text":"POLITICA","link":"https:\/\/lasprimeras.com.do\/index.php\/category\/politica\/"},"img":{"alt_text":"","src":"https:\/\/i0.wp.com\/lasprimeras.com.do\/wp-content\/uploads\/2025\/11\/Luis-Acosta-Moreta.jpeg?resize=350%2C200&ssl=1","width":350,"height":200,"srcset":"https:\/\/i0.wp.com\/lasprimeras.com.do\/wp-content\/uploads\/2025\/11\/Luis-Acosta-Moreta.jpeg?resize=350%2C200&ssl=1 1x, https:\/\/i0.wp.com\/lasprimeras.com.do\/wp-content\/uploads\/2025\/11\/Luis-Acosta-Moreta.jpeg?resize=525%2C300&ssl=1 1.5x, https:\/\/i0.wp.com\/lasprimeras.com.do\/wp-content\/uploads\/2025\/11\/Luis-Acosta-Moreta.jpeg?resize=700%2C400&ssl=1 2x"},"classes":[]},{"id":131971,"url":"https:\/\/lasprimeras.com.do\/index.php\/2026\/05\/27\/celso-juan-marranzini-reconoce-esfuerzos-del-gobierno-de-abinader-para-fortalecer-competitividad\/","url_meta":{"origin":86278,"position":1},"title":"Celso Juan Marranzini reconoce esfuerzos del gobierno de Abinader para fortalecer competitividad","author":"Nelson Feliz","date":"27 de mayo de 2026","format":false,"excerpt":"Destac\u00f3 adem\u00e1s, los avances alcanzados por la Rep\u00fablica Dominicana en \u00e1reas estrat\u00e9gicas como manufactura, exportaciones, infraestructura log\u00edstica, energ\u00eda, turismo e inversi\u00f3n extranjera Santo Domingo.\u2013 El presidente del Consejo Nacional de la Empresa Privada (CONEP), Celso Juan Marranzini, destac\u00f3 este mi\u00e9rcoles los avances que ha consolidado la Rep\u00fablica Dominicana en \u00e1reas\u2026","rel":"","context":"En \u00abECONOM\u00cdA\u00bb","block_context":{"text":"ECONOM\u00cdA","link":"https:\/\/lasprimeras.com.do\/index.php\/category\/economia\/"},"img":{"alt_text":"","src":"https:\/\/i0.wp.com\/lasprimeras.com.do\/wp-content\/uploads\/2026\/05\/CONEP-1.jpg?resize=350%2C200&ssl=1","width":350,"height":200,"srcset":"https:\/\/i0.wp.com\/lasprimeras.com.do\/wp-content\/uploads\/2026\/05\/CONEP-1.jpg?resize=350%2C200&ssl=1 1x, https:\/\/i0.wp.com\/lasprimeras.com.do\/wp-content\/uploads\/2026\/05\/CONEP-1.jpg?resize=525%2C300&ssl=1 1.5x, https:\/\/i0.wp.com\/lasprimeras.com.do\/wp-content\/uploads\/2026\/05\/CONEP-1.jpg?resize=700%2C400&ssl=1 2x"},"classes":[]},{"id":75627,"url":"https:\/\/lasprimeras.com.do\/index.php\/2024\/02\/02\/acosta-moreta-demanda-continuar-con-deportacion-de-indocumentados\/","url_meta":{"origin":86278,"position":2},"title":"Acosta Moreta demanda continuar con deportaci\u00f3n de indocumentados","author":"Nelson Feliz","date":"2 de febrero de 2024","format":false,"excerpt":"Acosta Moreta rechaza campamentos en RD para refugiados haitianos. El presidente de la Uni\u00f3n Dem\u00f3crata Cristiana -UDC-, Luis Acosta Moreta, Luis \u201cEl Gallo\u201d, pidi\u00f3 hoy al gobierno que mantenga inflexible la deportaci\u00f3n de haitianos indocumentados y rechace cualquier intento de establecer campamentos de refugiados en la Rep\u00fablica Dominicana. Indic\u00f3 que\u2026","rel":"","context":"En \u00abPORTADA\u00bb","block_context":{"text":"PORTADA","link":"https:\/\/lasprimeras.com.do\/index.php\/category\/portada\/"},"img":{"alt_text":"Luis Acosta Moreta","src":"https:\/\/i0.wp.com\/lasprimeras.com.do\/wp-content\/uploads\/2024\/02\/Luis-Acosta-Moreta-3.jpg?resize=350%2C200&ssl=1","width":350,"height":200,"srcset":"https:\/\/i0.wp.com\/lasprimeras.com.do\/wp-content\/uploads\/2024\/02\/Luis-Acosta-Moreta-3.jpg?resize=350%2C200&ssl=1 1x, https:\/\/i0.wp.com\/lasprimeras.com.do\/wp-content\/uploads\/2024\/02\/Luis-Acosta-Moreta-3.jpg?resize=525%2C300&ssl=1 1.5x, https:\/\/i0.wp.com\/lasprimeras.com.do\/wp-content\/uploads\/2024\/02\/Luis-Acosta-Moreta-3.jpg?resize=700%2C400&ssl=1 2x"},"classes":[]},{"id":54149,"url":"https:\/\/lasprimeras.com.do\/index.php\/2023\/07\/08\/luis-el-gallo-respalda-politica-oficial-deportacion-haitianos-indocumentados\/","url_meta":{"origin":86278,"position":3},"title":"Luis \u201cEl Gallo\u201d respalda pol\u00edtica oficial deportaci\u00f3n haitianos indocumentados","author":"Nelson Feliz","date":"8 de julio de 2023","format":false,"excerpt":"El presidente de la Uni\u00f3n Dem\u00f3crata Cristiana \u2013UDC-, Luis Acosta Moreta, Luis \u201cEl Gallo\u201d, dijo hoy que es necesario que el gobierno contin\u00fae con la deportaci\u00f3n de haitianos ilegales, y establezca m\u00e1s controles en la llegada de las parturientas. Destac\u00f3 que las deportaciones se llevan a cabo en orden y\u2026","rel":"","context":"En \u00abPORTADA\u00bb","block_context":{"text":"PORTADA","link":"https:\/\/lasprimeras.com.do\/index.php\/category\/portada\/"},"img":{"alt_text":"haitianos ilegales","src":"https:\/\/i0.wp.com\/lasprimeras.com.do\/wp-content\/uploads\/2023\/07\/WhatsApp-Image-2023-07-07-at-9.06.09-AM-1.jpeg?resize=350%2C200&ssl=1","width":350,"height":200,"srcset":"https:\/\/i0.wp.com\/lasprimeras.com.do\/wp-content\/uploads\/2023\/07\/WhatsApp-Image-2023-07-07-at-9.06.09-AM-1.jpeg?resize=350%2C200&ssl=1 1x, https:\/\/i0.wp.com\/lasprimeras.com.do\/wp-content\/uploads\/2023\/07\/WhatsApp-Image-2023-07-07-at-9.06.09-AM-1.jpeg?resize=525%2C300&ssl=1 1.5x"},"classes":[]},{"id":77648,"url":"https:\/\/lasprimeras.com.do\/index.php\/2024\/02\/23\/luis-el-gallo-dice-rd-no-puede-invertir-rd10-mil-millones-en-45-dias-en-parturientas-haitianas\/","url_meta":{"origin":86278,"position":4},"title":"Luis \u201cEl Gallo\u201d dice RD no puede invertir RD$10 mil millones en 45 d\u00edas en parturientas haitianas","author":"BIMARY DE JES\u00daS Matos","date":"23 de febrero de 2024","format":false,"excerpt":"Santo Domingo.-El presidente de la Uni\u00f3n Dem\u00f3crata Cristiana \u2013UDC-, Luis Acosta Moreta, Luis \u201cEl Gallo\u201d, dijo hoy que es responsabilidad de los Estados Unidos y las Naciones Unidas instalar maternidades en Hait\u00ed, para quitar presiones a la Rep\u00fablica Dominicana que invirti\u00f3 para atenderlas 10 mil millones de pesos en mes\u2026","rel":"","context":"En \u00abSin categor\u00eda\u00bb","block_context":{"text":"Sin categor\u00eda","link":"https:\/\/lasprimeras.com.do\/index.php\/category\/sin-categoria\/"},"img":{"alt_text":"","src":"https:\/\/i0.wp.com\/lasprimeras.com.do\/wp-content\/uploads\/2024\/02\/IMG-20240223-WA0054.jpg?resize=350%2C200&ssl=1","width":350,"height":200,"srcset":"https:\/\/i0.wp.com\/lasprimeras.com.do\/wp-content\/uploads\/2024\/02\/IMG-20240223-WA0054.jpg?resize=350%2C200&ssl=1 1x, https:\/\/i0.wp.com\/lasprimeras.com.do\/wp-content\/uploads\/2024\/02\/IMG-20240223-WA0054.jpg?resize=525%2C300&ssl=1 1.5x, https:\/\/i0.wp.com\/lasprimeras.com.do\/wp-content\/uploads\/2024\/02\/IMG-20240223-WA0054.jpg?resize=700%2C400&ssl=1 2x, https:\/\/i0.wp.com\/lasprimeras.com.do\/wp-content\/uploads\/2024\/02\/IMG-20240223-WA0054.jpg?resize=1050%2C600&ssl=1 3x, https:\/\/i0.wp.com\/lasprimeras.com.do\/wp-content\/uploads\/2024\/02\/IMG-20240223-WA0054.jpg?resize=1400%2C800&ssl=1 4x"},"classes":[]},{"id":92056,"url":"https:\/\/lasprimeras.com.do\/index.php\/2024\/12\/14\/gobierno-haitiano-anuncia-que-la-unica-maternidad-publica-de-haiti-reabre-sus-puertas\/","url_meta":{"origin":86278,"position":5},"title":"Gobierno haitiano anuncia que la \u00fanica maternidad p\u00fablica de Hait\u00ed reabre sus puertas","author":"Nelson Feliz","date":"14 de diciembre de 2024","format":false,"excerpt":"El gobierno de Hait\u00ed anunci\u00f3 este s\u00e1bado que la maternidad Isa\u00efe Jeanty de Chancerelles reactiv\u00f3 sus funciones, al tiempo de comunicar el nacimiento de un beb\u00e9 en ese centro de salud. \"La pr\u00f3xima semana el quir\u00f3fano reabrir\u00e1 sus puertas. Juntos superaremos la inseguridad. Juntos devolveremos la esperanza a Hait\u00ed\", destaca\u2026","rel":"","context":"En \u00abINTERNACIONALES\u00bb","block_context":{"text":"INTERNACIONALES","link":"https:\/\/lasprimeras.com.do\/index.php\/category\/sin-categoria\/internacionales\/"},"img":{"alt_text":"","src":"https:\/\/i0.wp.com\/lasprimeras.com.do\/wp-content\/uploads\/2024\/12\/bebe-nacido-en-la-maternidad-en-Haiti.jpg?resize=350%2C200&ssl=1","width":350,"height":200,"srcset":"https:\/\/i0.wp.com\/lasprimeras.com.do\/wp-content\/uploads\/2024\/12\/bebe-nacido-en-la-maternidad-en-Haiti.jpg?resize=350%2C200&ssl=1 1x, https:\/\/i0.wp.com\/lasprimeras.com.do\/wp-content\/uploads\/2024\/12\/bebe-nacido-en-la-maternidad-en-Haiti.jpg?resize=525%2C300&ssl=1 1.5x, https:\/\/i0.wp.com\/lasprimeras.com.do\/wp-content\/uploads\/2024\/12\/bebe-nacido-en-la-maternidad-en-Haiti.jpg?resize=700%2C400&ssl=1 2x"},"classes":[]}],"jetpack_sharing_enabled":true,"jetpack_featured_media_url":"https:\/\/lasprimeras.com.do\/wp-content\/uploads\/2024\/07\/celso-marranzini.jpg","_links":{"self":[{"href":"https:\/\/lasprimeras.com.do\/index.php\/wp-json\/wp\/v2\/posts\/86278","targetHints":{"allow":["GET"]}}],"collection":[{"href":"https:\/\/lasprimeras.com.do\/index.php\/wp-json\/wp\/v2\/posts"}],"about":[{"href":"https:\/\/lasprimeras.com.do\/index.php\/wp-json\/wp\/v2\/types\/post"}],"author":[{"embeddable":true,"href":"https:\/\/lasprimeras.com.do\/index.php\/wp-json\/wp\/v2\/users\/2"}],"replies":[{"embeddable":true,"href":"https:\/\/lasprimeras.com.do\/index.php\/wp-json\/wp\/v2\/comments?post=86278"}],"version-history":[{"count":1,"href":"https:\/\/lasprimeras.com.do\/index.php\/wp-json\/wp\/v2\/posts\/86278\/revisions"}],"predecessor-version":[{"id":86280,"href":"https:\/\/lasprimeras.com.do\/index.php\/wp-json\/wp\/v2\/posts\/86278\/revisions\/86280"}],"wp:featuredmedia":[{"embeddable":true,"href":"https:\/\/lasprimeras.com.do\/index.php\/wp-json\/wp\/v2\/media\/86279"}],"wp:attachment":[{"href":"https:\/\/lasprimeras.com.do\/index.php\/wp-json\/wp\/v2\/media?parent=86278"}],"wp:term":[{"taxonomy":"category","embeddable":true,"href":"https:\/\/lasprimeras.com.do\/index.php\/wp-json\/wp\/v2\/categories?post=86278"},{"taxonomy":"post_tag","embeddable":true,"href":"https:\/\/lasprimeras.com.do\/index.php\/wp-json\/wp\/v2\/tags?post=86278"}],"curies":[{"name":"wp","href":"https:\/\/api.w.org\/{rel}","templated":true}]}}