{"id":86284,"date":"2024-07-21T17:04:50","date_gmt":"2024-07-21T21:04:50","guid":{"rendered":"https:\/\/lasprimeras.com.do\/?p=86284"},"modified":"2024-07-21T17:04:52","modified_gmt":"2024-07-21T21:04:52","slug":"quien-es-rafael-santos-badia-en-republica-dominicana","status":"publish","type":"post","link":"https:\/\/lasprimeras.com.do\/index.php\/2024\/07\/21\/quien-es-rafael-santos-badia-en-republica-dominicana\/","title":{"rendered":"\u00bfQui\u00e9n es Rafael Santos Bad\u00eda en Rep\u00fablica Dominicana?"},"content":{"rendered":"\n<p class=\"wp-block-paragraph\">Por Jacqueline Malag\u00f3n&nbsp;&nbsp;&nbsp;&nbsp;&nbsp;&nbsp;&nbsp;&nbsp;&nbsp;&nbsp;&nbsp;&nbsp;&nbsp;&nbsp;&nbsp;&nbsp;&nbsp;&nbsp;&nbsp;&nbsp;&nbsp;&nbsp;&nbsp;&nbsp;&nbsp;&nbsp;&nbsp;&nbsp;&nbsp;&nbsp;&nbsp;&nbsp;&nbsp;&nbsp;&nbsp;&nbsp;&nbsp;&nbsp;&nbsp;&nbsp;&nbsp;&nbsp;&nbsp;&nbsp;&nbsp;&nbsp;&nbsp;&nbsp;&nbsp;&nbsp;&nbsp;&nbsp;&nbsp;&nbsp;&nbsp;&nbsp;&nbsp;&nbsp;&nbsp;&nbsp;&nbsp;&nbsp;&nbsp;&nbsp;&nbsp;&nbsp;&nbsp;&nbsp;&nbsp;&nbsp;&nbsp;&nbsp;&nbsp;&nbsp;&nbsp;&nbsp;&nbsp;&nbsp;&nbsp;&nbsp;<\/p>\n\n\n\n<p class=\"wp-block-paragraph\">Exministra de Educaci\u00f3n<\/p>\n\n\n\n<p class=\"wp-block-paragraph\">Rafael Santos Bad\u00eda es conocido en la Rep\u00fablica Dominicana principalmente por su papel como educador, dirigente sindical, legislador y ciudadano comprometido con la mejora del dominicano desde su inserci\u00f3n en el sistema educativo preuniversitario, en el que se le reconoce como un gran y aut\u00e9ntico l\u00edder.<\/p>\n\n\n\n<p class=\"wp-block-paragraph\">Es reconocido por su contribuci\u00f3n al desarrollo econ\u00f3mico a trav\u00e9s de iniciativas educativas que impactan las iniciativas empresariales en proyectos que tienden a fortalecer la formaci\u00f3n y capacitaci\u00f3n en los servicios que inciden en la formaci\u00f3n del capital humano que sostiene la econom\u00eda de la Rep\u00fablica Dominicana y que repercuten en la generaci\u00f3n de empleo.<\/p>\n\n\n\n<p class=\"wp-block-paragraph\">Pero yo quiero hablar de Rafael Santos Bad\u00eda en el sistema educativo y en el sindicalismo educativo dominicano, como una persona que su relaci\u00f3n afectuosa y profesional, en el \u00e1mbito laboral ha dejado notables contribuciones al pa\u00eds y que quiz\u00e1s la comunidad nacional no conozca, pero de la cual yo he sido testigo ocular y presencial.<\/p>\n\n\n\n<p class=\"wp-block-paragraph\">En el contexto del sistema y el sindicalismo educativos dominicanos, Rafael Santos Bad\u00eda es conocido por su relevancia como dirigente en ambos \u00e1mbitos y siendo una figura destacada en la educaci\u00f3n a la que se insert\u00f3 desde el sindicalismo educativo, para evaluar sus aportes inmensos a la educaci\u00f3n en el nivel preuniversitario y en la formaci\u00f3n t\u00e9cnico profesional, hay que sacarle un plato aparte.<\/p>\n\n\n\n<p class=\"wp-block-paragraph\">Rafael Santos Bad\u00eda ha jugado un papel significativo en la defensa de los derechos laborales de los educadores, as\u00ed como en la promoci\u00f3n de mejoras en las condiciones de trabajo y los beneficios para los trabajadores del sector educativo.<\/p>\n\n\n\n<p class=\"wp-block-paragraph\">Su participaci\u00f3n ha sido relevante en negociaciones colectivas y en la representaci\u00f3n de los intereses de los trabajadores ante las autoridades educativas y gubernamentales.<\/p>\n\n\n\n<p class=\"wp-block-paragraph\">Es importante destacar que su labor sindical ha sido notable por su compromiso con la mejora continua de las condiciones de trabajo y el bienestar de los profesionales de la educaci\u00f3n en la Rep\u00fablica Dominicana.<\/p>\n\n\n\n<p class=\"wp-block-paragraph\">Adem\u00e1s de su papel como dirigente sindical en el \u00e1mbito educativo, Rafael Santos Bad\u00eda ha sido reconocido por su capacidad para negociar acuerdos y convenios que benefician a los trabajadores del sector educativo.<\/p>\n\n\n\n<p class=\"wp-block-paragraph\">Su influencia se extiende a la formulaci\u00f3n de pol\u00edticas educativas y laborales que afectan directa y positivamente a los docentes y empleados del sistema educativo dominicano.<\/p>\n\n\n\n<p class=\"wp-block-paragraph\">En ocasiones, ha sido una figura clave en la organizaci\u00f3n de protestas y movilizaciones sindicales para hacer frente a cuestiones como condiciones laborales, salarios, beneficios sociales y otros temas relevantes para los trabajadores de la educaci\u00f3n.<\/p>\n\n\n\n<p class=\"wp-block-paragraph\">Su participaci\u00f3n en el sindicalismo educativo ha contribuido a mantener un di\u00e1logo constante entre los trabajadores del sector y las autoridades gubernamentales, con el objetivo de mejorar las condiciones de trabajo y la calidad educativa en el pa\u00eds.<\/p>\n\n\n\n<p class=\"wp-block-paragraph\">Pero no puedo dejar de decir que Rafael Santos Bad\u00eda es reconocido no solo como un l\u00edder sindical en el \u00e1mbito educativo dominicano, sino tambi\u00e9n como una voz influyente que aboga por los derechos y el bienestar de los trabajadores de la educaci\u00f3n en la Rep\u00fablica Dominicana, pero m\u00e1s que nada y de mayor importancia, por la formaci\u00f3n de las generaciones del ma\u00f1ana en nuestro pa\u00eds y por los derechos de los estudiantes que son en cuanto a su formaci\u00f3n integral, la raz\u00f3n de ser de la educaci\u00f3n.<\/p>\n\n\n\n<p class=\"wp-block-paragraph\">Pocos saben que la Ley General de Educaci\u00f3n 66-97 que hoy se propone modificar y a la que nos responsabilizan como haberla gestado, no es de origen nuestro.&nbsp;<\/p>\n\n\n\n<p class=\"wp-block-paragraph\">\u00a1No!&nbsp; Rafael Santos y yo coincidimos en el Aeropuerto de Miami, el viniendo de Sur Am\u00e9rica y yo yendo a Washington, y despu\u00e9s de saludarnos, Rafael, con la confianza que nos ten\u00edamos, me dijo.&nbsp;<\/p>\n\n\n\n<p class=\"wp-block-paragraph\">Jackie, por qu\u00e9 no abordas al \u201cviejo\u201d y le dices que vas a modificar su Ley de Educaci\u00f3n que data del 1952?&nbsp; \u00a1Me paralic\u00e9!&nbsp; \u00bfQu\u00e9 le dijera al presidente Balaguer que la Ley que \u00e9l dej\u00f3 en el 1952 pudiera ser modificada por quienes estaban atentando contra muchas de sus pol\u00edticas que deb\u00edan ser cambiadas por actualizaciones efectivas?&nbsp;<\/p>\n\n\n\n<p class=\"wp-block-paragraph\">\u00bfQue los docentes del sistema pudieran ser beneficiados con sueldos o compensaciones salariales que romper\u00edan los esquemas de miseria y de hambre que predominaban en el ambiente de esa \u00e9poca?&nbsp; \u00a1No!&nbsp; Rafael no pod\u00eda sugerirme esto porque entend\u00eda que era igual que presentar mi dimisi\u00f3n y muchos entend\u00edan que las cosas iban cambiando lentamente con el esquema de trabajo que desde la sociedad civil y con el apoyo invaluable de la Asociaci\u00f3n Dominicana de Profesores, ADP, y sus dirigentes, \u00edbamos labrando surcos de esperanzas\u2026<\/p>\n\n\n\n<p class=\"wp-block-paragraph\">Pues Rafael me dio fuerzas y regres\u00e9 a Santo Domingo decidida a enfrentar las consecuencias de presentar la necesidad de modificar la Ley de Educaci\u00f3n.&nbsp;<\/p>\n\n\n\n<p class=\"wp-block-paragraph\">Por lo menos contaba con la ADP, y con los Asesores.&nbsp; Estos me dijeron que no se perd\u00eda nada con tratar y lo peor que pod\u00eda pasar era que el Presidente me dijera que no, que dejara la Ley como estaba. No sab\u00eda con qui\u00e9n m\u00e1s\u2026&nbsp; \u00a1Y me atrev\u00ed!<\/p>\n\n\n\n<p class=\"wp-block-paragraph\">Suave y firmemente le dije al Presidente que maquillar\u00eda su maravillosa Ley de alcance y fama nacional e internacional, a lo que me dijo que actuara \u201ccomo yo creyese mejor\u2026\u201d&nbsp; Era su concebida luz verde para proceder y buscar formas de innovar.&nbsp;<\/p>\n\n\n\n<p class=\"wp-block-paragraph\">Se lo inform\u00e9 a Rafael y al Consejo de Asesores y fue motivo de celebraci\u00f3n.&nbsp; No bastaba el Plan Decenal de Educaci\u00f3n, hab\u00eda que darle consistencia legal a los cambios que nos propon\u00edamos.<\/p>\n\n\n\n<p class=\"wp-block-paragraph\">Y as\u00ed nace la Ley General de Educaci\u00f3n 66-97 que hoy est\u00e1 ya a punto de llegar al Senado de la Rep\u00fablica para una modificaci\u00f3n que la actualice al alcance de los nuevos tiempos.&nbsp;&nbsp;<\/p>\n\n\n\n<p class=\"wp-block-paragraph\">&nbsp;Y en el \u00e1mbito legislativo, como diputado en la C\u00e1mara de Diputados del Congreso Nacional de la Rep\u00fablica Dominicana, \u00bfqui\u00e9n fue Rafael Santos Bad\u00eda?<\/p>\n\n\n\n<p class=\"wp-block-paragraph\">En el \u00e1mbito legislativo, Rafael Santos Bad\u00eda desempe\u00f1\u00f3 funciones como diputado en la C\u00e1mara de Diputados del Congreso Nacional de la Rep\u00fablica Dominicana.<\/p>\n\n\n\n<p class=\"wp-block-paragraph\">Durante su tiempo como legislador, tuvo la oportunidad de influir en la formulaci\u00f3n y promulgaci\u00f3n de leyes y pol\u00edticas que afectaban diversos sectores de la sociedad dominicana, incluyendo el \u00e1mbito educativo y laboral.<\/p>\n\n\n\n<p class=\"wp-block-paragraph\">Como diputado, particip\u00f3 en comisiones legislativas donde se discutieron y elaboraron proyectos de ley relacionados con la educaci\u00f3n, el trabajo, la seguridad social y otros temas de inter\u00e9s nacional. Su experiencia sindical previa y su conocimiento de las necesidades de los trabajadores de la educaci\u00f3n, le permitieron abogar por leyes que protegieran los derechos laborales, mejoraran las condiciones de trabajo y promovieran una educaci\u00f3n de calidad en el pa\u00eds.<\/p>\n\n\n\n<p class=\"wp-block-paragraph\">Adem\u00e1s, su presencia en la C\u00e1mara de Diputados fue una plataforma para representar los intereses de los trabajadores y promover iniciativas que buscaban el desarrollo y el bienestar de la poblaci\u00f3n dominicana en general.<\/p>\n\n\n\n<p class=\"wp-block-paragraph\">En resumen, Rafael Santos Bad\u00eda ha combinado su experiencia sindical con su labor legislativa para contribuir al debate y la promulgaci\u00f3n de leyes que impactan significativamente en la Rep\u00fablica Dominicana.<\/p>\n\n\n\n<p class=\"wp-block-paragraph\">Rafael Santos Bad\u00eda en la pol\u00edtica partidarista de la Rep\u00fablica Dominicana?<\/p>\n\n\n\n<p class=\"wp-block-paragraph\">Rafael Santos Bad\u00eda ha tenido una participaci\u00f3n destacada en la pol\u00edtica partidista de la Rep\u00fablica Dominicana, principalmente a trav\u00e9s de su afiliaci\u00f3n al Partido de los Trabajadores, al Partido Revolucionario Dominicano y hoy, al Partido Revolucionario Moderno.&nbsp; Este partido ha sido uno de los principales actores pol\u00edticos en la historia reciente del pa\u00eds.<\/p>\n\n\n\n<p class=\"wp-block-paragraph\">Su trayectoria pol\u00edtica ha estado marcada por su capacidad para movilizar apoyos dentro del partido y para representar los intereses de sus seguidores y simpatizantes.<\/p>\n\n\n\n<p class=\"wp-block-paragraph\">Como figura dentro del PRM, ha sido parte de sus procesos electorales y ha contribuido al desarrollo de la agenda pol\u00edtica del partido en temas clave para la Rep\u00fablica Dominicana.<\/p>\n\n\n\n<p class=\"wp-block-paragraph\">Rafael Santos Bad\u00eda ha ocupado diversos roles y ha sido reconocido como un dirigente con influencia en el \u00e1mbito pol\u00edtico. Su participaci\u00f3n ha abarcado tanto la esfera legislativa, como mencionamos anteriormente, como otros aspectos de la pol\u00edtica interna del partido y la toma de decisiones estrat\u00e9gicas.<\/p>\n\n\n\n<p class=\"wp-block-paragraph\">Pero el \u00e1rea donde m\u00e1s se ha destacado ha sido en el \u00e1mbito de la educaci\u00f3n preuniversitaria.<\/p>\n\n\n\n<p class=\"wp-block-paragraph\">Por \u00faltimo, espero que el homenaje que le rinde la ADP nombrando el Observatorio Educativo con el nombre que le dieron sus progenitores, honre el nombre de Rafael Santos y modifique el enfoque que a veces dirigen las denuncias que surgen de dicho Observatorio y que, en mi opini\u00f3n, y muy personal, irrumpen el sentido y el lenguaje de lo que debe predominar en el \u00e1mbito educativo.&nbsp;<\/p>\n\n\n\n<p class=\"wp-block-paragraph\">Ese Observatorio hace un buen papel, pero la prudencia en el lenguaje, sobre todo cuando se dirige a figuras que durante d\u00e9cadas y d\u00e9cadas han permanecido sirviendo a la educaci\u00f3n del pa\u00eds, debe ser modificada y la propia Presidencia de la ADP debe impulsarle respeto a las figuras a las que me refiero.&nbsp;<\/p>\n\n\n\n<p class=\"wp-block-paragraph\">Seguro que, al tener el nombre de Rafael Santos Bad\u00eda, brillar\u00e1 el respeto por los nombres de todos los que hemos ofrecido nuestra vida en una entrega permanente a la causa de la educaci\u00f3n del pueblo dominicano.&nbsp;<\/p>\n\n\n\n<p class=\"wp-block-paragraph\">Que le Observatorio Educativo de la ADP \u201cRafael Santos Bad\u00eda\u201d represente una nueva esperanza en el horizonte educativo dominicano en favor de aprendizajes efectivos para todos los estudiantes dominicanos.<\/p>\n","protected":false},"excerpt":{"rendered":"<p>Por Jacqueline Malag\u00f3n&nbsp;&nbsp;&nbsp;&nbsp;&nbsp;&nbsp;&nbsp;&nbsp;&nbsp;&nbsp;&nbsp;&nbsp;&nbsp;&nbsp;&nbsp;&nbsp;&nbsp;&nbsp;&nbsp;&nbsp;&nbsp;&nbsp;&nbsp;&nbsp;&nbsp;&nbsp;&nbsp;&nbsp;&nbsp;&nbsp;&nbsp;&nbsp;&nbsp;&nbsp;&nbsp;&nbsp;&nbsp;&nbsp;&nbsp;&nbsp;&nbsp;&nbsp;&nbsp;&nbsp;&nbsp;&nbsp;&nbsp;&nbsp;&nbsp;&nbsp;&nbsp;&nbsp;&nbsp;&nbsp;&nbsp;&nbsp;&nbsp;&nbsp;&nbsp;&nbsp;&nbsp;&nbsp;&nbsp;&nbsp;&nbsp;&nbsp;&nbsp;&nbsp;&nbsp;&nbsp;&nbsp;&nbsp;&nbsp;&nbsp;&nbsp;&nbsp;&nbsp;&nbsp;&nbsp;&nbsp; Exministra de Educaci\u00f3n Rafael Santos Bad\u00eda es conocido en la Rep\u00fablica Dominicana principalmente por su papel como educador, dirigente sindical, legislador y ciudadano comprometido con la mejora&hellip;<\/p>\n","protected":false},"author":2,"featured_media":85483,"comment_status":"open","ping_status":"open","sticky":false,"template":"","format":"standard","meta":{"content-type":"","_jetpack_newsletter_access":"","_jetpack_dont_email_post_to_subs":false,"_jetpack_newsletter_tier_id":0,"_jetpack_memberships_contains_paywalled_content":false,"_jetpack_feature_clip_id":0,"_jetpack_memberships_contains_paid_content":false,"footnotes":"","jetpack_post_was_ever_published":false},"categories":[95],"tags":[14213],"class_list":["post-86284","post","type-post","status-publish","format-standard","has-post-thumbnail","hentry","category-opinion","tag-quien-es-rafael-santos-badia-en-republica-dominicana"],"jetpack-related-posts":[{"id":136644,"url":"https:\/\/lasprimeras.com.do\/index.php\/2026\/08\/06\/ministro-rafael-santos-badia-impulsa-desde-espana-la-continuidad-de-la-transformacion-educativa-dominicana\/","url_meta":{"origin":86284,"position":0},"title":"Ministro Rafael Santos Bad\u00eda impulsa desde Espa\u00f1a la continuidad de la transformaci\u00f3n educativa dominicana","author":"Nelson Feliz","date":"6 de agosto de 2026","format":false,"excerpt":"El titular del MESCyT fortalece alianzas para ampliar las becas, facilitar el reconocimiento de t\u00edtulos y desarrollar programas en \u00e1reas prioritarias para el pa\u00eds Madrid, Espa\u00f1a. \u2013 La transformaci\u00f3n de la educaci\u00f3n dominicana avanz\u00f3 hacia una nueva etapa tras la celebraci\u00f3n del Congreso Nacional por la Transformaci\u00f3n de la Educaci\u00f3n.\u2026","rel":"","context":"En \u00abLA VOZ DE LA DIASPORA\u00bb","block_context":{"text":"LA VOZ DE LA DIASPORA","link":"https:\/\/lasprimeras.com.do\/index.php\/category\/la-voz-de-la-diaspora\/"},"img":{"alt_text":"","src":"https:\/\/i0.wp.com\/lasprimeras.com.do\/wp-content\/uploads\/2026\/08\/IMG-20260726-WA0247.jpg?resize=350%2C200&ssl=1","width":350,"height":200,"srcset":"https:\/\/i0.wp.com\/lasprimeras.com.do\/wp-content\/uploads\/2026\/08\/IMG-20260726-WA0247.jpg?resize=350%2C200&ssl=1 1x, https:\/\/i0.wp.com\/lasprimeras.com.do\/wp-content\/uploads\/2026\/08\/IMG-20260726-WA0247.jpg?resize=525%2C300&ssl=1 1.5x, https:\/\/i0.wp.com\/lasprimeras.com.do\/wp-content\/uploads\/2026\/08\/IMG-20260726-WA0247.jpg?resize=700%2C400&ssl=1 2x, https:\/\/i0.wp.com\/lasprimeras.com.do\/wp-content\/uploads\/2026\/08\/IMG-20260726-WA0247.jpg?resize=1050%2C600&ssl=1 3x"},"classes":[]},{"id":128947,"url":"https:\/\/lasprimeras.com.do\/index.php\/2026\/04\/28\/rafael-santos-aboga-por-una-transformacion-educativa-alineada-con-las-demandas-del-mercado-laboral\/","url_meta":{"origin":86284,"position":1},"title":"Rafael Santos aboga por una transformaci\u00f3n educativa alineada con las demandas del mercado laboral","author":"Nelson Feliz","date":"28 de abril de 2026","format":false,"excerpt":"El titular del MESCyT plante\u00f3 la necesidad de un modelo formativo m\u00e1s flexible y conectado con el sector productivo El ministro de Educaci\u00f3n Superior, Ciencia y Tecnolog\u00eda (MESCyT), Rafael Santos Bad\u00eda, llam\u00f3 a impulsar una reforma profunda del sistema educativo dominicano que responda de manera efectiva a las demandas actuales\u2026","rel":"","context":"En \u00abNACIONALES\u00bb","block_context":{"text":"NACIONALES","link":"https:\/\/lasprimeras.com.do\/index.php\/category\/nacionales\/"},"img":{"alt_text":"","src":"https:\/\/i0.wp.com\/lasprimeras.com.do\/wp-content\/uploads\/2026\/04\/IMG-20260428-WA0245.jpg?resize=350%2C200&ssl=1","width":350,"height":200,"srcset":"https:\/\/i0.wp.com\/lasprimeras.com.do\/wp-content\/uploads\/2026\/04\/IMG-20260428-WA0245.jpg?resize=350%2C200&ssl=1 1x, https:\/\/i0.wp.com\/lasprimeras.com.do\/wp-content\/uploads\/2026\/04\/IMG-20260428-WA0245.jpg?resize=525%2C300&ssl=1 1.5x, https:\/\/i0.wp.com\/lasprimeras.com.do\/wp-content\/uploads\/2026\/04\/IMG-20260428-WA0245.jpg?resize=700%2C400&ssl=1 2x, https:\/\/i0.wp.com\/lasprimeras.com.do\/wp-content\/uploads\/2026\/04\/IMG-20260428-WA0245.jpg?resize=1050%2C600&ssl=1 3x, https:\/\/i0.wp.com\/lasprimeras.com.do\/wp-content\/uploads\/2026\/04\/IMG-20260428-WA0245.jpg?resize=1400%2C800&ssl=1 4x"},"classes":[]},{"id":86095,"url":"https:\/\/lasprimeras.com.do\/index.php\/2024\/07\/17\/adp-designa-observatorio-educativo-con-el-nombre-de-rafael-santos-badia\/","url_meta":{"origin":86284,"position":2},"title":"ADP designa \u201cObservatorio Educativo\u201d con el nombre de Rafael Santos Bad\u00eda","author":"Nelson Feliz","date":"17 de julio de 2024","format":false,"excerpt":"\u00b7\u00a0\u00a0\u00a0\u00a0\u00a0\u00a0 Reconocen trayectoria gremial y aportes mediante resoluci\u00f3n del 2023 La Asociaci\u00f3n Dominicana de Profesores (ADP), inaugur\u00f3 un Observatorio Educativo con el nombre del profesor Rafael Santos Bad\u00eda, a quien tambi\u00e9n entreg\u00f3 un reconocimiento por su trayectoria personal y profesional de m\u00e1s de 50 a\u00f1os, vinculada al sector educativo. El\u2026","rel":"","context":"En \u00abNACIONALES\u00bb","block_context":{"text":"NACIONALES","link":"https:\/\/lasprimeras.com.do\/index.php\/category\/nacionales\/"},"img":{"alt_text":"","src":"https:\/\/i0.wp.com\/lasprimeras.com.do\/wp-content\/uploads\/2024\/07\/Rafael-Santos-Badia-2.jpg?resize=350%2C200&ssl=1","width":350,"height":200,"srcset":"https:\/\/i0.wp.com\/lasprimeras.com.do\/wp-content\/uploads\/2024\/07\/Rafael-Santos-Badia-2.jpg?resize=350%2C200&ssl=1 1x, https:\/\/i0.wp.com\/lasprimeras.com.do\/wp-content\/uploads\/2024\/07\/Rafael-Santos-Badia-2.jpg?resize=525%2C300&ssl=1 1.5x"},"classes":[]},{"id":130735,"url":"https:\/\/lasprimeras.com.do\/index.php\/2026\/05\/15\/reforma-educativa-convertira-a-rd-en-destino-global\/","url_meta":{"origin":86284,"position":3},"title":"Reforma educativa convertir\u00e1 a RD en destino global","author":"Nelson Feliz","date":"15 de mayo de 2026","format":false,"excerpt":"El ministro de Educaci\u00f3n Superior, Ciencia y Tecnolog\u00eda (Mescyt), Rafael Santos Bad\u00eda, afirm\u00f3 que la reforma educativa impulsada por el Gobierno permitir\u00e1 convertir a Rep\u00fablica Dominicana en un destino acad\u00e9mico de referencia internacional, capaz de atraer estudiantes extranjeros y formar capital humano competitivo para los empleos del futuro. Al pronunciar\u2026","rel":"","context":"En \u00abNACIONALES\u00bb","block_context":{"text":"NACIONALES","link":"https:\/\/lasprimeras.com.do\/index.php\/category\/nacionales\/"},"img":{"alt_text":"Rafael Santos Bad\u00eda","src":"https:\/\/i0.wp.com\/lasprimeras.com.do\/wp-content\/uploads\/2026\/05\/Rafael-Santos-Badia.jpg?resize=350%2C200&ssl=1","width":350,"height":200,"srcset":"https:\/\/i0.wp.com\/lasprimeras.com.do\/wp-content\/uploads\/2026\/05\/Rafael-Santos-Badia.jpg?resize=350%2C200&ssl=1 1x, https:\/\/i0.wp.com\/lasprimeras.com.do\/wp-content\/uploads\/2026\/05\/Rafael-Santos-Badia.jpg?resize=525%2C300&ssl=1 1.5x, https:\/\/i0.wp.com\/lasprimeras.com.do\/wp-content\/uploads\/2026\/05\/Rafael-Santos-Badia.jpg?resize=700%2C400&ssl=1 2x"},"classes":[]},{"id":130874,"url":"https:\/\/lasprimeras.com.do\/index.php\/2026\/05\/17\/santos-badia-impulsa-educacion-de-calidad-en-unapec\/","url_meta":{"origin":86284,"position":4},"title":"Santos Bad\u00eda impulsa educaci\u00f3n de calidad en Unapec","author":"Nelson Feliz","date":"17 de mayo de 2026","format":false,"excerpt":"Santos Bad\u00eda impulsa una transformaci\u00f3n educativa de calidad orientada al siglo XXI durante graduaci\u00f3n extraordinaria de Unapec El ministro de Educaci\u00f3n Superior, Ciencia y Tecnolog\u00eda (MESCyT), Rafael Santos Bad\u00eda, reafirm\u00f3 su visi\u00f3n de impulsar una transformaci\u00f3n educativa de calidad, adaptada a los desaf\u00edos del siglo XXI, durante la Graduaci\u00f3n Extraordinaria\u2026","rel":"","context":"En \u00abNACIONALES\u00bb","block_context":{"text":"NACIONALES","link":"https:\/\/lasprimeras.com.do\/index.php\/category\/nacionales\/"},"img":{"alt_text":"Rafael Santos Bad\u00eda","src":"https:\/\/i0.wp.com\/lasprimeras.com.do\/wp-content\/uploads\/2026\/05\/Rafael-Santos-Badia-2.jpg?resize=350%2C200&ssl=1","width":350,"height":200,"srcset":"https:\/\/i0.wp.com\/lasprimeras.com.do\/wp-content\/uploads\/2026\/05\/Rafael-Santos-Badia-2.jpg?resize=350%2C200&ssl=1 1x, https:\/\/i0.wp.com\/lasprimeras.com.do\/wp-content\/uploads\/2026\/05\/Rafael-Santos-Badia-2.jpg?resize=525%2C300&ssl=1 1.5x, https:\/\/i0.wp.com\/lasprimeras.com.do\/wp-content\/uploads\/2026\/05\/Rafael-Santos-Badia-2.jpg?resize=700%2C400&ssl=1 2x"},"classes":[]},{"id":138400,"url":"https:\/\/lasprimeras.com.do\/index.php\/2026\/08\/28\/santos-badia-anuncia-transformacion-integral-del-sistema-educativo-dominicano\/","url_meta":{"origin":86284,"position":5},"title":"Santos Bad\u00eda anuncia transformaci\u00f3n integral del sistema educativo dominicano","author":"Nelson Feliz","date":"28 de agosto de 2026","format":false,"excerpt":"SAN FRANCISCO DE MACOR\u00cdS. El ministro de Educaci\u00f3n Superior, Ciencia y Tecnolog\u00eda, doctor Rafael Evaristo Santos Bad\u00eda, anunci\u00f3 que el Gobierno iniciar\u00e1 este a\u00f1o la transformaci\u00f3n integral del sistema educativo dominicano, un proceso que incluir\u00e1 la reforma del marco legal, la actualizaci\u00f3n curricular, la reorganizaci\u00f3n de la educaci\u00f3n media y\u2026","rel":"","context":"En \u00abNACIONALES\u00bb","block_context":{"text":"NACIONALES","link":"https:\/\/lasprimeras.com.do\/index.php\/category\/nacionales\/"},"img":{"alt_text":"","src":"https:\/\/i0.wp.com\/lasprimeras.com.do\/wp-content\/uploads\/2026\/08\/IMG-20260824-WA0621.jpg?resize=350%2C200&ssl=1","width":350,"height":200,"srcset":"https:\/\/i0.wp.com\/lasprimeras.com.do\/wp-content\/uploads\/2026\/08\/IMG-20260824-WA0621.jpg?resize=350%2C200&ssl=1 1x, https:\/\/i0.wp.com\/lasprimeras.com.do\/wp-content\/uploads\/2026\/08\/IMG-20260824-WA0621.jpg?resize=525%2C300&ssl=1 1.5x, https:\/\/i0.wp.com\/lasprimeras.com.do\/wp-content\/uploads\/2026\/08\/IMG-20260824-WA0621.jpg?resize=700%2C400&ssl=1 2x, https:\/\/i0.wp.com\/lasprimeras.com.do\/wp-content\/uploads\/2026\/08\/IMG-20260824-WA0621.jpg?resize=1050%2C600&ssl=1 3x, https:\/\/i0.wp.com\/lasprimeras.com.do\/wp-content\/uploads\/2026\/08\/IMG-20260824-WA0621.jpg?resize=1400%2C800&ssl=1 4x"},"classes":[]}],"jetpack_sharing_enabled":true,"jetpack_featured_media_url":"https:\/\/lasprimeras.com.do\/wp-content\/uploads\/2024\/06\/Rafael-Santos-Badia-2.jpg","_links":{"self":[{"href":"https:\/\/lasprimeras.com.do\/index.php\/wp-json\/wp\/v2\/posts\/86284","targetHints":{"allow":["GET"]}}],"collection":[{"href":"https:\/\/lasprimeras.com.do\/index.php\/wp-json\/wp\/v2\/posts"}],"about":[{"href":"https:\/\/lasprimeras.com.do\/index.php\/wp-json\/wp\/v2\/types\/post"}],"author":[{"embeddable":true,"href":"https:\/\/lasprimeras.com.do\/index.php\/wp-json\/wp\/v2\/users\/2"}],"replies":[{"embeddable":true,"href":"https:\/\/lasprimeras.com.do\/index.php\/wp-json\/wp\/v2\/comments?post=86284"}],"version-history":[{"count":1,"href":"https:\/\/lasprimeras.com.do\/index.php\/wp-json\/wp\/v2\/posts\/86284\/revisions"}],"predecessor-version":[{"id":86285,"href":"https:\/\/lasprimeras.com.do\/index.php\/wp-json\/wp\/v2\/posts\/86284\/revisions\/86285"}],"wp:featuredmedia":[{"embeddable":true,"href":"https:\/\/lasprimeras.com.do\/index.php\/wp-json\/wp\/v2\/media\/85483"}],"wp:attachment":[{"href":"https:\/\/lasprimeras.com.do\/index.php\/wp-json\/wp\/v2\/media?parent=86284"}],"wp:term":[{"taxonomy":"category","embeddable":true,"href":"https:\/\/lasprimeras.com.do\/index.php\/wp-json\/wp\/v2\/categories?post=86284"},{"taxonomy":"post_tag","embeddable":true,"href":"https:\/\/lasprimeras.com.do\/index.php\/wp-json\/wp\/v2\/tags?post=86284"}],"curies":[{"name":"wp","href":"https:\/\/api.w.org\/{rel}","templated":true}]}}