{"id":86293,"date":"2024-07-21T21:17:54","date_gmt":"2024-07-22T01:17:54","guid":{"rendered":"https:\/\/lasprimeras.com.do\/?p=86293"},"modified":"2024-07-21T21:17:55","modified_gmt":"2024-07-22T01:17:55","slug":"exhortan-crear-en-rd-nueva-norma-de-proteccion-de-datos-ante-auge-de-ia","status":"publish","type":"post","link":"https:\/\/lasprimeras.com.do\/index.php\/2024\/07\/21\/exhortan-crear-en-rd-nueva-norma-de-proteccion-de-datos-ante-auge-de-ia\/","title":{"rendered":"Exhortan crear en RD nueva norma de protecci\u00f3n de datos ante auge de IA"},"content":{"rendered":"\n<p>Con el objetivo de crear conciencia sobre el avance de la tecnolog\u00eda y su impacto en los derechos de las personas, el Tribunal Constitucional (TC) realiz\u00f3 en Santo Domingo y Santiago la conferencia \u00abLa protecci\u00f3n de datos en la inteligencia artificial\u00bb, a cargo de las catedr\u00e1ticas espa\u00f1olas M.\u00aa Mercedes Serrano y M\u00f3nica Arenas, quienes han investigado este tema durante a\u00f1os.<\/p>\n\n\n\n<p>En sus ponencias, las acad\u00e9micas exhortaron a las autoridades dominicanas a crear una nueva legislaci\u00f3n para proteger los datos de las personas, debido al r\u00e1pido avance la inteligencia artificial a nivel mundial, que impacta de manera directa derechos fundamentales de las personas, como la privacidad y la dignidad.<\/p>\n\n\n\n<p>A consideraci\u00f3n de la Dra. M.\u00aa Mercedes Serrano, profesora de la Universidad Castilla-La Mancha, m\u00e1s que una reforma a la Ley n\u00fam. 172-13, que tiene por objeto la protecci\u00f3n de los datos personales, es necesario la elaboraci\u00f3n de una nueva norma, ya que la actual est\u00e1 enfocada en los sistemas de informaci\u00f3n crediticia.<\/p>\n\n\n\n<p>\u00abCreo que no hay ning\u00fan sector de la sociedad en el que ahora mismo no haya una intervenci\u00f3n, una penetraci\u00f3n m\u00e1s o menos importante, y m\u00e1s o menos intensiva, de la inteligencia artificial, y esto es solo el principio, porque la intervenci\u00f3n de la inteligencia artificial en todos los sectores ser\u00e1 cada vez m\u00e1s invasiva\u00bb, expres\u00f3.<\/p>\n\n\n\n<p>Indic\u00f3 que el cat\u00e1logo de derechos fundamentales que est\u00e1n consagrados en las constituciones de los diferentes pa\u00edses puede verse afectado por la inteligencia artificial.<\/p>\n\n\n\n<p>En ese sentido, Serrano recomend\u00f3 que, al momento de crear una nueva legislaci\u00f3n sobre el tema, se tome en cuenta el Reglamento General de Protecci\u00f3n de Datos de la Uni\u00f3n Europea, con el que se busca proteger los datos y la privacidad de los ciudadanos, para que luego se pueda regular la propia inteligencia artificial.<\/p>\n\n\n\n<p>\u00abSin que esas dos normas vayan de la mano ser\u00eda muy dif\u00edcil, y es complicado que los sistemas de inteligencia artificial puedan no representar una amenaza cuando traten datos de car\u00e1cter personal para los ciudadanos\u00bb, dijo.<\/p>\n\n\n\n<p>Sobre el tema, la Dra. M\u00f3nica Arenas, profesora de la Universidad de Alcal\u00e1, afirm\u00f3 que hay que empoderar a los ciudadanos y dotarles de los mecanismos para que sepan lo que se hace con su informaci\u00f3n personal, lo cual se consigue con una reforma legislativa centrada en los derechos de las personas. \u00abAs\u00ed conseguiremos una inteligencia artificial \u00e9tica y fiable\u2026 Lo que dise\u00f1emos ahora es lo que va a marcar nuestro futuro\u00bb, sostuvo.<\/p>\n\n\n\n<p>La jurista advirti\u00f3 sobre lo r\u00e1pido que avanzan las tecnolog\u00edas y la normalizaci\u00f3n de que las personas est\u00e1n acostumbradas a dar sus datos en cualquier sitio.<\/p>\n\n\n\n<p>Dijo que esta revoluci\u00f3n digital que estamos viendo es innegable e imparable y que las innovaciones tecnol\u00f3gicas que se est\u00e1n produciendo en un muy corto periodo de tiempo son muchas y muy variadas.<\/p>\n\n\n\n<p>Arenas precis\u00f3 que la inteligencia artificial no solo impacta a las personas, sino tambi\u00e9n en la democracia de los pa\u00edses. \u00abCuando ya estamos hablando de que impactan en los derechos, los Estados, el poder, la humanizaci\u00f3n del poder tiene como finalidad garantizar los derechos de los ciudadanos, en realidad ya est\u00e1 afectado el Estado de por s\u00ed\u00bb, a\u00f1adi\u00f3.<\/p>\n\n\n\n<p>Protecci\u00f3n de datos es un derecho con rango constitucional<\/p>\n\n\n\n<p>Al pronunciar las palabras centrales del acto, la magistrada Mar\u00eda del Carmen Santana de Cabrera, coordinadora del evento internacional, manifest\u00f3 que, a pesar de las bondades de la inteligencia artificial, la comunidad jur\u00eddica debe tomar la precauci\u00f3n de reconocer este fen\u00f3meno para poder enfrentarlo, pues impacta directamente en la protecci\u00f3n de datos de las personas, independiente de que tengan o no acceso a los medios tecnol\u00f3gicos.<\/p>\n\n\n\n<p>La magistrada indic\u00f3 que la protecci\u00f3n de datos es un derecho con rango constitucional en el pa\u00eds y enfatiz\u00f3 que \u00abbasta con que existan datos personales para que estos puedan ser detectados, archivados y procesados por la inteligencia artificial\u00bb.<\/p>\n\n\n\n<p>\u00abDe ah\u00ed que hablamos de un riesgo de primera importancia, dado que se trata de aspectos personal\u00edsimos, como los datos biom\u00e9tricos o los gustos personales, los cuales podr\u00edan ser manejados por una fuerza impersonal, la que, por su propia naturaleza, act\u00faa de manera mec\u00e1nica y no se contiene por la moral o el derecho\u00bb, expuso la jueza constitucionalista.<\/p>\n\n\n\n<p>En ese sentido, precis\u00f3 que el TC, en su condici\u00f3n de m\u00e1ximo garante jurisdiccional de la Constituci\u00f3n, tiene el deber y la voluntad de evitar que el desconocimiento afecte este derecho, por lo que se propuso realizar esta conferencia con las destacadas catedr\u00e1ticas Serrano y Arenas, de quienes resalt\u00f3 su experiencia e investigaciones sobre el tema y agradeci\u00f3 su disposici\u00f3n.<\/p>\n\n\n\n<p>Las conferencias se realizaron el jueves y el viernes en la Pontificia Universidad Cat\u00f3lica Madre y Maestra (PUCMM), recinto Santo Domingo y Santiago, respectivamente.<\/p>\n\n\n\n<p>El rector de la casa de altos estudios, reverendo padre Secilio Espinal, quien dio la bienvenida a los asistentes en Santiago, manifest\u00f3 que esta conferencia pone de relieve un tema de actualidad que amerita profundas reflexiones, pues la inteligencia artificial impacta todos los \u00e1mbitos de la vida.<\/p>\n\n\n\n<p>De su lado, el director de la Escuela de Derecho de la PUCMM en Santo Domingo, H\u00e9ctor Al\u00edes, precis\u00f3 que el mundo de la inteligencia artificial va tan acelerado que impide realmente vislumbrar el impacto que puede tener en nuestra vida cotidiana y en nuestros derechos.<\/p>\n\n\n\n<p>El evento cont\u00f3 con la presencia de los magistrados Domingo Gil, Jos\u00e9 Alejandro Ayuso, Manuel Ulises Bonnelly Vega, Army Ferreira y Amaury A. Reyes Torres, as\u00ed como el Dr. Milton Ray Guevara, pasado presidente del TC, jueces de altas cortes, fiscales, catedr\u00e1ticos, juristas y estudiantes universitarios.<br>(Continuar\u00e1)<\/p>\n","protected":false},"excerpt":{"rendered":"<p>Con el objetivo de crear conciencia sobre el avance de la tecnolog\u00eda y su impacto en los derechos de las personas, el Tribunal Constitucional (TC) realiz\u00f3 en Santo Domingo y&hellip;<\/p>\n","protected":false},"author":2,"featured_media":86294,"comment_status":"open","ping_status":"open","sticky":false,"template":"","format":"standard","meta":{"content-type":"","jetpack_post_was_ever_published":false,"_jetpack_newsletter_access":"","_jetpack_dont_email_post_to_subs":false,"_jetpack_newsletter_tier_id":0,"_jetpack_memberships_contains_paywalled_content":false,"_jetpack_memberships_contains_paid_content":false,"footnotes":""},"categories":[25],"tags":[5048,85,556,127],"class_list":["post-86293","post","type-post","status-publish","format-standard","has-post-thumbnail","hentry","category-portada","tag-datos","tag-inteligencia-artificial","tag-proteccion","tag-rd"],"jetpack_featured_media_url":"https:\/\/lasprimeras.com.do\/wp-content\/uploads\/2024\/07\/Foto-conferencias-IA-1.jpg","jetpack-related-posts":[{"id":80731,"url":"https:\/\/lasprimeras.com.do\/index.php\/2024\/04\/11\/senado-realiza-panel-sobre-inteligencia-artificial-para-fomentar-la-innovacion-y-competitividad-tecnologica\/","url_meta":{"origin":86293,"position":0},"title":"Senado realiza panel sobre Inteligencia Artificial para fomentar la innovaci\u00f3n y competitividad tecnol\u00f3gica","author":"BIMARY DE JES\u00daS Matos","date":"11 de abril de 2024","format":false,"excerpt":"SANTO DOMINGO. - El presidente del Senado, Ricardo de los Santos, encabez\u00f3 este jueves el panel \u201cInnovaci\u00f3n Legislativa en la Era Digital: un di\u00e1logo sobre Inteligencia Artificial\u201d, en el que cinco (5) expositores y sus relatores abordaron los temas de desarrollo, importancia, aplicaci\u00f3n y protecci\u00f3n de datos en la Inteligencia\u2026","rel":"","context":"En \u00abNACIONALES\u00bb","block_context":{"text":"NACIONALES","link":"https:\/\/lasprimeras.com.do\/index.php\/category\/nacionales\/"},"img":{"alt_text":"","src":"https:\/\/i0.wp.com\/lasprimeras.com.do\/wp-content\/uploads\/2024\/04\/IMG-20240411-WA0023.jpg?resize=350%2C200&ssl=1","width":350,"height":200,"srcset":"https:\/\/i0.wp.com\/lasprimeras.com.do\/wp-content\/uploads\/2024\/04\/IMG-20240411-WA0023.jpg?resize=350%2C200&ssl=1 1x, https:\/\/i0.wp.com\/lasprimeras.com.do\/wp-content\/uploads\/2024\/04\/IMG-20240411-WA0023.jpg?resize=525%2C300&ssl=1 1.5x, https:\/\/i0.wp.com\/lasprimeras.com.do\/wp-content\/uploads\/2024\/04\/IMG-20240411-WA0023.jpg?resize=700%2C400&ssl=1 2x, https:\/\/i0.wp.com\/lasprimeras.com.do\/wp-content\/uploads\/2024\/04\/IMG-20240411-WA0023.jpg?resize=1050%2C600&ssl=1 3x, https:\/\/i0.wp.com\/lasprimeras.com.do\/wp-content\/uploads\/2024\/04\/IMG-20240411-WA0023.jpg?resize=1400%2C800&ssl=1 4x"},"classes":[]},{"id":111849,"url":"https:\/\/lasprimeras.com.do\/index.php\/2025\/10\/14\/gobierno-de-la-rd-acelerara-sus-planes-soberanos-de-inteligencia-artificial-con-el-apoyo-de-nvidia\/","url_meta":{"origin":86293,"position":1},"title":"Gobierno de la RD acelerar\u00e1 sus planes soberanos de inteligencia artificial con el apoyo de NVIDIA","author":"Nelson Feliz","date":"14 de octubre de 2025","format":false,"excerpt":"El Gobierno de la Rep\u00fablica Dominicana, a trav\u00e9s del Ministerio de la Presidencia, y NVIDIA, l\u00edder mundial en computaci\u00f3n acelerada e inteligencia artificial, firmaron hoy un Memorando de Entendimiento (MOU) para colaborar en la implementaci\u00f3n de la Estrategia Nacional de Inteligencia Artificial (ENIA) y fortalecer la visi\u00f3n del pa\u00eds de\u2026","rel":"","context":"En \u00abPORTADA\u00bb","block_context":{"text":"PORTADA","link":"https:\/\/lasprimeras.com.do\/index.php\/category\/portada\/"},"img":{"alt_text":"","src":"https:\/\/i0.wp.com\/lasprimeras.com.do\/wp-content\/uploads\/2025\/10\/NVIDIA-1.jpg?resize=350%2C200&ssl=1","width":350,"height":200,"srcset":"https:\/\/i0.wp.com\/lasprimeras.com.do\/wp-content\/uploads\/2025\/10\/NVIDIA-1.jpg?resize=350%2C200&ssl=1 1x, https:\/\/i0.wp.com\/lasprimeras.com.do\/wp-content\/uploads\/2025\/10\/NVIDIA-1.jpg?resize=525%2C300&ssl=1 1.5x, https:\/\/i0.wp.com\/lasprimeras.com.do\/wp-content\/uploads\/2025\/10\/NVIDIA-1.jpg?resize=700%2C400&ssl=1 2x"},"classes":[]},{"id":113029,"url":"https:\/\/lasprimeras.com.do\/index.php\/2025\/10\/29\/inicia-el-congreso-internacional-sobre-ia-y-la-funcion-jurisdiccional-en-santo-domingo\/","url_meta":{"origin":86293,"position":2},"title":"Inicia el Congreso Internacional sobre IA y la Funci\u00f3n Jurisdiccional en Santo Domingo","author":"Nelson Feliz","date":"29 de octubre de 2025","format":false,"excerpt":"El Instituto Global de Altos Estudios en Ciencias Sociales (IGLOBAL), en coordinaci\u00f3n con el Centro de Estudios Pol\u00edticos y Constitucionales de Madrid (CEPC), la Escuela Nacional de la Judicatura (ENJ) y otras academias, inauguraron esta ma\u00f1ana el Congreso Internacional sobre Inteligencia Artificial y la Funci\u00f3n Jurisdiccional: \u201cUn llamado a liderar\u2026","rel":"","context":"En \u00abTECNOL\u00d3GIA\u00bb","block_context":{"text":"TECNOL\u00d3GIA","link":"https:\/\/lasprimeras.com.do\/index.php\/category\/tecnologia\/"},"img":{"alt_text":"","src":"https:\/\/i0.wp.com\/lasprimeras.com.do\/wp-content\/uploads\/2025\/10\/Congreso-Internacional.jpg?resize=350%2C200&ssl=1","width":350,"height":200,"srcset":"https:\/\/i0.wp.com\/lasprimeras.com.do\/wp-content\/uploads\/2025\/10\/Congreso-Internacional.jpg?resize=350%2C200&ssl=1 1x, https:\/\/i0.wp.com\/lasprimeras.com.do\/wp-content\/uploads\/2025\/10\/Congreso-Internacional.jpg?resize=525%2C300&ssl=1 1.5x, https:\/\/i0.wp.com\/lasprimeras.com.do\/wp-content\/uploads\/2025\/10\/Congreso-Internacional.jpg?resize=700%2C400&ssl=1 2x"},"classes":[]},{"id":84105,"url":"https:\/\/lasprimeras.com.do\/index.php\/2024\/05\/30\/la-revolucion-de-la-inteligencia-artificial-en-la-comunicacion-y-las-redes-sociales\/","url_meta":{"origin":86293,"position":3},"title":"La Revoluci\u00f3n de la Inteligencia Artificial en la Comunicaci\u00f3n y las Redes Sociales","author":"Nelson Feliz","date":"30 de mayo de 2024","format":false,"excerpt":"El t\u00e9rmino de Inteligencia Artificial surgi\u00f3 por primera vez en 1956, pero fue en noviembre de 2022 cuando se crea el ChatGPT por parte de la empresa Open AI, y ha sido el a\u00f1o pasado cuando ha dominado los medios de comunicaci\u00f3n, y sigue haci\u00e9ndolo en 2024. La\u00a0inteligencia artificial\u00a0ha tra\u00eddo\u2026","rel":"","context":"En \u00abOPINI\u00d3N\u00bb","block_context":{"text":"OPINI\u00d3N","link":"https:\/\/lasprimeras.com.do\/index.php\/category\/opinion\/"},"img":{"alt_text":"","src":"https:\/\/i0.wp.com\/lasprimeras.com.do\/wp-content\/uploads\/2024\/05\/Inma-Solis-atril.jpg?resize=350%2C200&ssl=1","width":350,"height":200},"classes":[]},{"id":64368,"url":"https:\/\/lasprimeras.com.do\/index.php\/2023\/10\/19\/leonel-encabeza-en-santiago-el-inicio-de-la-xiv-cumbre-internacional-de-seguridad-y-defensa\/","url_meta":{"origin":86293,"position":4},"title":"Leonel encabeza en Santiago el inicio de la XIV cumbre internacional de seguridad y defensa","author":"Nelson Feliz","date":"19 de octubre de 2023","format":false,"excerpt":"Cumbre trata tema del \"Uso de la inteligencia artificial y el big data en la seguridad ciudadana\". Por Martin Restituyo El ex presidente Leonel Fern\u00e1ndez encabez\u00f3 anoche el inicio de la XIV cumbre internacional de seguridad y defensa 2023, la cual organiza el centro de Defensa y Gobernanza de la\u2026","rel":"","context":"En \u00abPORTADA\u00bb","block_context":{"text":"PORTADA","link":"https:\/\/lasprimeras.com.do\/index.php\/category\/portada\/"},"img":{"alt_text":"Leonel Fern\u00e1ndez","src":"https:\/\/i0.wp.com\/lasprimeras.com.do\/wp-content\/uploads\/2023\/10\/Leonel-Fernandez-1.jpg?resize=350%2C200&ssl=1","width":350,"height":200,"srcset":"https:\/\/i0.wp.com\/lasprimeras.com.do\/wp-content\/uploads\/2023\/10\/Leonel-Fernandez-1.jpg?resize=350%2C200&ssl=1 1x, https:\/\/i0.wp.com\/lasprimeras.com.do\/wp-content\/uploads\/2023\/10\/Leonel-Fernandez-1.jpg?resize=525%2C300&ssl=1 1.5x, https:\/\/i0.wp.com\/lasprimeras.com.do\/wp-content\/uploads\/2023\/10\/Leonel-Fernandez-1.jpg?resize=700%2C400&ssl=1 2x"},"classes":[]},{"id":107847,"url":"https:\/\/lasprimeras.com.do\/index.php\/2025\/08\/31\/gomez-mazara-motiva-a-estudiantes-formarse-en-inteligencia-artificial-y-ciencias-de-datos\/","url_meta":{"origin":86293,"position":5},"title":"G\u00f3mez Mazara motiva a estudiantes formarse en inteligencia artificial y ciencias de datos","author":"Nelson Feliz","date":"31 de agosto de 2025","format":false,"excerpt":"Presidente del Indotel asegura que estas \u00e1reas son clave para reducir la brecha digital y responder las demandas del mercado laboral. El presidente del Consejo Directivo del Instituto Dominicano de las Telecomunicaciones (Indotel), Guido G\u00f3mez Mazara, exhort\u00f3 a los estudiantes a formarse en carreras relacionadas con la Inteligencia Artificial (IA)\u2026","rel":"","context":"En \u00abTECNOL\u00d3GIA\u00bb","block_context":{"text":"TECNOL\u00d3GIA","link":"https:\/\/lasprimeras.com.do\/index.php\/category\/tecnologia\/"},"img":{"alt_text":"","src":"https:\/\/i0.wp.com\/lasprimeras.com.do\/wp-content\/uploads\/2025\/08\/Guido-Gomez-Mazara-3.jpg?resize=350%2C200&ssl=1","width":350,"height":200,"srcset":"https:\/\/i0.wp.com\/lasprimeras.com.do\/wp-content\/uploads\/2025\/08\/Guido-Gomez-Mazara-3.jpg?resize=350%2C200&ssl=1 1x, https:\/\/i0.wp.com\/lasprimeras.com.do\/wp-content\/uploads\/2025\/08\/Guido-Gomez-Mazara-3.jpg?resize=525%2C300&ssl=1 1.5x, https:\/\/i0.wp.com\/lasprimeras.com.do\/wp-content\/uploads\/2025\/08\/Guido-Gomez-Mazara-3.jpg?resize=700%2C400&ssl=1 2x"},"classes":[]}],"jetpack_sharing_enabled":true,"_links":{"self":[{"href":"https:\/\/lasprimeras.com.do\/index.php\/wp-json\/wp\/v2\/posts\/86293","targetHints":{"allow":["GET"]}}],"collection":[{"href":"https:\/\/lasprimeras.com.do\/index.php\/wp-json\/wp\/v2\/posts"}],"about":[{"href":"https:\/\/lasprimeras.com.do\/index.php\/wp-json\/wp\/v2\/types\/post"}],"author":[{"embeddable":true,"href":"https:\/\/lasprimeras.com.do\/index.php\/wp-json\/wp\/v2\/users\/2"}],"replies":[{"embeddable":true,"href":"https:\/\/lasprimeras.com.do\/index.php\/wp-json\/wp\/v2\/comments?post=86293"}],"version-history":[{"count":1,"href":"https:\/\/lasprimeras.com.do\/index.php\/wp-json\/wp\/v2\/posts\/86293\/revisions"}],"predecessor-version":[{"id":86295,"href":"https:\/\/lasprimeras.com.do\/index.php\/wp-json\/wp\/v2\/posts\/86293\/revisions\/86295"}],"wp:featuredmedia":[{"embeddable":true,"href":"https:\/\/lasprimeras.com.do\/index.php\/wp-json\/wp\/v2\/media\/86294"}],"wp:attachment":[{"href":"https:\/\/lasprimeras.com.do\/index.php\/wp-json\/wp\/v2\/media?parent=86293"}],"wp:term":[{"taxonomy":"category","embeddable":true,"href":"https:\/\/lasprimeras.com.do\/index.php\/wp-json\/wp\/v2\/categories?post=86293"},{"taxonomy":"post_tag","embeddable":true,"href":"https:\/\/lasprimeras.com.do\/index.php\/wp-json\/wp\/v2\/tags?post=86293"}],"curies":[{"name":"wp","href":"https:\/\/api.w.org\/{rel}","templated":true}]}}