{"id":86296,"date":"2024-07-21T21:33:43","date_gmt":"2024-07-22T01:33:43","guid":{"rendered":"https:\/\/lasprimeras.com.do\/?p=86296"},"modified":"2024-07-22T23:08:34","modified_gmt":"2024-07-23T03:08:34","slug":"abinader-inaugura-centro-tecnologico-jfpg-en-haina-y-deja-iniciado-trabajos-de-construccion-del-hospital-traumatologico-de-san-cristobal","status":"publish","type":"post","link":"https:\/\/lasprimeras.com.do\/index.php\/2024\/07\/21\/abinader-inaugura-centro-tecnologico-jfpg-en-haina-y-deja-iniciado-trabajos-de-construccion-del-hospital-traumatologico-de-san-cristobal\/","title":{"rendered":"Abinader inaugura Centro Tecnol\u00f3gico JFPG en Haina"},"content":{"rendered":"\n<p><strong>Tambi\u00e9n inaugura canal de riego Nizao-Najayo y Leprocomio Nuestra Se\u00f1ora de la Altagracia en Nigua.<\/strong><\/p>\n\n\n\n<p>El presidente Luis Abinader inaugur\u00f3 este domingo el Centro Tecnol\u00f3gico Jos\u00e9 Francisco Pe\u00f1a G\u00f3mez (JFPG) en Haina con capacidad para albergar a m\u00e1s de 400 participantes.<\/p>\n\n\n\n<p>De su lado, el director general del INFOTEP, Rafael Santos Bad\u00eda, expuso que una vez m\u00e1s la instituci\u00f3n y el Estado a\u00fanan esfuerzos para propiciar el desarrollo integral de los j\u00f3venes dominicanos, con programas de formaci\u00f3n para insertarlos en el mercado laboral.<\/p>\n\n\n\n<p>\u201cCabe destacar el apoyo recibido de la Refiner\u00eda Dominicana de Petr\u00f3leo (REFIDOMSA) y las empresas Laurelton y Ege-Haina, por lo que les rendimos especial reconocimiento y agradecimiento\u201d, resalt\u00f3 Santos Bad\u00eda.<\/p>\n\n\n\n<p>El centro Tecnol\u00f3gico Jos\u00e9 Francisco Pe\u00f1a G\u00f3mez fue instalado y equipado, luego de que el pasado mes de marzo REFIDOMSA entregar\u00e1 al INFOTEP un edificio que construy\u00f3, a trav\u00e9s de su fundaci\u00f3n, en terrenos donde funcionaron las oficinas administrativas del antiguo Central R\u00edo Haina.<\/p>\n\n\n\n<p>En el centro se instalaron 10 talleres, entre los cuales est\u00e1n refrigeraci\u00f3n, soldadura, electricidad, bienestar y salud, inform\u00e1tica y ciberseguridad, gastronom\u00eda y ebanister\u00eda para responder a las necesidades de capacitaci\u00f3n de las empresas de la zona de Haina y de la poblaci\u00f3n en general.<\/p>\n\n\n\n<p>Tambi\u00e9n, el presidente Abinader dej\u00f3 iniciados este domingo los trabajos para la construcci\u00f3n del Hospital Traumatol\u00f3gico de San Crist\u00f3bal un reclamo de d\u00e9cadas de los residentes de esta provincia sure\u00f1a y zonas aleda\u00f1as.<\/p>\n\n\n\n<p>Este centro de salud tendr\u00e1 una inversi\u00f3n de RD$2,433 millones y aportar\u00e1 m\u00e1s de 62 camas de hospitalizaci\u00f3n al sistema sanitario de la Rep\u00fablica Dominicana.<\/p>\n\n\n\n<p>Durante el acto, el mandatario expres\u00f3 que estas son las obras que van a salvar vidas, al tiempo de indicar que los 15 o 20 minutos posteriores a un accidente son fundamentales para salvar la vida del afectado.<\/p>\n\n\n\n<p>&#8220;Por eso hemos insistido desde el principio de nuestro gobierno con esta red de trauma, vamos a decir en los \u00faltimos dos a\u00f1os porque los primeros dos nuestro objetivo era la pandemia y atender los casos de Covid&#8221;, expres\u00f3 Abinader.<\/p>\n\n\n\n<p>En ese sentido, el jefe de Estado explic\u00f3 que se iniciaron los dise\u00f1os de un Hospital Regional de Tercer Nivel para San Crist\u00f3bal pero que se iniciar\u00e1 con la red de trauma por la necesidad que hay y apunt\u00f3 que el Hospital Regional Docente Universitario Juan Pablo Pina est\u00e1 saturado de casos de trauma en su emergencia y por eso &#8220;decidimos empezar y hacer un esfuerzo extraordinario para empezar esta red en este hospital&#8221;.<\/p>\n\n\n\n<p>M\u00e1s temprano, el mandatario puso en servicio el canal de riego Nizao-Najayo, sometido a un proceso de rehabilitaci\u00f3n a un costo de RD$ 230,000,000.00.<\/p>\n\n\n\n<p>La obra ejecutada por la Empresa de Generaci\u00f3n Hidroel\u00e9ctrica Dominicana (EGEHID) y el Instituto Nacional de Recursos Hidr\u00e1ulicos (INDRHI), esta se trata de la rehabilitaci\u00f3n del sistema de riego y limpieza del canal Nizao-Najayo, cuyo trabajo consisti\u00f3 en mejorar la estabilidad y funcionalidad del sistema de riego mediante el revestimiento de la infraestructura existente con mamposter\u00eda y hormig\u00f3n, la remoci\u00f3n de todo el sedimento y maleza, y la creaci\u00f3n de una berma continua.<\/p>\n\n\n\n<p>Los trabajos incluyen instalaci\u00f3n de compuertas, acometidas, armaduras met\u00e1licas para evitar taponamientos, construcci\u00f3n de puentes vehiculares y peatonales, colocaci\u00f3n de tuber\u00edas para riego de parcelas y se\u00f1alizaci\u00f3n horizontal. La obra tiene una longitud de 6.3 kil\u00f3metros y las comunidades que ser\u00e1n impactadas por sistema de riego est\u00e1n La Cabria, Boca del Arroyo, Juan Bar\u00f3n y Sabana de Palenque, en San Crist\u00f3bal.<\/p>\n\n\n\n<p>Tambi\u00e9n, el director del Instituto Nacional de Recursos Hidr\u00e1ulicos (INDRHIRD), Olmedo Caba, apunt\u00f3 que la obra se debe agradecer al mandatario por la disposici\u00f3n de la obra y por Salazar, quien dijo que el 82 por ciento de toda la producci\u00f3n agr\u00edcola nacional est\u00e1 ligada a un sistema de riego nacional.<\/p>\n\n\n\n<p>Posteriormente, el presidente Abinader dej\u00f3 inauguraado el Leprocomio Nuestra Se\u00f1ora de la Altagracia en Nigua que dirigen Las Hermanas Mercenarias de la Caridad, a quienes agradeci\u00f3 su obra y ayuda al pr\u00f3jimo.<\/p>\n\n\n\n<p>En el acto Sor Helen Tejeda, manifest\u00f3 que gracias a la gesti\u00f3n del presidente Abinader la obra esta terminada para garantizar la mejor\u00eda en los servicios de atenci\u00f3n integral de los pacientes.<\/p>\n\n\n\n<p>Luego, el jefe de Estado entreg\u00f3 un nuevo Centro de Procesamiento de Interdicci\u00f3n Migratoria que funciona en Haina, construido bajo los estandares internacionales.<\/p>\n\n\n\n<p>El nuevo edificio, tuvo una inversi\u00f3n de m\u00e1s de 88 millones y cuenta con dos salones para hombres, uno para mujeres y otro para los dominicanos que vienen repatriados de otra naci\u00f3n.<\/p>\n\n\n\n<p>El director General de Migraci\u00f3n, Venancio Alc\u00e1ntara aprovecho para destacar la modernizaci\u00f3n que tiene la instituci\u00f3n, las acciones para mejorar la calidad de los diferentes procesos y la compra de equipos y veh\u00edculos para las diferentes labores de la instituci\u00f3n. Agreg\u00f3 que en los diferentes indicadores las notas promedian 95.<\/p>\n","protected":false},"excerpt":{"rendered":"<p>Tambi\u00e9n inaugura canal de riego Nizao-Najayo y Leprocomio Nuestra Se\u00f1ora de la Altagracia en Nigua. El presidente Luis Abinader inaugur\u00f3 este domingo el Centro Tecnol\u00f3gico Jos\u00e9 Francisco Pe\u00f1a G\u00f3mez (JFPG)&hellip;<\/p>\n","protected":false},"author":2,"featured_media":86297,"comment_status":"open","ping_status":"open","sticky":false,"template":"","format":"standard","meta":{"content-type":"","jetpack_post_was_ever_published":false,"_jetpack_newsletter_access":"","_jetpack_dont_email_post_to_subs":false,"_jetpack_newsletter_tier_id":0,"_jetpack_memberships_contains_paywalled_content":false,"_jetpack_memberships_contains_paid_content":false,"footnotes":""},"categories":[39,25],"tags":[14218],"class_list":["post-86296","post","type-post","status-publish","format-standard","has-post-thumbnail","hentry","category-economia","category-portada","tag-centro-tecnologico-jfpg"],"jetpack_featured_media_url":"https:\/\/lasprimeras.com.do\/wp-content\/uploads\/2024\/07\/Luis-Abinader.jpg","jetpack-related-posts":[{"id":78508,"url":"https:\/\/lasprimeras.com.do\/index.php\/2024\/03\/17\/vicepresidenta-raquel-pena-inaugura-centro-tecnologico-de-infotep-en-ciudad-juan-bosch\/","url_meta":{"origin":86296,"position":0},"title":"Vicepresidenta Raquel Pe\u00f1a inaugura centro tecnol\u00f3gico de INFOTEP en Ciudad Juan Bosch","author":"Nelson Feliz","date":"17 de marzo de 2024","format":false,"excerpt":"La vicepresidenta de la Rep\u00fablica, Raquel Pe\u00f1a, inaugur\u00f3 el nuevo centro tecnol\u00f3gico del Instituto Nacional de Formaci\u00f3n T\u00e9cnico Profesional (INFOTEP), Ivelisse Prats-Ram\u00edrez de P\u00e9rez, ubicado en Ciudad Juan Bosch, Santo Domingo Este. Esta obra construida con fondos del Fideicomiso Ciudad Juan Bosch VBC-RD. El centro, que cuenta con 1,134 metros\u2026","rel":"","context":"En \u00abNACIONALES\u00bb","block_context":{"text":"NACIONALES","link":"https:\/\/lasprimeras.com.do\/index.php\/category\/nacionales\/"},"img":{"alt_text":"Raquel Pe\u00f1a","src":"https:\/\/i0.wp.com\/lasprimeras.com.do\/wp-content\/uploads\/2024\/03\/Raquel-Pena-2.jpg?resize=350%2C200&ssl=1","width":350,"height":200,"srcset":"https:\/\/i0.wp.com\/lasprimeras.com.do\/wp-content\/uploads\/2024\/03\/Raquel-Pena-2.jpg?resize=350%2C200&ssl=1 1x, https:\/\/i0.wp.com\/lasprimeras.com.do\/wp-content\/uploads\/2024\/03\/Raquel-Pena-2.jpg?resize=525%2C300&ssl=1 1.5x"},"classes":[]},{"id":94322,"url":"https:\/\/lasprimeras.com.do\/index.php\/2025\/02\/27\/abinader-destaca-el-papel-clave-de-infotep-en-la-reduccion-de-la-pobreza-mediante-la-formacion-dual\/","url_meta":{"origin":86296,"position":1},"title":"Abinader destaca el papel clave de INFOTEP en la reducci\u00f3n de la pobreza mediante la Formaci\u00f3n Dual","author":"Nelson Feliz","date":"27 de febrero de 2025","format":false,"excerpt":"El mandatario resalt\u00f3 el programa de Formaci\u00f3n Dual del INFOTEP como parte del plan proyectando para la reducir la pobreza general. El presidente Luis Abinader enfatiz\u00f3 la importancia de los programas de Formaci\u00f3n Dual (FD) implementados por el Instituto Nacional de Formaci\u00f3n T\u00e9cnico Profesional (INFOTEP) como parte de su estrategia\u2026","rel":"","context":"En \u00abNACIONALES\u00bb","block_context":{"text":"NACIONALES","link":"https:\/\/lasprimeras.com.do\/index.php\/category\/nacionales\/"},"img":{"alt_text":"","src":"https:\/\/i0.wp.com\/lasprimeras.com.do\/wp-content\/uploads\/2025\/02\/Luis-Abinader-12-1.jpg?resize=350%2C200&ssl=1","width":350,"height":200,"srcset":"https:\/\/i0.wp.com\/lasprimeras.com.do\/wp-content\/uploads\/2025\/02\/Luis-Abinader-12-1.jpg?resize=350%2C200&ssl=1 1x, https:\/\/i0.wp.com\/lasprimeras.com.do\/wp-content\/uploads\/2025\/02\/Luis-Abinader-12-1.jpg?resize=525%2C300&ssl=1 1.5x"},"classes":[]},{"id":102039,"url":"https:\/\/lasprimeras.com.do\/index.php\/2025\/06\/30\/director-de-infotep-afirma-capacitacion-impulsa-empleos-innovacion-y-desarrollo-desde-cada-rincon-del-pais\/","url_meta":{"origin":86296,"position":2},"title":"Director de INFOTEP afirma capacitaci\u00f3n impulsa empleos, innovaci\u00f3n y desarrollo desde cada rinc\u00f3n del pa\u00eds","author":"Nelson Feliz","date":"30 de junio de 2025","format":false,"excerpt":"\u00b7Rafael Santos Bad\u00eda, destac\u00f3 que bajo el gobierno de Luis Abinader se han formado m\u00e1s de 2.7 millones de personas, y afirm\u00f3 que \u201cel pa\u00eds entero quiere INFOTEP\u201d por su impacto en el empleo y el desarrollo local. El director general del Instituto Nacional de Formaci\u00f3n T\u00e9cnico Profesional (INFOTEP), Rafael\u2026","rel":"","context":"En \u00abNACIONALES\u00bb","block_context":{"text":"NACIONALES","link":"https:\/\/lasprimeras.com.do\/index.php\/category\/nacionales\/"},"img":{"alt_text":"Rafael Santos Bad\u00eda","src":"https:\/\/i0.wp.com\/lasprimeras.com.do\/wp-content\/uploads\/2025\/06\/infotep-3.jpg?resize=350%2C200&ssl=1","width":350,"height":200,"srcset":"https:\/\/i0.wp.com\/lasprimeras.com.do\/wp-content\/uploads\/2025\/06\/infotep-3.jpg?resize=350%2C200&ssl=1 1x, https:\/\/i0.wp.com\/lasprimeras.com.do\/wp-content\/uploads\/2025\/06\/infotep-3.jpg?resize=525%2C300&ssl=1 1.5x, https:\/\/i0.wp.com\/lasprimeras.com.do\/wp-content\/uploads\/2025\/06\/infotep-3.jpg?resize=700%2C400&ssl=1 2x"},"classes":[]},{"id":78381,"url":"https:\/\/lasprimeras.com.do\/index.php\/2024\/03\/15\/mas-de-27-mil-se-beneficiaran-con-nuevo-centro-tecnologico-del-infotep-en-santana\/","url_meta":{"origin":86296,"position":3},"title":"M\u00e1s de 27 mil se beneficiar\u00e1n con nuevo Centro Tecnol\u00f3gico del INFOTEP en Santana","author":"BIMARY DE JES\u00daS Matos","date":"15 de marzo de 2024","format":false,"excerpt":"SANTANA, NIZAO. -El Instituto Nacional de Formaci\u00f3n T\u00e9cnico Profesional (INFOTEP), inaugur\u00f3 en Santana, con la presencia de la vicepresidenta, Raquel Pe\u00f1a, la primera etapa del moderno Centro de Tecnol\u00f3gico Jos\u00e9 Alberto Mad\u00e9, que tendr\u00e1 capacidad para mil 700 participantes, el cual tambi\u00e9n estar\u00e1 especializado en transporte y log\u00edstica, en su\u2026","rel":"","context":"En \u00abPORTADA\u00bb","block_context":{"text":"PORTADA","link":"https:\/\/lasprimeras.com.do\/index.php\/category\/portada\/"},"img":{"alt_text":"","src":"https:\/\/i0.wp.com\/lasprimeras.com.do\/wp-content\/uploads\/2024\/03\/IMG-20240315-WA0013.jpg?resize=350%2C200&ssl=1","width":350,"height":200,"srcset":"https:\/\/i0.wp.com\/lasprimeras.com.do\/wp-content\/uploads\/2024\/03\/IMG-20240315-WA0013.jpg?resize=350%2C200&ssl=1 1x, https:\/\/i0.wp.com\/lasprimeras.com.do\/wp-content\/uploads\/2024\/03\/IMG-20240315-WA0013.jpg?resize=525%2C300&ssl=1 1.5x, https:\/\/i0.wp.com\/lasprimeras.com.do\/wp-content\/uploads\/2024\/03\/IMG-20240315-WA0013.jpg?resize=700%2C400&ssl=1 2x, https:\/\/i0.wp.com\/lasprimeras.com.do\/wp-content\/uploads\/2024\/03\/IMG-20240315-WA0013.jpg?resize=1050%2C600&ssl=1 3x, https:\/\/i0.wp.com\/lasprimeras.com.do\/wp-content\/uploads\/2024\/03\/IMG-20240315-WA0013.jpg?resize=1400%2C800&ssl=1 4x"},"classes":[]},{"id":54258,"url":"https:\/\/lasprimeras.com.do\/index.php\/2023\/07\/09\/vicepresidenta-inaugura-centro-tecnologico-la-moneda-en-santo-domingo-este\/","url_meta":{"origin":86296,"position":4},"title":"Vicepresidenta inaugura Centro Tecnol\u00f3gico La Moneda en Santo Domingo Este","author":"Nelson Feliz","date":"9 de julio de 2023","format":false,"excerpt":"Por Martin Restituyo La vicepresidenta de la Rep\u00fablica, Raquel Pe\u00f1a, inaugur\u00f3 el nuevo Centro Tecnol\u00f3gico La Moneda, del Instituto Nacional de Formaci\u00f3n T\u00e9cnico Profesional (INFOTEP), para dar respuesta a las demandas de capacitaci\u00f3n en Santo Domingo Este. Este nuevo centro, ubicado en el residencial La Moneda, cuenta con talleres de\u2026","rel":"","context":"En \u00abNACIONALES\u00bb","block_context":{"text":"NACIONALES","link":"https:\/\/lasprimeras.com.do\/index.php\/category\/nacionales\/"},"img":{"alt_text":"Raquel Pe\u00f1a","src":"https:\/\/i0.wp.com\/lasprimeras.com.do\/wp-content\/uploads\/2023\/07\/Raquel-Pena-4.jpg?resize=350%2C200&ssl=1","width":350,"height":200,"srcset":"https:\/\/i0.wp.com\/lasprimeras.com.do\/wp-content\/uploads\/2023\/07\/Raquel-Pena-4.jpg?resize=350%2C200&ssl=1 1x, https:\/\/i0.wp.com\/lasprimeras.com.do\/wp-content\/uploads\/2023\/07\/Raquel-Pena-4.jpg?resize=525%2C300&ssl=1 1.5x, https:\/\/i0.wp.com\/lasprimeras.com.do\/wp-content\/uploads\/2023\/07\/Raquel-Pena-4.jpg?resize=700%2C400&ssl=1 2x"},"classes":[]},{"id":53314,"url":"https:\/\/lasprimeras.com.do\/index.php\/2023\/06\/25\/abinader-destaca-empuje-de-la-formacion-profesional-del-infotep\/","url_meta":{"origin":86296,"position":5},"title":"Abinader destaca empuje de la formaci\u00f3n profesional del INFOTEP","author":"Nelson Feliz","date":"25 de junio de 2023","format":false,"excerpt":"Por Mart\u00edn Restituyo El presidente Luis Abinader inaugur\u00f3 un moderno centro del Instituto Nacional de Formaci\u00f3n T\u00e9cnico Profesional (INFOTEP), en la provincia Hermanas Mirabal, especializado en turismo y hoteler\u00eda. El Centro Tecnol\u00f3gico Hermanas Mirabal, cuenta con una oferta formativa de m\u00e1s de veinte programas de capacitaci\u00f3n, est\u00e1 ubicado en las\u2026","rel":"","context":"En \u00abNACIONALES\u00bb","block_context":{"text":"NACIONALES","link":"https:\/\/lasprimeras.com.do\/index.php\/category\/nacionales\/"},"img":{"alt_text":"Luis Abinader inaugur\u00f3 un moderno centro del Instituto Nacional de Formaci\u00f3n T\u00e9cnico Profesional","src":"https:\/\/i0.wp.com\/lasprimeras.com.do\/wp-content\/uploads\/2023\/06\/Infotep.jpg?resize=350%2C200&ssl=1","width":350,"height":200,"srcset":"https:\/\/i0.wp.com\/lasprimeras.com.do\/wp-content\/uploads\/2023\/06\/Infotep.jpg?resize=350%2C200&ssl=1 1x, https:\/\/i0.wp.com\/lasprimeras.com.do\/wp-content\/uploads\/2023\/06\/Infotep.jpg?resize=525%2C300&ssl=1 1.5x, https:\/\/i0.wp.com\/lasprimeras.com.do\/wp-content\/uploads\/2023\/06\/Infotep.jpg?resize=700%2C400&ssl=1 2x"},"classes":[]}],"jetpack_sharing_enabled":true,"_links":{"self":[{"href":"https:\/\/lasprimeras.com.do\/index.php\/wp-json\/wp\/v2\/posts\/86296","targetHints":{"allow":["GET"]}}],"collection":[{"href":"https:\/\/lasprimeras.com.do\/index.php\/wp-json\/wp\/v2\/posts"}],"about":[{"href":"https:\/\/lasprimeras.com.do\/index.php\/wp-json\/wp\/v2\/types\/post"}],"author":[{"embeddable":true,"href":"https:\/\/lasprimeras.com.do\/index.php\/wp-json\/wp\/v2\/users\/2"}],"replies":[{"embeddable":true,"href":"https:\/\/lasprimeras.com.do\/index.php\/wp-json\/wp\/v2\/comments?post=86296"}],"version-history":[{"count":2,"href":"https:\/\/lasprimeras.com.do\/index.php\/wp-json\/wp\/v2\/posts\/86296\/revisions"}],"predecessor-version":[{"id":86318,"href":"https:\/\/lasprimeras.com.do\/index.php\/wp-json\/wp\/v2\/posts\/86296\/revisions\/86318"}],"wp:featuredmedia":[{"embeddable":true,"href":"https:\/\/lasprimeras.com.do\/index.php\/wp-json\/wp\/v2\/media\/86297"}],"wp:attachment":[{"href":"https:\/\/lasprimeras.com.do\/index.php\/wp-json\/wp\/v2\/media?parent=86296"}],"wp:term":[{"taxonomy":"category","embeddable":true,"href":"https:\/\/lasprimeras.com.do\/index.php\/wp-json\/wp\/v2\/categories?post=86296"},{"taxonomy":"post_tag","embeddable":true,"href":"https:\/\/lasprimeras.com.do\/index.php\/wp-json\/wp\/v2\/tags?post=86296"}],"curies":[{"name":"wp","href":"https:\/\/api.w.org\/{rel}","templated":true}]}}