{"id":86302,"date":"2024-07-22T22:08:30","date_gmt":"2024-07-23T02:08:30","guid":{"rendered":"https:\/\/lasprimeras.com.do\/?p=86302"},"modified":"2024-07-22T22:08:31","modified_gmt":"2024-07-23T02:08:31","slug":"card-pide-se-investigue-acuerdo-entre-la-pgr-y-ramon-emilio-jimenez","status":"publish","type":"post","link":"https:\/\/lasprimeras.com.do\/index.php\/2024\/07\/22\/card-pide-se-investigue-acuerdo-entre-la-pgr-y-ramon-emilio-jimenez\/","title":{"rendered":"CARD pide se investigue acuerdo entre la PGR y Ram\u00f3n Emilio Jim\u00e9nez"},"content":{"rendered":"\n<p>El presidente del Colegio de Abogados (CARD) Trajano Vidal Pontentini pidi\u00f3 hoy que se abra una investigaci\u00f3n con relaci\u00f3n al acuerdo que hizo la Procuradur\u00eda General de la Rep\u00fablica con Ram\u00f3n Emilio Jim\u00e9nez \u2013Mimilo-.<\/p>\n\n\n\n<p>\u201cYo creo que hay que investigar y como que le habr\u00edan dado algunas facilidades. Yo creo que eso hay que investigarlo y en el caso concreto de Mimilo Jim\u00e9nez, que esto se conozca y ver cu\u00e1l es el alcance\u201d, precis\u00f3 Pontentini.<\/p>\n\n\n\n<p>Dijo que, si bien es cierto que la Procuradur\u00eda General de la Rep\u00fablica, tiene facultad para hacer acuerdos, estos deben estar rodeados de la mayor de la transparencia posible para despejar cualquier duda.<\/p>\n\n\n\n<p>\u201cOjo con esto, debe estar alrededor de esto la mayor de la transparencia. Son muchos los cuestionamientos que hay alrededor de, en el caso concreto de Mimilo Jim\u00e9nez, son muchos los cuestionamientos de lo que ha sido objeto ese proceso, incluso se han hecho planteamientos oficiosos de que personas relacionadas con el mismo pues trabajan en procuradur\u00eda\u201d.<\/p>\n\n\n\n<p>Indic\u00f3 que han sido muchos los cuestionamientos que han surgido al acuerdo que lleg\u00f3 el Ministerio P\u00fablico con Mimilo Jim\u00e9nez, al extremo de que se ha dicho que personas que trabajan con \u00e9l, tambi\u00e9n laboran en la Procuradur\u00eda General de la Rep\u00fablica.<\/p>\n","protected":false},"excerpt":{"rendered":"<p>El presidente del Colegio de Abogados (CARD) Trajano Vidal Pontentini pidi\u00f3 hoy que se abra una investigaci\u00f3n con relaci\u00f3n al acuerdo que hizo la Procuradur\u00eda General de la Rep\u00fablica con&hellip;<\/p>\n","protected":false},"author":2,"featured_media":86303,"comment_status":"open","ping_status":"open","sticky":false,"template":"","format":"standard","meta":{"content-type":"","jetpack_post_was_ever_published":false,"_jetpack_newsletter_access":"","_jetpack_dont_email_post_to_subs":false,"_jetpack_newsletter_tier_id":0,"_jetpack_memberships_contains_paywalled_content":false,"_jetpack_memberships_contains_paid_content":false,"footnotes":""},"categories":[35,25],"tags":[2597,521,1305,1444,9906,3222,14220,1906],"class_list":["post-86302","post","type-post","status-publish","format-standard","has-post-thumbnail","hentry","category-nacionales","category-portada","tag-abogado","tag-acuerdo","tag-colegio","tag-general","tag-investigue","tag-procuraduria","tag-ramon-emilio-jimenez","tag-republica"],"jetpack_featured_media_url":"https:\/\/lasprimeras.com.do\/wp-content\/uploads\/2024\/07\/Trajano-Vidal-Pontantini.jpeg","jetpack-related-posts":[{"id":55041,"url":"https:\/\/lasprimeras.com.do\/index.php\/2023\/07\/17\/colegio-de-notarios-denuncia-procuraduria-le-retiene-cerca-de-rd90-millones\/","url_meta":{"origin":86302,"position":0},"title":"Colegio de Notarios denuncia Procuradur\u00eda le retiene cerca de RD$90 millones","author":"Nelson Feliz","date":"17 de julio de 2023","format":false,"excerpt":"La presidenta del gremio anuncia iniciar\u00e1n un proceso legal. El Colegio Dominicano de Notarios denunci\u00f3 que desde el 2016 la Procuradur\u00eda General de la Rep\u00fablica le retiene irregularmente fondos por cerca de 90 millones pesos por el cobro de certificaciones a los actos notariales. La presidenta del Colegio de Notarios,\u2026","rel":"","context":"En \u00abECONOM\u00cdA\u00bb","block_context":{"text":"ECONOM\u00cdA","link":"https:\/\/lasprimeras.com.do\/index.php\/category\/economia\/"},"img":{"alt_text":"Laura S\u00e1nchez Jim\u00e9nez","src":"https:\/\/i0.wp.com\/lasprimeras.com.do\/wp-content\/uploads\/2023\/07\/Laura-Sanchez-Jimenez-presidenta-del-Colegio-de-Notarios.jpg?resize=350%2C200&ssl=1","width":350,"height":200,"srcset":"https:\/\/i0.wp.com\/lasprimeras.com.do\/wp-content\/uploads\/2023\/07\/Laura-Sanchez-Jimenez-presidenta-del-Colegio-de-Notarios.jpg?resize=350%2C200&ssl=1 1x, https:\/\/i0.wp.com\/lasprimeras.com.do\/wp-content\/uploads\/2023\/07\/Laura-Sanchez-Jimenez-presidenta-del-Colegio-de-Notarios.jpg?resize=525%2C300&ssl=1 1.5x, https:\/\/i0.wp.com\/lasprimeras.com.do\/wp-content\/uploads\/2023\/07\/Laura-Sanchez-Jimenez-presidenta-del-Colegio-de-Notarios.jpg?resize=700%2C400&ssl=1 2x"},"classes":[]},{"id":115834,"url":"https:\/\/lasprimeras.com.do\/index.php\/2025\/11\/25\/la-procuraduria-interior-y-ministerio-de-la-mujer-conmemoran-el-dia-internacional-de-la-eliminacion-de-la-violencia-contra-la-mujer\/","url_meta":{"origin":86302,"position":1},"title":"La Procuradur\u00eda, Interior y Ministerio de la Mujer conmemoran el D\u00eda Internacional de la Eliminaci\u00f3n de la Violencia contra la Mujer","author":"Nelson Feliz","date":"25 de noviembre de 2025","format":false,"excerpt":"La procuradora Yeni Berenice Reynoso y las ministras Faride Raful y Mayra Jim\u00e9nez abogan por un mayor compromiso social para proteger a las mujeres durante el evento en el que la Procuradur\u00eda lanz\u00f3 la \u201cIniciativa Vitalia\u201d y el Ministerio de Interior \u201cPunto VIDA\u201d La Procuradur\u00eda General de la Rep\u00fablica y\u2026","rel":"","context":"En \u00abNACIONALES\u00bb","block_context":{"text":"NACIONALES","link":"https:\/\/lasprimeras.com.do\/index.php\/category\/nacionales\/"},"img":{"alt_text":"","src":"https:\/\/i0.wp.com\/lasprimeras.com.do\/wp-content\/uploads\/2025\/11\/Yeni-Berenice-Reynoso-1.jpg?resize=350%2C200&ssl=1","width":350,"height":200,"srcset":"https:\/\/i0.wp.com\/lasprimeras.com.do\/wp-content\/uploads\/2025\/11\/Yeni-Berenice-Reynoso-1.jpg?resize=350%2C200&ssl=1 1x, https:\/\/i0.wp.com\/lasprimeras.com.do\/wp-content\/uploads\/2025\/11\/Yeni-Berenice-Reynoso-1.jpg?resize=525%2C300&ssl=1 1.5x, https:\/\/i0.wp.com\/lasprimeras.com.do\/wp-content\/uploads\/2025\/11\/Yeni-Berenice-Reynoso-1.jpg?resize=700%2C400&ssl=1 2x"},"classes":[]},{"id":102643,"url":"https:\/\/lasprimeras.com.do\/index.php\/2025\/07\/07\/cmd-informa-medicos-de-la-procuraduria-recibiran-un-aumento-salarial-este-mes\/","url_meta":{"origin":86302,"position":2},"title":"CMD informa m\u00e9dicos de la Procuraduria recibir\u00e1n un aumento salarial este mes","author":"Nelson Feliz","date":"7 de julio de 2025","format":false,"excerpt":"Es la primera vez que el CMD y la Procuradur\u00eda realizan este tipo de convenio. Tras el acuerdo arribado el pasado 7 de marzo de este a\u00f1o, entre la Procuraduria General de la Rep\u00fablica que dirige la Magistrada Yeny Berenice y el Colegio M\u00e9dico Dominicano, presidido por su presidente el\u2026","rel":"","context":"En \u00abPORTADA\u00bb","block_context":{"text":"PORTADA","link":"https:\/\/lasprimeras.com.do\/index.php\/category\/portada\/"},"img":{"alt_text":"","src":"https:\/\/i0.wp.com\/lasprimeras.com.do\/wp-content\/uploads\/2025\/07\/CMD.jpg?resize=350%2C200&ssl=1","width":350,"height":200,"srcset":"https:\/\/i0.wp.com\/lasprimeras.com.do\/wp-content\/uploads\/2025\/07\/CMD.jpg?resize=350%2C200&ssl=1 1x, https:\/\/i0.wp.com\/lasprimeras.com.do\/wp-content\/uploads\/2025\/07\/CMD.jpg?resize=525%2C300&ssl=1 1.5x, https:\/\/i0.wp.com\/lasprimeras.com.do\/wp-content\/uploads\/2025\/07\/CMD.jpg?resize=700%2C400&ssl=1 2x"},"classes":[]},{"id":70109,"url":"https:\/\/lasprimeras.com.do\/index.php\/2023\/12\/08\/colegio-de-abogados-denuncia-injerencia-del-gobierno-en-sus-elecciones\/","url_meta":{"origin":86302,"position":3},"title":"Colegio de Abogados denuncia injerencia del Gobierno en sus elecciones","author":"Nelson Feliz","date":"8 de diciembre de 2023","format":false,"excerpt":"Exige devoluci\u00f3n del edificio donde funcionaba la Comisi\u00f3n Nacional Electoral, mantenido bajo secuestro por agentes de la Polic\u00eda Nacional y organismos de seguridad del Estado. Por Mart\u00edn Restituyo El Colegio de Abogados de la Rep\u00fablica Dominicana (CARD) denunci\u00f3 ante la Procuradur\u00eda General de la Rep\u00fablica (PGR) la injerencia del gobierno\u2026","rel":"","context":"En \u00abNACIONALES\u00bb","block_context":{"text":"NACIONALES","link":"https:\/\/lasprimeras.com.do\/index.php\/category\/nacionales\/"},"img":{"alt_text":"Miguel Surun Hern\u00e1ndez","src":"https:\/\/i0.wp.com\/lasprimeras.com.do\/wp-content\/uploads\/2023\/12\/Miguel-Surun-Hernandez-1.jpg?resize=350%2C200&ssl=1","width":350,"height":200,"srcset":"https:\/\/i0.wp.com\/lasprimeras.com.do\/wp-content\/uploads\/2023\/12\/Miguel-Surun-Hernandez-1.jpg?resize=350%2C200&ssl=1 1x, https:\/\/i0.wp.com\/lasprimeras.com.do\/wp-content\/uploads\/2023\/12\/Miguel-Surun-Hernandez-1.jpg?resize=525%2C300&ssl=1 1.5x, https:\/\/i0.wp.com\/lasprimeras.com.do\/wp-content\/uploads\/2023\/12\/Miguel-Surun-Hernandez-1.jpg?resize=700%2C400&ssl=1 2x"},"classes":[]},{"id":104999,"url":"https:\/\/lasprimeras.com.do\/index.php\/2025\/07\/29\/fedomu-y-colegio-de-abogados-capacitaran-juristas-de-los-ayuntamientos\/","url_meta":{"origin":86302,"position":4},"title":"Fedomu y Colegio de Abogados capacitar\u00e1n juristas de los ayuntamientos","author":"Nelson Feliz","date":"29 de julio de 2025","format":false,"excerpt":"Ambas entidades firman acuerdo de colaboraci\u00f3n. La Federaci\u00f3n Dominicana de Municipios (Fedomu) y el Colegio de Abogados de la Rep\u00fablica Dominicana (CARD) desarrollar\u00e1n talleres de capacitaci\u00f3n t\u00e9cnica jur\u00eddica en las 10 regionales de municipios para los abogados de los ayuntamientos que sean previamente seleccionados por los alcaldes. Durante la firma\u2026","rel":"","context":"En \u00abNACIONALES\u00bb","block_context":{"text":"NACIONALES","link":"https:\/\/lasprimeras.com.do\/index.php\/category\/nacionales\/"},"img":{"alt_text":"","src":"https:\/\/i0.wp.com\/lasprimeras.com.do\/wp-content\/uploads\/2025\/07\/fedomu-1.jpg?resize=350%2C200&ssl=1","width":350,"height":200,"srcset":"https:\/\/i0.wp.com\/lasprimeras.com.do\/wp-content\/uploads\/2025\/07\/fedomu-1.jpg?resize=350%2C200&ssl=1 1x, https:\/\/i0.wp.com\/lasprimeras.com.do\/wp-content\/uploads\/2025\/07\/fedomu-1.jpg?resize=525%2C300&ssl=1 1.5x, https:\/\/i0.wp.com\/lasprimeras.com.do\/wp-content\/uploads\/2025\/07\/fedomu-1.jpg?resize=700%2C400&ssl=1 2x"},"classes":[]},{"id":114627,"url":"https:\/\/lasprimeras.com.do\/index.php\/2025\/09\/04\/procuraduria-general-instalara-fiscalia-comunitaria-de-haina-en-local-cedido-por-el-sns\/","url_meta":{"origin":86302,"position":5},"title":"Procuradur\u00eda General instalar\u00e1 Fiscal\u00eda Comunitaria de Haina en local cedido por el SNS","author":"Nelson Feliz","date":"4 de septiembre de 2025","format":false,"excerpt":"Ambas entidades firman un acuerdo que permitir\u00e1 usar el inmueble que estar\u00e1 disponible para el servicio a la ciudadan\u00eda La Procuradur\u00eda General de la Rep\u00fablica habilitar\u00e1 un local cedido en pr\u00e9stamo por el Servicio Nacional de Salud (SNS) para instalar en Bajos de Haina, San Crist\u00f3bal, una de las 24\u2026","rel":"","context":"En \u00abJUSTICIA\u00bb","block_context":{"text":"JUSTICIA","link":"https:\/\/lasprimeras.com.do\/index.php\/category\/justicia\/"},"img":{"alt_text":"","src":"https:\/\/i0.wp.com\/lasprimeras.com.do\/wp-content\/uploads\/2025\/11\/Fiscalia-Comunitaria-de-Haina.jpg?resize=350%2C200&ssl=1","width":350,"height":200,"srcset":"https:\/\/i0.wp.com\/lasprimeras.com.do\/wp-content\/uploads\/2025\/11\/Fiscalia-Comunitaria-de-Haina.jpg?resize=350%2C200&ssl=1 1x, https:\/\/i0.wp.com\/lasprimeras.com.do\/wp-content\/uploads\/2025\/11\/Fiscalia-Comunitaria-de-Haina.jpg?resize=525%2C300&ssl=1 1.5x, https:\/\/i0.wp.com\/lasprimeras.com.do\/wp-content\/uploads\/2025\/11\/Fiscalia-Comunitaria-de-Haina.jpg?resize=700%2C400&ssl=1 2x"},"classes":[]}],"jetpack_sharing_enabled":true,"_links":{"self":[{"href":"https:\/\/lasprimeras.com.do\/index.php\/wp-json\/wp\/v2\/posts\/86302","targetHints":{"allow":["GET"]}}],"collection":[{"href":"https:\/\/lasprimeras.com.do\/index.php\/wp-json\/wp\/v2\/posts"}],"about":[{"href":"https:\/\/lasprimeras.com.do\/index.php\/wp-json\/wp\/v2\/types\/post"}],"author":[{"embeddable":true,"href":"https:\/\/lasprimeras.com.do\/index.php\/wp-json\/wp\/v2\/users\/2"}],"replies":[{"embeddable":true,"href":"https:\/\/lasprimeras.com.do\/index.php\/wp-json\/wp\/v2\/comments?post=86302"}],"version-history":[{"count":1,"href":"https:\/\/lasprimeras.com.do\/index.php\/wp-json\/wp\/v2\/posts\/86302\/revisions"}],"predecessor-version":[{"id":86304,"href":"https:\/\/lasprimeras.com.do\/index.php\/wp-json\/wp\/v2\/posts\/86302\/revisions\/86304"}],"wp:featuredmedia":[{"embeddable":true,"href":"https:\/\/lasprimeras.com.do\/index.php\/wp-json\/wp\/v2\/media\/86303"}],"wp:attachment":[{"href":"https:\/\/lasprimeras.com.do\/index.php\/wp-json\/wp\/v2\/media?parent=86302"}],"wp:term":[{"taxonomy":"category","embeddable":true,"href":"https:\/\/lasprimeras.com.do\/index.php\/wp-json\/wp\/v2\/categories?post=86302"},{"taxonomy":"post_tag","embeddable":true,"href":"https:\/\/lasprimeras.com.do\/index.php\/wp-json\/wp\/v2\/tags?post=86302"}],"curies":[{"name":"wp","href":"https:\/\/api.w.org\/{rel}","templated":true}]}}