{"id":86308,"date":"2024-07-22T22:45:49","date_gmt":"2024-07-23T02:45:49","guid":{"rendered":"https:\/\/lasprimeras.com.do\/?p=86308"},"modified":"2024-07-22T22:45:51","modified_gmt":"2024-07-23T02:45:51","slug":"encuentran-tres-personas-muertas-y-una-herida-en-bonao","status":"publish","type":"post","link":"https:\/\/lasprimeras.com.do\/index.php\/2024\/07\/22\/encuentran-tres-personas-muertas-y-una-herida-en-bonao\/","title":{"rendered":"Encuentran tres personas muertas y una herida en Bonao"},"content":{"rendered":"\n<p>Tres personas fallecidas y una gravemente herida por un rayo la tarde de este lunes fueron reportados en Estancia Yuboa en Bonao.<\/p>\n\n\n\n<p>Los fallecidos fueron encontrados por un padre y su hija que pasaban por el lugar y se percataron que el ganado estaba fuera del corral en una finca de dicha localidad.<\/p>\n\n\n\n<p>Cuando estos se aproximaron a investigar el por qu\u00e9, se encontraron con los cad\u00e1veres, y el que est\u00e1 mal herido haciendo movimientos.<\/p>\n\n\n\n<p>Dicho herido, identificado como Manuel Rosa Jim\u00e9nez, de 17 a\u00f1os, fue trasladado por la Defensa Civil, a los cuales le report\u00f3 la periodista Deivydania Rodr\u00edguez.<\/p>\n\n\n\n<p>Los diferentes cuerpos de rescate y castrense se encuentran en el lugar.<\/p>\n\n\n\n<figure class=\"wp-block-image size-large is-resized\"><img decoding=\"async\" width=\"768\" height=\"1024\" src=\"https:\/\/lasprimeras.com.do\/wp-content\/uploads\/2024\/07\/WhatsApp-Image-2024-07-22-at-10.01.34-PM-768x1024.jpeg\" alt=\"\" class=\"wp-image-86309\" style=\"width:770px;height:auto\" srcset=\"https:\/\/lasprimeras.com.do\/wp-content\/uploads\/2024\/07\/WhatsApp-Image-2024-07-22-at-10.01.34-PM-768x1024.jpeg 768w, https:\/\/lasprimeras.com.do\/wp-content\/uploads\/2024\/07\/WhatsApp-Image-2024-07-22-at-10.01.34-PM-225x300.jpeg 225w, https:\/\/lasprimeras.com.do\/wp-content\/uploads\/2024\/07\/WhatsApp-Image-2024-07-22-at-10.01.34-PM.jpeg 960w\" sizes=\"(max-width: 768px) 100vw, 768px\" \/><\/figure>\n\n\n\n<figure class=\"wp-block-image size-large\"><img decoding=\"async\" width=\"768\" height=\"1024\" src=\"https:\/\/lasprimeras.com.do\/wp-content\/uploads\/2024\/07\/WhatsApp-Image-2024-07-22-at-10.01.33-PM-2-768x1024.jpeg\" alt=\"\" class=\"wp-image-86310\" srcset=\"https:\/\/lasprimeras.com.do\/wp-content\/uploads\/2024\/07\/WhatsApp-Image-2024-07-22-at-10.01.33-PM-2-768x1024.jpeg 768w, https:\/\/lasprimeras.com.do\/wp-content\/uploads\/2024\/07\/WhatsApp-Image-2024-07-22-at-10.01.33-PM-2-225x300.jpeg 225w, https:\/\/lasprimeras.com.do\/wp-content\/uploads\/2024\/07\/WhatsApp-Image-2024-07-22-at-10.01.33-PM-2.jpeg 960w\" sizes=\"(max-width: 768px) 100vw, 768px\" \/><\/figure>\n\n\n\n<figure class=\"wp-block-image size-large\"><img decoding=\"async\" width=\"768\" height=\"1024\" src=\"https:\/\/lasprimeras.com.do\/wp-content\/uploads\/2024\/07\/WhatsApp-Image-2024-07-22-at-10.01.33-PM-1-768x1024.jpeg\" alt=\"\" class=\"wp-image-86311\" srcset=\"https:\/\/lasprimeras.com.do\/wp-content\/uploads\/2024\/07\/WhatsApp-Image-2024-07-22-at-10.01.33-PM-1-768x1024.jpeg 768w, https:\/\/lasprimeras.com.do\/wp-content\/uploads\/2024\/07\/WhatsApp-Image-2024-07-22-at-10.01.33-PM-1-225x300.jpeg 225w, https:\/\/lasprimeras.com.do\/wp-content\/uploads\/2024\/07\/WhatsApp-Image-2024-07-22-at-10.01.33-PM-1.jpeg 960w\" sizes=\"(max-width: 768px) 100vw, 768px\" \/><\/figure>\n\n\n\n<figure class=\"wp-block-image size-large\"><img decoding=\"async\" width=\"768\" height=\"1024\" src=\"https:\/\/lasprimeras.com.do\/wp-content\/uploads\/2024\/07\/WhatsApp-Image-2024-07-22-at-10.01.33-PM-768x1024.jpeg\" alt=\"\" class=\"wp-image-86312\" srcset=\"https:\/\/lasprimeras.com.do\/wp-content\/uploads\/2024\/07\/WhatsApp-Image-2024-07-22-at-10.01.33-PM-768x1024.jpeg 768w, https:\/\/lasprimeras.com.do\/wp-content\/uploads\/2024\/07\/WhatsApp-Image-2024-07-22-at-10.01.33-PM-225x300.jpeg 225w, https:\/\/lasprimeras.com.do\/wp-content\/uploads\/2024\/07\/WhatsApp-Image-2024-07-22-at-10.01.33-PM.jpeg 960w\" sizes=\"(max-width: 768px) 100vw, 768px\" \/><\/figure>\n","protected":false},"excerpt":{"rendered":"<p>Tres personas fallecidas y una gravemente herida por un rayo la tarde de este lunes fueron reportados en Estancia Yuboa en Bonao. Los fallecidos fueron encontrados por un padre y&hellip;<\/p>\n","protected":false},"author":2,"featured_media":86313,"comment_status":"open","ping_status":"open","sticky":false,"template":"","format":"standard","meta":{"content-type":"","jetpack_post_was_ever_published":false,"_jetpack_newsletter_access":"","_jetpack_dont_email_post_to_subs":false,"_jetpack_newsletter_tier_id":0,"_jetpack_memberships_contains_paywalled_content":false,"_jetpack_memberships_contains_paid_content":false,"footnotes":""},"categories":[35,25],"tags":[899,203,14225,14226],"class_list":["post-86308","post","type-post","status-publish","format-standard","has-post-thumbnail","hentry","category-nacionales","category-portada","tag-bonao","tag-encuentran","tag-tres-personas-muertas","tag-una-herida"],"jetpack_featured_media_url":"https:\/\/lasprimeras.com.do\/wp-content\/uploads\/2024\/07\/rayo.jpg","jetpack-related-posts":[{"id":124187,"url":"https:\/\/lasprimeras.com.do\/index.php\/2026\/03\/09\/cuatro-miembros-de-una-familia-mueren-en-un-accidente-de-transito-en-bonao\/","url_meta":{"origin":86308,"position":0},"title":"Cuatro miembros de una familia mueren en un accidente de tr\u00e1nsito en Bonao","author":"Nelson Feliz","date":"9 de marzo de 2026","format":false,"excerpt":"Cuatro miembros de una misma familia fallecieron la noche del domingo tras un accidente de tr\u00e1nsito ocurrido en la autopista Duarte, pr\u00f3ximo a la entrada de Falcombridge Dominicana, en el municipio de Bonao. Las v\u00edctimas fueron identificadas como Patricia Mercedes Valdez, de 55 a\u00f1os; Fanni Mercedes Dipl\u00e1n, de 33; Leivi\u2026","rel":"","context":"En \u00abNACIONALES\u00bb","block_context":{"text":"NACIONALES","link":"https:\/\/lasprimeras.com.do\/index.php\/category\/nacionales\/"},"img":{"alt_text":"","src":"https:\/\/i0.wp.com\/lasprimeras.com.do\/wp-content\/uploads\/2026\/03\/Familia-fallece-en-accidente.webp?resize=350%2C200&ssl=1","width":350,"height":200,"srcset":"https:\/\/i0.wp.com\/lasprimeras.com.do\/wp-content\/uploads\/2026\/03\/Familia-fallece-en-accidente.webp?resize=350%2C200&ssl=1 1x, https:\/\/i0.wp.com\/lasprimeras.com.do\/wp-content\/uploads\/2026\/03\/Familia-fallece-en-accidente.webp?resize=525%2C300&ssl=1 1.5x, https:\/\/i0.wp.com\/lasprimeras.com.do\/wp-content\/uploads\/2026\/03\/Familia-fallece-en-accidente.webp?resize=700%2C400&ssl=1 2x, https:\/\/i0.wp.com\/lasprimeras.com.do\/wp-content\/uploads\/2026\/03\/Familia-fallece-en-accidente.webp?resize=1050%2C600&ssl=1 3x"},"classes":[]},{"id":90337,"url":"https:\/\/lasprimeras.com.do\/index.php\/2024\/10\/19\/tres-muertos-y-ocho-heridos-en-un-tiroteo-tras-un-partido-de-futbol-escolar-en-misisipi\/","url_meta":{"origin":86308,"position":1},"title":"Tres muertos y ocho heridos en un tiroteo tras un partido de f\u00fatbol escolar en Misisipi","author":"Nelson Feliz","date":"19 de octubre de 2024","format":false,"excerpt":"Dos de los fallecidos ten\u00edan 19 a\u00f1os y el tercero ten\u00eda 25, seg\u00fan las autoridades. Nueva York, EFE.-.Tres personas murieron y otras ocho resultaron heridas este s\u00e1bado en un tiroteo en Misisipi, Estados Unidos, mientras celebraban la victoria de una escuela en un partido de f\u00fatbol americano. Los hechos ocurrieron\u2026","rel":"","context":"En \u00abSin categor\u00eda\u00bb","block_context":{"text":"Sin categor\u00eda","link":"https:\/\/lasprimeras.com.do\/index.php\/category\/sin-categoria\/"},"img":{"alt_text":"","src":"https:\/\/i0.wp.com\/lasprimeras.com.do\/wp-content\/uploads\/2024\/10\/crime.jpeg?resize=350%2C200&ssl=1","width":350,"height":200,"srcset":"https:\/\/i0.wp.com\/lasprimeras.com.do\/wp-content\/uploads\/2024\/10\/crime.jpeg?resize=350%2C200&ssl=1 1x, https:\/\/i0.wp.com\/lasprimeras.com.do\/wp-content\/uploads\/2024\/10\/crime.jpeg?resize=525%2C300&ssl=1 1.5x, https:\/\/i0.wp.com\/lasprimeras.com.do\/wp-content\/uploads\/2024\/10\/crime.jpeg?resize=700%2C400&ssl=1 2x"},"classes":[]},{"id":67001,"url":"https:\/\/lasprimeras.com.do\/index.php\/2023\/11\/12\/un-hombre-muerto-y-otro-herido-en-accidente-ocurrido-en-bonao\/","url_meta":{"origin":86308,"position":2},"title":"Un hombre muerto y otro herido en accidente ocurrido en Bonao","author":"Nelson Feliz","date":"12 de noviembre de 2023","format":false,"excerpt":"Un hombre perdi\u00f3 la vida, mientras que otro result\u00f3 gravemente herido, tras un aparatoso accidente ocurrido en la comunidad Los Pinos, tramo carretero Maim\u00f3n-Piedra Blanca, en la provincia Monse\u00f1or Nouel. Seg\u00fan los informes preliminares, el accidente se origin\u00f3 cuado un \u00e1rbol se cay\u00f3, impactando el veh\u00edculo. Hasta el momento las\u2026","rel":"","context":"En \u00abNACIONALES\u00bb","block_context":{"text":"NACIONALES","link":"https:\/\/lasprimeras.com.do\/index.php\/category\/nacionales\/"},"img":{"alt_text":"Accidente","src":"https:\/\/i0.wp.com\/lasprimeras.com.do\/wp-content\/uploads\/2023\/11\/Accidente-1.jpg?resize=350%2C200&ssl=1","width":350,"height":200,"srcset":"https:\/\/i0.wp.com\/lasprimeras.com.do\/wp-content\/uploads\/2023\/11\/Accidente-1.jpg?resize=350%2C200&ssl=1 1x, https:\/\/i0.wp.com\/lasprimeras.com.do\/wp-content\/uploads\/2023\/11\/Accidente-1.jpg?resize=525%2C300&ssl=1 1.5x"},"classes":[]},{"id":85660,"url":"https:\/\/lasprimeras.com.do\/index.php\/2024\/07\/06\/tres-mujeres-detenidas-y-un-hombre-muerto-en-enfrentamiento-con-la-pn-en-neyba\/","url_meta":{"origin":86308,"position":3},"title":"Tres mujeres detenidas y un hombre muerto en enfrentamiento con la PN en Neyba","author":"Nelson Feliz","date":"6 de julio de 2024","format":false,"excerpt":"Tres mujeres resultaron detenidas y un hombre falleci\u00f3 a causa de heridas por proyectiles de arma de fuego en un enfrentamiento con la Polic\u00eda Nacional en Neyba. Los individuos eran buscados por el secuestro de dos hombres ocurrido el 20 de junio de 2024 en Bonao, cuyas v\u00edctimas residen en\u2026","rel":"","context":"En \u00abMILITARES\u00bb","block_context":{"text":"MILITARES","link":"https:\/\/lasprimeras.com.do\/index.php\/category\/militares\/"},"img":{"alt_text":"","src":"https:\/\/i0.wp.com\/lasprimeras.com.do\/wp-content\/uploads\/2024\/07\/muertos-y-presas.jpg?resize=350%2C200&ssl=1","width":350,"height":200},"classes":[]},{"id":110229,"url":"https:\/\/lasprimeras.com.do\/index.php\/2025\/09\/26\/hallan-cadaver-de-un-hombre-donde-se-unen-los-rios-yuna-y-masipedro-en-bonao\/","url_meta":{"origin":86308,"position":4},"title":"Hallan cad\u00e1ver de un hombre donde se unen los r\u00edos Yuna y Masipedro en Bonao","author":"Nelson Feliz","date":"26 de septiembre de 2025","format":false,"excerpt":"El m\u00e9dico legista que hizo el levantamiento certific\u00f3 que muri\u00f3 ahogado. Un hombre de 54 a\u00f1os fue encontrado muerto la tarde de este viernes donde se unen los r\u00edos Yuna y Masipedro en Bonao, provincia Monse\u00f1or Nouel. De acuerdo con los datos preliminares ofrecidos por la Defensa Civil, el cuerpo,\u2026","rel":"","context":"En \u00abNACIONALES\u00bb","block_context":{"text":"NACIONALES","link":"https:\/\/lasprimeras.com.do\/index.php\/category\/nacionales\/"},"img":{"alt_text":"","src":"https:\/\/i0.wp.com\/lasprimeras.com.do\/wp-content\/uploads\/2025\/09\/Los-rios-Yuna-y-Masipedro.jpg?resize=350%2C200&ssl=1","width":350,"height":200,"srcset":"https:\/\/i0.wp.com\/lasprimeras.com.do\/wp-content\/uploads\/2025\/09\/Los-rios-Yuna-y-Masipedro.jpg?resize=350%2C200&ssl=1 1x, https:\/\/i0.wp.com\/lasprimeras.com.do\/wp-content\/uploads\/2025\/09\/Los-rios-Yuna-y-Masipedro.jpg?resize=525%2C300&ssl=1 1.5x, https:\/\/i0.wp.com\/lasprimeras.com.do\/wp-content\/uploads\/2025\/09\/Los-rios-Yuna-y-Masipedro.jpg?resize=700%2C400&ssl=1 2x"},"classes":[]},{"id":66605,"url":"https:\/\/lasprimeras.com.do\/index.php\/2023\/11\/08\/bonao-tres-se-ahogan-y-2-estan-desaparecidas-por-crecida-de-rio\/","url_meta":{"origin":86308,"position":5},"title":"BONAO: Tres se ahogan y 2 est\u00e1n desaparecidas por crecida de r\u00edo","author":"Nelson Feliz","date":"8 de noviembre de 2023","format":false,"excerpt":"La crecida del r\u00edo Fula provoc\u00f3 la muerte por ahogamiento de tres personas y la desaparici\u00f3n de otras dos. Los nombres de los fallecidos no han sido revelados, pero trascendi\u00f3 quie entre ellos hay una adolescente de 13 a\u00f1os. Los desaparecidos son una adulta y una ni\u00f1a de siete a\u00f1os.\u2026","rel":"","context":"En \u00abNACIONALES\u00bb","block_context":{"text":"NACIONALES","link":"https:\/\/lasprimeras.com.do\/index.php\/category\/nacionales\/"},"img":{"alt_text":"fula-fula-fula-fula","src":"https:\/\/i0.wp.com\/lasprimeras.com.do\/wp-content\/uploads\/2023\/11\/fula-fula-fula-fula.jpg?resize=350%2C200&ssl=1","width":350,"height":200},"classes":[]}],"jetpack_sharing_enabled":true,"_links":{"self":[{"href":"https:\/\/lasprimeras.com.do\/index.php\/wp-json\/wp\/v2\/posts\/86308","targetHints":{"allow":["GET"]}}],"collection":[{"href":"https:\/\/lasprimeras.com.do\/index.php\/wp-json\/wp\/v2\/posts"}],"about":[{"href":"https:\/\/lasprimeras.com.do\/index.php\/wp-json\/wp\/v2\/types\/post"}],"author":[{"embeddable":true,"href":"https:\/\/lasprimeras.com.do\/index.php\/wp-json\/wp\/v2\/users\/2"}],"replies":[{"embeddable":true,"href":"https:\/\/lasprimeras.com.do\/index.php\/wp-json\/wp\/v2\/comments?post=86308"}],"version-history":[{"count":1,"href":"https:\/\/lasprimeras.com.do\/index.php\/wp-json\/wp\/v2\/posts\/86308\/revisions"}],"predecessor-version":[{"id":86314,"href":"https:\/\/lasprimeras.com.do\/index.php\/wp-json\/wp\/v2\/posts\/86308\/revisions\/86314"}],"wp:featuredmedia":[{"embeddable":true,"href":"https:\/\/lasprimeras.com.do\/index.php\/wp-json\/wp\/v2\/media\/86313"}],"wp:attachment":[{"href":"https:\/\/lasprimeras.com.do\/index.php\/wp-json\/wp\/v2\/media?parent=86308"}],"wp:term":[{"taxonomy":"category","embeddable":true,"href":"https:\/\/lasprimeras.com.do\/index.php\/wp-json\/wp\/v2\/categories?post=86308"},{"taxonomy":"post_tag","embeddable":true,"href":"https:\/\/lasprimeras.com.do\/index.php\/wp-json\/wp\/v2\/tags?post=86308"}],"curies":[{"name":"wp","href":"https:\/\/api.w.org\/{rel}","templated":true}]}}