{"id":86322,"date":"2024-07-22T23:22:32","date_gmt":"2024-07-23T03:22:32","guid":{"rendered":"https:\/\/lasprimeras.com.do\/?p=86322"},"modified":"2024-07-22T23:22:34","modified_gmt":"2024-07-23T03:22:34","slug":"vicepresidenta-juramenta-nuevos-ministros-de-administracion-publica-y-de-la-juventud","status":"publish","type":"post","link":"https:\/\/lasprimeras.com.do\/index.php\/2024\/07\/22\/vicepresidenta-juramenta-nuevos-ministros-de-administracion-publica-y-de-la-juventud\/","title":{"rendered":"Vicepresidenta juramenta nuevos ministros de Administraci\u00f3n P\u00fablica y de la Juventud"},"content":{"rendered":"\n<p>La vicepresidenta de la Rep\u00fablica, Raquel Pe\u00f1a, jurament\u00f3 este lunes a Sigmund Freund Mena, como el nuevo ministro de Administraci\u00f3n P\u00fablica y a Carlos Jos\u00e9 Valdez Matos al frente del Ministerio de la Juventud.<\/p>\n\n\n\n<p>La vicemandataria manifest\u00f3 su confianza en que los nuevos ministros dejar\u00e1n sus huellas en sus respectivas instituciones y podr\u00e1n desarrollar gestiones que permitan seguir alcanzando los objetivos que el pa\u00eds necesita.<\/p>\n\n\n\n<p>De igual modo, Pe\u00f1a extern\u00f3 sus felicitaciones a los reci\u00e9n designados incumbentes y les reiter\u00f3 el apoyo del presidente Luis Abinader y el suyo propio.<\/p>\n\n\n\n<p>Tras la juramentaci\u00f3n Sigmund Freund indic\u00f3 que asume el cargo con emoci\u00f3n y compromiso para cumplir con la nueva responsabilidad que le ha delegado el jefe de Estado.<\/p>\n\n\n\n<p>\u201cLa administraci\u00f3n p\u00fablica a\u00fan tiene todav\u00eda muchas tareas a abordar; importantes: renovar, modernizar, transformar, mejorar los servicios p\u00fablicos, mejorar la profesionalizaci\u00f3n de los servidores p\u00fablicos, hacer una tarea transversal de lo que es modernizaci\u00f3n y reforma del Estado, y vamos con todos esos objetivos\u201d, subray\u00f3 Freund.<\/p>\n\n\n\n<p>En tanto, Carlos Jos\u00e9 Valdez Matos dijo estar entusiasmado y comprometido con el presidente Luis Abinader, la vicepresidenta Raquel Pe\u00f1a y todos los j\u00f3venes dominicanos que est\u00e1n en b\u00fasqueda de una oportunidad.<\/p>\n\n\n\n<p>&#8220;Sentir\u00e1n no un nuevo Ministerio de la Juventud, porque ya hay un enorme trabajo ya realizado, pero si un ministerio m\u00e1s cercano a mis or\u00edgenes, a los or\u00edgenes de los j\u00f3venes dominicanos que son los barrios, y como yo soy fruto de una oportunidad el Ministerio de la Juventud se va a convertir en un ente de oportunidades para muchos j\u00f3venes\u201d, puntualiz\u00f3.<\/p>\n\n\n\n<p>Las designaciones de Freund y Valdez est\u00e1n contempladas en el Decreto 390-24, promulgado el pasado 17 de julio, en el que tambi\u00e9n se precisaba el nombramiento de un tercer ministro; Porfirio Andr\u00e9s Bautista Garc\u00eda como Administrativo de la Presidencia.<\/p>\n\n\n\n<p>La referida orden del Poder Ejecutivo derog\u00f3, adem\u00e1s, el art\u00edculo 10 del Decreto 324-20, del 16 de agosto de 2020, y el art\u00edculo 5 del Decreto n\u00fam. 329-20, del 16 de agosto de 2020.<\/p>\n\n\n\n<p>De igual modo, anul\u00f3 el art\u00edculo 2 del Decreto n\u00fam. 429-20, del 31 de agosto de 2020, y el Decreto n\u00fam. 804-21, del 15 de diciembre de 2021.<\/p>\n\n\n\n<p>Sigmund Freund y Carlos Valdez sustituir\u00e1n a los anteriores ministros Tom\u00e1s Dar\u00edo Castillo Lugo y Rafael Jes\u00fas Feliz Garc\u00eda, Respectivamente.<\/p>\n","protected":false},"excerpt":{"rendered":"<p>La vicepresidenta de la Rep\u00fablica, Raquel Pe\u00f1a, jurament\u00f3 este lunes a Sigmund Freund Mena, como el nuevo ministro de Administraci\u00f3n P\u00fablica y a Carlos Jos\u00e9 Valdez Matos al frente del&hellip;<\/p>\n","protected":false},"author":2,"featured_media":86323,"comment_status":"open","ping_status":"open","sticky":false,"template":"","format":"standard","meta":{"content-type":"","jetpack_post_was_ever_published":false,"_jetpack_newsletter_access":"","_jetpack_dont_email_post_to_subs":false,"_jetpack_newsletter_tier_id":0,"_jetpack_memberships_contains_paywalled_content":false,"_jetpack_memberships_contains_paid_content":false,"footnotes":""},"categories":[35],"tags":[14227,268,2479,1847,2874],"class_list":["post-86322","post","type-post","status-publish","format-standard","has-post-thumbnail","hentry","category-nacionales","tag-administracion-publica","tag-juramenta","tag-juventud","tag-ministros","tag-vicepresidenta"],"jetpack_featured_media_url":"https:\/\/lasprimeras.com.do\/wp-content\/uploads\/2024\/07\/Simound.jpg","jetpack-related-posts":[{"id":87072,"url":"https:\/\/lasprimeras.com.do\/index.php\/2024\/08\/07\/ministro-del-map-anuncia-nueva-metodologia-de-la-evaluacion-de-desempeno-de-la-administracion-publica\/","url_meta":{"origin":86322,"position":0},"title":"Ministro del MAP anuncia nueva metodolog\u00eda de la evaluaci\u00f3n de desempe\u00f1o de la administraci\u00f3n p\u00fablica","author":"Nelson Feliz","date":"7 de agosto de 2024","format":false,"excerpt":"Por Martin Restituyo El ministro de Administraci\u00f3n P\u00fablica, Sigmund Freund, indic\u00f3 que promover\u00e1 mayor transparencia y eficiencia en la administraci\u00f3n p\u00fablica, donde se implementar\u00e1 una nueva metodolog\u00eda de Evaluaci\u00f3n del Desempe\u00f1o Institucional (EDI). Adem\u00e1s reforzar\u00e1 el compromiso de que las instituciones realicen su planificaci\u00f3n orientada a resultados y mejores pr\u00e1cticas\u2026","rel":"","context":"En \u00abECONOM\u00cdA\u00bb","block_context":{"text":"ECONOM\u00cdA","link":"https:\/\/lasprimeras.com.do\/index.php\/category\/economia\/"},"img":{"alt_text":"Sigmund Freund","src":"https:\/\/i0.wp.com\/lasprimeras.com.do\/wp-content\/uploads\/2024\/08\/Sigmund-Freund.jpg?resize=350%2C200&ssl=1","width":350,"height":200,"srcset":"https:\/\/i0.wp.com\/lasprimeras.com.do\/wp-content\/uploads\/2024\/08\/Sigmund-Freund.jpg?resize=350%2C200&ssl=1 1x, https:\/\/i0.wp.com\/lasprimeras.com.do\/wp-content\/uploads\/2024\/08\/Sigmund-Freund.jpg?resize=525%2C300&ssl=1 1.5x, https:\/\/i0.wp.com\/lasprimeras.com.do\/wp-content\/uploads\/2024\/08\/Sigmund-Freund.jpg?resize=700%2C400&ssl=1 2x"},"classes":[]},{"id":114554,"url":"https:\/\/lasprimeras.com.do\/index.php\/2025\/11\/14\/jubilaciones-y-pensiones-gana-medalla-de-plata-en-el-premio-nacional-a-la-calidad-2025\/","url_meta":{"origin":86322,"position":1},"title":"Jubilaciones y Pensiones gana Medalla de Plata en el Premio Nacional a la Calidad 2025","author":"Nelson Feliz","date":"14 de noviembre de 2025","format":false,"excerpt":"La Direcci\u00f3n General de Jubilaciones y Pensiones a Cargo del Estado (DGJP) fue galardonada con la Medalla de Plata en la XXI entrega del Premio Nacional a la Calidad del Sector P\u00fablico 2025, durante una ceremonia encabezada por la vicepresidenta de la Rep\u00fablica, Raquel Pe\u00f1a, en el Ministerio de Relaciones\u2026","rel":"","context":"En \u00abNACIONALES\u00bb","block_context":{"text":"NACIONALES","link":"https:\/\/lasprimeras.com.do\/index.php\/category\/nacionales\/"},"img":{"alt_text":"","src":"https:\/\/i0.wp.com\/lasprimeras.com.do\/wp-content\/uploads\/2025\/11\/premio-1.jpg?resize=350%2C200&ssl=1","width":350,"height":200,"srcset":"https:\/\/i0.wp.com\/lasprimeras.com.do\/wp-content\/uploads\/2025\/11\/premio-1.jpg?resize=350%2C200&ssl=1 1x, https:\/\/i0.wp.com\/lasprimeras.com.do\/wp-content\/uploads\/2025\/11\/premio-1.jpg?resize=525%2C300&ssl=1 1.5x, https:\/\/i0.wp.com\/lasprimeras.com.do\/wp-content\/uploads\/2025\/11\/premio-1.jpg?resize=700%2C400&ssl=1 2x"},"classes":[]},{"id":86081,"url":"https:\/\/lasprimeras.com.do\/index.php\/2024\/07\/17\/inician-los-nombramientos-del-presidente-luis-abinader-a-traves-de-redes-sociales-y-whatsapp\/","url_meta":{"origin":86322,"position":2},"title":"Inician los Nombramientos del Presidente Luis Abinader a trav\u00e9s de Redes Sociales y WhatsApp","author":"Nelson Feliz","date":"17 de julio de 2024","format":false,"excerpt":"*Entre los nuevos nombramientos se encuentran el Ministro Administrativo de la Presidencia, Ministro de Administraci\u00f3n P\u00fablica, Instituto Dominicano de Aviaci\u00f3n Civil, Ministro de la Juventud, Rector del Instituto Tecnol\u00f3gico de las Am\u00e9ricas, Director Ejecutivo del Instituto Nacional de Tr\u00e1nsito y Transporte Terrestre (INTRANT) y Presidente de la Junta de Aviaci\u00f3n\u2026","rel":"","context":"En \u00abNACIONALES\u00bb","block_context":{"text":"NACIONALES","link":"https:\/\/lasprimeras.com.do\/index.php\/category\/nacionales\/"},"img":{"alt_text":"","src":"https:\/\/i0.wp.com\/lasprimeras.com.do\/wp-content\/uploads\/2024\/04\/luis-abinader-1.jpg?resize=350%2C200&ssl=1","width":350,"height":200,"srcset":"https:\/\/i0.wp.com\/lasprimeras.com.do\/wp-content\/uploads\/2024\/04\/luis-abinader-1.jpg?resize=350%2C200&ssl=1 1x, https:\/\/i0.wp.com\/lasprimeras.com.do\/wp-content\/uploads\/2024\/04\/luis-abinader-1.jpg?resize=525%2C300&ssl=1 1.5x, https:\/\/i0.wp.com\/lasprimeras.com.do\/wp-content\/uploads\/2024\/04\/luis-abinader-1.jpg?resize=700%2C400&ssl=1 2x, https:\/\/i0.wp.com\/lasprimeras.com.do\/wp-content\/uploads\/2024\/04\/luis-abinader-1.jpg?resize=1050%2C600&ssl=1 3x"},"classes":[]},{"id":95452,"url":"https:\/\/lasprimeras.com.do\/index.php\/2025\/03\/13\/gobierno-amplia-sismap-salud-para-fortalecer-eficiencia-hospitalaria-del-pais\/","url_meta":{"origin":86322,"position":3},"title":"Gobierno ampl\u00eda SISMAP Salud para fortalecer eficiencia hospitalaria del pa\u00eds","author":"Nelson Feliz","date":"13 de marzo de 2025","format":false,"excerpt":"El ministro de Administraci\u00f3n P\u00fablica, Sigmund Freund, y el director del SNS, Dr. Mario Lama, reafirmaron su compromiso con la mejora continua y la transparencia en la administraci\u00f3n hospitalaria. Por Martin Restituyo El Ministerio de Administraci\u00f3n P\u00fablica (MAP) y el Servicio Nacional de Salud (SNS), formalizaron un acuerdo para la\u2026","rel":"","context":"En \u00abPORTADA\u00bb","block_context":{"text":"PORTADA","link":"https:\/\/lasprimeras.com.do\/index.php\/category\/portada\/"},"img":{"alt_text":"Sigmund Freund y Dr. Mario Lama","src":"https:\/\/i0.wp.com\/lasprimeras.com.do\/wp-content\/uploads\/2025\/03\/Sigmund-Freund-y-Dr.-Mario-Lama.jpg?resize=350%2C200&ssl=1","width":350,"height":200,"srcset":"https:\/\/i0.wp.com\/lasprimeras.com.do\/wp-content\/uploads\/2025\/03\/Sigmund-Freund-y-Dr.-Mario-Lama.jpg?resize=350%2C200&ssl=1 1x, https:\/\/i0.wp.com\/lasprimeras.com.do\/wp-content\/uploads\/2025\/03\/Sigmund-Freund-y-Dr.-Mario-Lama.jpg?resize=525%2C300&ssl=1 1.5x, https:\/\/i0.wp.com\/lasprimeras.com.do\/wp-content\/uploads\/2025\/03\/Sigmund-Freund-y-Dr.-Mario-Lama.jpg?resize=700%2C400&ssl=1 2x"},"classes":[]},{"id":87767,"url":"https:\/\/lasprimeras.com.do\/index.php\/2024\/08\/16\/abinader-juramenta-gabinete-de-gobierno-para-su-segundo-mandato\/","url_meta":{"origin":86322,"position":4},"title":"Abinader juramenta Gabinete de Gobierno para su segundo mandato","author":"Nelson Feliz","date":"16 de agosto de 2024","format":false,"excerpt":"El presidente Luis Abinader jurament\u00f3 este viernes a los miembros de su nuevo Gabinete que lo acompa\u00f1ar\u00e1n en su segundo mandato para el periodo 2024-2028, en que continuar\u00e1 profundizando sus acciones de prevenci\u00f3n de la corrupci\u00f3n y de transparencia para seguir garantizando el bienestar del pueblo. El Jefe de Estado,\u2026","rel":"","context":"En \u00abNACIONALES\u00bb","block_context":{"text":"NACIONALES","link":"https:\/\/lasprimeras.com.do\/index.php\/category\/nacionales\/"},"img":{"alt_text":"Luis Abinader juramenta gabinete","src":"https:\/\/i0.wp.com\/lasprimeras.com.do\/wp-content\/uploads\/2024\/08\/Luis-Abinader-juramenta-gabinete.jpg?resize=350%2C200&ssl=1","width":350,"height":200,"srcset":"https:\/\/i0.wp.com\/lasprimeras.com.do\/wp-content\/uploads\/2024\/08\/Luis-Abinader-juramenta-gabinete.jpg?resize=350%2C200&ssl=1 1x, https:\/\/i0.wp.com\/lasprimeras.com.do\/wp-content\/uploads\/2024\/08\/Luis-Abinader-juramenta-gabinete.jpg?resize=525%2C300&ssl=1 1.5x, https:\/\/i0.wp.com\/lasprimeras.com.do\/wp-content\/uploads\/2024\/08\/Luis-Abinader-juramenta-gabinete.jpg?resize=700%2C400&ssl=1 2x"},"classes":[]},{"id":87400,"url":"https:\/\/lasprimeras.com.do\/index.php\/2024\/08\/11\/map-capacita-a-1655-representantes-de-347-ayuntamientos-en-normas-de-gestion-municipal\/","url_meta":{"origin":86322,"position":5},"title":"MAP capacita a 1,655 representantes de 347 ayuntamientos en normas de gesti\u00f3n municipal","author":"Nelson Feliz","date":"11 de agosto de 2024","format":false,"excerpt":"El Ministerio de Administraci\u00f3n P\u00fablica (MAP) clausur\u00f3 la capacitaci\u00f3n sobre Normativas Monitoreadas en el Sistema de Monitoreo de la Administraci\u00f3n Municipal (SISMAP Municipal) para lograr instituciones modernas, eficientes y que hagan un uso pulcro de los recursos p\u00fablicos. Al encabezar el acto de cierre de esta capacitaci\u00f3n, el ministro de\u2026","rel":"","context":"En \u00abECONOM\u00cdA\u00bb","block_context":{"text":"ECONOM\u00cdA","link":"https:\/\/lasprimeras.com.do\/index.php\/category\/economia\/"},"img":{"alt_text":"Sigmund Freund","src":"https:\/\/i0.wp.com\/lasprimeras.com.do\/wp-content\/uploads\/2024\/08\/Sigmund-Freund-1.jpg?resize=350%2C200&ssl=1","width":350,"height":200,"srcset":"https:\/\/i0.wp.com\/lasprimeras.com.do\/wp-content\/uploads\/2024\/08\/Sigmund-Freund-1.jpg?resize=350%2C200&ssl=1 1x, https:\/\/i0.wp.com\/lasprimeras.com.do\/wp-content\/uploads\/2024\/08\/Sigmund-Freund-1.jpg?resize=525%2C300&ssl=1 1.5x"},"classes":[]}],"jetpack_sharing_enabled":true,"_links":{"self":[{"href":"https:\/\/lasprimeras.com.do\/index.php\/wp-json\/wp\/v2\/posts\/86322","targetHints":{"allow":["GET"]}}],"collection":[{"href":"https:\/\/lasprimeras.com.do\/index.php\/wp-json\/wp\/v2\/posts"}],"about":[{"href":"https:\/\/lasprimeras.com.do\/index.php\/wp-json\/wp\/v2\/types\/post"}],"author":[{"embeddable":true,"href":"https:\/\/lasprimeras.com.do\/index.php\/wp-json\/wp\/v2\/users\/2"}],"replies":[{"embeddable":true,"href":"https:\/\/lasprimeras.com.do\/index.php\/wp-json\/wp\/v2\/comments?post=86322"}],"version-history":[{"count":1,"href":"https:\/\/lasprimeras.com.do\/index.php\/wp-json\/wp\/v2\/posts\/86322\/revisions"}],"predecessor-version":[{"id":86324,"href":"https:\/\/lasprimeras.com.do\/index.php\/wp-json\/wp\/v2\/posts\/86322\/revisions\/86324"}],"wp:featuredmedia":[{"embeddable":true,"href":"https:\/\/lasprimeras.com.do\/index.php\/wp-json\/wp\/v2\/media\/86323"}],"wp:attachment":[{"href":"https:\/\/lasprimeras.com.do\/index.php\/wp-json\/wp\/v2\/media?parent=86322"}],"wp:term":[{"taxonomy":"category","embeddable":true,"href":"https:\/\/lasprimeras.com.do\/index.php\/wp-json\/wp\/v2\/categories?post=86322"},{"taxonomy":"post_tag","embeddable":true,"href":"https:\/\/lasprimeras.com.do\/index.php\/wp-json\/wp\/v2\/tags?post=86322"}],"curies":[{"name":"wp","href":"https:\/\/api.w.org\/{rel}","templated":true}]}}