{"id":86325,"date":"2024-07-22T23:28:51","date_gmt":"2024-07-23T03:28:51","guid":{"rendered":"https:\/\/lasprimeras.com.do\/?p=86325"},"modified":"2024-07-22T23:28:53","modified_gmt":"2024-07-23T03:28:53","slug":"joel-santos-juramenta-a-milton-morrison-como-director-del-intrant","status":"publish","type":"post","link":"https:\/\/lasprimeras.com.do\/index.php\/2024\/07\/22\/joel-santos-juramenta-a-milton-morrison-como-director-del-intrant\/","title":{"rendered":"Joel Santos juramenta a Milton Morrison como director del Intrant"},"content":{"rendered":"\n<p><strong>Morrison asegura cumplir\u00e1 mandato del presidente de la Rep\u00fablica, Luis Abinader, para fortalecer la operatividad institucional.<\/strong><\/p>\n\n\n\n<p>El ministro de la Presidencia y presidente del Gabinete de Transporte, Joel Santos Echavarr\u00eda, jurament\u00f3 este lunes al nuevo director del Instituto Nacional de Tr\u00e1nsito y Transporte Terrestre (Intrant), Milton Morrison, designado en esas funciones por el presidente Luis Abinader, a trav\u00e9s del decreto 391-24.<\/p>\n\n\n\n<p>En un acto realizado en la sede del organismo, inst\u00f3 a Morrison a ejecutar la Ley 63-17 sobre Movilidad, Transporte Terrestre, Tr\u00e1nsito y Seguridad Vial, as\u00ed como la implementaci\u00f3n de las pol\u00edticas p\u00fablicas y estrategias en materia de funcionamiento eficaz del tr\u00e1nsito terrestre en Rep\u00fablica Dominicana.<\/p>\n\n\n\n<p>Sostuvo que Morrison tiene todo el apoyo y la confianza del Gobierno para realizar una excelente labor al frente del Intrant y cuenta con la experiencia necesaria para continuar ejecutando y fortaleciendo toda la pol\u00edtica de tr\u00e1nsito y transporte.<\/p>\n\n\n\n<p>Santos Echavarr\u00eda agradeci\u00f3 la labor prestada por el incumbente saliente del Intrant, coronel Randolfo Rijo G\u00f3mez, quien desempe\u00f1\u00f3 de manera interina la direcci\u00f3n de la instituci\u00f3n a la par con la direcci\u00f3n del Sistema Nacional de Atenci\u00f3n a Emergencias y Seguridad 9-1-1.<\/p>\n\n\n\n<p>De su lado, Morrison agradeci\u00f3 la confianza del presidente Luis Abinader al designarlo en el Intrant y afirm\u00f3 que asume el compromiso de continuar con las ejecutorias del Plan de Tr\u00e1nsito, Transporte y Seguridad Vial, con la misma determinaci\u00f3n y la transparencia que caracteriza el Gobierno que encabeza el presidente Abinader.<\/p>\n\n\n\n<p>&#8220;Nosotros venimos con el mandato, tanto del presidente, Luis Abinader, como del ministro de la Presidencia, Joel Santos Echavarr\u00eda, de hacer que las cosas funcionen y que haya una continuidad de Estado para hacer mucho m\u00e1s eficiente esta instituci\u00f3n y darles respuestas a esas expectativas, de hacer un sistema de tr\u00e1nsito cada vez m\u00e1s moderno y eficiente&#8221;, dijo Milton Morrison.<\/p>\n\n\n\n<p>Gabinete de Transporte<\/p>\n\n\n\n<p>El Gabinete de Transporte fue creado por el presidente Luis Abinader, a trav\u00e9s del decreto No. 328-21, emitido el 18 de mayo de 2021.<\/p>\n\n\n\n<p>Est\u00e1 presidido por el Ministerio de la Presidencia, como organismo coordinador e integrado por el Ministerio de Obras P\u00fablicas y Comunicaciones (MOPC), Instituto Nacional de Tr\u00e1nsito y Transporte Terrestre (Intrant), Direcci\u00f3n General de Seguridad de Tr\u00e1nsito y Transporte Terrestre (Digesett), Oficina para el Reordenamiento del Transporte (Opret), Oficina Metropolitana de Servicios de Autobuses (OMSA) y la Oficina de Desarrollo de Proyectos de Movilidad Urbana e Interurbana (Fitram).<\/p>\n\n\n\n<p>El organismo tiene el prop\u00f3sito de garantizar mayores niveles de coordinaci\u00f3n en la toma de decisiones de la Administraci\u00f3n P\u00fablica en materia de movilidad urbana, as\u00ed como fijar las orientaciones, programas y acciones necesarias para el dise\u00f1o del Plan de Movilidad Urbana Sostenible, as\u00ed como tambi\u00e9n la coordinaci\u00f3n y supervisi\u00f3n de su implementaci\u00f3n.<\/p>\n","protected":false},"excerpt":{"rendered":"<p>Morrison asegura cumplir\u00e1 mandato del presidente de la Rep\u00fablica, Luis Abinader, para fortalecer la operatividad institucional. El ministro de la Presidencia y presidente del Gabinete de Transporte, Joel Santos Echavarr\u00eda,&hellip;<\/p>\n","protected":false},"author":2,"featured_media":86326,"comment_status":"open","ping_status":"open","sticky":false,"template":"","format":"standard","meta":{"content-type":"","jetpack_post_was_ever_published":false,"_jetpack_newsletter_access":"","_jetpack_dont_email_post_to_subs":false,"_jetpack_newsletter_tier_id":0,"_jetpack_memberships_contains_paywalled_content":false,"_jetpack_memberships_contains_paid_content":false,"footnotes":""},"categories":[35],"tags":[247,1487,268,14228],"class_list":["post-86325","post","type-post","status-publish","format-standard","has-post-thumbnail","hentry","category-nacionales","tag-director","tag-joel-santos","tag-juramenta","tag-milton-morrison"],"jetpack_featured_media_url":"https:\/\/lasprimeras.com.do\/wp-content\/uploads\/2024\/07\/Milton-Morrizon.jpg","jetpack-related-posts":[{"id":89083,"url":"https:\/\/lasprimeras.com.do\/index.php\/2024\/09\/15\/morrison-dice-que-el-problema-del-transito-necesita-el-apoyo-de-todos-para-resolverlo\/","url_meta":{"origin":86325,"position":0},"title":"Morrison dice que el problema del tr\u00e1nsito necesita el apoyo de todos para resolverlo","author":"Nelson Feliz","date":"15 de septiembre de 2024","format":false,"excerpt":"Llama a respetar la Ley 63-17, de Movilidad, Transporte Terrestre Tr\u00e1nsito y Seguridad Vial. Por Martin Restituyo El director ejecutivo del Instituto Nacional de Tr\u00e1nsito y Transporte Terrestre (Intrant),Milton Morrison, pidi\u00f3 el apoyo de la sociedad para enfrentar la actual problem\u00e1tica del tr\u00e1nsito, que afronta el pa\u00eds. Morrison dijo que\u2026","rel":"","context":"En \u00abNACIONALES\u00bb","block_context":{"text":"NACIONALES","link":"https:\/\/lasprimeras.com.do\/index.php\/category\/nacionales\/"},"img":{"alt_text":"Milton Morrison","src":"https:\/\/i0.wp.com\/lasprimeras.com.do\/wp-content\/uploads\/2024\/09\/Milton-Morrison.jpg?resize=350%2C200&ssl=1","width":350,"height":200,"srcset":"https:\/\/i0.wp.com\/lasprimeras.com.do\/wp-content\/uploads\/2024\/09\/Milton-Morrison.jpg?resize=350%2C200&ssl=1 1x, https:\/\/i0.wp.com\/lasprimeras.com.do\/wp-content\/uploads\/2024\/09\/Milton-Morrison.jpg?resize=525%2C300&ssl=1 1.5x, https:\/\/i0.wp.com\/lasprimeras.com.do\/wp-content\/uploads\/2024\/09\/Milton-Morrison.jpg?resize=700%2C400&ssl=1 2x"},"classes":[]},{"id":86755,"url":"https:\/\/lasprimeras.com.do\/index.php\/2024\/07\/31\/ejecutivos-de-mochotran-visitan-nuevo-director-del-intrant-milton-morrison\/","url_meta":{"origin":86325,"position":1},"title":"Ejecutivos de Mochotran visitan nuevo director del Intrant, Milton Morrison","author":"Nelson Feliz","date":"31 de julio de 2024","format":false,"excerpt":"Ejecutivos del Grupo de Empresas de transporte Mochotran, giraron una visita de cortes\u00eda al nuevo director del Instituto Nacional de Tr\u00e1nsito y Transporte Terrestre (Intrant), Milton Morrison, con quien intercambiaron ideas sobre los temas inherentes al sector transporte. Durante el encuentro, donde actualizaron al se\u00f1or Morrison sobre los temas en\u2026","rel":"","context":"En \u00abNACIONALES\u00bb","block_context":{"text":"NACIONALES","link":"https:\/\/lasprimeras.com.do\/index.php\/category\/nacionales\/"},"img":{"alt_text":"Alfredo Pulinario Mariot","src":"https:\/\/i0.wp.com\/lasprimeras.com.do\/wp-content\/uploads\/2024\/07\/UNAA.jpg?resize=350%2C200&ssl=1","width":350,"height":200,"srcset":"https:\/\/i0.wp.com\/lasprimeras.com.do\/wp-content\/uploads\/2024\/07\/UNAA.jpg?resize=350%2C200&ssl=1 1x, https:\/\/i0.wp.com\/lasprimeras.com.do\/wp-content\/uploads\/2024\/07\/UNAA.jpg?resize=525%2C300&ssl=1 1.5x, https:\/\/i0.wp.com\/lasprimeras.com.do\/wp-content\/uploads\/2024\/07\/UNAA.jpg?resize=700%2C400&ssl=1 2x"},"classes":[]},{"id":88562,"url":"https:\/\/lasprimeras.com.do\/index.php\/2024\/08\/31\/presidente-de-la-unet-dice-director-de-intrant-no-tiene-capacidad-para-viabilizar-transito\/","url_meta":{"origin":86325,"position":2},"title":"Presidente de la UNET dice director de INTRANT no tiene capacidad para viabilizar tr\u00e1nsito","author":"Nelson Feliz","date":"31 de agosto de 2024","format":false,"excerpt":"Antes el desorden y el caos que se vivi\u00f3 este viernes en las principales avenidas del Distrito Nacional por la falla del sistema de sem\u00e1foros, el presidente de la Uni\u00f3n Nacional de Empresas del Transporte (UNET), Reynaldo P\u00e9rez S\u00e1nchez (Moreno), sostuvo que el director del Intrant es un incompetente y\u2026","rel":"","context":"En \u00abNACIONALES\u00bb","block_context":{"text":"NACIONALES","link":"https:\/\/lasprimeras.com.do\/index.php\/category\/nacionales\/"},"img":{"alt_text":"Reynaldo P\u00e9rez S\u00e1nchez","src":"https:\/\/i0.wp.com\/lasprimeras.com.do\/wp-content\/uploads\/2024\/08\/Moreno.jpg?resize=350%2C200&ssl=1","width":350,"height":200},"classes":[]},{"id":97247,"url":"https:\/\/lasprimeras.com.do\/index.php\/2025\/04\/17\/intrant-desmiente-se-vaya-a-prohibir-el-giro-a-la-izquierda-en-importantes-intersecciones-del-dn\/","url_meta":{"origin":86325,"position":3},"title":"Intrant desmiente se vaya a prohibir el giro a la izquierda en importantes intersecciones del DN","author":"Nelson Feliz","date":"17 de abril de 2025","format":false,"excerpt":"El director del Instituto Nacional de Tr\u00e1nsito y Transporte Terrestre (Intrant), Milton Morrison, desminti\u00f3 que a partir del pr\u00f3ximo lunes 21, se vaya a prohibir el giro a la izquierda en importantes intersecciones de la capital, como se ha estado informando. Morrison, dijo que desde hace meses las diferentes entidades\u2026","rel":"","context":"En \u00abNACIONALES\u00bb","block_context":{"text":"NACIONALES","link":"https:\/\/lasprimeras.com.do\/index.php\/category\/nacionales\/"},"img":{"alt_text":"Milton Morrison","src":"https:\/\/i0.wp.com\/lasprimeras.com.do\/wp-content\/uploads\/2025\/04\/Milton-Morrison.jpg?resize=350%2C200&ssl=1","width":350,"height":200,"srcset":"https:\/\/i0.wp.com\/lasprimeras.com.do\/wp-content\/uploads\/2025\/04\/Milton-Morrison.jpg?resize=350%2C200&ssl=1 1x, https:\/\/i0.wp.com\/lasprimeras.com.do\/wp-content\/uploads\/2025\/04\/Milton-Morrison.jpg?resize=525%2C300&ssl=1 1.5x"},"classes":[]},{"id":91581,"url":"https:\/\/lasprimeras.com.do\/index.php\/2024\/11\/27\/fetranreno-e-intrant-firman-pacto-nacional-por-la-seguridad-vial\/","url_meta":{"origin":86325,"position":4},"title":"FETRANRENO e INTRANT firman Pacto Nacional por la Seguridad Vial","author":"Nelson Feliz","date":"27 de noviembre de 2024","format":false,"excerpt":"La Federaci\u00f3n de Trabajadores del Transporte de la Regi\u00f3n Norte y el Instituto Nacional de Tr\u00e1nsito y Transporte Terrestre firmaron este mi\u00e9rcoles el Pacto Nacional por la Seguridad Vial, con el cual se busca involucrar a los sectores representativos de la sociedad con el fin de resolver los problemas del\u2026","rel":"","context":"En \u00abNACIONALES\u00bb","block_context":{"text":"NACIONALES","link":"https:\/\/lasprimeras.com.do\/index.php\/category\/nacionales\/"},"img":{"alt_text":"Gervacio de la Rosa y Milton Morrison","src":"https:\/\/i0.wp.com\/lasprimeras.com.do\/wp-content\/uploads\/2024\/11\/Gervacio-de-la-Rosa-y-Milton-Morrison.jpg?resize=350%2C200&ssl=1","width":350,"height":200,"srcset":"https:\/\/i0.wp.com\/lasprimeras.com.do\/wp-content\/uploads\/2024\/11\/Gervacio-de-la-Rosa-y-Milton-Morrison.jpg?resize=350%2C200&ssl=1 1x, https:\/\/i0.wp.com\/lasprimeras.com.do\/wp-content\/uploads\/2024\/11\/Gervacio-de-la-Rosa-y-Milton-Morrison.jpg?resize=525%2C300&ssl=1 1.5x, https:\/\/i0.wp.com\/lasprimeras.com.do\/wp-content\/uploads\/2024\/11\/Gervacio-de-la-Rosa-y-Milton-Morrison.jpg?resize=700%2C400&ssl=1 2x"},"classes":[]},{"id":92092,"url":"https:\/\/lasprimeras.com.do\/index.php\/2024\/12\/27\/embargan-cuentas-bancarias-al-intrant-y-milton-morrison\/","url_meta":{"origin":86325,"position":5},"title":"Embargan cuentas bancarias al INTRANT y Milton Morrison\u00a0\u00a0","author":"Nelson Feliz","date":"27 de diciembre de 2024","format":false,"excerpt":"Una empresa Argentina que tiene que ver con sem\u00e1foros inteligentes embargo las cuentas bancarias del Instituto Nacional de Tr\u00e1nsito y Transporte Terrestre (Intrant), la de su inc\u00fambente Ing. Milton Morrison el pasado 22 de noviembre. El recurso, con el cual se embarg\u00f3 las cuentas del Intrant y de Morrison, fue\u2026","rel":"","context":"En \u00abECONOM\u00cdA\u00bb","block_context":{"text":"ECONOM\u00cdA","link":"https:\/\/lasprimeras.com.do\/index.php\/category\/economia\/"},"img":{"alt_text":"INTRANT","src":"https:\/\/i0.wp.com\/lasprimeras.com.do\/wp-content\/uploads\/2024\/09\/intrant.jpg?resize=350%2C200&ssl=1","width":350,"height":200,"srcset":"https:\/\/i0.wp.com\/lasprimeras.com.do\/wp-content\/uploads\/2024\/09\/intrant.jpg?resize=350%2C200&ssl=1 1x, https:\/\/i0.wp.com\/lasprimeras.com.do\/wp-content\/uploads\/2024\/09\/intrant.jpg?resize=525%2C300&ssl=1 1.5x, https:\/\/i0.wp.com\/lasprimeras.com.do\/wp-content\/uploads\/2024\/09\/intrant.jpg?resize=700%2C400&ssl=1 2x, https:\/\/i0.wp.com\/lasprimeras.com.do\/wp-content\/uploads\/2024\/09\/intrant.jpg?resize=1050%2C600&ssl=1 3x"},"classes":[]}],"jetpack_sharing_enabled":true,"_links":{"self":[{"href":"https:\/\/lasprimeras.com.do\/index.php\/wp-json\/wp\/v2\/posts\/86325","targetHints":{"allow":["GET"]}}],"collection":[{"href":"https:\/\/lasprimeras.com.do\/index.php\/wp-json\/wp\/v2\/posts"}],"about":[{"href":"https:\/\/lasprimeras.com.do\/index.php\/wp-json\/wp\/v2\/types\/post"}],"author":[{"embeddable":true,"href":"https:\/\/lasprimeras.com.do\/index.php\/wp-json\/wp\/v2\/users\/2"}],"replies":[{"embeddable":true,"href":"https:\/\/lasprimeras.com.do\/index.php\/wp-json\/wp\/v2\/comments?post=86325"}],"version-history":[{"count":1,"href":"https:\/\/lasprimeras.com.do\/index.php\/wp-json\/wp\/v2\/posts\/86325\/revisions"}],"predecessor-version":[{"id":86327,"href":"https:\/\/lasprimeras.com.do\/index.php\/wp-json\/wp\/v2\/posts\/86325\/revisions\/86327"}],"wp:featuredmedia":[{"embeddable":true,"href":"https:\/\/lasprimeras.com.do\/index.php\/wp-json\/wp\/v2\/media\/86326"}],"wp:attachment":[{"href":"https:\/\/lasprimeras.com.do\/index.php\/wp-json\/wp\/v2\/media?parent=86325"}],"wp:term":[{"taxonomy":"category","embeddable":true,"href":"https:\/\/lasprimeras.com.do\/index.php\/wp-json\/wp\/v2\/categories?post=86325"},{"taxonomy":"post_tag","embeddable":true,"href":"https:\/\/lasprimeras.com.do\/index.php\/wp-json\/wp\/v2\/tags?post=86325"}],"curies":[{"name":"wp","href":"https:\/\/api.w.org\/{rel}","templated":true}]}}