{"id":86328,"date":"2024-07-22T23:34:48","date_gmt":"2024-07-23T03:34:48","guid":{"rendered":"https:\/\/lasprimeras.com.do\/?p=86328"},"modified":"2024-07-22T23:34:50","modified_gmt":"2024-07-23T03:34:50","slug":"ministro-de-la-presidencia-juramenta-al-comisionado-para-las-reformas-del-estado","status":"publish","type":"post","link":"https:\/\/lasprimeras.com.do\/index.php\/2024\/07\/22\/ministro-de-la-presidencia-juramenta-al-comisionado-para-las-reformas-del-estado\/","title":{"rendered":"Ministro de la Presidencia juramenta al Comisionado para las Reformas del Estado"},"content":{"rendered":"\n<p><strong>Joel Santos Echavarr\u00eda posesion\u00f3 a Dar\u00edo Castillo Lugo en sus nuevas funciones en el tren gubernamental<\/strong><\/p>\n\n\n\n<p>El ministro de la Presidencia, Joel Santos Echavarr\u00eda, jurament\u00f3 este lunes a Dar\u00edo Castillo Lugo como Comisionado para las Reformas del Estado, designado por el presidente Luis Abinader, a trav\u00e9s del decreto 390-24.<\/p>\n\n\n\n<p>En un acto realizado en el Palacio Nacional, Santos Echavarr\u00eda manifest\u00f3 que el Organismo, creado a trav\u00e9s del decreto 385-24, tiene como objetivo coordinar la planificaci\u00f3n, elaboraci\u00f3n e implementaci\u00f3n de las reformas normativas, institucionales y administrativas, tanto generales como sectoriales, impulsadas desde el Poder Ejecutivo en cumplimiento de los mandatos constitucionales, incluyendo el Plan General para la Reforma y Modernizaci\u00f3n de la Administraci\u00f3n P\u00fablica.<\/p>\n\n\n\n<p>Indic\u00f3, adem\u00e1s, que el Comisionado para las Reformas del Estado est\u00e1 integrado por los ministros de la Presidencia, Administraci\u00f3n P\u00fablica, Econom\u00eda, Planificaci\u00f3n y Desarrollo, Hacienda, el consultor jur\u00eddico del Poder Ejecutivo, el director ejecutivo del Consejo Nacional de Competitividad (CNC), as\u00ed como un director ejecutivo designado por el presidente de la Rep\u00fablica, previa recomendaci\u00f3n del Comisionado para las Reformas del Estado.<\/p>\n\n\n\n<p>Santos Echavarr\u00eda inst\u00f3 a Castillo Lugo a cumplir y hacer cumplir la Constituci\u00f3n de la Rep\u00fablica y los deberes de esta responsabilidad, a trav\u00e9s de la ejecuci\u00f3n de la Ley 385-24, que crea el Comisionado para las Reformas del Estado; al tiempo que indic\u00f3 que le llam\u00f3 a actuar con sabidur\u00eda y humildad, como siempre le.ha caracterizado, para poner en ejecuci\u00f3n esta importante tarea que le ha encomendado nuestro presidente de la Rep\u00fablica.<\/p>\n\n\n\n<p>&#8220;Dar\u00edo tiene no solo el apoyo de nosotros; sino, toda la confianza del presidente, como comisionado, porque el cambio se produce en un momento en que el Estado dominicano est\u00e1 involucrado en su mayor proceso de reforma&#8221;, puntualiz\u00f3.<\/p>\n\n\n\n<p>De su lado, Castillo Lugo, expres\u00f3 que es un honor y distinci\u00f3n asumir este nuevo cargo, para continuar con la aplicaci\u00f3n de las pol\u00edticas p\u00fablicas que se ha propuesto e implementado el presidente de la Rep\u00fablica, Luis Abinader para reformar el Estado dominicano.<\/p>\n\n\n\n<p>&#8220;Como dijo el presidente antes de asumir en el 2020, que quiere que lo recuerden como una gesti\u00f3n reformadora que impuls\u00f3 la institucionalidad de la administraci\u00f3n p\u00fablica, por lo que contribuiremos a trav\u00e9s de este nuevo rol en dejar ese legado&#8221;, puntualiz\u00f3.<\/p>\n","protected":false},"excerpt":{"rendered":"<p>Joel Santos Echavarr\u00eda posesion\u00f3 a Dar\u00edo Castillo Lugo en sus nuevas funciones en el tren gubernamental El ministro de la Presidencia, Joel Santos Echavarr\u00eda, jurament\u00f3 este lunes a Dar\u00edo Castillo&hellip;<\/p>\n","protected":false},"author":2,"featured_media":86329,"comment_status":"open","ping_status":"open","sticky":false,"template":"","format":"standard","meta":{"content-type":"","jetpack_post_was_ever_published":false,"_jetpack_newsletter_access":"","_jetpack_dont_email_post_to_subs":false,"_jetpack_newsletter_tier_id":0,"_jetpack_memberships_contains_paywalled_content":false,"_jetpack_memberships_contains_paid_content":false,"footnotes":""},"categories":[35],"tags":[14229,1068,268,373,94,10103],"class_list":["post-86328","post","type-post","status-publish","format-standard","has-post-thumbnail","hentry","category-nacionales","tag-comisionado","tag-estado","tag-juramenta","tag-ministro","tag-presidencia","tag-reformas"],"jetpack_featured_media_url":"https:\/\/lasprimeras.com.do\/wp-content\/uploads\/2024\/07\/Dario-Lugo.jpg","jetpack-related-posts":[{"id":86325,"url":"https:\/\/lasprimeras.com.do\/index.php\/2024\/07\/22\/joel-santos-juramenta-a-milton-morrison-como-director-del-intrant\/","url_meta":{"origin":86328,"position":0},"title":"Joel Santos juramenta a Milton Morrison como director del Intrant","author":"Nelson Feliz","date":"22 de julio de 2024","format":false,"excerpt":"Morrison asegura cumplir\u00e1 mandato del presidente de la Rep\u00fablica, Luis Abinader, para fortalecer la operatividad institucional. El ministro de la Presidencia y presidente del Gabinete de Transporte, Joel Santos Echavarr\u00eda, jurament\u00f3 este lunes al nuevo director del Instituto Nacional de Tr\u00e1nsito y Transporte Terrestre (Intrant), Milton Morrison, designado en esas\u2026","rel":"","context":"En \u00abNACIONALES\u00bb","block_context":{"text":"NACIONALES","link":"https:\/\/lasprimeras.com.do\/index.php\/category\/nacionales\/"},"img":{"alt_text":"","src":"https:\/\/i0.wp.com\/lasprimeras.com.do\/wp-content\/uploads\/2024\/07\/Milton-Morrizon.jpg?resize=350%2C200&ssl=1","width":350,"height":200,"srcset":"https:\/\/i0.wp.com\/lasprimeras.com.do\/wp-content\/uploads\/2024\/07\/Milton-Morrizon.jpg?resize=350%2C200&ssl=1 1x, https:\/\/i0.wp.com\/lasprimeras.com.do\/wp-content\/uploads\/2024\/07\/Milton-Morrizon.jpg?resize=525%2C300&ssl=1 1.5x, https:\/\/i0.wp.com\/lasprimeras.com.do\/wp-content\/uploads\/2024\/07\/Milton-Morrizon.jpg?resize=700%2C400&ssl=1 2x"},"classes":[]},{"id":65932,"url":"https:\/\/lasprimeras.com.do\/index.php\/2023\/11\/01\/gobierno-inicia-proceso-para-convertir-a-la-omsa-en-una-empresa-publica\/","url_meta":{"origin":86328,"position":1},"title":"Gobierno inicia proceso para convertir a la OMSA en una empresa p\u00fablica","author":"Nelson Feliz","date":"1 de noviembre de 2023","format":false,"excerpt":"El protocolo se ejecuta en cumplimiento de lo establecido en la Ley 63-17, de Movilidad, Transporte Terrestre, Tr\u00e1nsito y Seguridad Vial y en virtud del decreto 167-23, emitido por el Poder Ejecutivo el pasado 25 de abril. El Gobierno inici\u00f3 el proceso para convertir a la Oficina Metropolitana de Servicios\u2026","rel":"","context":"En \u00abNACIONALES\u00bb","block_context":{"text":"NACIONALES","link":"https:\/\/lasprimeras.com.do\/index.php\/category\/nacionales\/"},"img":{"alt_text":"Joel Santos","src":"https:\/\/i0.wp.com\/lasprimeras.com.do\/wp-content\/uploads\/2023\/11\/Joel-Santos-1.jpg?resize=350%2C200&ssl=1","width":350,"height":200,"srcset":"https:\/\/i0.wp.com\/lasprimeras.com.do\/wp-content\/uploads\/2023\/11\/Joel-Santos-1.jpg?resize=350%2C200&ssl=1 1x, https:\/\/i0.wp.com\/lasprimeras.com.do\/wp-content\/uploads\/2023\/11\/Joel-Santos-1.jpg?resize=525%2C300&ssl=1 1.5x, https:\/\/i0.wp.com\/lasprimeras.com.do\/wp-content\/uploads\/2023\/11\/Joel-Santos-1.jpg?resize=700%2C400&ssl=1 2x"},"classes":[]},{"id":77272,"url":"https:\/\/lasprimeras.com.do\/index.php\/2024\/02\/19\/joel-santos-juramenta-a-ana-selman-como-titular-de-la-secretaria-del-ces\/","url_meta":{"origin":86328,"position":2},"title":"Joel Santos juramenta a Ana Selman como titular de la Secretar\u00eda del CES","author":"Nelson Feliz","date":"19 de febrero de 2024","format":false,"excerpt":"*Selman expres\u00f3 su compromiso en el \u00f3rgano institucional y consultivo del Poder Ejecutivo, para hacer guiar una democracia de derecho* El ministro de la Presidencia, Joel Santos Echavarr\u00eda, jurament\u00f3 a la antrop\u00f3loga social Ana Selman Fern\u00e1ndez, como nueva titular de la Secretar\u00eda General del Consejo Econ\u00f3mico Social (CES). En el\u2026","rel":"","context":"En \u00abNACIONALES\u00bb","block_context":{"text":"NACIONALES","link":"https:\/\/lasprimeras.com.do\/index.php\/category\/nacionales\/"},"img":{"alt_text":"Joel Santos Echavarr\u00eda","src":"https:\/\/i0.wp.com\/lasprimeras.com.do\/wp-content\/uploads\/2024\/02\/Joel-Santos-Echavarria-1-1.jpg?resize=350%2C200&ssl=1","width":350,"height":200,"srcset":"https:\/\/i0.wp.com\/lasprimeras.com.do\/wp-content\/uploads\/2024\/02\/Joel-Santos-Echavarria-1-1.jpg?resize=350%2C200&ssl=1 1x, https:\/\/i0.wp.com\/lasprimeras.com.do\/wp-content\/uploads\/2024\/02\/Joel-Santos-Echavarria-1-1.jpg?resize=525%2C300&ssl=1 1.5x, https:\/\/i0.wp.com\/lasprimeras.com.do\/wp-content\/uploads\/2024\/02\/Joel-Santos-Echavarria-1-1.jpg?resize=700%2C400&ssl=1 2x"},"classes":[]},{"id":65904,"url":"https:\/\/lasprimeras.com.do\/index.php\/2023\/11\/01\/inician-proceso-para-convertir-a-la-omsa-en-una-empresa-publica\/","url_meta":{"origin":86328,"position":3},"title":"Inician proceso para convertir a la OMSA en una empresa p\u00fablica","author":"BIMARY DE JES\u00daS Matos","date":"1 de noviembre de 2023","format":false,"excerpt":"Santo Domingo.-El Gobierno inici\u00f3 este mi\u00e9rcoles el proceso para convertir a la Oficina Metropolitana de Servicios de Autobuses (OMSA) en una empresa p\u00fablica, sin dejar de ser un patrimonio propiedad del Estado dominicano. De esta manera, qued\u00f3 conformado el Consejo de Administraci\u00f3n de la OMSA, que estar\u00e1 presidido por el\u2026","rel":"","context":"En \u00abNACIONALES\u00bb","block_context":{"text":"NACIONALES","link":"https:\/\/lasprimeras.com.do\/index.php\/category\/nacionales\/"},"img":{"alt_text":"","src":"https:\/\/i0.wp.com\/lasprimeras.com.do\/wp-content\/uploads\/2023\/11\/WhatsApp-Image-2023-11-01-at-9.19.48-AM.jpeg?resize=350%2C200&ssl=1","width":350,"height":200,"srcset":"https:\/\/i0.wp.com\/lasprimeras.com.do\/wp-content\/uploads\/2023\/11\/WhatsApp-Image-2023-11-01-at-9.19.48-AM.jpeg?resize=350%2C200&ssl=1 1x, https:\/\/i0.wp.com\/lasprimeras.com.do\/wp-content\/uploads\/2023\/11\/WhatsApp-Image-2023-11-01-at-9.19.48-AM.jpeg?resize=525%2C300&ssl=1 1.5x"},"classes":[]},{"id":87737,"url":"https:\/\/lasprimeras.com.do\/index.php\/2024\/08\/16\/presidente-abinader-nombra-a-antonio-almonte-como-consul-general-de-la-rd-en-boston\/","url_meta":{"origin":86328,"position":4},"title":"Presidente Abinader nombra a Antonio Almonte como c\u00f3nsul general de la RD en Boston","author":"Nelson Feliz","date":"16 de agosto de 2024","format":false,"excerpt":"Poder Ejecutivo emite decreto que nombra a Enrique Garc\u00eda S\u00e1nchez como embajador en el Servicio Interno del Ministerio de Relaciones Exteriores. El presidente Luis Abinader nombr\u00f3 mediante el decreto 444-24 a Antonio Almonte como c\u00f3nsul general de la Rep\u00fablica Dominicana en Boston, Massachusetts, tras culminar sus cuatro a\u00f1os como ministro\u2026","rel":"","context":"En \u00abNACIONALES\u00bb","block_context":{"text":"NACIONALES","link":"https:\/\/lasprimeras.com.do\/index.php\/category\/nacionales\/"},"img":{"alt_text":"Antonio Almonte","src":"https:\/\/i0.wp.com\/lasprimeras.com.do\/wp-content\/uploads\/2023\/07\/Antonio-Almonte.jpg?resize=350%2C200&ssl=1","width":350,"height":200,"srcset":"https:\/\/i0.wp.com\/lasprimeras.com.do\/wp-content\/uploads\/2023\/07\/Antonio-Almonte.jpg?resize=350%2C200&ssl=1 1x, https:\/\/i0.wp.com\/lasprimeras.com.do\/wp-content\/uploads\/2023\/07\/Antonio-Almonte.jpg?resize=525%2C300&ssl=1 1.5x, https:\/\/i0.wp.com\/lasprimeras.com.do\/wp-content\/uploads\/2023\/07\/Antonio-Almonte.jpg?resize=700%2C400&ssl=1 2x"},"classes":[]},{"id":56401,"url":"https:\/\/lasprimeras.com.do\/index.php\/2023\/07\/31\/ministro-de-la-presidencia-dice-reduccion-de-la-delincuencia-es-un-trabajo-constante\/","url_meta":{"origin":86328,"position":5},"title":"Ministro de la Presidencia dice reducci\u00f3n de la delincuencia es un trabajo constante","author":"Nelson Feliz","date":"31 de julio de 2023","format":false,"excerpt":"Por Martin Restituyo Al concluir la sexta reuni\u00f3n de seguimiento al Plan de Seguridad Ciudadana encabezada por el presidente Luis Abinader, el ministro de la Presidencia, Joel Santos Echavarr\u00eda, manifest\u00f3 que lograr la reducci\u00f3n de la delincuencia es un trabajo que no termina, que es una batalla constante y de\u2026","rel":"","context":"En \u00abNACIONALES\u00bb","block_context":{"text":"NACIONALES","link":"https:\/\/lasprimeras.com.do\/index.php\/category\/nacionales\/"},"img":{"alt_text":"Luis Abinader y Joel Santos Echavarr\u00eda","src":"https:\/\/i0.wp.com\/lasprimeras.com.do\/wp-content\/uploads\/2023\/07\/Luis-Abinader-y-Joel-Santos-Echavarria.jpg?resize=350%2C200&ssl=1","width":350,"height":200,"srcset":"https:\/\/i0.wp.com\/lasprimeras.com.do\/wp-content\/uploads\/2023\/07\/Luis-Abinader-y-Joel-Santos-Echavarria.jpg?resize=350%2C200&ssl=1 1x, https:\/\/i0.wp.com\/lasprimeras.com.do\/wp-content\/uploads\/2023\/07\/Luis-Abinader-y-Joel-Santos-Echavarria.jpg?resize=525%2C300&ssl=1 1.5x, https:\/\/i0.wp.com\/lasprimeras.com.do\/wp-content\/uploads\/2023\/07\/Luis-Abinader-y-Joel-Santos-Echavarria.jpg?resize=700%2C400&ssl=1 2x"},"classes":[]}],"jetpack_sharing_enabled":true,"_links":{"self":[{"href":"https:\/\/lasprimeras.com.do\/index.php\/wp-json\/wp\/v2\/posts\/86328","targetHints":{"allow":["GET"]}}],"collection":[{"href":"https:\/\/lasprimeras.com.do\/index.php\/wp-json\/wp\/v2\/posts"}],"about":[{"href":"https:\/\/lasprimeras.com.do\/index.php\/wp-json\/wp\/v2\/types\/post"}],"author":[{"embeddable":true,"href":"https:\/\/lasprimeras.com.do\/index.php\/wp-json\/wp\/v2\/users\/2"}],"replies":[{"embeddable":true,"href":"https:\/\/lasprimeras.com.do\/index.php\/wp-json\/wp\/v2\/comments?post=86328"}],"version-history":[{"count":1,"href":"https:\/\/lasprimeras.com.do\/index.php\/wp-json\/wp\/v2\/posts\/86328\/revisions"}],"predecessor-version":[{"id":86330,"href":"https:\/\/lasprimeras.com.do\/index.php\/wp-json\/wp\/v2\/posts\/86328\/revisions\/86330"}],"wp:featuredmedia":[{"embeddable":true,"href":"https:\/\/lasprimeras.com.do\/index.php\/wp-json\/wp\/v2\/media\/86329"}],"wp:attachment":[{"href":"https:\/\/lasprimeras.com.do\/index.php\/wp-json\/wp\/v2\/media?parent=86328"}],"wp:term":[{"taxonomy":"category","embeddable":true,"href":"https:\/\/lasprimeras.com.do\/index.php\/wp-json\/wp\/v2\/categories?post=86328"},{"taxonomy":"post_tag","embeddable":true,"href":"https:\/\/lasprimeras.com.do\/index.php\/wp-json\/wp\/v2\/tags?post=86328"}],"curies":[{"name":"wp","href":"https:\/\/api.w.org\/{rel}","templated":true}]}}