{"id":86338,"date":"2024-07-22T23:57:27","date_gmt":"2024-07-23T03:57:27","guid":{"rendered":"https:\/\/lasprimeras.com.do\/?p=86338"},"modified":"2024-07-22T23:57:28","modified_gmt":"2024-07-23T03:57:28","slug":"senado-recibe-visita-de-asambleistas-de-vietnam","status":"publish","type":"post","link":"https:\/\/lasprimeras.com.do\/index.php\/2024\/07\/22\/senado-recibe-visita-de-asambleistas-de-vietnam\/","title":{"rendered":"Senado recibe visita de asamble\u00edstas de Vietnam"},"content":{"rendered":"\n<p><strong>Ricardo de los Santos destaca la relaci\u00f3n cordial y de cooperaci\u00f3n en el \u00e1mbito pol\u00edtico, econ\u00f3mico, cultural y educativo entre ambas naciones.<\/strong><\/p>\n\n\n\n<p>El presidente del Senado de la Rep\u00fablica, Ricardo de los Santos, junto a una delegaci\u00f3n de senadores, recibi\u00f3 la visita de una Comisi\u00f3n de Relaciones Exteriores de la Asamblea Nacional de Vietnam, a quienes entreg\u00f3 una resoluci\u00f3n aprobada por el pleno que oficializa la conformaci\u00f3n del grupo parlamentario de amistad entre ambas sedes legislativas.<\/p>\n\n\n\n<p>De los Santos resalt\u00f3 los lazos de cordialidad que han unido a Vietnam y a la Rep\u00fablica Dominicana, y la intenci\u00f3n de ambas naciones de continuar fortaleciendo los v\u00ednculos bilaterales en todos los \u00e1mbitos.<\/p>\n\n\n\n<p>\u201cVietnam y Rep\u00fablica Dominicana han trabajado juntos, apoyando iniciativas en organizaciones internacionales y compartiendo posiciones sobre temas de inter\u00e9s com\u00fan, esperamos seguir fortaleciendo nuestras relaciones diplom\u00e1ticas y seguir colaborando en beneficio mutuo\u201d, precis\u00f3 el presidente del Senado dominicano.<\/p>\n\n\n\n<p>De los Santos dijo adem\u00e1s que \u201cestablecer un grupo de amistad parlamentario es importante, ya que nos permite compartir experiencias en temas globales, regionales y tambi\u00e9n nacionales, mediante intercambio de delegaciones; al igual, el apoyo en los foros multilaterales e internacionales como la Uni\u00f3n Interparlamentaria\u201d.<\/p>\n\n\n\n<p>El representante por la provincia S\u00e1nchez Ram\u00edrez dijo que es fundamental seguir fomentando el di\u00e1logo y la cooperaci\u00f3n entre Vietnam y la Rep\u00fablica Dominicana, para fortalecer los lazos bilaterales, promover la paz, la estabilidad, as\u00ed como el desarrollo en la regi\u00f3n y a nivel global.<\/p>\n\n\n\n<p>\u201cLa cooperaci\u00f3n entre Vietnam y Rep\u00fablica Dominicana, debe ser m\u00e1s cercana cada d\u00eda y ser aliados estrat\u00e9gicos en comercio, inversi\u00f3n, abarcando diversos aspectos como comercio, inversi\u00f3n, cultura y educaci\u00f3n, precis\u00f3\u201d.<\/p>\n\n\n\n<p>El presidente de la Comisi\u00f3n de Relaciones Exteriores y Cooperaci\u00f3n Internacional del Senado, Santiago Jos\u00e9 Zorrilla, al dar la bienvenida a la delegaci\u00f3n manifest\u00f3 que \u201cen nombre del Senado y la comisi\u00f3n que me honro en presidir, es un privilegio recibirlos en la casa de la democracia con la resoluci\u00f3n que aprobamos. Nuestro compromiso es mantener una comunicaci\u00f3n fluida con ustedes para fortalecer estos v\u00ednculos diplom\u00e1ticos como lo hemos llevado hasta ahora entre dos naciones hermanas\u201d, se\u00f1al\u00f3.<\/p>\n\n\n\n<p>El jefe de la delegaci\u00f3n de Vietnam, Vu Hai Ha, agradeci\u00f3 el recibimiento a los asamble\u00edstas por el presidente del Senado, Ricardo de los Santos y dem\u00e1s legisladores, y apunt\u00f3 que, a lo largo de los a\u00f1os de relaciones diplom\u00e1ticas, el pa\u00eds ha brindado apoyo a Vietnam en diferentes situaciones.<\/p>\n\n\n\n<p>\u201cLa Asamblea Nacional de Vietnam presta mucha atenci\u00f3n en fortalecer las relaciones entre ambos pa\u00edses. Nosotros somos la primera delegaci\u00f3n que visita la Rep\u00fablica Dominicana y esperamos que las relaciones entre el Senado dominicano y la Asamblea Nacional de Vietnam se puedan fortalecer a\u00fan m\u00e1s. Agradecemos esta bienvenida y esperamos que usted se\u00f1or Ricardo de los Santos y una delegaci\u00f3n, pueda visitar Vietnam pronto\u201d, dijo el legislador asi\u00e1tico.<\/p>\n\n\n\n<p>Al concluir el encuentro, el presidente del Senado y el jefe de la delegaci\u00f3n de Vietnam, Vu Hai Ha, intercambiaron obsequios, y pines con las banderas de ambas naciones.<\/p>\n\n\n\n<p>Los asamble\u00edstas de Vietnam recibieron, adem\u00e1s, una visita guiada por las instalaciones de la C\u00e1mara Alta, a cargo de la divisi\u00f3n de Participaci\u00f3n Ciudadana y Pol\u00edtica, bajo la direcci\u00f3n de Representaci\u00f3n, donde conocieron la Biblioteca Juan Pablo Duarte, la Galer\u00eda de Expresidentes y el Sal\u00f3n del Hemiciclo.<\/p>\n\n\n\n<p>Junto al presidente del Senado, Ricardo de los Santos y Santiago Jos\u00e9 Zorrilla, participaron, adem\u00e1s, los senadores Faride Raful, vicepresidente; Melania Salvador, secretaria del bufete directivo; Crist\u00f3bal Castillo, y Franklin Rodr\u00edguez.<\/p>\n\n\n\n<p>La delegaci\u00f3n de Vietnamistas la integraron Vu Hai Ha, Nguyen Van Loi, Ngo Hoang Ngan, Nguyen Hai Anh, Hoang Duc Than, Nguyen Thi Quyen Thanh, Pham Hoang&nbsp; Hai, Pham Thi Gnoc, miembros de la Comisi\u00f3n de Relaciones Exteriores de la Asamblea Nacional de Vietnam.<\/p>\n\n\n\n<p>La comisi\u00f3n de legisladores de Vietnam, se hizo asistir de una comisi\u00f3n del Ministerio de Relaciones Exteriores (MIREX), que encabez\u00f3 Rosa Roa, embajadora del Departamento de Diplomacia Parlamentaria; V\u00edctor Gabriel Macar\u00f3, director de Cooperaci\u00f3n; adem\u00e1s de \u00c1ngel J\u00e1quez, Mariorquis Sebasti\u00e1n, Roberto Rodr\u00edguez y Liz M\u00e9ndez.<\/p>\n","protected":false},"excerpt":{"rendered":"<p>Ricardo de los Santos destaca la relaci\u00f3n cordial y de cooperaci\u00f3n en el \u00e1mbito pol\u00edtico, econ\u00f3mico, cultural y educativo entre ambas naciones. El presidente del Senado de la Rep\u00fablica, Ricardo&hellip;<\/p>\n","protected":false},"author":2,"featured_media":86339,"comment_status":"open","ping_status":"open","sticky":false,"template":"","format":"standard","meta":{"content-type":"","jetpack_post_was_ever_published":false,"_jetpack_newsletter_access":"","_jetpack_dont_email_post_to_subs":false,"_jetpack_newsletter_tier_id":0,"_jetpack_memberships_contains_paywalled_content":false,"_jetpack_memberships_contains_paid_content":false,"footnotes":""},"categories":[35,25],"tags":[14231,6754,1036,1303,413,6787],"class_list":["post-86338","post","type-post","status-publish","format-standard","has-post-thumbnail","hentry","category-nacionales","category-portada","tag-asambleistas","tag-bilaterales","tag-fortalecer","tag-relaciones","tag-senado","tag-vietnam"],"jetpack_featured_media_url":"https:\/\/lasprimeras.com.do\/wp-content\/uploads\/2024\/07\/Ricardo-de-los-Santos-1-1.jpg","jetpack-related-posts":[{"id":91396,"url":"https:\/\/lasprimeras.com.do\/index.php\/2024\/11\/20\/presidente-del-senado-se-reune-con-el-primer-ministro-de-vietnam-pham-minh-chinh\/","url_meta":{"origin":86338,"position":0},"title":"Presidente del Senado se re\u00fane con el primer ministro de Vietnam, Pham Minh Chinh","author":"Nelson Feliz","date":"20 de noviembre de 2024","format":false,"excerpt":"\u00a0El presidente del Senado de la Rep\u00fablica, Ricardo de los Santos, recibi\u00f3 la tarde de este mi\u00e9rcoles al primer ministro de Vietnam, Pham Minh Chinh, con quien convers\u00f3 sobre el compromiso que tiene el Congreso Nacional para refrendar acuerdos con la finalidad de continuar reforzando las relaciones entre ambas naciones.\u2026","rel":"","context":"En \u00abNACIONALES\u00bb","block_context":{"text":"NACIONALES","link":"https:\/\/lasprimeras.com.do\/index.php\/category\/nacionales\/"},"img":{"alt_text":"Ricardo de los Santos","src":"https:\/\/i0.wp.com\/lasprimeras.com.do\/wp-content\/uploads\/2024\/11\/Ricardo-de-los-Santos-1I.jpg?resize=350%2C200&ssl=1","width":350,"height":200,"srcset":"https:\/\/i0.wp.com\/lasprimeras.com.do\/wp-content\/uploads\/2024\/11\/Ricardo-de-los-Santos-1I.jpg?resize=350%2C200&ssl=1 1x, https:\/\/i0.wp.com\/lasprimeras.com.do\/wp-content\/uploads\/2024\/11\/Ricardo-de-los-Santos-1I.jpg?resize=525%2C300&ssl=1 1.5x"},"classes":[]},{"id":84915,"url":"https:\/\/lasprimeras.com.do\/index.php\/2024\/06\/17\/putin-visitara-corea-del-norte-y-vietnam-esta-semana\/","url_meta":{"origin":86338,"position":1},"title":"Putin visitar\u00e1 Corea del Norte y Vietnam esta semana","author":"Nelson Feliz","date":"17 de junio de 2024","format":false,"excerpt":"El viaje del mandatario ruso por ambos pa\u00edses tendr\u00e1 lugar del 18 al 20 de junio. El presidente de Rusia, Vlad\u00edmir Putin, realizar\u00e1 una visita de Estado a Corea del Norte del 18 al 19 de junio, seg\u00fan ha comunicado el Kremlin. Dicho viaje se llevar\u00e1 a cabo por invitaci\u00f3n\u2026","rel":"","context":"En \u00abSin categor\u00eda\u00bb","block_context":{"text":"Sin categor\u00eda","link":"https:\/\/lasprimeras.com.do\/index.php\/category\/sin-categoria\/"},"img":{"alt_text":"Vlad\u00edmir Putin y Kim Jong-un","src":"https:\/\/i0.wp.com\/lasprimeras.com.do\/wp-content\/uploads\/2024\/06\/Vladimir-Putin-y-Kim-Jong-un.jpg?resize=350%2C200&ssl=1","width":350,"height":200,"srcset":"https:\/\/i0.wp.com\/lasprimeras.com.do\/wp-content\/uploads\/2024\/06\/Vladimir-Putin-y-Kim-Jong-un.jpg?resize=350%2C200&ssl=1 1x, https:\/\/i0.wp.com\/lasprimeras.com.do\/wp-content\/uploads\/2024\/06\/Vladimir-Putin-y-Kim-Jong-un.jpg?resize=525%2C300&ssl=1 1.5x, https:\/\/i0.wp.com\/lasprimeras.com.do\/wp-content\/uploads\/2024\/06\/Vladimir-Putin-y-Kim-Jong-un.jpg?resize=700%2C400&ssl=1 2x"},"classes":[]},{"id":127693,"url":"https:\/\/lasprimeras.com.do\/index.php\/2026\/04\/14\/congreso-nacional-y-embajadora-de-eeuu-abordan-agenda-legislativa-y-cooperacion-bilateral\/","url_meta":{"origin":86338,"position":2},"title":"Congreso Nacional y embajadora de EEUU abordan agenda legislativa y cooperaci\u00f3n bilateral","author":"Nelson Feliz","date":"14 de abril de 2026","format":false,"excerpt":"Los presidentes del Senado, Ricardo de los Santos, y de la C\u00e1mara de Diputados, Alfredo Pacheco, recibieron este martes la visita de la embajadora de Estados Unidos, Leah Francis Campos, en un encuentro en el que socializaron sobre temas prioritarios de la agenda legislativa y aspectos clave de la cooperaci\u00f3n\u2026","rel":"","context":"En \u00abNACIONALES\u00bb","block_context":{"text":"NACIONALES","link":"https:\/\/lasprimeras.com.do\/index.php\/category\/nacionales\/"},"img":{"alt_text":"","src":"https:\/\/i0.wp.com\/lasprimeras.com.do\/wp-content\/uploads\/2026\/04\/agenda-legislativa-1.jpg?resize=350%2C200&ssl=1","width":350,"height":200,"srcset":"https:\/\/i0.wp.com\/lasprimeras.com.do\/wp-content\/uploads\/2026\/04\/agenda-legislativa-1.jpg?resize=350%2C200&ssl=1 1x, https:\/\/i0.wp.com\/lasprimeras.com.do\/wp-content\/uploads\/2026\/04\/agenda-legislativa-1.jpg?resize=525%2C300&ssl=1 1.5x, https:\/\/i0.wp.com\/lasprimeras.com.do\/wp-content\/uploads\/2026\/04\/agenda-legislativa-1.jpg?resize=700%2C400&ssl=1 2x"},"classes":[]},{"id":93054,"url":"https:\/\/lasprimeras.com.do\/index.php\/2025\/01\/22\/senado-de-la-republica-recibe-delegacion-de-legisladores-del-estado-de-massachusetts\/","url_meta":{"origin":86338,"position":3},"title":"Senado de la Rep\u00fablica recibe delegaci\u00f3n de legisladores del Estado de Massachusetts","author":"Nelson Feliz","date":"22 de enero de 2025","format":false,"excerpt":"La comisi\u00f3n de senadores estadounidenses estuvo encabezada por su presidenta Karen Spilka. El presidente del Senado, Ricardo de los Santos, recibi\u00f3 la visita de una delegaci\u00f3n especial del Senado del Estado de Massachusetts, encabezada por su presidenta Karen Spilka, con el prop\u00f3sito de coordinar acciones en conjunto en favor de\u2026","rel":"","context":"En \u00abNACIONALES\u00bb","block_context":{"text":"NACIONALES","link":"https:\/\/lasprimeras.com.do\/index.php\/category\/nacionales\/"},"img":{"alt_text":"Ricardo de los Santos","src":"https:\/\/i0.wp.com\/lasprimeras.com.do\/wp-content\/uploads\/2025\/01\/Ricardo-de-los-Santos-3.jpg?resize=350%2C200&ssl=1","width":350,"height":200,"srcset":"https:\/\/i0.wp.com\/lasprimeras.com.do\/wp-content\/uploads\/2025\/01\/Ricardo-de-los-Santos-3.jpg?resize=350%2C200&ssl=1 1x, https:\/\/i0.wp.com\/lasprimeras.com.do\/wp-content\/uploads\/2025\/01\/Ricardo-de-los-Santos-3.jpg?resize=525%2C300&ssl=1 1.5x, https:\/\/i0.wp.com\/lasprimeras.com.do\/wp-content\/uploads\/2025\/01\/Ricardo-de-los-Santos-3.jpg?resize=700%2C400&ssl=1 2x"},"classes":[]},{"id":85041,"url":"https:\/\/lasprimeras.com.do\/index.php\/2024\/06\/21\/vietnam-dice-que-esta-dispuesta-a-dialogar-con-filipinas-sobre-reclamos-marinos\/","url_meta":{"origin":86338,"position":4},"title":"Vietnam dice que est\u00e1 dispuesta a dialogar con Filipinas sobre reclamos marinos","author":"Nelson Feliz","date":"21 de junio de 2024","format":false,"excerpt":"BY ANIRUDDHA GHOSAL AND JIM GOMEZ HANOI, Vietnam (AP) \u2014 Vietnam est\u00e1 dispuesta a dialogar con las Filipinas sobre los reclamos que tienen sobre la plataforma continental submarina en el Mar de China Meridional, report\u00f3 el viernes la prensa oficial vietnamita, una actitud diplom\u00e1tica que marca contraste con las acciones\u2026","rel":"","context":"En \u00abSin categor\u00eda\u00bb","block_context":{"text":"Sin categor\u00eda","link":"https:\/\/lasprimeras.com.do\/index.php\/category\/sin-categoria\/"},"img":{"alt_text":"","src":"https:\/\/i0.wp.com\/lasprimeras.com.do\/wp-content\/uploads\/2024\/06\/presidentes.jpg?resize=350%2C200&ssl=1","width":350,"height":200,"srcset":"https:\/\/i0.wp.com\/lasprimeras.com.do\/wp-content\/uploads\/2024\/06\/presidentes.jpg?resize=350%2C200&ssl=1 1x, https:\/\/i0.wp.com\/lasprimeras.com.do\/wp-content\/uploads\/2024\/06\/presidentes.jpg?resize=525%2C300&ssl=1 1.5x, https:\/\/i0.wp.com\/lasprimeras.com.do\/wp-content\/uploads\/2024\/06\/presidentes.jpg?resize=700%2C400&ssl=1 2x"},"classes":[]},{"id":115501,"url":"https:\/\/lasprimeras.com.do\/index.php\/2025\/11\/23\/congreso-nacional-recibe-delegacion-de-congresistas-estadounidenses\/","url_meta":{"origin":86338,"position":5},"title":"Congreso Nacional recibe delegaci\u00f3n de congresistas estadounidenses","author":"Nelson Feliz","date":"23 de noviembre de 2025","format":false,"excerpt":"Congresistas locales e internacionales externaron gran preocupaci\u00f3n por la situaci\u00f3n haitiana y solicitan que sea incluida como agenda legislativa. El Congreso Nacional, representado por Ricardo de los Santos, presidente del Senado, y Alfredo Pacheco, presidente de la C\u00e1mara de Diputados, recibi\u00f3 este s\u00e1bado una amplia delegaci\u00f3n de congresistas de Estados\u2026","rel":"","context":"En \u00abNACIONALES\u00bb","block_context":{"text":"NACIONALES","link":"https:\/\/lasprimeras.com.do\/index.php\/category\/nacionales\/"},"img":{"alt_text":"","src":"https:\/\/i0.wp.com\/lasprimeras.com.do\/wp-content\/uploads\/2025\/11\/tress.jpg?resize=350%2C200&ssl=1","width":350,"height":200,"srcset":"https:\/\/i0.wp.com\/lasprimeras.com.do\/wp-content\/uploads\/2025\/11\/tress.jpg?resize=350%2C200&ssl=1 1x, https:\/\/i0.wp.com\/lasprimeras.com.do\/wp-content\/uploads\/2025\/11\/tress.jpg?resize=525%2C300&ssl=1 1.5x, https:\/\/i0.wp.com\/lasprimeras.com.do\/wp-content\/uploads\/2025\/11\/tress.jpg?resize=700%2C400&ssl=1 2x"},"classes":[]}],"jetpack_sharing_enabled":true,"_links":{"self":[{"href":"https:\/\/lasprimeras.com.do\/index.php\/wp-json\/wp\/v2\/posts\/86338","targetHints":{"allow":["GET"]}}],"collection":[{"href":"https:\/\/lasprimeras.com.do\/index.php\/wp-json\/wp\/v2\/posts"}],"about":[{"href":"https:\/\/lasprimeras.com.do\/index.php\/wp-json\/wp\/v2\/types\/post"}],"author":[{"embeddable":true,"href":"https:\/\/lasprimeras.com.do\/index.php\/wp-json\/wp\/v2\/users\/2"}],"replies":[{"embeddable":true,"href":"https:\/\/lasprimeras.com.do\/index.php\/wp-json\/wp\/v2\/comments?post=86338"}],"version-history":[{"count":1,"href":"https:\/\/lasprimeras.com.do\/index.php\/wp-json\/wp\/v2\/posts\/86338\/revisions"}],"predecessor-version":[{"id":86340,"href":"https:\/\/lasprimeras.com.do\/index.php\/wp-json\/wp\/v2\/posts\/86338\/revisions\/86340"}],"wp:featuredmedia":[{"embeddable":true,"href":"https:\/\/lasprimeras.com.do\/index.php\/wp-json\/wp\/v2\/media\/86339"}],"wp:attachment":[{"href":"https:\/\/lasprimeras.com.do\/index.php\/wp-json\/wp\/v2\/media?parent=86338"}],"wp:term":[{"taxonomy":"category","embeddable":true,"href":"https:\/\/lasprimeras.com.do\/index.php\/wp-json\/wp\/v2\/categories?post=86338"},{"taxonomy":"post_tag","embeddable":true,"href":"https:\/\/lasprimeras.com.do\/index.php\/wp-json\/wp\/v2\/tags?post=86338"}],"curies":[{"name":"wp","href":"https:\/\/api.w.org\/{rel}","templated":true}]}}