{"id":86365,"date":"2024-07-23T22:33:44","date_gmt":"2024-07-24T02:33:44","guid":{"rendered":"https:\/\/lasprimeras.com.do\/?p=86365"},"modified":"2024-07-23T22:33:45","modified_gmt":"2024-07-24T02:33:45","slug":"magda-rodriguez-codigo-penal-sin-las-causales-atenta-contra-dignidad-de-la-mujer","status":"publish","type":"post","link":"https:\/\/lasprimeras.com.do\/index.php\/2024\/07\/23\/magda-rodriguez-codigo-penal-sin-las-causales-atenta-contra-dignidad-de-la-mujer\/","title":{"rendered":"Magda Rodr\u00edguez: C\u00f3digo penal sin las causales atenta contra dignidad de la mujer"},"content":{"rendered":"\n<p>La diputada del Partido de la Liberaci\u00f3n Dominicana por la provincia Santiago, Magda Rodr\u00edguez, dijo que despu\u00e9s de esperar cientos de a\u00f1os para un c\u00f3digo moderno, en el C\u00f3digo Penal deben estar representados todos los sectores, y no debe tener mayores debilidades que el vigente.<\/p>\n\n\n\n<p>\u201cCreo que es sensato que esperemos y revisemos y que podamos darle al pa\u00eds un c\u00f3digo que definitivamente sirva a todos los ciudadanos y ciudadanas\u201d, expres\u00f3 Rodr\u00edguez.<\/p>\n\n\n\n<p>La legisladora insisti\u00f3 en que un C\u00f3digo Penal que no incluya la despenalizaci\u00f3n del aborto por causales cuando est\u00e1 en peligro la madre, cuando el feto sea inviable y violaci\u00f3n e incesto, es un c\u00f3digo que no protege las mujeres.<\/p>\n\n\n\n<p>Sostuvo que est\u00e1 de acuerdo en que la pieza sea revisada y analizada, pese a que se quede pendiente para la pr\u00f3xima legislatura que termina el pr\u00f3ximo jueves.<\/p>\n\n\n\n<p>La integrante del Comit\u00e9 Central del PLD agreg\u00f3 que es un c\u00f3digo que atenta contra su dignidad, su vida, salud e integridad.<\/p>\n\n\n\n<p>Una comisi\u00f3n especial de la C\u00e1mara de Diputados estudia el proyecto, que ha recibido fuertes cuestionamientos, especialmente de defensores de los derechos de la mujer, que exigen que se incluya la despenalizaci\u00f3n del aborto cuando se trate de los que llaman las tres causales.<\/p>\n","protected":false},"excerpt":{"rendered":"<p>La diputada del Partido de la Liberaci\u00f3n Dominicana por la provincia Santiago, Magda Rodr\u00edguez, dijo que despu\u00e9s de esperar cientos de a\u00f1os para un c\u00f3digo moderno, en el C\u00f3digo Penal&hellip;<\/p>\n","protected":false},"author":2,"featured_media":86366,"comment_status":"open","ping_status":"open","sticky":false,"template":"","format":"standard","meta":{"content-type":"","jetpack_post_was_ever_published":false,"_jetpack_newsletter_access":"","_jetpack_dont_email_post_to_subs":false,"_jetpack_newsletter_tier_id":0,"_jetpack_memberships_contains_paywalled_content":false,"_jetpack_memberships_contains_paid_content":false,"footnotes":""},"categories":[25],"tags":[12691,14243,13808,11753,14244,429,269],"class_list":["post-86365","post","type-post","status-publish","format-standard","has-post-thumbnail","hentry","category-portada","tag-atenta","tag-causales","tag-codigo-penal","tag-dignidad","tag-magda-rodriguez","tag-mujer","tag-pld"],"jetpack_featured_media_url":"https:\/\/lasprimeras.com.do\/wp-content\/uploads\/2024\/07\/Magda-R.jpg","jetpack-related-posts":[{"id":102898,"url":"https:\/\/lasprimeras.com.do\/index.php\/2025\/07\/09\/terrero-califica-de-aberrante-y-desconsiderado-aprobar-el-codigo-penal-sin-las-tres-causales\/","url_meta":{"origin":86365,"position":0},"title":"Terrero califica de \u201caberrante y desconsiderado\u201d aprobar el C\u00f3digo Penal sin las tres causales","author":"Nelson Feliz","date":"9 de julio de 2025","format":false,"excerpt":"Dice nuevo C\u00f3digo Penal castra derecho a las mujeres dominicanas. El ex diputado y miembro del Comit\u00e9 Central del Partido de la Liberaci\u00f3n Dominicana (PLD), doctor V\u00edctor Manuel Terrero, califico de aberrante y desconsiderado el proyecto de Ley de C\u00f3digo Penal que pretenden aprobar los diputados y senadores este jueves,\u2026","rel":"","context":"En \u00abPOLITICA\u00bb","block_context":{"text":"POLITICA","link":"https:\/\/lasprimeras.com.do\/index.php\/category\/politica\/"},"img":{"alt_text":"","src":"https:\/\/i0.wp.com\/lasprimeras.com.do\/wp-content\/uploads\/2025\/07\/CONGRESO-2.jpg?resize=350%2C200&ssl=1","width":350,"height":200,"srcset":"https:\/\/i0.wp.com\/lasprimeras.com.do\/wp-content\/uploads\/2025\/07\/CONGRESO-2.jpg?resize=350%2C200&ssl=1 1x, https:\/\/i0.wp.com\/lasprimeras.com.do\/wp-content\/uploads\/2025\/07\/CONGRESO-2.jpg?resize=525%2C300&ssl=1 1.5x, https:\/\/i0.wp.com\/lasprimeras.com.do\/wp-content\/uploads\/2025\/07\/CONGRESO-2.jpg?resize=700%2C400&ssl=1 2x"},"classes":[]},{"id":86315,"url":"https:\/\/lasprimeras.com.do\/index.php\/2024\/07\/22\/victor-terrero-rechaza-firmemente-el-nuevo-codigo-penal\/","url_meta":{"origin":86365,"position":1},"title":"V\u00edctor Terrero rechaza firmemente el nuevo C\u00f3digo Penal","author":"Nelson Feliz","date":"22 de julio de 2024","format":false,"excerpt":"El exdiputado por la provincia Barahona, V\u00edctor Manuel Terrero Encarnaci\u00f3n, manifest\u00f3 su indignaci\u00f3n y rechazo al proyecto del nuevo C\u00f3digo Penal que se encuentra bajo discusi\u00f3n en la C\u00e1mara de Diputados, tras ser aprobado por el Senado de la Rep\u00fablica. Terrero Encarnaci\u00f3n describi\u00f3 el proyecto como \"aberrante\" debido a las\u2026","rel":"","context":"En \u00abPORTADA\u00bb","block_context":{"text":"PORTADA","link":"https:\/\/lasprimeras.com.do\/index.php\/category\/portada\/"},"img":{"alt_text":"Victor Terrero","src":"https:\/\/i0.wp.com\/lasprimeras.com.do\/wp-content\/uploads\/2023\/10\/Victor-Terrero.jpg?resize=350%2C200&ssl=1","width":350,"height":200,"srcset":"https:\/\/i0.wp.com\/lasprimeras.com.do\/wp-content\/uploads\/2023\/10\/Victor-Terrero.jpg?resize=350%2C200&ssl=1 1x, https:\/\/i0.wp.com\/lasprimeras.com.do\/wp-content\/uploads\/2023\/10\/Victor-Terrero.jpg?resize=525%2C300&ssl=1 1.5x, https:\/\/i0.wp.com\/lasprimeras.com.do\/wp-content\/uploads\/2023\/10\/Victor-Terrero.jpg?resize=700%2C400&ssl=1 2x"},"classes":[]},{"id":105262,"url":"https:\/\/lasprimeras.com.do\/index.php\/2025\/07\/31\/victor-terrero-califica-de-machistas-e-inhumanos-a-diputados-por-excluir-las-tres-causales-del-codigo-penal\/","url_meta":{"origin":86365,"position":2},"title":"V\u00edctor Terrero califica de \u201cmachistas e inhumanos\u201d a diputados por excluir las tres causales del C\u00f3digo Penal","author":"Nelson Feliz","date":"31 de julio de 2025","format":false,"excerpt":"El miembro del Comit\u00e9 Central del Partido de la Liberaci\u00f3n Dominicana (PLD), doctor V\u00edctor Manuel Terrero, calific\u00f3 hoy de cobardes, ignorantes, insensibles, machistas e inhumanos a los diputados y senadores que aprobaron el controversial proyecto de reforma al C\u00f3digo Penal, excluyendo las tres causales para la interrupci\u00f3n del embarazo. Terrero,\u2026","rel":"","context":"En \u00abPOLITICA\u00bb","block_context":{"text":"POLITICA","link":"https:\/\/lasprimeras.com.do\/index.php\/category\/politica\/"},"img":{"alt_text":"Victor Terrero","src":"https:\/\/i0.wp.com\/lasprimeras.com.do\/wp-content\/uploads\/2023\/10\/Victor-Terrero.jpg?resize=350%2C200&ssl=1","width":350,"height":200,"srcset":"https:\/\/i0.wp.com\/lasprimeras.com.do\/wp-content\/uploads\/2023\/10\/Victor-Terrero.jpg?resize=350%2C200&ssl=1 1x, https:\/\/i0.wp.com\/lasprimeras.com.do\/wp-content\/uploads\/2023\/10\/Victor-Terrero.jpg?resize=525%2C300&ssl=1 1.5x, https:\/\/i0.wp.com\/lasprimeras.com.do\/wp-content\/uploads\/2023\/10\/Victor-Terrero.jpg?resize=700%2C400&ssl=1 2x"},"classes":[]},{"id":86103,"url":"https:\/\/lasprimeras.com.do\/index.php\/2024\/07\/17\/luis-el-gallo-pide-se-congele-conocimiento-codigo-penal-y-el-tema-del-aborto\/","url_meta":{"origin":86365,"position":3},"title":"Luis \u201cEl Gallo\u201d pide se congele conocimiento C\u00f3digo Penal y el tema del aborto","author":"Nelson Feliz","date":"17 de julio de 2024","format":false,"excerpt":"El presidente de la Uni\u00f3n Dem\u00f3crata Cristiana \u2013UDC-, Luis Acosta Moreta, Luis \u201cEl Gallo\u201d, pidi\u00f3 hoy que el nuevo C\u00f3digo Penal y el tema de los abortos, deben congelarse\u00a0 de inmediato, para ser conocidos a fondo por los nuevos legisladores. Destac\u00f3 que solo con el tratamiento a la prohibici\u00f3n o\u2026","rel":"","context":"En \u00abSin categor\u00eda\u00bb","block_context":{"text":"Sin categor\u00eda","link":"https:\/\/lasprimeras.com.do\/index.php\/category\/sin-categoria\/"},"img":{"alt_text":"","src":"https:\/\/i0.wp.com\/lasprimeras.com.do\/wp-content\/uploads\/2024\/07\/Luis-Acosta-Moreta-2.jpg?resize=350%2C200&ssl=1","width":350,"height":200,"srcset":"https:\/\/i0.wp.com\/lasprimeras.com.do\/wp-content\/uploads\/2024\/07\/Luis-Acosta-Moreta-2.jpg?resize=350%2C200&ssl=1 1x, https:\/\/i0.wp.com\/lasprimeras.com.do\/wp-content\/uploads\/2024\/07\/Luis-Acosta-Moreta-2.jpg?resize=525%2C300&ssl=1 1.5x, https:\/\/i0.wp.com\/lasprimeras.com.do\/wp-content\/uploads\/2024\/07\/Luis-Acosta-Moreta-2.jpg?resize=700%2C400&ssl=1 2x"},"classes":[]},{"id":85789,"url":"https:\/\/lasprimeras.com.do\/index.php\/2024\/07\/08\/diputado-luis-gomez-no-habra-tiempo-para-aprobar-el-codigo-penal\/","url_meta":{"origin":86365,"position":4},"title":"Diputado Luis G\u00f3mez no habr\u00e1 tiempo para aprobar el C\u00f3digo Penal","author":"Nelson Feliz","date":"8 de julio de 2024","format":false,"excerpt":"El diputado por la provincia San Pedro de Macor\u00eds, Luis G\u00f3mez entiende que no habr\u00e1 tiempo para aprobar el C\u00f3digo Penal, porque debe ser discutido ampliamente y la legislatura termina el 26 de este mes. El legislador del Partido Revolucionario Moderno (PRM) record\u00f3 que el refer\u00e9ndum est\u00e1 establecido en la\u2026","rel":"","context":"En \u00abSin categor\u00eda\u00bb","block_context":{"text":"Sin categor\u00eda","link":"https:\/\/lasprimeras.com.do\/index.php\/category\/sin-categoria\/"},"img":{"alt_text":"Luis G\u00f3mez","src":"https:\/\/i0.wp.com\/lasprimeras.com.do\/wp-content\/uploads\/2024\/05\/Luis-Gomez-1.jpg?resize=350%2C200&ssl=1","width":350,"height":200,"srcset":"https:\/\/i0.wp.com\/lasprimeras.com.do\/wp-content\/uploads\/2024\/05\/Luis-Gomez-1.jpg?resize=350%2C200&ssl=1 1x, https:\/\/i0.wp.com\/lasprimeras.com.do\/wp-content\/uploads\/2024\/05\/Luis-Gomez-1.jpg?resize=525%2C300&ssl=1 1.5x, https:\/\/i0.wp.com\/lasprimeras.com.do\/wp-content\/uploads\/2024\/05\/Luis-Gomez-1.jpg?resize=700%2C400&ssl=1 2x"},"classes":[]},{"id":105214,"url":"https:\/\/lasprimeras.com.do\/index.php\/2025\/07\/31\/pacheco-critica-declaraciones-de-la-primera-dama-e-hijas-de-abinader-sobre-el-codigo-penal\/","url_meta":{"origin":86365,"position":5},"title":"Pacheco critica declaraciones de la Primera Dama e Hijas de Abinader sobre el C\u00f3digo Penal","author":"Nelson Feliz","date":"31 de julio de 2025","format":false,"excerpt":"El presidente de la C\u00e1mara de Diputados, Alfredo Pacheco, expres\u00f3 su desacuerdo con las declaraciones cr\u00edticas emitidas por la primera dama, Raquel Arbaje, y las hijas del presidente Luis Abinader en relaci\u00f3n al controversial proyecto del C\u00f3digo Penal en discusi\u00f3n en el Congreso Nacional. Durante una sesi\u00f3n en el hemiciclo,\u2026","rel":"","context":"En \u00abNACIONALES\u00bb","block_context":{"text":"NACIONALES","link":"https:\/\/lasprimeras.com.do\/index.php\/category\/nacionales\/"},"img":{"alt_text":"","src":"https:\/\/i0.wp.com\/lasprimeras.com.do\/wp-content\/uploads\/2025\/07\/PACHECO.jpg?resize=350%2C200&ssl=1","width":350,"height":200,"srcset":"https:\/\/i0.wp.com\/lasprimeras.com.do\/wp-content\/uploads\/2025\/07\/PACHECO.jpg?resize=350%2C200&ssl=1 1x, https:\/\/i0.wp.com\/lasprimeras.com.do\/wp-content\/uploads\/2025\/07\/PACHECO.jpg?resize=525%2C300&ssl=1 1.5x, https:\/\/i0.wp.com\/lasprimeras.com.do\/wp-content\/uploads\/2025\/07\/PACHECO.jpg?resize=700%2C400&ssl=1 2x"},"classes":[]}],"jetpack_sharing_enabled":true,"_links":{"self":[{"href":"https:\/\/lasprimeras.com.do\/index.php\/wp-json\/wp\/v2\/posts\/86365","targetHints":{"allow":["GET"]}}],"collection":[{"href":"https:\/\/lasprimeras.com.do\/index.php\/wp-json\/wp\/v2\/posts"}],"about":[{"href":"https:\/\/lasprimeras.com.do\/index.php\/wp-json\/wp\/v2\/types\/post"}],"author":[{"embeddable":true,"href":"https:\/\/lasprimeras.com.do\/index.php\/wp-json\/wp\/v2\/users\/2"}],"replies":[{"embeddable":true,"href":"https:\/\/lasprimeras.com.do\/index.php\/wp-json\/wp\/v2\/comments?post=86365"}],"version-history":[{"count":1,"href":"https:\/\/lasprimeras.com.do\/index.php\/wp-json\/wp\/v2\/posts\/86365\/revisions"}],"predecessor-version":[{"id":86367,"href":"https:\/\/lasprimeras.com.do\/index.php\/wp-json\/wp\/v2\/posts\/86365\/revisions\/86367"}],"wp:featuredmedia":[{"embeddable":true,"href":"https:\/\/lasprimeras.com.do\/index.php\/wp-json\/wp\/v2\/media\/86366"}],"wp:attachment":[{"href":"https:\/\/lasprimeras.com.do\/index.php\/wp-json\/wp\/v2\/media?parent=86365"}],"wp:term":[{"taxonomy":"category","embeddable":true,"href":"https:\/\/lasprimeras.com.do\/index.php\/wp-json\/wp\/v2\/categories?post=86365"},{"taxonomy":"post_tag","embeddable":true,"href":"https:\/\/lasprimeras.com.do\/index.php\/wp-json\/wp\/v2\/tags?post=86365"}],"curies":[{"name":"wp","href":"https:\/\/api.w.org\/{rel}","templated":true}]}}