{"id":86386,"date":"2024-07-23T23:32:18","date_gmt":"2024-07-24T03:32:18","guid":{"rendered":"https:\/\/lasprimeras.com.do\/?p=86386"},"modified":"2024-07-23T23:32:19","modified_gmt":"2024-07-24T03:32:19","slug":"la-agarradera-merengue-interpretado-por-johnny-ventura","status":"publish","type":"post","link":"https:\/\/lasprimeras.com.do\/index.php\/2024\/07\/23\/la-agarradera-merengue-interpretado-por-johnny-ventura\/","title":{"rendered":"La Agarradera merengue interpretado por Johnny Ventura"},"content":{"rendered":"\n<p>Por Jeffrey Jim\u00e9nez<\/p>\n\n\n\n<p>Hace alg\u00fan tiempo buscando en los archivos de la emblem\u00e1tica emisora dominicana, Onda Musical, La inconfundible, encontr\u00e9 algo con relaci\u00f3n a diversos temas discogr\u00e1ficos que al parecer se dieron a conocer por primera vez en dicha estaci\u00f3n capitalina.<\/p>\n\n\n\n<p>Uno de esos temas es el conocido merengue (La Agarradera), uno de los grandes \u00e9xitos del merengue nacional y ni hablar de los primeros merengues que el siempre recordado Johnny Ventura popularizo en los inicios de los a\u00f1os sesenta.<\/p>\n\n\n\n<p>Quise seguir indagando y por cosa de la vida me encontr\u00e9 en mi biblioteca personal, la recordada obra del locutor orgullo de Hato Mayor del Rey, Jes\u00fas Torres Tejeda, quien textualmente en el pie de foto de Johnny Ventura, Dice: Su primer gran \u00e9xito discogr\u00e1fico La Agarradera, merengue de Luis P\u00e9rez, popularizado en 1962 a trav\u00e9s de Onda Musical.<\/p>\n\n\n\n<p>Seg\u00fan el valioso libro (Fichero Art\u00edstico Dominicano Tomo I), del ya fallecido declamador, recordado locutor de Onda Musical y de la revuelta de abril del 1965, donde cita: Luis P\u00e9rez es el compositor del Merengue La Agarradera, que situ\u00f3 a Johnny Ventura en los planos de alta popularidad en 1962, gracias a la acogida y empuje del mismo en la emisora Onda Musical.<\/p>\n\n\n\n<p>Continuando con algo de saber de dicho merengue, que el sello de Atala Blandino, el S.M, que tan valioso fue para los a\u00f1os dorados de la d\u00e9cada del 60, fue grabado por Luis P\u00e9rez y su Combo Caribe interpretado por el joven fen\u00f3meno de la m\u00fasica Johnny Ventura, lo cual pego en la radio nacional gracias a la estaci\u00f3n Onda Musical de la mano del recordado por muchos amantes de la radio, como lo fue el locutor Lorenzo Hern\u00e1ndez, sin que fuera necesario, pagar Payola.<\/p>\n\n\n\n<p>Para edificar mejor a las nuevas generaciones del micr\u00f3fono y amantes de la radio, el ya citado Locutor Lorenzo Hern\u00e1ndez, apodado El Capit\u00e1n Piloto, navegaba cada noche la imaginaria nave de la cabina de La Inconfundible Onda Musical 1150 AM, Con su espacio Por La \u201cRuta del recuerdo\u201d, que se transmit\u00eda a las ocho de la noche, y fue uno de los espacios de mayor audiencia de la radio nacional.<\/p>\n\n\n\n<p>Nota: Dedicado para los amantes del buen saber, amantes de la radio, principalmente a grandes amigos, hermanos locutores que, para no caer en omisiones involuntarias, prefiero que la gran mayor\u00eda lo sientan en su coraz\u00f3n, el cari\u00f1o y el respeto que un servidor, el profesor, periodista e investigador le profesa\u2026\u2026<\/p>\n","protected":false},"excerpt":{"rendered":"<p>Por Jeffrey Jim\u00e9nez Hace alg\u00fan tiempo buscando en los archivos de la emblem\u00e1tica emisora dominicana, Onda Musical, La inconfundible, encontr\u00e9 algo con relaci\u00f3n a diversos temas discogr\u00e1ficos que al parecer&hellip;<\/p>\n","protected":false},"author":2,"featured_media":86387,"comment_status":"open","ping_status":"open","sticky":false,"template":"","format":"standard","meta":{"content-type":"","jetpack_post_was_ever_published":false,"_jetpack_newsletter_access":"","_jetpack_dont_email_post_to_subs":false,"_jetpack_newsletter_tier_id":0,"_jetpack_memberships_contains_paywalled_content":false,"_jetpack_memberships_contains_paid_content":false,"footnotes":""},"categories":[482],"tags":[14251,14252,14250,5388],"class_list":["post-86386","post","type-post","status-publish","format-standard","has-post-thumbnail","hentry","category-historia","tag-interpretado","tag-johnny-ventura","tag-la-agarradera","tag-merengue"],"jetpack_featured_media_url":"https:\/\/lasprimeras.com.do\/wp-content\/uploads\/2024\/07\/WhatsApp-Image-2024-07-20-at-12.12.33-PM.jpeg","jetpack-related-posts":[{"id":103845,"url":"https:\/\/lasprimeras.com.do\/index.php\/2025\/07\/18\/richie-ricardo-mejor-conocido-como-el-natural\/","url_meta":{"origin":86386,"position":0},"title":"Richie Ricardo mejor conocido como \u201cEl Natural\u201d","author":"Nelson Feliz","date":"18 de julio de 2025","format":false,"excerpt":"\"Richie Ricardo, conocido como \u201cEl Natural\u201d, naci\u00f3 en 1959 en Pajonal, Las Matas de Farf\u00e1n, provincia San Juan de la Maguana, Rep\u00fablica Dominicana. Antes de su salto a la fama en la m\u00fasica, fue locutor en Radio Clar\u00edn, experiencia que le sirvi\u00f3 como plataforma para adentrarse en el mundo art\u00edstico.\u2026","rel":"","context":"En \u00abENTRETENIMIENTO\u00bb","block_context":{"text":"ENTRETENIMIENTO","link":"https:\/\/lasprimeras.com.do\/index.php\/category\/entretenimiento\/"},"img":{"alt_text":"","src":"https:\/\/i0.wp.com\/lasprimeras.com.do\/wp-content\/uploads\/2025\/07\/ricardo.jpg?resize=350%2C200&ssl=1","width":350,"height":200,"srcset":"https:\/\/i0.wp.com\/lasprimeras.com.do\/wp-content\/uploads\/2025\/07\/ricardo.jpg?resize=350%2C200&ssl=1 1x, https:\/\/i0.wp.com\/lasprimeras.com.do\/wp-content\/uploads\/2025\/07\/ricardo.jpg?resize=525%2C300&ssl=1 1.5x"},"classes":[]},{"id":63754,"url":"https:\/\/lasprimeras.com.do\/index.php\/2023\/10\/15\/miriam-cruz-merengue-picardia-y-cosas-de-ella-en-festiva-celebracion-en-el-hotel-jaragua\/","url_meta":{"origin":86386,"position":1},"title":"Miriam Cruz: merengue, picard\u00eda y &#8220;cosas de ella&#8221; en festiva celebraci\u00f3n en el hotel Jaragua","author":"BIMARY DE JES\u00daS Matos","date":"15 de octubre de 2023","format":false,"excerpt":"Santo Domingo.-Eran las 10:36 de la noche y a las afueras del Teatro La Fiesta del Hotel Jaragua ya se encontraban varias filas en espera de que se abrieran las puertas para la presentaci\u00f3n art\u00edstica de Miriam Cruz. Las ansias de disfrutar de cada uno de sus contagiosos temas era\u2026","rel":"","context":"En \u00abENTRETENIMIENTO\u00bb","block_context":{"text":"ENTRETENIMIENTO","link":"https:\/\/lasprimeras.com.do\/index.php\/category\/entretenimiento\/"},"img":{"alt_text":"","src":"","width":0,"height":0},"classes":[]},{"id":91242,"url":"https:\/\/lasprimeras.com.do\/index.php\/2024\/11\/15\/nieto-de-pablito-barriga-una-de-las-grandes-atracciones-del-espectaculo-johnny-vive-celebrado-en-puerto-rico\/","url_meta":{"origin":86386,"position":2},"title":"Nieto de Pablito Barriga una de las grandes atracciones del espect\u00e1culo \u201cJohnny Vive\u201d celebrado en Puerto Rico","author":"Nelson Feliz","date":"15 de noviembre de 2024","format":false,"excerpt":"Jaden Sufran Cruz, ejecuto de manera extraordinaria el g\u00fcira, instrumento que le dio fama a su abuelo, provocando la euforia del p\u00fablico que se dio cita en el Coca Cola Music Hall. Puerto Rico. -El nieto del legendario g\u00fcirero y director del combo Show de Johnny Ventura, Pablito Barriga, volvi\u00f3\u2026","rel":"","context":"En \u00abENTRETENIMIENTO\u00bb","block_context":{"text":"ENTRETENIMIENTO","link":"https:\/\/lasprimeras.com.do\/index.php\/category\/entretenimiento\/"},"img":{"alt_text":"","src":"https:\/\/i0.wp.com\/lasprimeras.com.do\/wp-content\/uploads\/2024\/11\/WhatsApp-Image-2024-11-14-at-8.03.54-PM.jpeg?resize=350%2C200&ssl=1","width":350,"height":200,"srcset":"https:\/\/i0.wp.com\/lasprimeras.com.do\/wp-content\/uploads\/2024\/11\/WhatsApp-Image-2024-11-14-at-8.03.54-PM.jpeg?resize=350%2C200&ssl=1 1x, https:\/\/i0.wp.com\/lasprimeras.com.do\/wp-content\/uploads\/2024\/11\/WhatsApp-Image-2024-11-14-at-8.03.54-PM.jpeg?resize=525%2C300&ssl=1 1.5x, https:\/\/i0.wp.com\/lasprimeras.com.do\/wp-content\/uploads\/2024\/11\/WhatsApp-Image-2024-11-14-at-8.03.54-PM.jpeg?resize=700%2C400&ssl=1 2x, https:\/\/i0.wp.com\/lasprimeras.com.do\/wp-content\/uploads\/2024\/11\/WhatsApp-Image-2024-11-14-at-8.03.54-PM.jpeg?resize=1050%2C600&ssl=1 3x"},"classes":[]},{"id":97036,"url":"https:\/\/lasprimeras.com.do\/index.php\/2025\/04\/13\/ciudad-nueva-honra-a-jany-ventura-eterno-imitador-de-johnny-y-alma-de-la-fiesta\/","url_meta":{"origin":86386,"position":3},"title":"Ciudad Nueva honra a Jany Ventura, eterno imitador de Johnny y alma de la fiesta","author":"Nelson Feliz","date":"13 de abril de 2025","format":false,"excerpt":"Por Mercy Garc\u00eda Blanco Familiares, amigos y vecinos del popular reconocido Jany Ventura, se reunieron en el sector de Ciudad Nueva para rendir tributo a su memoria con encendido de velas. Este singular personaje, cuyo nombre real era Jos\u00e9 Bienvenido Ure\u00f1a, dej\u00f3 una huella imborrable en el coraz\u00f3n de quienes\u2026","rel":"","context":"En \u00abENTRETENIMIENTO\u00bb","block_context":{"text":"ENTRETENIMIENTO","link":"https:\/\/lasprimeras.com.do\/index.php\/category\/entretenimiento\/"},"img":{"alt_text":"","src":"https:\/\/i0.wp.com\/lasprimeras.com.do\/wp-content\/uploads\/2025\/04\/Jany-Ventura.jpg?resize=350%2C200&ssl=1","width":350,"height":200,"srcset":"https:\/\/i0.wp.com\/lasprimeras.com.do\/wp-content\/uploads\/2025\/04\/Jany-Ventura.jpg?resize=350%2C200&ssl=1 1x, https:\/\/i0.wp.com\/lasprimeras.com.do\/wp-content\/uploads\/2025\/04\/Jany-Ventura.jpg?resize=525%2C300&ssl=1 1.5x, https:\/\/i0.wp.com\/lasprimeras.com.do\/wp-content\/uploads\/2025\/04\/Jany-Ventura.jpg?resize=700%2C400&ssl=1 2x"},"classes":[]},{"id":121920,"url":"https:\/\/lasprimeras.com.do\/index.php\/2026\/02\/11\/jandy-ventura-participa-en-dominicans-on-the-hill-y-recibe-reconocimiento-en-el-capitolio-de-ee-uu\/","url_meta":{"origin":86386,"position":4},"title":"Jandy Ventura participa en &#8220;Dominicans On The Hill&#8221; y recibe reconocimiento en el Capitolio de EE. UU.","author":"Nelson Feliz","date":"11 de febrero de 2026","format":false,"excerpt":"La conferencia, liderada por Adriano Espaillat, reuni\u00f3 a figuras destacadas para discutir el impacto cultural y social de la comunidad dominicana El merenguero dominicano Jandy Ventura particip\u00f3 en la octava conferencia anual Dominicans On The Hill, celebrada en el Centro de Visitantes del Capitolio de los Estados Unidos, un evento\u2026","rel":"","context":"En \u00abENTRETENIMIENTO\u00bb","block_context":{"text":"ENTRETENIMIENTO","link":"https:\/\/lasprimeras.com.do\/index.php\/category\/entretenimiento\/"},"img":{"alt_text":"","src":"https:\/\/i0.wp.com\/lasprimeras.com.do\/wp-content\/uploads\/2026\/02\/Jandy-Ventura-0.jpg?resize=350%2C200&ssl=1","width":350,"height":200,"srcset":"https:\/\/i0.wp.com\/lasprimeras.com.do\/wp-content\/uploads\/2026\/02\/Jandy-Ventura-0.jpg?resize=350%2C200&ssl=1 1x, https:\/\/i0.wp.com\/lasprimeras.com.do\/wp-content\/uploads\/2026\/02\/Jandy-Ventura-0.jpg?resize=525%2C300&ssl=1 1.5x, https:\/\/i0.wp.com\/lasprimeras.com.do\/wp-content\/uploads\/2026\/02\/Jandy-Ventura-0.jpg?resize=700%2C400&ssl=1 2x"},"classes":[]},{"id":70179,"url":"https:\/\/lasprimeras.com.do\/index.php\/2023\/12\/09\/frank-ceara-celebrara-este-lunes-la-tercera-entrega-de-navidad-entre-amigos-2023\/","url_meta":{"origin":86386,"position":5},"title":"Frank Ceara celebrar\u00e1 este lunes la tercera entrega de &#8220;Navidad entre amigos 2023&#8221;","author":"BIMARY DE JES\u00daS Matos","date":"9 de diciembre de 2023","format":false,"excerpt":"Santo Domingo.-Este lunes 11 de diciembre \u00abNavidad entre Amigos 2023\u00bb llega a su tercera entrega y Kinito M\u00e9ndez, Diomary La Mala, Silvio Mora, Pavel N\u00fa\u00f1ez, Tueska, Diego Jarr y Nairoby Duarte subir\u00e1n a Escenario 360 a acompa\u00f1ar a Frank Ceara en estos hermosos conciertos, que cuentan con la direcci\u00f3n musical\u2026","rel":"","context":"En \u00abENTRETENIMIENTO\u00bb","block_context":{"text":"ENTRETENIMIENTO","link":"https:\/\/lasprimeras.com.do\/index.php\/category\/entretenimiento\/"},"img":{"alt_text":"","src":"https:\/\/i0.wp.com\/lasprimeras.com.do\/wp-content\/uploads\/2023\/12\/WhatsApp-Image-2023-12-07-at-7.22.09-PM-5-8.jpeg?resize=350%2C200&ssl=1","width":350,"height":200,"srcset":"https:\/\/i0.wp.com\/lasprimeras.com.do\/wp-content\/uploads\/2023\/12\/WhatsApp-Image-2023-12-07-at-7.22.09-PM-5-8.jpeg?resize=350%2C200&ssl=1 1x, https:\/\/i0.wp.com\/lasprimeras.com.do\/wp-content\/uploads\/2023\/12\/WhatsApp-Image-2023-12-07-at-7.22.09-PM-5-8.jpeg?resize=525%2C300&ssl=1 1.5x"},"classes":[]}],"jetpack_sharing_enabled":true,"_links":{"self":[{"href":"https:\/\/lasprimeras.com.do\/index.php\/wp-json\/wp\/v2\/posts\/86386","targetHints":{"allow":["GET"]}}],"collection":[{"href":"https:\/\/lasprimeras.com.do\/index.php\/wp-json\/wp\/v2\/posts"}],"about":[{"href":"https:\/\/lasprimeras.com.do\/index.php\/wp-json\/wp\/v2\/types\/post"}],"author":[{"embeddable":true,"href":"https:\/\/lasprimeras.com.do\/index.php\/wp-json\/wp\/v2\/users\/2"}],"replies":[{"embeddable":true,"href":"https:\/\/lasprimeras.com.do\/index.php\/wp-json\/wp\/v2\/comments?post=86386"}],"version-history":[{"count":1,"href":"https:\/\/lasprimeras.com.do\/index.php\/wp-json\/wp\/v2\/posts\/86386\/revisions"}],"predecessor-version":[{"id":86388,"href":"https:\/\/lasprimeras.com.do\/index.php\/wp-json\/wp\/v2\/posts\/86386\/revisions\/86388"}],"wp:featuredmedia":[{"embeddable":true,"href":"https:\/\/lasprimeras.com.do\/index.php\/wp-json\/wp\/v2\/media\/86387"}],"wp:attachment":[{"href":"https:\/\/lasprimeras.com.do\/index.php\/wp-json\/wp\/v2\/media?parent=86386"}],"wp:term":[{"taxonomy":"category","embeddable":true,"href":"https:\/\/lasprimeras.com.do\/index.php\/wp-json\/wp\/v2\/categories?post=86386"},{"taxonomy":"post_tag","embeddable":true,"href":"https:\/\/lasprimeras.com.do\/index.php\/wp-json\/wp\/v2\/tags?post=86386"}],"curies":[{"name":"wp","href":"https:\/\/api.w.org\/{rel}","templated":true}]}}