{"id":86445,"date":"2024-07-25T22:20:57","date_gmt":"2024-07-26T02:20:57","guid":{"rendered":"https:\/\/lasprimeras.com.do\/?p=86445"},"modified":"2024-07-25T22:20:58","modified_gmt":"2024-07-26T02:20:58","slug":"canelo-alvarez-buscara-defender-cetros-supermedianos-ante-edgar-berlanga-el-14-de-septiembre","status":"publish","type":"post","link":"https:\/\/lasprimeras.com.do\/index.php\/2024\/07\/25\/canelo-alvarez-buscara-defender-cetros-supermedianos-ante-edgar-berlanga-el-14-de-septiembre\/","title":{"rendered":"\u201cCanelo\u201d Alvarez buscar\u00e1 defender cetros supermedianos ante \u00c9dgar Berlanga el 14 de septiembre"},"content":{"rendered":"\n<p>LAS VEGAS (AP) \u2014 Sa\u00fal \u201cCanelo\u201d \u00c1lvarez buscar\u00e1 defender sus t\u00edtulos de los supermedianos frente al boricua \u00c9dgar Berlanga, el 14 de septiembre en Las Vegas, que ser\u00e1 escenario de otro combate del astro durante el fin de semana en que se festeja la Independencia de M\u00e9xico.<\/p>\n\n\n\n<p>\u00c1lvarez (61-2-2 con 39 nocauts) expondr\u00e1 las versiones de su cetro de las 168 libras por el CMB, la AMB y la OMB en la T-Mobile Arena. El combate estar\u00e1 disponible en Prime Video bajo la modalidad de pago por ver.<\/p>\n\n\n\n<p>El astro de Guadalajara ha protagonizado algunas de sus peleas m\u00e1s importantes en el marco de la fiesta nacional mexicana, incluidos sus tres pleitos contra Gennady Golovkin.<\/p>\n\n\n\n<p>Berlanga (22-0 con 17 nocauts) gan\u00f3 sus primeras 16 peleas profesionales noqueando a sus rivales en el primer asalto. Sin embargo, no hab\u00eda mostrado la misma explosividad desde que ascendi\u00f3 de categor\u00eda hasta febrero, cuando dio cuenta de Padraig McCrory, en su pleito m\u00e1s reciente.<\/p>\n\n\n\n<p>Nacido en Nueva York pero representante de Puerto Rico, Berlanga es considerado el primero del ranking de la AMB (Asociaci\u00f3n Mundial de Boxeo) en las 168 libras.<\/p>\n\n\n\n<p>El cubano Erislandy Lara defender\u00e1 su cetro de los medianos por la AMB ante Danny Garc\u00eda, excampe\u00f3n de las 140 y 147 libras, en la misma funci\u00f3n.<\/p>\n","protected":false},"excerpt":{"rendered":"<p>LAS VEGAS (AP) \u2014 Sa\u00fal \u201cCanelo\u201d \u00c1lvarez buscar\u00e1 defender sus t\u00edtulos de los supermedianos frente al boricua \u00c9dgar Berlanga, el 14 de septiembre en Las Vegas, que ser\u00e1 escenario de&hellip;<\/p>\n","protected":false},"author":2,"featured_media":86446,"comment_status":"open","ping_status":"open","sticky":false,"template":"","format":"standard","meta":{"content-type":"","jetpack_post_was_ever_published":false,"_jetpack_newsletter_access":"","_jetpack_dont_email_post_to_subs":false,"_jetpack_newsletter_tier_id":0,"_jetpack_memberships_contains_paywalled_content":false,"_jetpack_memberships_contains_paid_content":false,"footnotes":""},"categories":[1],"tags":[14274,14273,14271,13519,14272],"class_list":["post-86445","post","type-post","status-publish","format-standard","has-post-thumbnail","hentry","category-sin-categoria","tag-14-de-septiembre","tag-canelo-alvarez-2","tag-cetros-supermedianos","tag-defender","tag-edgar-berlanga"],"jetpack_featured_media_url":"https:\/\/lasprimeras.com.do\/wp-content\/uploads\/2024\/07\/Saul-Canelo-Alvarez.png","jetpack-related-posts":[{"id":89044,"url":"https:\/\/lasprimeras.com.do\/index.php\/2024\/09\/15\/canelo-alvarez-defiende-sus-titulos-ante-puertorriqueno-berlanga-que-prometio-noquearlo\/","url_meta":{"origin":86445,"position":0},"title":"&#8216;Canelo&#8217; \u00c1lvarez defiende sus t\u00edtulos ante puertorrique\u00f1o Berlanga, que prometi\u00f3 noquearlo","author":"Nelson Feliz","date":"15 de septiembre de 2024","format":false,"excerpt":"Redacci\u00f3n Deportes,(EFE).- El mexicano Sa\u00fal \u2018Canelo\u2019 \u00c1lvarez defender\u00e1 este s\u00e1bado los t\u00edtulos supermedianos de la Asociaci\u00f3n Mundial, la Organizaci\u00f3n Mundial y el Consejo Mundial de Boxeo ante el puertorrique\u00f1o Edgar Berlanga, que prometi\u00f3 en ser el primero en noquear al campe\u00f3n mexicano. En una pelea que busca revivir la rivalidad\u2026","rel":"","context":"En \u00abSin categor\u00eda\u00bb","block_context":{"text":"Sin categor\u00eda","link":"https:\/\/lasprimeras.com.do\/index.php\/category\/sin-categoria\/"},"img":{"alt_text":"","src":"https:\/\/i0.wp.com\/lasprimeras.com.do\/wp-content\/uploads\/2024\/09\/Saul-Canelo-Alvarez.jpg?resize=350%2C200&ssl=1","width":350,"height":200,"srcset":"https:\/\/i0.wp.com\/lasprimeras.com.do\/wp-content\/uploads\/2024\/09\/Saul-Canelo-Alvarez.jpg?resize=350%2C200&ssl=1 1x, https:\/\/i0.wp.com\/lasprimeras.com.do\/wp-content\/uploads\/2024\/09\/Saul-Canelo-Alvarez.jpg?resize=525%2C300&ssl=1 1.5x"},"classes":[]},{"id":109054,"url":"https:\/\/lasprimeras.com.do\/index.php\/2025\/09\/14\/terence-crawford-hace-historia-con-victoria-sobre-canelo-alvarez-y-nuevo-monopolio-de-titulos\/","url_meta":{"origin":86445,"position":1},"title":"Terence Crawford hace historia con victoria sobre Canelo \u00c1lvarez y nuevo monopolio de t\u00edtulos","author":"Nelson Feliz","date":"14 de septiembre de 2025","format":false,"excerpt":"POR MARK ANDERSON LAS VEGAS (AP) \u2014 Terence Crawford se convirti\u00f3 en el primer boxeador en unificar los t\u00edtulos de tres divisiones diferentes, tras imponerse el s\u00e1bado por decisi\u00f3n un\u00e1nime a Sa\u00fal \u201cCanelo\u201d \u00c1lvarez para apoderarse de los cetros de los supermedianos. Ante una multitud r\u00e9cord de 70.482 espectadores, dos\u2026","rel":"","context":"En \u00abDEPORTES\u00bb","block_context":{"text":"DEPORTES","link":"https:\/\/lasprimeras.com.do\/index.php\/category\/deportes\/"},"img":{"alt_text":"","src":"https:\/\/i0.wp.com\/lasprimeras.com.do\/wp-content\/uploads\/2025\/09\/Terence-Crawford-hace-historia-con-victoria-sobre-Canelo-Alvarez-y-nuevo-monopolio-de-titulos.jpg?resize=350%2C200&ssl=1","width":350,"height":200,"srcset":"https:\/\/i0.wp.com\/lasprimeras.com.do\/wp-content\/uploads\/2025\/09\/Terence-Crawford-hace-historia-con-victoria-sobre-Canelo-Alvarez-y-nuevo-monopolio-de-titulos.jpg?resize=350%2C200&ssl=1 1x, https:\/\/i0.wp.com\/lasprimeras.com.do\/wp-content\/uploads\/2025\/09\/Terence-Crawford-hace-historia-con-victoria-sobre-Canelo-Alvarez-y-nuevo-monopolio-de-titulos.jpg?resize=525%2C300&ssl=1 1.5x, https:\/\/i0.wp.com\/lasprimeras.com.do\/wp-content\/uploads\/2025\/09\/Terence-Crawford-hace-historia-con-victoria-sobre-Canelo-Alvarez-y-nuevo-monopolio-de-titulos.jpg?resize=700%2C400&ssl=1 2x"},"classes":[]},{"id":50924,"url":"https:\/\/lasprimeras.com.do\/index.php\/2023\/05\/25\/canelo-alvarez-confirma-pelea-en-septiembre-con-un-rival-por-anunciar\/","url_meta":{"origin":86445,"position":2},"title":"&#8216;Canelo&#8217; \u00c1lvarez confirma pelea en septiembre con un rival por anunciar","author":"prenxa100","date":"25 de mayo de 2023","format":false,"excerpt":"M\u00e9xico, EFE.-.El boxeador mexicano Sa\u00fal 'Canelo' \u00c1lvarez, campe\u00f3n indiscutible del peso supermediano, confirm\u00f3 este mi\u00e9rcoles que pelear\u00e1 el pr\u00f3ximo septiembre con un rival por anunciar. \"S\u00ed pelear\u00e9 en septiembre, pero todav\u00eda no s\u00e9 con qui\u00e9n ni nada. La pr\u00f3xima semana nos vamos a sentar para hablar de eso\", explic\u00f3 durante\u2026","rel":"","context":"En \u00abSin categor\u00eda\u00bb","block_context":{"text":"Sin categor\u00eda","link":"https:\/\/lasprimeras.com.do\/index.php\/category\/sin-categoria\/"},"img":{"alt_text":"","src":"","width":0,"height":0},"classes":[]},{"id":61859,"url":"https:\/\/lasprimeras.com.do\/index.php\/2023\/10\/01\/rafael-padilla-nuevo-director-de-prensa-y-comunicaciones-lnb\/","url_meta":{"origin":86445,"position":3},"title":"Rafael Padilla nuevo Director de Prensa y Comunicaciones LNB","author":"Nelson Feliz","date":"1 de octubre de 2023","format":false,"excerpt":"El cronista deportivo Rafael Padilla asume la direcci\u00f3n de Prensa y Comunicaciones de la Liga Nacional de B\u00e9isbol Profesional (LNB PROFESIONAL)en Santiago . La informaci\u00f3n fue confirmada por el Lic. Alfonso Pe\u00f1a Melo, presidente de la entidad, durante una visita al Estadio Cibao de Santiago de Los Caballeros, hogar de\u2026","rel":"","context":"En \u00abSin categor\u00eda\u00bb","block_context":{"text":"Sin categor\u00eda","link":"https:\/\/lasprimeras.com.do\/index.php\/category\/sin-categoria\/"},"img":{"alt_text":"Rafael Padilla","src":"https:\/\/i0.wp.com\/lasprimeras.com.do\/wp-content\/uploads\/2023\/10\/Rafael-Padilla.jpg?resize=350%2C200&ssl=1","width":350,"height":200,"srcset":"https:\/\/i0.wp.com\/lasprimeras.com.do\/wp-content\/uploads\/2023\/10\/Rafael-Padilla.jpg?resize=350%2C200&ssl=1 1x, https:\/\/i0.wp.com\/lasprimeras.com.do\/wp-content\/uploads\/2023\/10\/Rafael-Padilla.jpg?resize=525%2C300&ssl=1 1.5x, https:\/\/i0.wp.com\/lasprimeras.com.do\/wp-content\/uploads\/2023\/10\/Rafael-Padilla.jpg?resize=700%2C400&ssl=1 2x"},"classes":[]},{"id":52717,"url":"https:\/\/lasprimeras.com.do\/index.php\/2023\/06\/13\/denver-logra-su-primer-cetro-en-sus-47-anos-de-historia-en-la-nba\/","url_meta":{"origin":86445,"position":4},"title":"Denver logra su primer cetro en sus 47 a\u00f1os de historia en la NBA","author":"prenxa100","date":"13 de junio de 2023","format":false,"excerpt":"Se imponen 94-89 al Heat de Miami en el quinto partido de las finales; Nikola Jokic sobresale con 28 puntos. Nikola Jokic gui\u00f3 a los Nuggets al primer t\u00edtulo de la NBA en su historia el lunes y Denver se sobrepuso a una atroz noche ofensiva y un aluvi\u00f3n de\u2026","rel":"","context":"En \u00abSin categor\u00eda\u00bb","block_context":{"text":"Sin categor\u00eda","link":"https:\/\/lasprimeras.com.do\/index.php\/category\/sin-categoria\/"},"img":{"alt_text":"","src":"https:\/\/i0.wp.com\/lasprimeras.com.do\/wp-content\/uploads\/2023\/06\/denver-logra-su-primer-cetro-en-sus-47-anos-de-historia-en-la-nba.jpg?resize=350%2C200&ssl=1","width":350,"height":200,"srcset":"https:\/\/i0.wp.com\/lasprimeras.com.do\/wp-content\/uploads\/2023\/06\/denver-logra-su-primer-cetro-en-sus-47-anos-de-historia-en-la-nba.jpg?resize=350%2C200&ssl=1 1x, https:\/\/i0.wp.com\/lasprimeras.com.do\/wp-content\/uploads\/2023\/06\/denver-logra-su-primer-cetro-en-sus-47-anos-de-historia-en-la-nba.jpg?resize=525%2C300&ssl=1 1.5x, https:\/\/i0.wp.com\/lasprimeras.com.do\/wp-content\/uploads\/2023\/06\/denver-logra-su-primer-cetro-en-sus-47-anos-de-historia-en-la-nba.jpg?resize=700%2C400&ssl=1 2x"},"classes":[]},{"id":63104,"url":"https:\/\/lasprimeras.com.do\/index.php\/2023\/10\/10\/granjeros-de-moca-ganan-decimo-cetro-en-la-liga-beisbol-de-verano\/","url_meta":{"origin":86445,"position":5},"title":"Granjeros de Moca ganan d\u00e9cimo cetro en la Liga B\u00e9isbol de Verano","author":"BIMARY DE JES\u00daS Matos","date":"10 de octubre de 2023","format":false,"excerpt":"BONAO.- Los Granjeros de Moca lograron una disputada victoria 14 carreras por 10 sobre los Mineros de Bonao para obtener su d\u00e9cimo t\u00edtulo en la Liga Nacional de B\u00e9isbol de Verano 2023, dedicado al presidente Luis Abinader. La novena mocana demostr\u00f3 su destreza en el diamante, superando a los Mineros\u2026","rel":"","context":"En \u00abSin categor\u00eda\u00bb","block_context":{"text":"Sin categor\u00eda","link":"https:\/\/lasprimeras.com.do\/index.php\/category\/sin-categoria\/"},"img":{"alt_text":"","src":"https:\/\/i0.wp.com\/lasprimeras.com.do\/wp-content\/uploads\/2023\/10\/WhatsApp-Image-2023-10-09-at-6.14.13-PM-2-2.jpeg?resize=350%2C200&ssl=1","width":350,"height":200,"srcset":"https:\/\/i0.wp.com\/lasprimeras.com.do\/wp-content\/uploads\/2023\/10\/WhatsApp-Image-2023-10-09-at-6.14.13-PM-2-2.jpeg?resize=350%2C200&ssl=1 1x, https:\/\/i0.wp.com\/lasprimeras.com.do\/wp-content\/uploads\/2023\/10\/WhatsApp-Image-2023-10-09-at-6.14.13-PM-2-2.jpeg?resize=525%2C300&ssl=1 1.5x, https:\/\/i0.wp.com\/lasprimeras.com.do\/wp-content\/uploads\/2023\/10\/WhatsApp-Image-2023-10-09-at-6.14.13-PM-2-2.jpeg?resize=700%2C400&ssl=1 2x"},"classes":[]}],"jetpack_sharing_enabled":true,"_links":{"self":[{"href":"https:\/\/lasprimeras.com.do\/index.php\/wp-json\/wp\/v2\/posts\/86445","targetHints":{"allow":["GET"]}}],"collection":[{"href":"https:\/\/lasprimeras.com.do\/index.php\/wp-json\/wp\/v2\/posts"}],"about":[{"href":"https:\/\/lasprimeras.com.do\/index.php\/wp-json\/wp\/v2\/types\/post"}],"author":[{"embeddable":true,"href":"https:\/\/lasprimeras.com.do\/index.php\/wp-json\/wp\/v2\/users\/2"}],"replies":[{"embeddable":true,"href":"https:\/\/lasprimeras.com.do\/index.php\/wp-json\/wp\/v2\/comments?post=86445"}],"version-history":[{"count":1,"href":"https:\/\/lasprimeras.com.do\/index.php\/wp-json\/wp\/v2\/posts\/86445\/revisions"}],"predecessor-version":[{"id":86447,"href":"https:\/\/lasprimeras.com.do\/index.php\/wp-json\/wp\/v2\/posts\/86445\/revisions\/86447"}],"wp:featuredmedia":[{"embeddable":true,"href":"https:\/\/lasprimeras.com.do\/index.php\/wp-json\/wp\/v2\/media\/86446"}],"wp:attachment":[{"href":"https:\/\/lasprimeras.com.do\/index.php\/wp-json\/wp\/v2\/media?parent=86445"}],"wp:term":[{"taxonomy":"category","embeddable":true,"href":"https:\/\/lasprimeras.com.do\/index.php\/wp-json\/wp\/v2\/categories?post=86445"},{"taxonomy":"post_tag","embeddable":true,"href":"https:\/\/lasprimeras.com.do\/index.php\/wp-json\/wp\/v2\/tags?post=86445"}],"curies":[{"name":"wp","href":"https:\/\/api.w.org\/{rel}","templated":true}]}}