{"id":86529,"date":"2024-07-26T23:29:06","date_gmt":"2024-07-27T03:29:06","guid":{"rendered":"https:\/\/lasprimeras.com.do\/?p=86529"},"modified":"2024-07-26T23:29:06","modified_gmt":"2024-07-27T03:29:06","slug":"retiran-del-mercado-embutidos-de-boars-head-mientras-investigan-brote-de-listeria","status":"publish","type":"post","link":"https:\/\/lasprimeras.com.do\/index.php\/2024\/07\/26\/retiran-del-mercado-embutidos-de-boars-head-mientras-investigan-brote-de-listeria\/","title":{"rendered":"Retiran del mercado embutidos de Boar\u2019s Head mientras investigan brote de listeria"},"content":{"rendered":"\n<p>BY MIKE STOBBE<\/p>\n\n\n\n<p>NUEVA YORK (AP) \u2014 Las autoridades sanitarias estadounidenses anunciaron el viernes la retirada de algunas salchichas de h\u00edgado y embutidos de Boar\u2019s Head mientras investigan un brote de listeria que ha enfermado a casi tres docenas de personas y causado dos muertes.<\/p>\n\n\n\n<p>Boar\u2019s Head Provisions Co. retir\u00f3 del mercado las salchichas de h\u00edgado porque podr\u00edan estar contaminadas con la bacteria listeria, seg\u00fan inform\u00f3 el Departamento de Agricultura de Estados Unidos (USDA, por sus siglas en ingl\u00e9s).<\/p>\n\n\n\n<p>La agencia dijo que una muestra de salchicha de h\u00edgado Boar\u2019s Head de una tienda de Maryland dio positivo para la listeria.<\/p>\n\n\n\n<p>La empresa tambi\u00e9n est\u00e1 retirando del mercado los embutidos elaborados el mismo d\u00eda y en la misma l\u00ednea en una planta de Virginia que la salchicha de h\u00edgado contaminada, seg\u00fan el USDA.<\/p>\n\n\n\n<p>La muestra proced\u00eda de un envase sin abrir, recogido por las autoridades sanitarias en el marco de una investigaci\u00f3n sobre el brote de listeria.<\/p>\n\n\n\n<p>Las autoridades sanitarias informaron que se est\u00e1n realizando pruebas para determinar si la muestra de salchicha de h\u00edgado est\u00e1 relacionada con el brote.<\/p>\n\n\n\n<p>\u201cEstamos cooperando plenamente con las autoridades gubernamentales y llevando a cabo nuestra propia investigaci\u00f3n sobre este incidente\u201d, dijo la compa\u00f1\u00eda con sede en Sarasota, Florida, en un comunicado.<\/p>\n\n\n\n<p>El brote de listeria se notific\u00f3 por primera vez la semana pasada. Desde finales de mayo, 34 personas se han enfermado en 13 estados, y todas menos una han sido hospitalizadas. Dos personas murieron, en Illinois y Nueva Jersey.<\/p>\n\n\n\n<p>Los s\u00edntomas pueden tardar semanas en manifestarse, por lo que es posible que haya m\u00e1s casos, seg\u00fan las autoridades.<\/p>\n\n\n\n<p>Seg\u00fan las autoridades, en la mayor\u00eda de los casos, las personas afectadas consumieron embutidos de pavo, salchichas de h\u00edgado y jam\u00f3n.<\/p>\n\n\n\n<p>La listeria puede contaminar los alimentos y enfermar a las personas que los consumen. Los s\u00edntomas incluyen fiebre, dolores musculares, n\u00e1useas y diarrea.<\/p>\n\n\n\n<p>Puede tratarse con antibi\u00f3ticos, pero es especialmente peligrosa para las mujeres embarazadas, los reci\u00e9n nacidos, los ancianos y las personas inmunodeprimidas.<\/p>\n","protected":false},"excerpt":{"rendered":"<p>BY MIKE STOBBE NUEVA YORK (AP) \u2014 Las autoridades sanitarias estadounidenses anunciaron el viernes la retirada de algunas salchichas de h\u00edgado y embutidos de Boar\u2019s Head mientras investigan un brote&hellip;<\/p>\n","protected":false},"author":2,"featured_media":86530,"comment_status":"open","ping_status":"open","sticky":false,"template":"","format":"standard","meta":{"content-type":"","jetpack_post_was_ever_published":false,"_jetpack_newsletter_access":"","_jetpack_dont_email_post_to_subs":false,"_jetpack_newsletter_tier_id":0,"_jetpack_memberships_contains_paywalled_content":false,"_jetpack_memberships_contains_paid_content":false,"footnotes":""},"categories":[1],"tags":[14335,1346,14333,1584,5216,1639,14334],"class_list":["post-86529","post","type-post","status-publish","format-standard","has-post-thumbnail","hentry","category-sin-categoria","tag-boars-head","tag-brote","tag-embutidos","tag-investigan","tag-listeria","tag-mercado","tag-retiran"],"jetpack_featured_media_url":"https:\/\/lasprimeras.com.do\/wp-content\/uploads\/2024\/07\/listeria.png","jetpack-related-posts":[{"id":119694,"url":"https:\/\/lasprimeras.com.do\/index.php\/2026\/01\/16\/retiran-queso-en-varios-estados-eua-por-listeria-monocytogenes-miles-dominicanos-residen-en-ellos\/","url_meta":{"origin":86529,"position":0},"title":"Retiran queso en varios estados-EUA por Listeria monocytogenes; miles dominicanos residen en ellos","author":"Nelson Feliz","date":"16 de enero de 2026","format":false,"excerpt":"Por Ram\u00f3n Mercedes NUEVA YORK.- Varios productos de Queso Pecorino Romano rallado fueron retirados del mercado en al menos 20 estados, seg\u00fan la Administraci\u00f3n de Alimentos y Medicamentos de Estados Unidos (FDA). El retiro del producto obedece despu\u00e9s que las pruebas de rutina confirmaran la presencia de Listeria monocytogenes, que\u2026","rel":"","context":"En \u00abSALUD\u00bb","block_context":{"text":"SALUD","link":"https:\/\/lasprimeras.com.do\/index.php\/category\/salud\/"},"img":{"alt_text":"","src":"https:\/\/i0.wp.com\/lasprimeras.com.do\/wp-content\/uploads\/2026\/01\/IMG-20260116-WA0103.jpg?resize=350%2C200&ssl=1","width":350,"height":200,"srcset":"https:\/\/i0.wp.com\/lasprimeras.com.do\/wp-content\/uploads\/2026\/01\/IMG-20260116-WA0103.jpg?resize=350%2C200&ssl=1 1x, https:\/\/i0.wp.com\/lasprimeras.com.do\/wp-content\/uploads\/2026\/01\/IMG-20260116-WA0103.jpg?resize=525%2C300&ssl=1 1.5x"},"classes":[]},{"id":59297,"url":"https:\/\/lasprimeras.com.do\/index.php\/2023\/09\/01\/pn-compran-productos-de-la-canasta-basica-en-los-mercados-moviles-de-inespre\/","url_meta":{"origin":86529,"position":1},"title":"PN compran productos de la canasta b\u00e1sica en los mercados m\u00f3viles de Inespre","author":"Nelson Feliz","date":"1 de septiembre de 2023","format":false,"excerpt":"Por Martin Restituyo Decenas de miembros de la Polic\u00eda Nacional, as\u00ed como personal civil, fueron beneficiados con la instalaci\u00f3n del mercado m\u00f3vil del Instituto de Estabilizaci\u00f3n de Precios (Inespre), mediante el cual pudieron adquirir los productos b\u00e1sicos de la canasta familiar a bajos precios. Desde las 8:00 de la ma\u00f1ana,\u2026","rel":"","context":"En \u00abECONOM\u00cdA\u00bb","block_context":{"text":"ECONOM\u00cdA","link":"https:\/\/lasprimeras.com.do\/index.php\/category\/economia\/"},"img":{"alt_text":"Inespre","src":"https:\/\/i0.wp.com\/lasprimeras.com.do\/wp-content\/uploads\/2023\/09\/Inespre-1.jpg?resize=350%2C200&ssl=1","width":350,"height":200,"srcset":"https:\/\/i0.wp.com\/lasprimeras.com.do\/wp-content\/uploads\/2023\/09\/Inespre-1.jpg?resize=350%2C200&ssl=1 1x, https:\/\/i0.wp.com\/lasprimeras.com.do\/wp-content\/uploads\/2023\/09\/Inespre-1.jpg?resize=525%2C300&ssl=1 1.5x, https:\/\/i0.wp.com\/lasprimeras.com.do\/wp-content\/uploads\/2023\/09\/Inespre-1.jpg?resize=700%2C400&ssl=1 2x"},"classes":[]},{"id":61325,"url":"https:\/\/lasprimeras.com.do\/index.php\/2023\/09\/25\/experto-advierte-sobre-estigma-social-del-cancer-de-higado-tradicionalmente-vinculado-al-alcoholismo\/","url_meta":{"origin":86529,"position":2},"title":"Experto advierte sobre estigma social del c\u00e1ncer de h\u00edgado: &#8220;Tradicionalmente vinculado al alcoholismo&#8221;","author":"Nelson Feliz","date":"25 de septiembre de 2023","format":false,"excerpt":"El c\u00e1ncer de h\u00edgado puede darse por hepatocarcinoma (80-90% de los casos) y c\u00e1ncer de v\u00edas biliares (10-20%), y es la tercera causa principal de muerte por c\u00e1ncer. El c\u00e1ncer de h\u00edgado es una de las enfermedades que cuenta con m\u00e1s estigma social en la actualidad, ya que \"tradicionalmente se\u2026","rel":"","context":"En \u00abSin categor\u00eda\u00bb","block_context":{"text":"Sin categor\u00eda","link":"https:\/\/lasprimeras.com.do\/index.php\/category\/sin-categoria\/"},"img":{"alt_text":"Experto advierte sobre el estigma social del c\u00e1ncer de h\u00edgado: \"Tradicionalmente se ha vinculado al alcoholismo\"ARCHIVO\/LD.","src":"https:\/\/i0.wp.com\/lasprimeras.com.do\/wp-content\/uploads\/2023\/09\/CANCER.jpeg?resize=350%2C200&ssl=1","width":350,"height":200,"srcset":"https:\/\/i0.wp.com\/lasprimeras.com.do\/wp-content\/uploads\/2023\/09\/CANCER.jpeg?resize=350%2C200&ssl=1 1x, https:\/\/i0.wp.com\/lasprimeras.com.do\/wp-content\/uploads\/2023\/09\/CANCER.jpeg?resize=525%2C300&ssl=1 1.5x, https:\/\/i0.wp.com\/lasprimeras.com.do\/wp-content\/uploads\/2023\/09\/CANCER.jpeg?resize=700%2C400&ssl=1 2x"},"classes":[]},{"id":51887,"url":"https:\/\/lasprimeras.com.do\/index.php\/2023\/06\/04\/las-ferias-inespre-esta-de-madre-impactan-a-mas-120-mil-personas\/","url_meta":{"origin":86529,"position":3},"title":"Las ferias \u201cInespre Est\u00e1 de Madre\u201d impactan a m\u00e1s 120 mil personas","author":"prenxa100","date":"4 de junio de 2023","format":false,"excerpt":"Las ferias culminaron este fin de semana Azua con las ventas de miles de productos frescos y a bajos costos. M\u00e1s 120 mil personas compraron alimentos a bajos costos en las ferias \u201cInespre Est\u00e1 de Madre\u201d que fueron realizadas en San Crist\u00f3bal, Santiago, Santo Domingo Este, el Distrito Nacional todos\u2026","rel":"","context":"En \u00abECONOM\u00cdA\u00bb","block_context":{"text":"ECONOM\u00cdA","link":"https:\/\/lasprimeras.com.do\/index.php\/category\/economia\/"},"img":{"alt_text":"","src":"","width":0,"height":0},"classes":[]},{"id":51138,"url":"https:\/\/lasprimeras.com.do\/index.php\/2023\/05\/28\/mas-de-90-mil-personas-se-abastecen-de-alimentos-en-ferias-inespre-esta-de-madre\/","url_meta":{"origin":86529,"position":4},"title":"M\u00e1s de 90 mil personas se abastecen de alimentos en ferias \u201cInespre Est\u00e1 de Madre\u201d","author":"prenxa100","date":"28 de mayo de 2023","format":false,"excerpt":"El Director agradeci\u00f3 la confianza depositada por miles de dominicanos Santo Domingo, RD. M\u00e1s de 90 mil personas de diversas clases sociales se beneficiaron adquiriendo alimentos a bajos costos en las ferias \u201cInespre Est\u00e1 de Madre\u201d que fueron realizadas en San Crist\u00f3bal, Santiago, Santo Domingo Este y el Distrito Nacional\u2026","rel":"","context":"En \u00abECONOM\u00cdA\u00bb","block_context":{"text":"ECONOM\u00cdA","link":"https:\/\/lasprimeras.com.do\/index.php\/category\/economia\/"},"img":{"alt_text":"","src":"","width":0,"height":0},"classes":[]},{"id":73052,"url":"https:\/\/lasprimeras.com.do\/index.php\/2024\/01\/05\/tesla-retira-del-mercado-mas-de-16-millones-de-vehiculos-electricos-exportados-a-china\/","url_meta":{"origin":86529,"position":5},"title":"Tesla retira del mercado m\u00e1s de 1,6 millones de veh\u00edculos el\u00e9ctricos exportados a China","author":"Nelson Feliz","date":"5 de enero de 2024","format":false,"excerpt":"Tesla solucionar\u00e1 fallos en la direcci\u00f3n autom\u00e1tica y en los pestillos de las puertas los veh\u00edculos. BEIJING (AP) \u2014 Tesla est\u00e1 retirando del mercado m\u00e1s de 1,6 millones de veh\u00edculos el\u00e9ctricos Model S, X, 3 e Y exportados a China por problemas con la direcci\u00f3n autom\u00e1tica asistida y los controles\u2026","rel":"","context":"En \u00abSin categor\u00eda\u00bb","block_context":{"text":"Sin categor\u00eda","link":"https:\/\/lasprimeras.com.do\/index.php\/category\/sin-categoria\/"},"img":{"alt_text":"Tesla Motors","src":"https:\/\/i0.wp.com\/lasprimeras.com.do\/wp-content\/uploads\/2024\/01\/Tesla-Motors.jpg?resize=350%2C200&ssl=1","width":350,"height":200,"srcset":"https:\/\/i0.wp.com\/lasprimeras.com.do\/wp-content\/uploads\/2024\/01\/Tesla-Motors.jpg?resize=350%2C200&ssl=1 1x, https:\/\/i0.wp.com\/lasprimeras.com.do\/wp-content\/uploads\/2024\/01\/Tesla-Motors.jpg?resize=525%2C300&ssl=1 1.5x, https:\/\/i0.wp.com\/lasprimeras.com.do\/wp-content\/uploads\/2024\/01\/Tesla-Motors.jpg?resize=700%2C400&ssl=1 2x"},"classes":[]}],"jetpack_sharing_enabled":true,"_links":{"self":[{"href":"https:\/\/lasprimeras.com.do\/index.php\/wp-json\/wp\/v2\/posts\/86529","targetHints":{"allow":["GET"]}}],"collection":[{"href":"https:\/\/lasprimeras.com.do\/index.php\/wp-json\/wp\/v2\/posts"}],"about":[{"href":"https:\/\/lasprimeras.com.do\/index.php\/wp-json\/wp\/v2\/types\/post"}],"author":[{"embeddable":true,"href":"https:\/\/lasprimeras.com.do\/index.php\/wp-json\/wp\/v2\/users\/2"}],"replies":[{"embeddable":true,"href":"https:\/\/lasprimeras.com.do\/index.php\/wp-json\/wp\/v2\/comments?post=86529"}],"version-history":[{"count":1,"href":"https:\/\/lasprimeras.com.do\/index.php\/wp-json\/wp\/v2\/posts\/86529\/revisions"}],"predecessor-version":[{"id":86531,"href":"https:\/\/lasprimeras.com.do\/index.php\/wp-json\/wp\/v2\/posts\/86529\/revisions\/86531"}],"wp:featuredmedia":[{"embeddable":true,"href":"https:\/\/lasprimeras.com.do\/index.php\/wp-json\/wp\/v2\/media\/86530"}],"wp:attachment":[{"href":"https:\/\/lasprimeras.com.do\/index.php\/wp-json\/wp\/v2\/media?parent=86529"}],"wp:term":[{"taxonomy":"category","embeddable":true,"href":"https:\/\/lasprimeras.com.do\/index.php\/wp-json\/wp\/v2\/categories?post=86529"},{"taxonomy":"post_tag","embeddable":true,"href":"https:\/\/lasprimeras.com.do\/index.php\/wp-json\/wp\/v2\/tags?post=86529"}],"curies":[{"name":"wp","href":"https:\/\/api.w.org\/{rel}","templated":true}]}}