{"id":86555,"date":"2024-07-27T20:06:34","date_gmt":"2024-07-28T00:06:34","guid":{"rendered":"https:\/\/lasprimeras.com.do\/?p=86555"},"modified":"2024-07-27T20:06:35","modified_gmt":"2024-07-28T00:06:35","slug":"mexico-y-rd-conmemoran-aniversario-de-sus-relaciones-diplomaticas-con-serie-de-beisbol","status":"publish","type":"post","link":"https:\/\/lasprimeras.com.do\/index.php\/2024\/07\/27\/mexico-y-rd-conmemoran-aniversario-de-sus-relaciones-diplomaticas-con-serie-de-beisbol\/","title":{"rendered":"M\u00e9xico y RD conmemoran aniversario de sus relaciones diplom\u00e1ticas con serie de b\u00e9isbol"},"content":{"rendered":"\n<p>En el marco de la Serie de la Hermandad el Gobierno de Puebla organiz\u00f3 una ceremonia protocolar encabezada por el Secretario de Econom\u00eda de Puebla, Ermilo Barrera, por la embajadora de RD en M\u00e9xico, Mar\u00eda Isabel Castillo B\u00e1ez y por el Director General para Centroam\u00e9rica y El Caribe de la Secretar\u00eda de Relaciones Exteriores de M\u00e9xico, Imanol Belausteguigoitia.<\/p>\n\n\n\n<p>En la Serie de la Hermandad participan 89 beisbolistas dominicanos en 30 partidos de b\u00e9isbol jugados en 6 ciudades del pa\u00eds azteca y uno en EEUU.<\/p>\n\n\n\n<p>El b\u00e9isbol ha sido el protagonista en las celebraciones que cierran la agenda de actividades en conmemoraci\u00f3n del 135 aniversario de las relaciones diplom\u00e1ticas entre los Estados Unidos Mexicanos y la Rep\u00fablica Dominicana.&nbsp;<\/p>\n\n\n\n<p>En una iniciativa de diplomacia deportiva, la Secretar\u00eda de Relaciones Exteriores de M\u00e9xico y la Embajada de la Rep\u00fablica Dominicana en M\u00e9xico, en colaboraci\u00f3n con la Liga Mexicana de B\u00e9isbol, celebran en tierra azteca la Serie de la Hermandad, temporada que incluye 30 partidos de b\u00e9isbol en los grandes estadios de las ciudades de Quer\u00e9taro, Veracruz, Monterrey, Guanajuato, Puebla, Ciudad de M\u00e9xico, as\u00ed como un partido en los Estados Unidos.<\/p>\n\n\n\n<p>En la serie participan 89 beisbolistas dominicanos que juegan en los equipos de la Liga Mexicana de B\u00e9isbol, demostrando, una vez m\u00e1s, el gran talento dominicano para este deporte.&nbsp; En los estadios y en las transmisiones en cadena nacional de televisi\u00f3n mexicana, se proyectan videos e im\u00e1genes de la Rep\u00fablica Dominicana y del aporte del pa\u00eds al b\u00e9isbol internacional.&nbsp;<\/p>\n\n\n\n<p>En cada partido se realiza un lanzamiento de primera bola por funcionarios diplom\u00e1ticos de ambos pa\u00edses y se llevan a cabo firmas de aut\u00f3grafos con los beisbolistas dominicanos, contribuyendo a su proyecci\u00f3n internacional.<\/p>\n\n\n\n<p>Desde la d\u00e9cada de los 70\u2019s los jugadores dominicanos participan en la Liga Mexicana de B\u00e9isbol, habi\u00e9ndose destacado en esa \u00e9poca el jugador Rafael Batista en los Cafeteros de C\u00f3rdoba. Entre los m\u00e1s recientes jugadores dominicanos destacan Robinson Can\u00f3, que juega actualmente en los Diablos Rojos de M\u00e9xico y Luis Barrera en los Piratas de Campeche.<\/p>\n","protected":false},"excerpt":{"rendered":"<p>En el marco de la Serie de la Hermandad el Gobierno de Puebla organiz\u00f3 una ceremonia protocolar encabezada por el Secretario de Econom\u00eda de Puebla, Ermilo Barrera, por la embajadora&hellip;<\/p>\n","protected":false},"author":2,"featured_media":86556,"comment_status":"open","ping_status":"open","sticky":false,"template":"","format":"standard","meta":{"content-type":"","jetpack_post_was_ever_published":false,"_jetpack_newsletter_access":"","_jetpack_dont_email_post_to_subs":false,"_jetpack_newsletter_tier_id":0,"_jetpack_memberships_contains_paywalled_content":false,"_jetpack_memberships_contains_paid_content":false,"footnotes":""},"categories":[25],"tags":[1320,1140,1051,14346,906,1303,1226,7547],"class_list":["post-86555","post","type-post","status-publish","format-standard","has-post-thumbnail","hentry","category-portada","tag-aniversario","tag-beisbol","tag-conmemoran","tag-diplomaticas-2","tag-mexico","tag-relaciones","tag-republica-dominicana","tag-serie"],"jetpack_featured_media_url":"https:\/\/lasprimeras.com.do\/wp-content\/uploads\/2024\/07\/V-El-ministro-consejero-Freddy-Espinosa-en-el-lanzamiento-de-la-bola-inaugural-en-el-estadio-Finsus-en-Queretaro.jpg","jetpack-related-posts":[{"id":109566,"url":"https:\/\/lasprimeras.com.do\/index.php\/2025\/09\/19\/centroamerica-celebra-en-republica-dominicana-el-204o-aniversario-de-su-independencia\/","url_meta":{"origin":86555,"position":0},"title":"Centroam\u00e9rica celebra en Rep\u00fablica Dominicana el 204\u00ba aniversario de su independencia","author":"Nelson Feliz","date":"19 de septiembre de 2025","format":false,"excerpt":"Las embajadas de los pa\u00edses centroamericanos acreditadas en la Rep\u00fablica Dominicana celebraron con orgullo el 204 aniversario de la independencia de Centroam\u00e9rica, en un emotivo acto que destac\u00f3 la unidad, la cultura y la historia compartida de la regi\u00f3n. La ceremonia cont\u00f3 con la participaci\u00f3n de las representaciones diplom\u00e1ticas de\u2026","rel":"","context":"En \u00abNACIONALES\u00bb","block_context":{"text":"NACIONALES","link":"https:\/\/lasprimeras.com.do\/index.php\/category\/nacionales\/"},"img":{"alt_text":"","src":"https:\/\/i0.wp.com\/lasprimeras.com.do\/wp-content\/uploads\/2025\/09\/aniversario-1.jpg?resize=350%2C200&ssl=1","width":350,"height":200,"srcset":"https:\/\/i0.wp.com\/lasprimeras.com.do\/wp-content\/uploads\/2025\/09\/aniversario-1.jpg?resize=350%2C200&ssl=1 1x, https:\/\/i0.wp.com\/lasprimeras.com.do\/wp-content\/uploads\/2025\/09\/aniversario-1.jpg?resize=525%2C300&ssl=1 1.5x, https:\/\/i0.wp.com\/lasprimeras.com.do\/wp-content\/uploads\/2025\/09\/aniversario-1.jpg?resize=700%2C400&ssl=1 2x"},"classes":[]},{"id":70173,"url":"https:\/\/lasprimeras.com.do\/index.php\/2023\/12\/09\/esperan-estrellas-de-grandes-ligas-jueguen-proxima-serie-del-caribe\/","url_meta":{"origin":86555,"position":1},"title":"Esperan estrellas de Grandes Ligas jueguen pr\u00f3xima Serie del Caribe","author":"BIMARY DE JES\u00daS Matos","date":"9 de diciembre de 2023","format":false,"excerpt":"SANTO DOMINGO.- El regreso de la Serie del Caribe a la ciudad de Miami luego de una ausencia de m\u00e1s de tres d\u00e9cadas es un evento que no pasar\u00e1 desapercibido. La edici\u00f3n 66 del torneo que re\u00fane a Puerto Rico, Venezuela, M\u00e9xico y Rep\u00fablica Dominicana, misma que ser\u00e1 celebrada en\u2026","rel":"","context":"En \u00abSin categor\u00eda\u00bb","block_context":{"text":"Sin categor\u00eda","link":"https:\/\/lasprimeras.com.do\/index.php\/category\/sin-categoria\/"},"img":{"alt_text":"","src":"https:\/\/i0.wp.com\/lasprimeras.com.do\/wp-content\/uploads\/2023\/12\/WhatsApp-Image-2023-12-07-at-7.22.09-PM-5-6.jpeg?resize=350%2C200&ssl=1","width":350,"height":200,"srcset":"https:\/\/i0.wp.com\/lasprimeras.com.do\/wp-content\/uploads\/2023\/12\/WhatsApp-Image-2023-12-07-at-7.22.09-PM-5-6.jpeg?resize=350%2C200&ssl=1 1x, https:\/\/i0.wp.com\/lasprimeras.com.do\/wp-content\/uploads\/2023\/12\/WhatsApp-Image-2023-12-07-at-7.22.09-PM-5-6.jpeg?resize=525%2C300&ssl=1 1.5x"},"classes":[]},{"id":117273,"url":"https:\/\/lasprimeras.com.do\/index.php\/2025\/12\/08\/la-seleccion-de-rd-y-los-tigres-de-detroit-jugaran-dos-juegos-en-el-estadio-quisqueya-juan-marichal\/","url_meta":{"origin":86555,"position":2},"title":"La Selecci\u00f3n de RD y los Tigres de Detroit jugar\u00e1n dos juegos en el Estadio Quisqueya Juan Marichal","author":"Nelson Feliz","date":"8 de diciembre de 2025","format":false,"excerpt":"El evento se realizar\u00e1 en memoria de las v\u00edctimas del 8 de abril en Santo Domingo, a beneficio de la Cruz Roja Dominicana. \u200bORLANDO. World Baseball Classic, Inc. anunci\u00f3 hoy que la Selecci\u00f3n Nacional de Rep\u00fablica Dominicana jugar\u00e1 una serie de dos juegos contra los Tigres de Detroit como parte\u2026","rel":"","context":"En \u00abSin categor\u00eda\u00bb","block_context":{"text":"Sin categor\u00eda","link":"https:\/\/lasprimeras.com.do\/index.php\/category\/sin-categoria\/"},"img":{"alt_text":"","src":"https:\/\/i0.wp.com\/lasprimeras.com.do\/wp-content\/uploads\/2025\/12\/medina.jpg?resize=350%2C200&ssl=1","width":350,"height":200,"srcset":"https:\/\/i0.wp.com\/lasprimeras.com.do\/wp-content\/uploads\/2025\/12\/medina.jpg?resize=350%2C200&ssl=1 1x, https:\/\/i0.wp.com\/lasprimeras.com.do\/wp-content\/uploads\/2025\/12\/medina.jpg?resize=525%2C300&ssl=1 1.5x, https:\/\/i0.wp.com\/lasprimeras.com.do\/wp-content\/uploads\/2025\/12\/medina.jpg?resize=700%2C400&ssl=1 2x"},"classes":[]},{"id":117816,"url":"https:\/\/lasprimeras.com.do\/index.php\/2025\/12\/16\/serie-del-caribe-2026-en-incertidumbre-mexico-dominicana-y-puerto-rico-no-iran-a-venezuela\/","url_meta":{"origin":86555,"position":3},"title":"Serie del Caribe 2026 en incertidumbre: M\u00e9xico, Dominicana y Puerto Rico no ir\u00e1n a Venezuela","author":"Nelson Feliz","date":"16 de diciembre de 2025","format":false,"excerpt":"Una mujer cuelga ropa en el techo de su residencia en Caracas, Venezuela, el 12 de diciembre de 2025. (AP Foto\/Ariana Cubillos)","rel":"","context":"En \u00abDEPORTES\u00bb","block_context":{"text":"DEPORTES","link":"https:\/\/lasprimeras.com.do\/index.php\/category\/deportes\/"},"img":{"alt_text":"Serie del Caribe 2026","src":"https:\/\/i0.wp.com\/lasprimeras.com.do\/wp-content\/uploads\/2025\/12\/Serie-del-Caribe-2026.jpg?resize=350%2C200&ssl=1","width":350,"height":200,"srcset":"https:\/\/i0.wp.com\/lasprimeras.com.do\/wp-content\/uploads\/2025\/12\/Serie-del-Caribe-2026.jpg?resize=350%2C200&ssl=1 1x, https:\/\/i0.wp.com\/lasprimeras.com.do\/wp-content\/uploads\/2025\/12\/Serie-del-Caribe-2026.jpg?resize=525%2C300&ssl=1 1.5x, https:\/\/i0.wp.com\/lasprimeras.com.do\/wp-content\/uploads\/2025\/12\/Serie-del-Caribe-2026.jpg?resize=700%2C400&ssl=1 2x"},"classes":[]},{"id":75059,"url":"https:\/\/lasprimeras.com.do\/index.php\/2024\/01\/29\/personalidades-felicitan-a-tigres-del-licey-por-corona-beisbol-rd\/","url_meta":{"origin":86555,"position":4},"title":"Personalidades felicitan a Tigres del Licey por corona b\u00e9isbol RD","author":"BIMARY DE JES\u00daS Matos","date":"29 de enero de 2024","format":false,"excerpt":"SANTO DOMINGO.- Personalidades, dirigentes y pol\u00edticos dominicanos felicitaron a los Tigres del Licey por lograr su corona 24 en el beisbol profesional criollo. El Comisionado de B\u00e9isbol Profesional del Caribe, Juan Francisco Puello Herrera, hizo extensiva las felicitaciones a cada uno de los directivos, encabezados por su presidente Ricardo Ravelo,\u2026","rel":"","context":"En \u00abSin categor\u00eda\u00bb","block_context":{"text":"Sin categor\u00eda","link":"https:\/\/lasprimeras.com.do\/index.php\/category\/sin-categoria\/"},"img":{"alt_text":"","src":"https:\/\/i0.wp.com\/lasprimeras.com.do\/wp-content\/uploads\/2024\/01\/Captura-de-pantalla-2024-01-24-145854.jpg?resize=350%2C200&ssl=1","width":350,"height":200,"srcset":"https:\/\/i0.wp.com\/lasprimeras.com.do\/wp-content\/uploads\/2024\/01\/Captura-de-pantalla-2024-01-24-145854.jpg?resize=350%2C200&ssl=1 1x, https:\/\/i0.wp.com\/lasprimeras.com.do\/wp-content\/uploads\/2024\/01\/Captura-de-pantalla-2024-01-24-145854.jpg?resize=525%2C300&ssl=1 1.5x, https:\/\/i0.wp.com\/lasprimeras.com.do\/wp-content\/uploads\/2024\/01\/Captura-de-pantalla-2024-01-24-145854.jpg?resize=700%2C400&ssl=1 2x, https:\/\/i0.wp.com\/lasprimeras.com.do\/wp-content\/uploads\/2024\/01\/Captura-de-pantalla-2024-01-24-145854.jpg?resize=1050%2C600&ssl=1 3x"},"classes":[]},{"id":70128,"url":"https:\/\/lasprimeras.com.do\/index.php\/2023\/12\/08\/anuncian-en-panama-la-primera-serie-del-caribe-kids-para-marzo\/","url_meta":{"origin":86555,"position":5},"title":"Anuncian en Panam\u00e1 la primera Serie del Caribe Kids para marzo","author":"BIMARY DE JES\u00daS Matos","date":"8 de diciembre de 2023","format":false,"excerpt":"CIUDAD DE PANAMA.- El comisionado de la Confederaci\u00f3n de B\u00e9isbol Profesional del Caribe (CBPC), el dominicano Juan Francisco Puello, inform\u00f3 que Panam\u00e1 ser\u00e1 la sede de la primera Serie del Caribe Kids, que se desarrollar\u00e1 del 25 al 30 de marzo del pr\u00f3ximo a\u00f1o. \u00abLa Serie del Caribe tiene un\u2026","rel":"","context":"En \u00abSin categor\u00eda\u00bb","block_context":{"text":"Sin categor\u00eda","link":"https:\/\/lasprimeras.com.do\/index.php\/category\/sin-categoria\/"},"img":{"alt_text":"","src":"https:\/\/i0.wp.com\/lasprimeras.com.do\/wp-content\/uploads\/2023\/12\/407687961_18403296082008455_1909368182557485689_n-5.jpg?resize=350%2C200&ssl=1","width":350,"height":200,"srcset":"https:\/\/i0.wp.com\/lasprimeras.com.do\/wp-content\/uploads\/2023\/12\/407687961_18403296082008455_1909368182557485689_n-5.jpg?resize=350%2C200&ssl=1 1x, https:\/\/i0.wp.com\/lasprimeras.com.do\/wp-content\/uploads\/2023\/12\/407687961_18403296082008455_1909368182557485689_n-5.jpg?resize=525%2C300&ssl=1 1.5x"},"classes":[]}],"jetpack_sharing_enabled":true,"_links":{"self":[{"href":"https:\/\/lasprimeras.com.do\/index.php\/wp-json\/wp\/v2\/posts\/86555","targetHints":{"allow":["GET"]}}],"collection":[{"href":"https:\/\/lasprimeras.com.do\/index.php\/wp-json\/wp\/v2\/posts"}],"about":[{"href":"https:\/\/lasprimeras.com.do\/index.php\/wp-json\/wp\/v2\/types\/post"}],"author":[{"embeddable":true,"href":"https:\/\/lasprimeras.com.do\/index.php\/wp-json\/wp\/v2\/users\/2"}],"replies":[{"embeddable":true,"href":"https:\/\/lasprimeras.com.do\/index.php\/wp-json\/wp\/v2\/comments?post=86555"}],"version-history":[{"count":1,"href":"https:\/\/lasprimeras.com.do\/index.php\/wp-json\/wp\/v2\/posts\/86555\/revisions"}],"predecessor-version":[{"id":86557,"href":"https:\/\/lasprimeras.com.do\/index.php\/wp-json\/wp\/v2\/posts\/86555\/revisions\/86557"}],"wp:featuredmedia":[{"embeddable":true,"href":"https:\/\/lasprimeras.com.do\/index.php\/wp-json\/wp\/v2\/media\/86556"}],"wp:attachment":[{"href":"https:\/\/lasprimeras.com.do\/index.php\/wp-json\/wp\/v2\/media?parent=86555"}],"wp:term":[{"taxonomy":"category","embeddable":true,"href":"https:\/\/lasprimeras.com.do\/index.php\/wp-json\/wp\/v2\/categories?post=86555"},{"taxonomy":"post_tag","embeddable":true,"href":"https:\/\/lasprimeras.com.do\/index.php\/wp-json\/wp\/v2\/tags?post=86555"}],"curies":[{"name":"wp","href":"https:\/\/api.w.org\/{rel}","templated":true}]}}