{"id":86558,"date":"2024-07-27T21:08:12","date_gmt":"2024-07-28T01:08:12","guid":{"rendered":"https:\/\/lasprimeras.com.do\/?p=86558"},"modified":"2024-07-27T21:08:13","modified_gmt":"2024-07-28T01:08:13","slug":"mas-de-un-millon-de-personas-fallece-cada-ano-en-el-mundo-por-hepatitis","status":"publish","type":"post","link":"https:\/\/lasprimeras.com.do\/index.php\/2024\/07\/27\/mas-de-un-millon-de-personas-fallece-cada-ano-en-el-mundo-por-hepatitis\/","title":{"rendered":"M\u00e1s de un mill\u00f3n de personas fallece cada a\u00f1o en el mundo por hepatitis"},"content":{"rendered":"\n<p><strong>Autoridades de salud mundial luchan para la erradicaci\u00f3n en 2030<\/strong><\/p>\n\n\n\n<p>La gastroenter\u00f3loga internista de los Centros de Diagn\u00f3stico y Medicina Avanzada y de Conferencias M\u00e9dicas y Telemedicina (CEDIMAT), doctora Fabiolina S\u00e1nchez sostuvo que las hepatitis es la segunda causa infecciosa de muerte en el mundo.<\/p>\n\n\n\n<p>S\u00e1nchez, cit\u00f3 datos de la OMS que informan que dicha enfermedad provoca 1,3 millones de fallecimientos al a\u00f1o, tras causar da\u00f1os como repercusiones irreversibles en el h\u00edgado y c\u00e1ncer del mismo \u00f3rgano.<\/p>\n\n\n\n<p>\u201cSeg\u00fan el&nbsp;informe mundial sobre las hepatitis de 2024&nbsp;de la Organizaci\u00f3n Mundial de la Salud (OMS), esta es la segunda causa infecciosa de muerte en el mundo, por eso cada 28 de julio la comunidad m\u00e9dica conmemora el D\u00eda Mundial contra la Hepatitis, fecha que es utilizada para incentivar diversas campa\u00f1as a fin de detener este conjunto de enfermedades\u201d.<\/p>\n\n\n\n<p>La hepat\u00f3loga y endoscopista de CEDIMAT, afirm\u00f3 que este a\u00f1o bajo el lema&nbsp;\u201cEs tiempo de actuar\u201d, se destaca la necesidad de una acci\u00f3n colaborativa para ampliar el acceso al diagn\u00f3stico y tratamiento en los pa\u00edses.<\/p>\n\n\n\n<p>Tipos de virus<\/p>\n\n\n\n<p>La especialista explica que existen varios virus que causan hepatitis, sin embargo, el virus B y C son los causantes de gran parte de las muertes y da\u00f1os como resultado de su infecci\u00f3n que son hepatopat\u00eda cr\u00f3nica o cirrosis y c\u00e1ncer de h\u00edgado.<\/p>\n\n\n\n<p>Mientras que el virus A normalmente se cura por el mismo hu\u00e9sped que lo padece y no produce da\u00f1os irreversibles, a menos que el par\u00e1sito se infecte durante un embarazo o sea un paciente con cirrosis por alguna otra causa previa, mencionando que en el pa\u00eds el contagio es end\u00e9mico.<\/p>\n\n\n\n<p>Expresa que despu\u00e9s de los virus B y C, est\u00e1n el D y el E, los cuales en su experiencia no ha tenido la oportunidad de conocer alg\u00fan infectado, pero no descarta su presencia en el pa\u00eds.<\/p>\n\n\n\n<p>Virus B<\/p>\n\n\n\n<p>El virus B de la hepatitis es un microorganismo que se adquiere por m\u00faltiples v\u00edas, incluyendo sangre, contacto sexual y otras menos frecuentes; una vez contagiada la persona existen dos posibilidades: se cura como resultado de una gran inflamaci\u00f3n hep\u00e1tica o nunca abandona el cuerpo del paciente, provocando un da\u00f1o irreversible del h\u00edgado y c\u00e1ncer, sin contar que contribuye a la transmisi\u00f3n y posterior propagaci\u00f3n de la enfermedad.<\/p>\n\n\n\n<p>En el caso de este virus, el sistema de inmunizaci\u00f3n (vacuna), es casi 100 % efectiva y existe desde hace m\u00e1s de 40 a\u00f1os, sin embargo, aun siendo una vacuna efectiva, existen muchas infecciones; por eso parte de la conmemoraci\u00f3n de cada a\u00f1o busca optimizar las campa\u00f1as de inmunizaci\u00f3n para reducir las oportunidades de infecci\u00f3n y sus consecuencias.<\/p>\n\n\n\n<p>Virus C<\/p>\n\n\n\n<p>Fabiolina S\u00e1nchez explica que este virus actualmente puede ser curado y que su tratamiento est\u00e1 disponible en el pa\u00eds a trav\u00e9s del Departamento De Alto Costo del Ministerio de Salud P\u00fablica; resaltando que toda persona debe ser testeada para virus C al menos una vez durante su vida adulta y todo el infectado debe ser tratado.<\/p>\n\n\n\n<p>Al tiempo que puntualiza que este virus afecta el h\u00edgado, confiere cirrosis y a\u00fan no existe vacuna disponible contra \u00e9l.&nbsp;<\/p>\n\n\n\n<p>A nivel mundial existen aproximadamente 50 millones de personas con este tipo de infecci\u00f3n; dicho esto, con el objetivo de aumentar el rango de detecci\u00f3n de estos pacientes, recientemente se aprob\u00f3 una prueba que puede ser realizada de manera independiente para detectar virus hepatitis C.<\/p>\n\n\n\n<p>Recomendaciones<\/p>\n\n\n\n<p>La OMS recomienda testear a todas las embarazadas, tratar a las infectadas seg\u00fan las gu\u00edas, vacunar a las criaturas y colocar inmunoglobulina a los neonatos de mujeres positivas.<\/p>\n\n\n\n<p>Es importante destacar que de aproximadamente 70 pa\u00edses con normas para la eliminaci\u00f3n de transmisi\u00f3n de madre hijo del virus B, menos de la mitad obedecen moderadamente las gu\u00edas de detecci\u00f3n y tratamiento.&nbsp;<\/p>\n\n\n\n<p>Menciona existen drogas que, aun padeciendo esta infecci\u00f3n incurable, controlan su multiplicaci\u00f3n en el cuerpo, disminuyendo as\u00ed las posibilidades de sus consecuencias, m\u00e1s no elimin\u00e1ndolas.<\/p>\n\n\n\n<p>Algunas de ellas existen en el pa\u00eds, as\u00ed como profesionales conocedores de la materia y manejo de la enfermedad, teniendo en cuenta que de esta infecci\u00f3n aproximadamente s\u00f3lo el 10 % es diagnosticado y apenas reciben tratamiento un 2 %.<\/p>\n","protected":false},"excerpt":{"rendered":"<p>Autoridades de salud mundial luchan para la erradicaci\u00f3n en 2030 La gastroenter\u00f3loga internista de los Centros de Diagn\u00f3stico y Medicina Avanzada y de Conferencias M\u00e9dicas y Telemedicina (CEDIMAT), doctora Fabiolina&hellip;<\/p>\n","protected":false},"author":2,"featured_media":86559,"comment_status":"open","ping_status":"open","sticky":false,"template":"","format":"standard","meta":{"content-type":"","jetpack_post_was_ever_published":false,"_jetpack_newsletter_access":"","_jetpack_dont_email_post_to_subs":false,"_jetpack_newsletter_tier_id":0,"_jetpack_memberships_contains_paywalled_content":false,"_jetpack_memberships_contains_paid_content":false,"footnotes":""},"categories":[25],"tags":[4425,7279,1522],"class_list":["post-86558","post","type-post","status-publish","format-standard","has-post-thumbnail","hentry","category-portada","tag-cedimat","tag-hepatitis","tag-oms"],"jetpack_featured_media_url":"https:\/\/lasprimeras.com.do\/wp-content\/uploads\/2024\/07\/Dra.-Fabiolina-Sanchez.-Gastroenterologa.jpg","jetpack-related-posts":[{"id":105145,"url":"https:\/\/lasprimeras.com.do\/index.php\/2025\/07\/31\/oms-anuncia-que-la-hepatitis-d-es-clasificada-de-cancerigena\/","url_meta":{"origin":86558,"position":0},"title":"OMS anuncia que la hepatitis D es clasificada de cancer\u00edgena","author":"Nelson Feliz","date":"31 de julio de 2025","format":false,"excerpt":"Ginebra,PRENSA LATINA .- La Organizaci\u00f3n Mundial de la Salud (OMS) anunci\u00f3 que la hepatitis D est\u00e1 clasificada hoy como cancer\u00edgena, y hace un llamamiento a los gobiernos y asociados para que aceleren los esfuerzos por eliminar las hepatitis v\u00edricas. De acuerdo con la OMS, el Centro Internacional de Investigaciones sobre\u2026","rel":"","context":"En \u00abSALUD\u00bb","block_context":{"text":"SALUD","link":"https:\/\/lasprimeras.com.do\/index.php\/category\/salud\/"},"img":{"alt_text":"","src":"","width":0,"height":0},"classes":[]},{"id":86039,"url":"https:\/\/lasprimeras.com.do\/index.php\/2024\/07\/15\/gastroenterologos-presentan-campana-sobre-prevencion-y-tratamiento-de-la-hepatitis\/","url_meta":{"origin":86558,"position":1},"title":"Gastroenter\u00f3logos presentan campa\u00f1a sobre prevenci\u00f3n y tratamiento de la hepatitis","author":"Nelson Feliz","date":"15 de julio de 2024","format":false,"excerpt":"La Sociedad Dominicana de Gastroenterolog\u00eda (SDG) advirti\u00f3 que en el caso de las hepatitis B y C, si no se tratan a tiempo, pueden provocar complicaciones como cirrosis o c\u00e1ncer de h\u00edgado. La Sociedad Dominicana de Gastroenterolog\u00eda (SDG) present\u00f3 la campa\u00f1a #hepatitiscero, con el objetivo de promover la prevenci\u00f3n y\u2026","rel":"","context":"En \u00abPORTADA\u00bb","block_context":{"text":"PORTADA","link":"https:\/\/lasprimeras.com.do\/index.php\/category\/portada\/"},"img":{"alt_text":"","src":"https:\/\/i0.wp.com\/lasprimeras.com.do\/wp-content\/uploads\/2024\/07\/Las-hepatitis-virales.jpg?resize=350%2C200&ssl=1","width":350,"height":200,"srcset":"https:\/\/i0.wp.com\/lasprimeras.com.do\/wp-content\/uploads\/2024\/07\/Las-hepatitis-virales.jpg?resize=350%2C200&ssl=1 1x, https:\/\/i0.wp.com\/lasprimeras.com.do\/wp-content\/uploads\/2024\/07\/Las-hepatitis-virales.jpg?resize=525%2C300&ssl=1 1.5x, https:\/\/i0.wp.com\/lasprimeras.com.do\/wp-content\/uploads\/2024\/07\/Las-hepatitis-virales.jpg?resize=700%2C400&ssl=1 2x"},"classes":[]},{"id":59907,"url":"https:\/\/lasprimeras.com.do\/index.php\/2023\/09\/08\/sintomatologia-del-dengue-puede-confundirse-con-otros-virus-o-con-hepatitis-inflamacion-y-apendicitis\/","url_meta":{"origin":86558,"position":2},"title":"Sintomatolog\u00eda del dengue puede confundirse con otros virus o con hepatitis, inflamaci\u00f3n y apendicitis","author":"Nelson Feliz","date":"8 de septiembre de 2023","format":false,"excerpt":"La especialista de CEMDOE explic\u00f3 que estos s\u00edntomas son comunes a Malaria y Leptospirosis, as\u00ed como a los virus Zika y Chickungunya. La infect\u00f3loga del Centro M\u00e9dico de Diabetes, Obesidad y Especialidades (CEMDOE), doctora Elianet Castillo, \u00a0alert\u00f3 sobre el reciente brote de dengue que afecta varias zonas del pa\u00eds, avisando\u2026","rel":"","context":"En \u00abSin categor\u00eda\u00bb","block_context":{"text":"Sin categor\u00eda","link":"https:\/\/lasprimeras.com.do\/index.php\/category\/sin-categoria\/"},"img":{"alt_text":"Dra. Elianet Castillo","src":"https:\/\/i0.wp.com\/lasprimeras.com.do\/wp-content\/uploads\/2023\/09\/Dra.-Elianet-Castillo.jpg?resize=350%2C200&ssl=1","width":350,"height":200,"srcset":"https:\/\/i0.wp.com\/lasprimeras.com.do\/wp-content\/uploads\/2023\/09\/Dra.-Elianet-Castillo.jpg?resize=350%2C200&ssl=1 1x, https:\/\/i0.wp.com\/lasprimeras.com.do\/wp-content\/uploads\/2023\/09\/Dra.-Elianet-Castillo.jpg?resize=525%2C300&ssl=1 1.5x, https:\/\/i0.wp.com\/lasprimeras.com.do\/wp-content\/uploads\/2023\/09\/Dra.-Elianet-Castillo.jpg?resize=700%2C400&ssl=1 2x"},"classes":[]},{"id":93778,"url":"https:\/\/lasprimeras.com.do\/index.php\/2025\/02\/19\/doh-insta-a-clientes-comieron-en-restaurant-nyc-vacunarse-contra-hepatitis-a-dominicanos-lo-frecuentan\/","url_meta":{"origin":86558,"position":3},"title":"DOH insta a clientes comieron en restaurant NYC vacunarse contra hepatitis A; dominicanos lo frecuentan","author":"Nelson Feliz","date":"19 de febrero de 2025","format":false,"excerpt":"Por Ram\u00f3n Mercedes NUEVA YORK.- El Departamento de Salud de esta Ciudad (DOH) insta a los clientes que comieron el restaurant Ilili, ubicado en el 236 de la Quinta Avenida, entre las calles 27 y 28, entre el 17 de enero y el 9 de febrero estar atentos a posibles\u2026","rel":"","context":"En \u00abSALUD\u00bb","block_context":{"text":"SALUD","link":"https:\/\/lasprimeras.com.do\/index.php\/category\/salud\/"},"img":{"alt_text":"","src":"https:\/\/i0.wp.com\/lasprimeras.com.do\/wp-content\/uploads\/2025\/02\/WhatsApp-Image-2025-02-19-at-4.38.52-AM-3.jpeg?resize=350%2C200&ssl=1","width":350,"height":200,"srcset":"https:\/\/i0.wp.com\/lasprimeras.com.do\/wp-content\/uploads\/2025\/02\/WhatsApp-Image-2025-02-19-at-4.38.52-AM-3.jpeg?resize=350%2C200&ssl=1 1x, https:\/\/i0.wp.com\/lasprimeras.com.do\/wp-content\/uploads\/2025\/02\/WhatsApp-Image-2025-02-19-at-4.38.52-AM-3.jpeg?resize=525%2C300&ssl=1 1.5x"},"classes":[]},{"id":48953,"url":"https:\/\/lasprimeras.com.do\/index.php\/2023\/05\/05\/al-fin-la-oms-levanta-la-emergencia-internacional-por-el-coronavirus\/","url_meta":{"origin":86558,"position":4},"title":"\u00a1Al fin! La OMS levanta la emergencia internacional por el coronavirus","author":"prenxa100","date":"5 de mayo de 2023","format":false,"excerpt":"La decisi\u00f3n fue anunciada por el director general de la OMS, Tedros Adhanom Ghebreyesus, despu\u00e9s de que este jueves se reuniera el comit\u00e9 de emergencia del organismo. Ginebra, Suiza, EFE.-.La Organizaci\u00f3n Mundial de la Salud (OMS) levant\u00f3 hoy la emergencia internacional por la pandemia de covid-19, que estaba declarada desde\u2026","rel":"","context":"En \u00abPORTADA\u00bb","block_context":{"text":"PORTADA","link":"https:\/\/lasprimeras.com.do\/index.php\/category\/portada\/"},"img":{"alt_text":"","src":"","width":0,"height":0},"classes":[]},{"id":61660,"url":"https:\/\/lasprimeras.com.do\/index.php\/2023\/09\/29\/enfermedades-cardiovasculares-principal-causa-de-muerte-en-el-mundo-aqui-7-recomendaciones\/","url_meta":{"origin":86558,"position":5},"title":"Enfermedades cardiovasculares principal causa de muerte en el mundo; aqu\u00ed 7 recomendaciones","author":"Nelson Feliz","date":"29 de septiembre de 2023","format":false,"excerpt":"Las enfermedades cardiovasculares (ECV) son la principal causa de muerte en todo el mundo. La mayor\u00eda de estas afecciones pueden prevenirse siguiendo siete recomendaciones principales como: no fumar, hacer ejercicio, seguir una dieta saludable, controlar el peso, dormir lo suficiente, controlar el estr\u00e9s y acudir a revisiones m\u00e9dicas peri\u00f3dicas. Seg\u00fan\u2026","rel":"","context":"En \u00abPORTADA\u00bb","block_context":{"text":"PORTADA","link":"https:\/\/lasprimeras.com.do\/index.php\/category\/portada\/"},"img":{"alt_text":"Aneyis Alc\u00e1ntara","src":"https:\/\/i0.wp.com\/lasprimeras.com.do\/wp-content\/uploads\/2023\/09\/Aneyis-Alcantara.jpg?resize=350%2C200&ssl=1","width":350,"height":200,"srcset":"https:\/\/i0.wp.com\/lasprimeras.com.do\/wp-content\/uploads\/2023\/09\/Aneyis-Alcantara.jpg?resize=350%2C200&ssl=1 1x, https:\/\/i0.wp.com\/lasprimeras.com.do\/wp-content\/uploads\/2023\/09\/Aneyis-Alcantara.jpg?resize=525%2C300&ssl=1 1.5x"},"classes":[]}],"jetpack_sharing_enabled":true,"_links":{"self":[{"href":"https:\/\/lasprimeras.com.do\/index.php\/wp-json\/wp\/v2\/posts\/86558","targetHints":{"allow":["GET"]}}],"collection":[{"href":"https:\/\/lasprimeras.com.do\/index.php\/wp-json\/wp\/v2\/posts"}],"about":[{"href":"https:\/\/lasprimeras.com.do\/index.php\/wp-json\/wp\/v2\/types\/post"}],"author":[{"embeddable":true,"href":"https:\/\/lasprimeras.com.do\/index.php\/wp-json\/wp\/v2\/users\/2"}],"replies":[{"embeddable":true,"href":"https:\/\/lasprimeras.com.do\/index.php\/wp-json\/wp\/v2\/comments?post=86558"}],"version-history":[{"count":1,"href":"https:\/\/lasprimeras.com.do\/index.php\/wp-json\/wp\/v2\/posts\/86558\/revisions"}],"predecessor-version":[{"id":86560,"href":"https:\/\/lasprimeras.com.do\/index.php\/wp-json\/wp\/v2\/posts\/86558\/revisions\/86560"}],"wp:featuredmedia":[{"embeddable":true,"href":"https:\/\/lasprimeras.com.do\/index.php\/wp-json\/wp\/v2\/media\/86559"}],"wp:attachment":[{"href":"https:\/\/lasprimeras.com.do\/index.php\/wp-json\/wp\/v2\/media?parent=86558"}],"wp:term":[{"taxonomy":"category","embeddable":true,"href":"https:\/\/lasprimeras.com.do\/index.php\/wp-json\/wp\/v2\/categories?post=86558"},{"taxonomy":"post_tag","embeddable":true,"href":"https:\/\/lasprimeras.com.do\/index.php\/wp-json\/wp\/v2\/tags?post=86558"}],"curies":[{"name":"wp","href":"https:\/\/api.w.org\/{rel}","templated":true}]}}