{"id":86578,"date":"2024-07-28T10:43:34","date_gmt":"2024-07-28T14:43:34","guid":{"rendered":"https:\/\/lasprimeras.com.do\/?p=86578"},"modified":"2024-07-28T10:43:36","modified_gmt":"2024-07-28T14:43:36","slug":"al-menos-15-muertos-por-deslave-en-china-durante-las-lluvias-de-la-tormenta-gaemi","status":"publish","type":"post","link":"https:\/\/lasprimeras.com.do\/index.php\/2024\/07\/28\/al-menos-15-muertos-por-deslave-en-china-durante-las-lluvias-de-la-tormenta-gaemi\/","title":{"rendered":"Al menos 15 muertos por deslave en China durante las lluvias de la tormenta Gaemi"},"content":{"rendered":"\n<p>BY KEN MORITSUGU<\/p>\n\n\n\n<p>BEIJING (AP) \u2014 Quince personas murieron despu\u00e9s de que un alud de lodo golpeara una casa de alquiler en una zona tur\u00edstica en el sureste de China el domingo, mientras intensas lluvias provocadas por los restos de una tormenta tropical anegaban la regi\u00f3n, seg\u00fan medios estatales.<\/p>\n\n\n\n<p>En Shangh\u00e1i, un repartidor en patinete muri\u00f3 el s\u00e1bado por el impacto de un \u00e1rbol ca\u00eddo, al parecer por fuertes vientos asociados a la tormenta, seg\u00fan The Paper, un medio digital de noticias.<\/p>\n\n\n\n<p>Eran las primeras muertes reportadas en China que parec\u00edan relacionadas con el tif\u00f3n Gaemi, que se debilit\u00f3 a tormenta tropical tras tocar tierra el jueves.<\/p>\n\n\n\n<p>Antes de llegar a China, el tif\u00f3n agrav\u00f3 las lluvias del monz\u00f3n en Filipinas y dej\u00f3 al menos 34 muertos, adem\u00e1s de golpear la isla de Taiw\u00e1n, donde la cifra de fallecidos ha subido a 10, indicaron las autoridades el s\u00e1bado por la noche.<\/p>\n\n\n\n<p>El alud de lodo golpe\u00f3 la vivienda en torno a las 8 de la ma\u00f1ana y atrap\u00f3 a 21 personas en el poblado de Yuelin, que est\u00e1 bajo jurisdicci\u00f3n de la ciudad de Hengyang, en la provincia de Hunan, seg\u00fan indic\u00f3 la televisora CCTV en una serie de reportes en internet.<\/p>\n\n\n\n<p>La zona recibi\u00f3 unos 30 cent\u00edmetros (12 pulgadas) de lluvia en 24 horas.<\/p>\n\n\n\n<p>Seis personas heridas fueron rescatadas. Los reportes no indicaban la gravedad de sus lesiones. El propietario de la casa dijo en un principio que hab\u00eda 18 personas atrapadas, pero un equipo de b\u00fasqueda y rescate determin\u00f3 despu\u00e9s que hab\u00eda otros tres desaparecidos, indic\u00f3 CCTV.<\/p>\n\n\n\n<p>La casa de una sola planta ofrec\u00eda comidas y alojamiento cerca de Hengshan, una monta\u00f1a en una zona tur\u00edstica que suele recibir visitantes los fines de semana que huyen del calor estival, seg\u00fan The Paper.<\/p>\n\n\n\n<p>Las zonas visitables cerraron el domingo por la lluvia hasta nuevo aviso, antes incluso del deslave.<\/p>\n\n\n\n<p>Los reportes atribuyeron el alud al agua que ca\u00eda por la ladera debido a los aguaceros. No mencionaban a Gaemi, aunque la Administraci\u00f3n Meteorol\u00f3gica China dijo que las precipitaciones asociadas a la tormenta tropical hab\u00edan afectado a zonas en el sureste de la provincia de Hunan el s\u00e1bado.<\/p>\n\n\n\n<p>En Shangh\u00e1i, una foto publicada por The Paper mostraba un patinete de reparto volcado y cubierto en su mayor parte por ramas con hojas cerca del tronco a\u00fan en pie de un \u00e1rbol. Se sospechaba que el siniestro se deb\u00eda a vientos relacionados con la tormenta, y la investigaci\u00f3n segu\u00eda en marcha.<\/p>\n\n\n\n<p>El amplio arco de aguaceros de la tormenta tropical se extend\u00eda unos 2.000 kil\u00f3metros (1.200 millas) hacia el nordeste.<\/p>\n\n\n\n<p>El gobierno municipal de Linjiang, en la provincia de Jilin, emiti\u00f3 un aviso en redes sociales en el que ped\u00eda a los vecinos que vivieran por debajo de un tercer piso que se trasladaran a lugares m\u00e1s altos el domingo, ante una crecida del r\u00edo Yalu, que forma la frontera con Corea del Norte, por encima del nivel de alerta.<\/p>\n\n\n\n<p>En la vecina provincia de Liaoning, cientos de empresas qu\u00edmicas y mineras suspendieron las operaciones el s\u00e1bado como medida de precauci\u00f3n y m\u00e1s de 30.000 personas hab\u00edan sido evacuadas, seg\u00fan la agencia oficial de noticias Xinhua.<\/p>\n\n\n\n<p>Se suspendieron casi 40 trayectos de tren hasta el jueves por motivos de seguridad despu\u00e9s de que la lluvia constante creara situaciones de riesgo y da\u00f1ara las v\u00edas.<\/p>\n\n\n\n<p>En Taiw\u00e1n se reportaron dos muertes m\u00e1s que elevaron a 10 el total por la tormenta, seg\u00fan la Agencia Central de Noticias de la isla, que cit\u00f3 al centro de operaciones de emergencias. Otras dos estaban desaparecidas y hab\u00eda 895 heridos.<\/p>\n\n\n\n<p>Las v\u00edctimas m\u00e1s recientes eran un hombre encontrado en una zanja de drenaje y otro que falleci\u00f3 en un accidente de auto.<\/p>\n\n\n\n<p>M\u00e1s de 800 personas permanec\u00edan en refugios en Taiw\u00e1n el s\u00e1bado por la noche y m\u00e1s de 5.000 hogares estaban sin electricidad.<\/p>\n\n\n\n<p>El tif\u00f3n caus\u00f3 da\u00f1os por valor de casi 1.700 millones de nuevos d\u00f3lares de Taiw\u00e1n (51,8 millones de d\u00f3lares) a cosechas como bananas, guayabas y peras; granjas av\u00edcolas y de otros animales y explotaciones de ostras y otros productos pesqueros, dijo la Agencia Central de Noticias citando cifras del Ministerio de Agricultura.<\/p>\n\n\n\n<p>Un barco de mercanc\u00edas se hundi\u00f3 ante la costa taiwanesa durante el tif\u00f3n, y el capit\u00e1n falleci\u00f3. Otros ocho barcos quedaron varados.<\/p>\n","protected":false},"excerpt":{"rendered":"<p>BY KEN MORITSUGU BEIJING (AP) \u2014 Quince personas murieron despu\u00e9s de que un alud de lodo golpeara una casa de alquiler en una zona tur\u00edstica en el sureste de China&hellip;<\/p>\n","protected":false},"author":2,"featured_media":86579,"comment_status":"open","ping_status":"open","sticky":false,"template":"","format":"standard","meta":{"content-type":"","jetpack_post_was_ever_published":false,"_jetpack_newsletter_access":"","_jetpack_dont_email_post_to_subs":false,"_jetpack_newsletter_tier_id":0,"_jetpack_memberships_contains_paywalled_content":false,"_jetpack_memberships_contains_paid_content":false,"footnotes":""},"categories":[1],"tags":[14358,583,14038,2130],"class_list":["post-86578","post","type-post","status-publish","format-standard","has-post-thumbnail","hentry","category-sin-categoria","tag-15-muertos","tag-china","tag-deslave","tag-lluvias"],"jetpack_featured_media_url":"https:\/\/lasprimeras.com.do\/wp-content\/uploads\/2024\/07\/Tormenta-Gaemi.png","jetpack-related-posts":[{"id":87024,"url":"https:\/\/lasprimeras.com.do\/index.php\/2024\/08\/05\/las-lluvias-torrenciales-en-china-se-han-cobrado-mas-de-150-vidas-en-dos-meses\/","url_meta":{"origin":86578,"position":0},"title":"Las lluvias torrenciales en China se han cobrado m\u00e1s de 150 vidas en dos meses","author":"Nelson Feliz","date":"5 de agosto de 2024","format":false,"excerpt":"BEIJING (AP) \u2014 Aludes de tierra e inundaciones han matado a m\u00e1s de 150 personas en toda China en los dos \u00faltimos meses, en los que lluvias torrenciales han castigado la regi\u00f3n. En el desastre m\u00e1s reciente, una inundaci\u00f3n y un alud de lodo registrados el s\u00e1bado en una zona\u2026","rel":"","context":"En \u00abSin categor\u00eda\u00bb","block_context":{"text":"Sin categor\u00eda","link":"https:\/\/lasprimeras.com.do\/index.php\/category\/sin-categoria\/"},"img":{"alt_text":"","src":"https:\/\/i0.wp.com\/lasprimeras.com.do\/wp-content\/uploads\/2024\/08\/DERRUMBE.jpg?resize=350%2C200&ssl=1","width":350,"height":200,"srcset":"https:\/\/i0.wp.com\/lasprimeras.com.do\/wp-content\/uploads\/2024\/08\/DERRUMBE.jpg?resize=350%2C200&ssl=1 1x, https:\/\/i0.wp.com\/lasprimeras.com.do\/wp-content\/uploads\/2024\/08\/DERRUMBE.jpg?resize=525%2C300&ssl=1 1.5x, https:\/\/i0.wp.com\/lasprimeras.com.do\/wp-content\/uploads\/2024\/08\/DERRUMBE.jpg?resize=700%2C400&ssl=1 2x"},"classes":[]},{"id":58968,"url":"https:\/\/lasprimeras.com.do\/index.php\/2023\/08\/29\/el-tifon-saola-traera-fuertes-lluvias-y-vientos-al-sur-de-taiwan\/","url_meta":{"origin":86578,"position":1},"title":"El tif\u00f3n Saola traer\u00e1 fuertes lluvias y vientos al sur de Taiw\u00e1n","author":"Nelson Feliz","date":"29 de agosto de 2023","format":false,"excerpt":"POR HUIZHONG WU TAIPEI, Taiw\u00e1n (AP) \u2014 Las autoridades meteorol\u00f3gicas de Taiw\u00e1n advirtieron a los residentes sobre fuertes lluvias y vientos a partir del mi\u00e9rcoles a medida que el tif\u00f3n Saola bordea la costa sur de la isla en su camino hacia la costa sur de China. El tif\u00f3n se\u2026","rel":"","context":"En \u00abSin categor\u00eda\u00bb","block_context":{"text":"Sin categor\u00eda","link":"https:\/\/lasprimeras.com.do\/index.php\/category\/sin-categoria\/"},"img":{"alt_text":"El tif\u00f3n Saola","src":"https:\/\/i0.wp.com\/lasprimeras.com.do\/wp-content\/uploads\/2023\/08\/tifon-china.jpg?resize=350%2C200&ssl=1","width":350,"height":200,"srcset":"https:\/\/i0.wp.com\/lasprimeras.com.do\/wp-content\/uploads\/2023\/08\/tifon-china.jpg?resize=350%2C200&ssl=1 1x, https:\/\/i0.wp.com\/lasprimeras.com.do\/wp-content\/uploads\/2023\/08\/tifon-china.jpg?resize=525%2C300&ssl=1 1.5x, https:\/\/i0.wp.com\/lasprimeras.com.do\/wp-content\/uploads\/2023\/08\/tifon-china.jpg?resize=700%2C400&ssl=1 2x"},"classes":[]},{"id":56342,"url":"https:\/\/lasprimeras.com.do\/index.php\/2023\/07\/31\/peores-lluvias-en-una-decada-en-el-norte-de-china-dejan-dos-fallecidos-y-100-000-evacuados\/","url_meta":{"origin":86578,"position":2},"title":"Peores lluvias en una d\u00e9cada en el norte de China dejan dos fallecidos y 100.000 evacuados","author":"Nelson Feliz","date":"31 de julio de 2023","format":false,"excerpt":"Las autoridades y los residentes del norte de China se encuentran en alerta m\u00e1xima debido a las lluvias y tormentas m\u00e1s intensas de la \u00faltima d\u00e9cada en la regi\u00f3n, que dejaron al menos dos fallecidos y m\u00e1s de 100.000 personas evacuadas. Los remanentes del tif\u00f3n Doksuri, que toc\u00f3 tierra el\u2026","rel":"","context":"En \u00abSin categor\u00eda\u00bb","block_context":{"text":"Sin categor\u00eda","link":"https:\/\/lasprimeras.com.do\/index.php\/category\/sin-categoria\/"},"img":{"alt_text":"","src":"https:\/\/i0.wp.com\/lasprimeras.com.do\/wp-content\/uploads\/2023\/07\/Lluvias-China.jpg?resize=350%2C200&ssl=1","width":350,"height":200,"srcset":"https:\/\/i0.wp.com\/lasprimeras.com.do\/wp-content\/uploads\/2023\/07\/Lluvias-China.jpg?resize=350%2C200&ssl=1 1x, https:\/\/i0.wp.com\/lasprimeras.com.do\/wp-content\/uploads\/2023\/07\/Lluvias-China.jpg?resize=525%2C300&ssl=1 1.5x, https:\/\/i0.wp.com\/lasprimeras.com.do\/wp-content\/uploads\/2023\/07\/Lluvias-China.jpg?resize=700%2C400&ssl=1 2x"},"classes":[]},{"id":110455,"url":"https:\/\/lasprimeras.com.do\/index.php\/2025\/09\/29\/el-tifon-bualoi-remite-a-tormenta-tropical-y-deja-al-menos-12-muertos-al-arrasar-vietnam\/","url_meta":{"origin":86578,"position":3},"title":"El tif\u00f3n Bualoi remite a tormenta tropical y deja al menos 12 muertos al arrasar Vietnam","author":"Nelson Feliz","date":"29 de septiembre de 2025","format":false,"excerpt":"POR ANIRUDDHA GHOSAL HANOI, Vietnam (AP) \u2014 Lluvias intensas y fuertes vientos del antiguo tif\u00f3n Bualoi inundaron carreteras, arrancaron tejados y causaron al menos 12 muertes en el centro de Vietnam antes de debilitarse a una tormenta tropical que se traslad\u00f3 el lunes a Laos, inform\u00f3 la prensa estatal. La\u2026","rel":"","context":"En \u00abCLIMA\u00bb","block_context":{"text":"CLIMA","link":"https:\/\/lasprimeras.com.do\/index.php\/category\/clima\/"},"img":{"alt_text":"","src":"https:\/\/i0.wp.com\/lasprimeras.com.do\/wp-content\/uploads\/2025\/09\/El-tifon-Bualoi.jpg?resize=350%2C200&ssl=1","width":350,"height":200,"srcset":"https:\/\/i0.wp.com\/lasprimeras.com.do\/wp-content\/uploads\/2025\/09\/El-tifon-Bualoi.jpg?resize=350%2C200&ssl=1 1x, https:\/\/i0.wp.com\/lasprimeras.com.do\/wp-content\/uploads\/2025\/09\/El-tifon-Bualoi.jpg?resize=525%2C300&ssl=1 1.5x, https:\/\/i0.wp.com\/lasprimeras.com.do\/wp-content\/uploads\/2025\/09\/El-tifon-Bualoi.jpg?resize=700%2C400&ssl=1 2x"},"classes":[]},{"id":104564,"url":"https:\/\/lasprimeras.com.do\/index.php\/2025\/07\/25\/tormenta-tropical-agrava-semana-de-clima-tempestuoso-en-filipinas-con-25-muertos-y-278-000-evacuados\/","url_meta":{"origin":86578,"position":4},"title":"Tormenta tropical agrava semana de clima tempestuoso en Filipinas con 25 muertos y 278.000 evacuados","author":"Nelson Feliz","date":"25 de julio de 2025","format":false,"excerpt":"POR JIM GOMEZ MALINA, Filipinas (AP) \u2014 Una tormenta tropical atravesaba el norte monta\u00f1oso de Filipinas el viernes, empeorando m\u00e1s de una semana de mal tiempo que ha causado al menos 25 muertes y ha provocado evacuaciones por inundaciones y deslaves. Se trataba del tif\u00f3n Co-may, que toc\u00f3 tierra la\u2026","rel":"","context":"En \u00abINTERNACIONALES\u00bb","block_context":{"text":"INTERNACIONALES","link":"https:\/\/lasprimeras.com.do\/index.php\/category\/sin-categoria\/internacionales\/"},"img":{"alt_text":"","src":"https:\/\/i0.wp.com\/lasprimeras.com.do\/wp-content\/uploads\/2025\/07\/filipinas.jpg?resize=350%2C200&ssl=1","width":350,"height":200,"srcset":"https:\/\/i0.wp.com\/lasprimeras.com.do\/wp-content\/uploads\/2025\/07\/filipinas.jpg?resize=350%2C200&ssl=1 1x, https:\/\/i0.wp.com\/lasprimeras.com.do\/wp-content\/uploads\/2025\/07\/filipinas.jpg?resize=525%2C300&ssl=1 1.5x, https:\/\/i0.wp.com\/lasprimeras.com.do\/wp-content\/uploads\/2025\/07\/filipinas.jpg?resize=700%2C400&ssl=1 2x"},"classes":[]},{"id":113938,"url":"https:\/\/lasprimeras.com.do\/index.php\/2025\/11\/07\/tifon-kalmaegi-deja-5-muertos-en-vietnam-mientras-filipinas-se-alista-para-otra-tormenta\/","url_meta":{"origin":86578,"position":5},"title":"Tif\u00f3n Kalmaegi deja 5 muertos en Vietnam mientras Filipinas se alista para otra tormenta","author":"Nelson Feliz","date":"7 de noviembre de 2025","format":false,"excerpt":"POR ANIRUDDHA GHOSAL DAK LAK, Vietnam (AP) \u2014 El tif\u00f3n Kalmaegi llev\u00f3 potentes vientos y lluvias torrenciales a Vietnam el viernes y caus\u00f3 al menos cinco muertos y da\u00f1os generalizados en las provincias centrales del pa\u00eds, apenas unos d\u00edas despu\u00e9s de dejar decenas de fallecidos y desaparecidos en Filipinas. A\u2026","rel":"","context":"En \u00abCLIMA\u00bb","block_context":{"text":"CLIMA","link":"https:\/\/lasprimeras.com.do\/index.php\/category\/clima\/"},"img":{"alt_text":"","src":"https:\/\/i0.wp.com\/lasprimeras.com.do\/wp-content\/uploads\/2025\/11\/Tifon-Kalmaegi.jpg?resize=350%2C200&ssl=1","width":350,"height":200,"srcset":"https:\/\/i0.wp.com\/lasprimeras.com.do\/wp-content\/uploads\/2025\/11\/Tifon-Kalmaegi.jpg?resize=350%2C200&ssl=1 1x, https:\/\/i0.wp.com\/lasprimeras.com.do\/wp-content\/uploads\/2025\/11\/Tifon-Kalmaegi.jpg?resize=525%2C300&ssl=1 1.5x, https:\/\/i0.wp.com\/lasprimeras.com.do\/wp-content\/uploads\/2025\/11\/Tifon-Kalmaegi.jpg?resize=700%2C400&ssl=1 2x"},"classes":[]}],"jetpack_sharing_enabled":true,"_links":{"self":[{"href":"https:\/\/lasprimeras.com.do\/index.php\/wp-json\/wp\/v2\/posts\/86578","targetHints":{"allow":["GET"]}}],"collection":[{"href":"https:\/\/lasprimeras.com.do\/index.php\/wp-json\/wp\/v2\/posts"}],"about":[{"href":"https:\/\/lasprimeras.com.do\/index.php\/wp-json\/wp\/v2\/types\/post"}],"author":[{"embeddable":true,"href":"https:\/\/lasprimeras.com.do\/index.php\/wp-json\/wp\/v2\/users\/2"}],"replies":[{"embeddable":true,"href":"https:\/\/lasprimeras.com.do\/index.php\/wp-json\/wp\/v2\/comments?post=86578"}],"version-history":[{"count":1,"href":"https:\/\/lasprimeras.com.do\/index.php\/wp-json\/wp\/v2\/posts\/86578\/revisions"}],"predecessor-version":[{"id":86580,"href":"https:\/\/lasprimeras.com.do\/index.php\/wp-json\/wp\/v2\/posts\/86578\/revisions\/86580"}],"wp:featuredmedia":[{"embeddable":true,"href":"https:\/\/lasprimeras.com.do\/index.php\/wp-json\/wp\/v2\/media\/86579"}],"wp:attachment":[{"href":"https:\/\/lasprimeras.com.do\/index.php\/wp-json\/wp\/v2\/media?parent=86578"}],"wp:term":[{"taxonomy":"category","embeddable":true,"href":"https:\/\/lasprimeras.com.do\/index.php\/wp-json\/wp\/v2\/categories?post=86578"},{"taxonomy":"post_tag","embeddable":true,"href":"https:\/\/lasprimeras.com.do\/index.php\/wp-json\/wp\/v2\/tags?post=86578"}],"curies":[{"name":"wp","href":"https:\/\/api.w.org\/{rel}","templated":true}]}}