{"id":86581,"date":"2024-07-28T12:46:11","date_gmt":"2024-07-28T16:46:11","guid":{"rendered":"https:\/\/lasprimeras.com.do\/?p=86581"},"modified":"2024-07-28T12:46:13","modified_gmt":"2024-07-28T16:46:13","slug":"las-reinas-del-caribe-pierden-3-1-ante-italia-en-juegos-olimpicos-de-paris","status":"publish","type":"post","link":"https:\/\/lasprimeras.com.do\/index.php\/2024\/07\/28\/las-reinas-del-caribe-pierden-3-1-ante-italia-en-juegos-olimpicos-de-paris\/","title":{"rendered":"Las Reinas del Caribe pierden 3-1 ante Italia en Juegos Ol\u00edmpicos de Par\u00eds"},"content":{"rendered":"\n<p>Par\u00eds, EFE.- Las \u2018Reinas del Caribe\u2019 dominicanas no pudieron superar su primer obst\u00e1culo en los Juegos Ol\u00edmpicos de Par\u00eds y cayeron por 3-1 (25-19, 24-26, 25-21 y 25-18) ante Italia, la selecci\u00f3n que encabeza el r\u00e1nking mundial y que fue un rival demasiado fuerte para el equipo que entrena el brasile\u00f1o Marcos Kwiek.<\/p>\n\n\n\n<p>En el Par\u00eds Arena Sur, la igualdad marc\u00f3 el primer tramo del partido inaugural del grupo C del torneo de voleibol femenino de los Juegos Ol\u00edmpicos de Par\u00eds, pero, con 10-10 en el marcador, el equipo que dirige el argentino Julio Velasco firm\u00f3 un parcial de 5-0 que fue clave en el resultado del primer set.<\/p>\n\n\n\n<p>Las italianas, lideradas en ataque por Fatime Sylla y Anna Danesi, y con Luisa Fahr sobresaliente en los bloqueos, mantuvo una c\u00f3moda ventaja hasta el final de la primera manga pese a los esfuerzos de las jugadoras dominicanas y la notable actuaci\u00f3n Gaila Gonz\u00e1lez.<\/p>\n\n\n\n<p>El set se resolvi\u00f3 con un 25-19 a favor del conjunto europeo. Las campeonas panamericanas reaccionaron al golpe, mejoraron en intensidad y equilibraron la balanza en el segundo parcial, muy igualado hasta el final, y demostraron que saben sufrir en los momentos importantes.<\/p>\n\n\n\n<p>Con 24-23 en el marcador a favor de Italia, un punto de Gaila Gonz\u00e1lez, un bloqueo de Estefany Arias y un remate fuera de Paola Egonu decidieron el set (24-26).<\/p>\n\n\n\n<p>Italia demostr\u00f3 su condici\u00f3n de n\u00famero uno del r\u00e1nking mundial comandada por la opuesta Paola Egonu, una pesadilla este domingo para las dominicanas, y volvi\u00f3 a tomar la delantera en el duelo con un 25-21 en el tercer set.<\/p>\n\n\n\n<p>Gaila Gonz\u00e1lez volvi\u00f3 a exhibir su calidad y tambi\u00e9n Jineiry Mart\u00ednez y Yonkaira Pe\u00f1a, pero no fue suficiente para que el equipo dominicano derribase el muro italiano y un 25-18 rubric\u00f3 la victoria de las jugadoras de Julio Velasco.<\/p>\n\n\n\n<p>El pr\u00f3ximo reto de las dominicanas en el grupo C del torneo de voleibol femenino de los Juegos de Par\u00eds tampoco ser\u00e1 f\u00e1cil. Se enfrentar\u00e1n el 1 de agosto a Turqu\u00eda, que est\u00e1 instalada en el tercer puesto del r\u00e1nking mundial, y el d\u00eda 3 jugar\u00e1n contra Pa\u00edses Bajos.<\/p>\n","protected":false},"excerpt":{"rendered":"<p>Par\u00eds, EFE.- Las \u2018Reinas del Caribe\u2019 dominicanas no pudieron superar su primer obst\u00e1culo en los Juegos Ol\u00edmpicos de Par\u00eds y cayeron por 3-1 (25-19, 24-26, 25-21 y 25-18) ante Italia,&hellip;<\/p>\n","protected":false},"author":2,"featured_media":86582,"comment_status":"open","ping_status":"open","sticky":false,"template":"","format":"standard","meta":{"content-type":"","jetpack_post_was_ever_published":false,"_jetpack_newsletter_access":"","_jetpack_dont_email_post_to_subs":false,"_jetpack_newsletter_tier_id":0,"_jetpack_memberships_contains_paywalled_content":false,"_jetpack_memberships_contains_paid_content":false,"footnotes":""},"categories":[1],"tags":[5325,14360,10064],"class_list":["post-86581","post","type-post","status-publish","format-standard","has-post-thumbnail","hentry","category-sin-categoria","tag-juegos-olimpicos","tag-las-reinas-del-caribe-pierden-3-1-ante-italia","tag-paris"],"jetpack_featured_media_url":"https:\/\/lasprimeras.com.do\/wp-content\/uploads\/2024\/07\/Las-Reinas-del-Caribe-1.png","jetpack-related-posts":[{"id":73438,"url":"https:\/\/lasprimeras.com.do\/index.php\/2024\/01\/10\/reinas-del-caribe-agotaran-intensa-jornada-de-competencias-en-2024\/","url_meta":{"origin":86581,"position":0},"title":"\u00b4Reinas del Caribe\u00b4 agotar\u00e1n intensa jornada de competencias en 2024","author":"BIMARY DE JES\u00daS Matos","date":"10 de enero de 2024","format":false,"excerpt":"Santo Domingo.-Las \u00b4Reinas del Caribe\u00b4 tendr\u00e1n en este 2024 una apretada agenda de competencias internacionales, que incluir\u00e1 en agosto venidero su cuarta participaci\u00f3n en los venideros Juegos Ol\u00edmpicos a celebrarse en Par\u00eds, Francia. Ser\u00e1n sus segundas Olimpiadas en forma consecutiva, ya que estuvieron en Tokio, Jap\u00f3n 2021. La informaci\u00f3n la\u2026","rel":"","context":"En \u00abSin categor\u00eda\u00bb","block_context":{"text":"Sin categor\u00eda","link":"https:\/\/lasprimeras.com.do\/index.php\/category\/sin-categoria\/"},"img":{"alt_text":"","src":"https:\/\/i0.wp.com\/lasprimeras.com.do\/wp-content\/uploads\/2024\/01\/WhatsApp-Image-2024-01-10-at-1.53.26-PM.webp?resize=350%2C200&ssl=1","width":350,"height":200,"srcset":"https:\/\/i0.wp.com\/lasprimeras.com.do\/wp-content\/uploads\/2024\/01\/WhatsApp-Image-2024-01-10-at-1.53.26-PM.webp?resize=350%2C200&ssl=1 1x, https:\/\/i0.wp.com\/lasprimeras.com.do\/wp-content\/uploads\/2024\/01\/WhatsApp-Image-2024-01-10-at-1.53.26-PM.webp?resize=525%2C300&ssl=1 1.5x"},"classes":[]},{"id":87367,"url":"https:\/\/lasprimeras.com.do\/index.php\/2024\/08\/11\/italia-vence-a-estados-unidos-y-se-lleva-el-oro-en-voleibol-femenino\/","url_meta":{"origin":86581,"position":1},"title":"Italia vence a Estados Unidos y se lleva el oro en voleibol femenino","author":"Nelson Feliz","date":"11 de agosto de 2024","format":false,"excerpt":"By KRISTIE RIEKEN PAR\u00cdS (AP) \u2014 Italia venci\u00f3 a Estados Unidos en sets corridos 25-18, 25-20, 25-17, para adjudicarse el domingo la medalla de oro en el voleibol femenino de los Juegos Ol\u00edmpicos de Par\u00eds. A lo largo del torneo, las italianas apenas perdieron un set, lo que reflej\u00f3 lo\u2026","rel":"","context":"En \u00abSin categor\u00eda\u00bb","block_context":{"text":"Sin categor\u00eda","link":"https:\/\/lasprimeras.com.do\/index.php\/category\/sin-categoria\/"},"img":{"alt_text":"voleibol femenino","src":"https:\/\/i0.wp.com\/lasprimeras.com.do\/wp-content\/uploads\/2024\/08\/voleibol-femenino.jpg?resize=350%2C200&ssl=1","width":350,"height":200,"srcset":"https:\/\/i0.wp.com\/lasprimeras.com.do\/wp-content\/uploads\/2024\/08\/voleibol-femenino.jpg?resize=350%2C200&ssl=1 1x, https:\/\/i0.wp.com\/lasprimeras.com.do\/wp-content\/uploads\/2024\/08\/voleibol-femenino.jpg?resize=525%2C300&ssl=1 1.5x, https:\/\/i0.wp.com\/lasprimeras.com.do\/wp-content\/uploads\/2024\/08\/voleibol-femenino.jpg?resize=700%2C400&ssl=1 2x"},"classes":[]},{"id":81365,"url":"https:\/\/lasprimeras.com.do\/index.php\/2024\/04\/20\/corren-este-sabado-4to-clasico-felix-sanchez-evento-clasificatorio-a-los-juegos-olimpicos-de-paris\/","url_meta":{"origin":86581,"position":2},"title":"Corren este s\u00e1bado &#8220;4to Cl\u00e1sico F\u00e9lix S\u00e1nchez&#8221;; evento clasificatorio a los Juegos Ol\u00edmpicos de Par\u00eds","author":"BIMARY DE JES\u00daS Matos","date":"20 de abril de 2024","format":false,"excerpt":"BAYAGUANA.- Con la participaci\u00f3n de estrellas del atletismo mundial, se correr\u00e1 este s\u00e1bado aqu\u00ed el \u00ab4to Cl\u00e1sico F\u00e9lix S\u00e1nchez\u00bb, a partir de la una de la tarde, en la pista de atletismo \u00abLuguelin Santos\u00bb, en el complejo deportivo de aqu\u00ed, evento que ser\u00e1 clasificatorio para los venideros Juegos Ol\u00edmpicos de\u2026","rel":"","context":"En \u00abSin categor\u00eda\u00bb","block_context":{"text":"Sin categor\u00eda","link":"https:\/\/lasprimeras.com.do\/index.php\/category\/sin-categoria\/"},"img":{"alt_text":"","src":"https:\/\/i0.wp.com\/lasprimeras.com.do\/wp-content\/uploads\/2024\/04\/6a0c8a05-4f4b-48f5-a1d9-1ad180753c4a-9.webp?resize=350%2C200&ssl=1","width":350,"height":200,"srcset":"https:\/\/i0.wp.com\/lasprimeras.com.do\/wp-content\/uploads\/2024\/04\/6a0c8a05-4f4b-48f5-a1d9-1ad180753c4a-9.webp?resize=350%2C200&ssl=1 1x, https:\/\/i0.wp.com\/lasprimeras.com.do\/wp-content\/uploads\/2024\/04\/6a0c8a05-4f4b-48f5-a1d9-1ad180753c4a-9.webp?resize=525%2C300&ssl=1 1.5x, https:\/\/i0.wp.com\/lasprimeras.com.do\/wp-content\/uploads\/2024\/04\/6a0c8a05-4f4b-48f5-a1d9-1ad180753c4a-9.webp?resize=700%2C400&ssl=1 2x, https:\/\/i0.wp.com\/lasprimeras.com.do\/wp-content\/uploads\/2024\/04\/6a0c8a05-4f4b-48f5-a1d9-1ad180753c4a-9.webp?resize=1050%2C600&ssl=1 3x, https:\/\/i0.wp.com\/lasprimeras.com.do\/wp-content\/uploads\/2024\/04\/6a0c8a05-4f4b-48f5-a1d9-1ad180753c4a-9.webp?resize=1400%2C800&ssl=1 4x"},"classes":[]},{"id":86033,"url":"https:\/\/lasprimeras.com.do\/index.php\/2024\/07\/15\/abinader-despide-representacion-de-57-atletas-dominicanos\/","url_meta":{"origin":86581,"position":3},"title":"Abinader despide representaci\u00f3n de 57 atletas dominicanos","author":"Nelson Feliz","date":"15 de julio de 2024","format":false,"excerpt":"Entrega la Bandera Nacional a la representaci\u00f3n de las Olimpiadas de Par\u00eds 2024. El presidente Luis Abinader entreg\u00f3 la Bandera Nacional y despide una representaci\u00f3n de 57 atletas dominicanos que participar\u00e1n en las Olimpiadas de Par\u00eds 2024, al tiempo que inform\u00f3 que la presente gesti\u00f3n gubernamental ha aportado al Comit\u00e9\u2026","rel":"","context":"En \u00abPORTADA\u00bb","block_context":{"text":"PORTADA","link":"https:\/\/lasprimeras.com.do\/index.php\/category\/portada\/"},"img":{"alt_text":"Luis Abinader","src":"https:\/\/i0.wp.com\/lasprimeras.com.do\/wp-content\/uploads\/2024\/07\/Luis-Abinader-6.jpg?resize=350%2C200&ssl=1","width":350,"height":200,"srcset":"https:\/\/i0.wp.com\/lasprimeras.com.do\/wp-content\/uploads\/2024\/07\/Luis-Abinader-6.jpg?resize=350%2C200&ssl=1 1x, https:\/\/i0.wp.com\/lasprimeras.com.do\/wp-content\/uploads\/2024\/07\/Luis-Abinader-6.jpg?resize=525%2C300&ssl=1 1.5x, https:\/\/i0.wp.com\/lasprimeras.com.do\/wp-content\/uploads\/2024\/07\/Luis-Abinader-6.jpg?resize=700%2C400&ssl=1 2x"},"classes":[]},{"id":86442,"url":"https:\/\/lasprimeras.com.do\/index.php\/2024\/07\/25\/con-enorme-ambicion-paris-quiere-marcar-epoca-con-sus-juegos-olimpicos\/","url_meta":{"origin":86581,"position":4},"title":"Con enorme ambici\u00f3n, Par\u00eds quiere marcar \u00e9poca con sus Juegos Ol\u00edmpicos","author":"Nelson Feliz","date":"25 de julio de 2024","format":false,"excerpt":"BY JOHN LEICESTER PAR\u00cdS (AP) \u2014 Par\u00eds siempre ha sido una ciudad de so\u00f1adores: Nada m\u00e1s hay que admirar la Torre Eiffel, que durante d\u00e9cadas fue la estructura m\u00e1s alta del mundo. La audacia tambi\u00e9n ha marcado la ambici\u00f3n de la capital francesa para sus primeros Juegos Ol\u00edmpicos en un\u2026","rel":"","context":"En \u00abSin categor\u00eda\u00bb","block_context":{"text":"Sin categor\u00eda","link":"https:\/\/lasprimeras.com.do\/index.php\/category\/sin-categoria\/"},"img":{"alt_text":"Juegos Ol\u00edmpicos","src":"https:\/\/i0.wp.com\/lasprimeras.com.do\/wp-content\/uploads\/2024\/07\/Juegos-Olimpicos.png?resize=350%2C200&ssl=1","width":350,"height":200,"srcset":"https:\/\/i0.wp.com\/lasprimeras.com.do\/wp-content\/uploads\/2024\/07\/Juegos-Olimpicos.png?resize=350%2C200&ssl=1 1x, https:\/\/i0.wp.com\/lasprimeras.com.do\/wp-content\/uploads\/2024\/07\/Juegos-Olimpicos.png?resize=525%2C300&ssl=1 1.5x, https:\/\/i0.wp.com\/lasprimeras.com.do\/wp-content\/uploads\/2024\/07\/Juegos-Olimpicos.png?resize=700%2C400&ssl=1 2x"},"classes":[]},{"id":82999,"url":"https:\/\/lasprimeras.com.do\/index.php\/2024\/05\/10\/marileidy-paulino-declina-correr-en-el-equipo-de-relevo-mixto-4x400-en-paris-2024\/","url_meta":{"origin":86581,"position":5},"title":"Marileidy Paulino declina correr en el equipo de relevo mixto 4&#215;400 en Par\u00eds 2024","author":"BIMARY DE JES\u00daS Matos","date":"10 de mayo de 2024","format":false,"excerpt":"Paris.-La figura clave del relevo mixto declin\u00f3 de presentarse a la pista en esa modalidad. Para los Juegos Ol\u00edmpicos de Par\u00eds 2024, Marileidy Paulino estar\u00e1 m\u00e1s concentrada en los 400 metros planos, su evento principal y en el que est\u00e1 clasificado para esa cita universal, que ser\u00e1 del 26 de\u2026","rel":"","context":"En \u00abSin categor\u00eda\u00bb","block_context":{"text":"Sin categor\u00eda","link":"https:\/\/lasprimeras.com.do\/index.php\/category\/sin-categoria\/"},"img":{"alt_text":"","src":"https:\/\/i0.wp.com\/lasprimeras.com.do\/wp-content\/uploads\/2024\/05\/65f3a7703e1eb_jce2-1-5.jpg?resize=350%2C200&ssl=1","width":350,"height":200,"srcset":"https:\/\/i0.wp.com\/lasprimeras.com.do\/wp-content\/uploads\/2024\/05\/65f3a7703e1eb_jce2-1-5.jpg?resize=350%2C200&ssl=1 1x, https:\/\/i0.wp.com\/lasprimeras.com.do\/wp-content\/uploads\/2024\/05\/65f3a7703e1eb_jce2-1-5.jpg?resize=525%2C300&ssl=1 1.5x, https:\/\/i0.wp.com\/lasprimeras.com.do\/wp-content\/uploads\/2024\/05\/65f3a7703e1eb_jce2-1-5.jpg?resize=700%2C400&ssl=1 2x"},"classes":[]}],"jetpack_sharing_enabled":true,"_links":{"self":[{"href":"https:\/\/lasprimeras.com.do\/index.php\/wp-json\/wp\/v2\/posts\/86581","targetHints":{"allow":["GET"]}}],"collection":[{"href":"https:\/\/lasprimeras.com.do\/index.php\/wp-json\/wp\/v2\/posts"}],"about":[{"href":"https:\/\/lasprimeras.com.do\/index.php\/wp-json\/wp\/v2\/types\/post"}],"author":[{"embeddable":true,"href":"https:\/\/lasprimeras.com.do\/index.php\/wp-json\/wp\/v2\/users\/2"}],"replies":[{"embeddable":true,"href":"https:\/\/lasprimeras.com.do\/index.php\/wp-json\/wp\/v2\/comments?post=86581"}],"version-history":[{"count":1,"href":"https:\/\/lasprimeras.com.do\/index.php\/wp-json\/wp\/v2\/posts\/86581\/revisions"}],"predecessor-version":[{"id":86583,"href":"https:\/\/lasprimeras.com.do\/index.php\/wp-json\/wp\/v2\/posts\/86581\/revisions\/86583"}],"wp:featuredmedia":[{"embeddable":true,"href":"https:\/\/lasprimeras.com.do\/index.php\/wp-json\/wp\/v2\/media\/86582"}],"wp:attachment":[{"href":"https:\/\/lasprimeras.com.do\/index.php\/wp-json\/wp\/v2\/media?parent=86581"}],"wp:term":[{"taxonomy":"category","embeddable":true,"href":"https:\/\/lasprimeras.com.do\/index.php\/wp-json\/wp\/v2\/categories?post=86581"},{"taxonomy":"post_tag","embeddable":true,"href":"https:\/\/lasprimeras.com.do\/index.php\/wp-json\/wp\/v2\/tags?post=86581"}],"curies":[{"name":"wp","href":"https:\/\/api.w.org\/{rel}","templated":true}]}}