{"id":86587,"date":"2024-07-28T16:33:07","date_gmt":"2024-07-28T20:33:07","guid":{"rendered":"https:\/\/lasprimeras.com.do\/?p=86587"},"modified":"2024-07-28T16:33:07","modified_gmt":"2024-07-28T20:33:07","slug":"aneih-aboga-tomar-en-cuenta-impacto-social-en-obras-de-infraestructura-vial","status":"publish","type":"post","link":"https:\/\/lasprimeras.com.do\/index.php\/2024\/07\/28\/aneih-aboga-tomar-en-cuenta-impacto-social-en-obras-de-infraestructura-vial\/","title":{"rendered":"ANEIH aboga tomar en cuenta impacto social en obras de infraestructura vial"},"content":{"rendered":"\n<p><strong>A juicio de Euri And\u00fajar, presidente, uno de los desaf\u00edos para incrementar la productividad es reducir congestionamiento y mejorar la conectividad de las zonas neur\u00e1lgicas, pero las obras de desarrollo vial deben desarrollarse bajo una visi\u00f3n integral, que no afecten las ventajas comparativas de las actividades econ\u00f3micas.<\/strong><\/p>\n\n\n\n<p>El presidente de la Asociaci\u00f3n Nacional de Empresas e Industrias Herrera (ANEIH), Euri And\u00fajar, abog\u00f3 por un mayor compromiso y responsabilidad social de parte de las autoridades competentes, para que en la concepci\u00f3n de las obras de infraestructura viales que figuran en carpeta, se considere el impacto social que estas derivan en la poblaci\u00f3n y urbe de negocios del \u00e1rea de influencia.<\/p>\n\n\n\n<p>A juicio del dirigente empresarial, es inobjetable que uno de los desaf\u00edos importantes a encarar con urgencia para incrementar la productividad y las ventajas comparativas de los agentes econ\u00f3micos, radica en reducir el congestionamiento en los desplazamientos terrestres y mejorar el flujo vehicular de personas y mercanc\u00edas.<\/p>\n\n\n\n<p>Sin embargo, enfatiz\u00f3 que, en los casos particulares del T\u00fanel Plaza de la Bandera, y las intervenciones del Km. 9 de la Autopista Duarte, la de la Avenida Rep\u00fablica de Colombia y la atinente a la Avenida de Los Beisbolistas, los lineamientos de planificaci\u00f3n deben ponderar las implicaciones directas e indirectas, a fin de que las obras reporten beneficios integrales, equitativos e inclusivos.<\/p>\n\n\n\n<p>&lt;&lt; Se trata de esfuerzos sin precedentes a fin de mejorar la conectividad entre esas zonas neur\u00e1lgicas, empero en el caso del redise\u00f1o de las intersecciones formadas por las avenidas Prolongaci\u00f3n 27 de Febrero con Isabel Aguiar y Luper\u00f3n con 27 de Febrero, dos de los puntos m\u00e1s cr\u00edticos en el tema de circulaci\u00f3n vial del Distrito Nacional, hay que tener cuidado con el redise\u00f1o del proyecto ya que se deber\u00e1n reubicar los asentamientos de negocios y urbanos &gt;&gt;, plante\u00f3 And\u00fajar.<\/p>\n\n\n\n<p>Las consideraciones del presidente de la ANEIH fueron expuestas en la apertura del C\u00f3ctel Econ\u00f3mico El futuro vial, mejoras en el tr\u00e1nsito del Gran Santo Domingo, organizado por la entidad empresarial, con el objetivo de identificar el impacto social y econ\u00f3mico de las intervenciones de las obras de infraestructura, principalmente en Santo Domingo Oeste, y el alcance colateral de estas en las actividades comerciales colindantes.<\/p>\n\n\n\n<p>Cont\u00f3 con la participaci\u00f3n de los conferencistas invitados, el Ing. Roberto Herrera, viceministro de Supervisi\u00f3n y Fiscalizaci\u00f3n de Obras P\u00fablicas, y el Ing. On\u00e9simo Gonz\u00e1lez, director del TRAE, y especialista en transporte; tuvo efecto en la sala de eventos de la sede gremial.<\/p>\n\n\n\n<p>En su alocuci\u00f3n, el presidente de la ANEIH consider\u00f3 que las iniciativas de desarrollo viales deben desarrollarse bajo una visi\u00f3n integral, que no se perciban aisladas, y que considere la naturaleza de los entes que impacta.<\/p>\n\n\n\n<p>Se\u00f1al\u00f3 que la materializaci\u00f3n de una eficiente infraestructura vial, conformada por red de avenidas, puentes, t\u00faneles, carreteras, y dem\u00e1s elementos necesarios para la movilidad terrestre, permitir\u00e1 que las empresas puedan transportar sus productos con mayor eficiencia y a menor costo, lo que se traduce en una mayor competitividad en el mercado.<\/p>\n\n\n\n<p>Puso como ejemplos, la avenida Los Beisbolistas en el municipio Santo Domingo Oeste cuyo abandono y malas condiciones representa un peligro para los peatones y conductores, as\u00ed como la alta peligrosidad de la Autopista Duarte, la cual, dijo, demanda el cumplimiento de los est\u00e1ndares de servicio, confort y dise\u00f1o adecuados, con un especial \u00e9nfasis en la preservaci\u00f3n de vidas y la seguridad vial de los usuarios.<\/p>\n\n\n\n<p>&lt;&lt; Esta ampliaci\u00f3n permitir\u00e1 una mayor fluidez en el tr\u00e1fico, especialmente en horas pico, reduciendo as\u00ed el tiempo de viaje y los costos asociados al congestionamiento&gt;&gt;, apuntal\u00f3.<\/p>\n\n\n\n<p>&lt;&lt;En conclusi\u00f3n, la infraestructura vial es esencial para el desarrollo econ\u00f3mico y social de una regi\u00f3n, pero debe ser planificada, construida y mantenida de manera adecuada para garantizar su eficiencia y sostenibilidad, prestando atenci\u00f3n a la seguridad vial y al impacto socio econ\u00f3mico en las \u00e1reas de influencia de las obras, para garantizar la sostenibilidad y sustentabilidad de los proyectos viales, acot\u00f3 finalmente el dirigente empresarial.<\/p>\n\n\n\n<p>A la actividad concurrieron los directivos y miembros de la ANEIH, representantes del empresariado, dirigentes gremiales y actores del \u00e1mbito econ\u00f3mico, entre otros afines y relacionados.<\/p>\n","protected":false},"excerpt":{"rendered":"<p>A juicio de Euri And\u00fajar, presidente, uno de los desaf\u00edos para incrementar la productividad es reducir congestionamiento y mejorar la conectividad de las zonas neur\u00e1lgicas, pero las obras de desarrollo&hellip;<\/p>\n","protected":false},"author":2,"featured_media":86588,"comment_status":"open","ping_status":"open","sticky":false,"template":"","format":"standard","meta":{"content-type":"","jetpack_post_was_ever_published":false,"_jetpack_newsletter_access":"","_jetpack_dont_email_post_to_subs":false,"_jetpack_newsletter_tier_id":0,"_jetpack_memberships_contains_paywalled_content":false,"_jetpack_memberships_contains_paid_content":false,"footnotes":""},"categories":[39,25],"tags":[14369,3510,14370,374,557],"class_list":["post-86587","post","type-post","status-publish","format-standard","has-post-thumbnail","hentry","category-economia","category-portada","tag-aneih","tag-impacto","tag-infraestructura-vial","tag-obras","tag-social"],"jetpack_featured_media_url":"https:\/\/lasprimeras.com.do\/wp-content\/uploads\/2024\/07\/Euri-Andujar.jpg","jetpack-related-posts":[{"id":73000,"url":"https:\/\/lasprimeras.com.do\/index.php\/2024\/01\/04\/teodoro-resalta-impacto-social-obras-viales-entregadas-en-barahona\/","url_meta":{"origin":86587,"position":0},"title":"Teodoro resalta impacto social obras viales entregadas en Barahona","author":"Nelson Feliz","date":"4 de enero de 2024","format":false,"excerpt":"El ex presidente del Colegio Dominicano de Ingenieros, Arquitectos y Agrimensores (CODIA) Ing. Teodoro Tejada felicit\u00f3 al mandatario Luis Abinader y al ministro de Obras P\u00fablicas, -MOPC-, Deligne Ascensi\u00f3n, por la inauguraci\u00f3n de la primera etapa de la construcci\u00f3n de la carretera Barahona \u2013 Enriquillo. Asimismo, el empresario de la\u2026","rel":"","context":"En \u00abNACIONALES\u00bb","block_context":{"text":"NACIONALES","link":"https:\/\/lasprimeras.com.do\/index.php\/category\/nacionales\/"},"img":{"alt_text":"Teodoro Tejada","src":"https:\/\/i0.wp.com\/lasprimeras.com.do\/wp-content\/uploads\/2024\/01\/Teodoro-Tejada.jpg?resize=350%2C200&ssl=1","width":350,"height":200,"srcset":"https:\/\/i0.wp.com\/lasprimeras.com.do\/wp-content\/uploads\/2024\/01\/Teodoro-Tejada.jpg?resize=350%2C200&ssl=1 1x, https:\/\/i0.wp.com\/lasprimeras.com.do\/wp-content\/uploads\/2024\/01\/Teodoro-Tejada.jpg?resize=525%2C300&ssl=1 1.5x, https:\/\/i0.wp.com\/lasprimeras.com.do\/wp-content\/uploads\/2024\/01\/Teodoro-Tejada.jpg?resize=700%2C400&ssl=1 2x"},"classes":[]},{"id":118031,"url":"https:\/\/lasprimeras.com.do\/index.php\/2025\/12\/19\/presidente-abinader-inaugura-fase-final-de-la-avenida-ecologica\/","url_meta":{"origin":86587,"position":1},"title":"Presidente Abinader inaugura fase final de la avenida Ecol\u00f3gica","author":"Nelson Feliz","date":"19 de diciembre de 2025","format":false,"excerpt":"Asegura que seguir\u00e1 construyendo un pa\u00eds con mejor infraestructura, porque una mejor infraestructura se traduce en m\u00e1s calidad de vida y mayor competitividad. El presidente Luis Abinader inaugur\u00f3 este viernes la fase final de la avenida Ecol\u00f3gica, una infraestructura estrat\u00e9gica que, afirm\u00f3, representa competitividad para el pa\u00eds, al mejorar la\u2026","rel":"","context":"En \u00abNACIONALES\u00bb","block_context":{"text":"NACIONALES","link":"https:\/\/lasprimeras.com.do\/index.php\/category\/nacionales\/"},"img":{"alt_text":"","src":"https:\/\/i0.wp.com\/lasprimeras.com.do\/wp-content\/uploads\/2025\/12\/Luis-Abin.jpg?resize=350%2C200&ssl=1","width":350,"height":200,"srcset":"https:\/\/i0.wp.com\/lasprimeras.com.do\/wp-content\/uploads\/2025\/12\/Luis-Abin.jpg?resize=350%2C200&ssl=1 1x, https:\/\/i0.wp.com\/lasprimeras.com.do\/wp-content\/uploads\/2025\/12\/Luis-Abin.jpg?resize=525%2C300&ssl=1 1.5x, https:\/\/i0.wp.com\/lasprimeras.com.do\/wp-content\/uploads\/2025\/12\/Luis-Abin.jpg?resize=700%2C400&ssl=1 2x"},"classes":[]},{"id":109530,"url":"https:\/\/lasprimeras.com.do\/index.php\/2025\/09\/18\/abinader-supervisa-construccion-del-paso-a-desnivel-en-la-prolongacion-27-de-febrero-con-isabel-aguiar\/","url_meta":{"origin":86587,"position":2},"title":"Abinader supervisa construcci\u00f3n del paso a desnivel en la Prolongaci\u00f3n 27 de Febrero con Isabel Aguiar","author":"Nelson Feliz","date":"18 de septiembre de 2025","format":false,"excerpt":"El presidente Luis Abinader, realiz\u00f3 anoche una visita de supervisi\u00f3n de los trabajos de construcci\u00f3n del paso a desnivel ubicado en la Prolongaci\u00f3n 27 de Febrero con la avenida Isabel Aguiar, una de las obras de infraestructura vial m\u00e1s importantes en ejecuci\u00f3n en Santo Domingo. \u201cEsta noche me detuve en\u2026","rel":"","context":"En \u00abNACIONALES\u00bb","block_context":{"text":"NACIONALES","link":"https:\/\/lasprimeras.com.do\/index.php\/category\/nacionales\/"},"img":{"alt_text":"","src":"https:\/\/i0.wp.com\/lasprimeras.com.do\/wp-content\/uploads\/2025\/09\/abina.jpg?resize=350%2C200&ssl=1","width":350,"height":200,"srcset":"https:\/\/i0.wp.com\/lasprimeras.com.do\/wp-content\/uploads\/2025\/09\/abina.jpg?resize=350%2C200&ssl=1 1x, https:\/\/i0.wp.com\/lasprimeras.com.do\/wp-content\/uploads\/2025\/09\/abina.jpg?resize=525%2C300&ssl=1 1.5x, https:\/\/i0.wp.com\/lasprimeras.com.do\/wp-content\/uploads\/2025\/09\/abina.jpg?resize=700%2C400&ssl=1 2x"},"classes":[]},{"id":99416,"url":"https:\/\/lasprimeras.com.do\/index.php\/2025\/05\/21\/fenattransc-exige-evaluacion-estructural-de-obras-viales-construidas-por-pasados-gobiernos\/","url_meta":{"origin":86587,"position":3},"title":"Fenattransc exige evaluaci\u00f3n estructural de obras viales construidas por pasados gobiernos","author":"Nelson Feliz","date":"21 de mayo de 2025","format":false,"excerpt":"La Federaci\u00f3n Nacional de Trabajadores del Transporte Social Cristianos (Fenattransc), hizo un llamado urgente al Ministerio de Obras P\u00fablicas(MOPC) para que realice una evaluaci\u00f3n estructural de todas las obras e infraestructura vial construidas durante los gobiernos del Partido de la Liberaci\u00f3n Dominicana (PLD). Seg\u00fan denunci\u00f3 el secretario general Mario D\u00edaz,\u2026","rel":"","context":"En \u00abNACIONALES\u00bb","block_context":{"text":"NACIONALES","link":"https:\/\/lasprimeras.com.do\/index.php\/category\/nacionales\/"},"img":{"alt_text":"Mario D\u00edaz","src":"https:\/\/i0.wp.com\/lasprimeras.com.do\/wp-content\/uploads\/2025\/05\/Mario-Diaz.jpg?resize=350%2C200&ssl=1","width":350,"height":200,"srcset":"https:\/\/i0.wp.com\/lasprimeras.com.do\/wp-content\/uploads\/2025\/05\/Mario-Diaz.jpg?resize=350%2C200&ssl=1 1x, https:\/\/i0.wp.com\/lasprimeras.com.do\/wp-content\/uploads\/2025\/05\/Mario-Diaz.jpg?resize=525%2C300&ssl=1 1.5x, https:\/\/i0.wp.com\/lasprimeras.com.do\/wp-content\/uploads\/2025\/05\/Mario-Diaz.jpg?resize=700%2C400&ssl=1 2x"},"classes":[]},{"id":113893,"url":"https:\/\/lasprimeras.com.do\/index.php\/2025\/11\/06\/abinader-inauguracion-del-tramo-carretero-sabana-toro-la-rosa-en-san-cristobal\/","url_meta":{"origin":86587,"position":4},"title":"Abinader inauguraci\u00f3n del tramo carretero Sabana Toro\u2013La Rosa en San Crist\u00f3bal","author":"Nelson Feliz","date":"6 de noviembre de 2025","format":false,"excerpt":"El administrador de EGEHID, Rafael Salazar, destaca la importancia de la obra para las comunidades de Sabana Toro, La Rosa, Villegas, Tel\u00edn, El Pueblecito y zonas vecinas, que durante d\u00e9cadas esperaron una soluci\u00f3n vial. El presidente Luis Abinader inaugur\u00f3 este jueves la rehabilitaci\u00f3n del tramo carretero Sabana Toro\u2013La Rosa, una\u2026","rel":"","context":"En \u00abNACIONALES\u00bb","block_context":{"text":"NACIONALES","link":"https:\/\/lasprimeras.com.do\/index.php\/category\/nacionales\/"},"img":{"alt_text":"","src":"https:\/\/i0.wp.com\/lasprimeras.com.do\/wp-content\/uploads\/2025\/11\/carretera.jpeg?resize=350%2C200&ssl=1","width":350,"height":200,"srcset":"https:\/\/i0.wp.com\/lasprimeras.com.do\/wp-content\/uploads\/2025\/11\/carretera.jpeg?resize=350%2C200&ssl=1 1x, https:\/\/i0.wp.com\/lasprimeras.com.do\/wp-content\/uploads\/2025\/11\/carretera.jpeg?resize=525%2C300&ssl=1 1.5x, https:\/\/i0.wp.com\/lasprimeras.com.do\/wp-content\/uploads\/2025\/11\/carretera.jpeg?resize=700%2C400&ssl=1 2x"},"classes":[]},{"id":118217,"url":"https:\/\/lasprimeras.com.do\/index.php\/2025\/12\/23\/cntu-destaca-avances-en-infraestructura-vial-y-transporte-vaticina-mejoria-en-la-movilidad-para-enero-de-2025\/","url_meta":{"origin":86587,"position":5},"title":"CNTU destaca avances en infraestructura vial y transporte; vaticina mejor\u00eda en la movilidad para enero de 2025","author":"Nelson Feliz","date":"23 de diciembre de 2025","format":false,"excerpt":"El presidente de la Central Nacional de Transportistas Unificados (CNTU), William P\u00e9rez Figuereo, valor\u00f3 como positivos los avances logrados durante el presente a\u00f1o en materia de infraestructura vial y transporte masivo, asegurando que las inversiones estatales est\u00e1n sentando las bases para una movilidad m\u00e1s eficiente en la Rep\u00fablica Dominicana. Al\u2026","rel":"","context":"En \u00abNACIONALES\u00bb","block_context":{"text":"NACIONALES","link":"https:\/\/lasprimeras.com.do\/index.php\/category\/nacionales\/"},"img":{"alt_text":"William P\u00e9rez Figuereo","src":"https:\/\/i0.wp.com\/lasprimeras.com.do\/wp-content\/uploads\/2024\/10\/William-Perez-Figuereo-1.jpg?resize=350%2C200&ssl=1","width":350,"height":200,"srcset":"https:\/\/i0.wp.com\/lasprimeras.com.do\/wp-content\/uploads\/2024\/10\/William-Perez-Figuereo-1.jpg?resize=350%2C200&ssl=1 1x, https:\/\/i0.wp.com\/lasprimeras.com.do\/wp-content\/uploads\/2024\/10\/William-Perez-Figuereo-1.jpg?resize=525%2C300&ssl=1 1.5x, https:\/\/i0.wp.com\/lasprimeras.com.do\/wp-content\/uploads\/2024\/10\/William-Perez-Figuereo-1.jpg?resize=700%2C400&ssl=1 2x"},"classes":[]}],"jetpack_sharing_enabled":true,"_links":{"self":[{"href":"https:\/\/lasprimeras.com.do\/index.php\/wp-json\/wp\/v2\/posts\/86587","targetHints":{"allow":["GET"]}}],"collection":[{"href":"https:\/\/lasprimeras.com.do\/index.php\/wp-json\/wp\/v2\/posts"}],"about":[{"href":"https:\/\/lasprimeras.com.do\/index.php\/wp-json\/wp\/v2\/types\/post"}],"author":[{"embeddable":true,"href":"https:\/\/lasprimeras.com.do\/index.php\/wp-json\/wp\/v2\/users\/2"}],"replies":[{"embeddable":true,"href":"https:\/\/lasprimeras.com.do\/index.php\/wp-json\/wp\/v2\/comments?post=86587"}],"version-history":[{"count":1,"href":"https:\/\/lasprimeras.com.do\/index.php\/wp-json\/wp\/v2\/posts\/86587\/revisions"}],"predecessor-version":[{"id":86589,"href":"https:\/\/lasprimeras.com.do\/index.php\/wp-json\/wp\/v2\/posts\/86587\/revisions\/86589"}],"wp:featuredmedia":[{"embeddable":true,"href":"https:\/\/lasprimeras.com.do\/index.php\/wp-json\/wp\/v2\/media\/86588"}],"wp:attachment":[{"href":"https:\/\/lasprimeras.com.do\/index.php\/wp-json\/wp\/v2\/media?parent=86587"}],"wp:term":[{"taxonomy":"category","embeddable":true,"href":"https:\/\/lasprimeras.com.do\/index.php\/wp-json\/wp\/v2\/categories?post=86587"},{"taxonomy":"post_tag","embeddable":true,"href":"https:\/\/lasprimeras.com.do\/index.php\/wp-json\/wp\/v2\/tags?post=86587"}],"curies":[{"name":"wp","href":"https:\/\/api.w.org\/{rel}","templated":true}]}}