{"id":86590,"date":"2024-07-28T16:41:32","date_gmt":"2024-07-28T20:41:32","guid":{"rendered":"https:\/\/lasprimeras.com.do\/?p=86590"},"modified":"2024-07-28T16:41:33","modified_gmt":"2024-07-28T20:41:33","slug":"psoe-constituye-ejecutiva-en-rd-y-reitera-apoyo-a-derechos-y-democracia","status":"publish","type":"post","link":"https:\/\/lasprimeras.com.do\/index.php\/2024\/07\/28\/psoe-constituye-ejecutiva-en-rd-y-reitera-apoyo-a-derechos-y-democracia\/","title":{"rendered":"PSOE constituye Ejecutiva en RD y reitera apoyo a derechos y democracia"},"content":{"rendered":"\n<p><strong>La nueva secretaria general es la joven pol\u00edtica Julia Mu\u00f1oz Alegre y hace historia en toda Am\u00e9rica con apenas 33 a\u00f1os. El anuncio lo hace Pilar Cancela, secretaria del PSOE Exterior.<\/strong><\/p>\n\n\n\n<p>El Partido Socialista Obrero Espa\u00f1ol (PSOE) abre una nueva etapa constituyendo su nueva directiva en Rep\u00fablica Dominicana, encabezada por dos mujeres pol\u00edticas, quienes llamaron a la comunidad espa\u00f1ola residente en el pa\u00eds, a integrarse por la defensa de sus derechos y a favor de los valores socialdem\u00f3cratas.<\/p>\n\n\n\n<p>La Comisi\u00f3n Ejecutiva del PSOE en el pa\u00eds est\u00e1 conformada por su presidente, Iv\u00e1n Armengou, como secretaria general a Julia Mu\u00f1oz Alegre, junto con Katy Guzm\u00e1n de organizaci\u00f3n y comunicaci\u00f3n, Rafael D\u00edaz Cabral de formaci\u00f3n y relaciones internacionales y \u00c1ngel Pina, de pol\u00edtica territorial y acci\u00f3n electoral.<\/p>\n\n\n\n<p>Pilar Cancela, secretaria del PSOE Exterior y miembro de la Comisi\u00f3n Ejecutiva Federal, sostuvo que esta organizaci\u00f3n auspicia el liderazgo de la justicia social, la igualdad, los derechos y el progreso porque el partido busca integrar a la comunidad espa\u00f1ola residente en el pa\u00eds, la cual tiene estimado que m\u00e1s de 18 mil ciudadanos espa\u00f1oles tienen derecho a voto.<\/p>\n\n\n\n<p>Cancela dijo que el PSOE rechaza a los grupos de ultraderecha que tienen hoy en d\u00eda, expresiones en todo el mundo de negaci\u00f3n, de la lucha contra el g\u00e9nero, de rechazo a la inmigraci\u00f3n y de rechazo a derechos fundamentales para la convivencia de una sociedad justa y de respeto a los derechos.<\/p>\n\n\n\n<p>\u201cBajo las directrices del Gobierno socialista, se han alcanzado avances sociales y pol\u00edticos importantes que refuerzan el valor de la democracia inclusiva, y en esa orientaci\u00f3n, es que debemos trabajar con esfuerzo, en especial de una naci\u00f3n como Rep\u00fablica Dominicana, tan cercana hist\u00f3rica y socialmente a Espa\u00f1a,\u201d dijo Cancela.<\/p>\n\n\n\n<p>Mu\u00f1oz Alegre afirm\u00f3 a los medios de prensa que cubrieron la instalaci\u00f3n de la nueva directiva, que el partido ha dado un paso hist\u00f3rico al poner en su directiva para RD, a mujeres j\u00f3venes pol\u00edticas con destaca proyecci\u00f3n y con visi\u00f3n.<\/p>\n\n\n\n<p>El Partido Socialista Obrero Espa\u00f1ol fue fundado en el a\u00f1o 1879 de ideolog\u00eda socialdem\u00f3crata y de centroizquierda. Desde el 18 de junio de 2014 est\u00e1 dirigido por el secretario general, Pedro S\u00e1nchez.<\/p>\n\n\n\n<p>\u201cEn los 145 a\u00f1os de existencia del PSOE, nuestra organizaci\u00f3n ha evidenciado su apoyo a los valores inclusivos de la democracia y a la vigencia de los derechos de todos los espa\u00f1oles a la no discriminaci\u00f3n, y la vigencia de las prerrogativas fundamentales y es en esa perspectiva que habr\u00e1 de trabajar nuestra directiva nacional en Rep\u00fablica Dominicana\u201d.<\/p>\n\n\n\n<p>La nueva secretaria general del PSOE en Rep\u00fablica Dominicana, es licenciada en comunicaci\u00f3n social con formaci\u00f3n internacional y de ascendencia espa\u00f1ola, de Burgos, indic\u00f3 que van a trabajar en todo el territorio dominicano bajo los principios democr\u00e1ticos, que contemplan el impulso de una sociedad sin vulneraci\u00f3n de derechos y, al contrario, fomentando la igualdad y la inclusi\u00f3n, como lo propugnan en Espa\u00f1a.<\/p>\n\n\n\n<p>Dijo que es un paso hist\u00f3rico y valioso respecto al pa\u00eds y a toda a Am\u00e9rica, que el PSOE haya instalado una renovada directiva incluyendo en dos puestos fundamentales, a dos mujeres j\u00f3venes reconocidas, e incluyendo en otros puestos a compa\u00f1eros de la lucha pol\u00edtica de este partido.<\/p>\n\n\n\n<p>Pueden conocer m\u00e1s, sobre esta nueva ejecutiva en el pa\u00eds, siguiendo sus redes sociales identificadas como @psoerd.<\/p>\n","protected":false},"excerpt":{"rendered":"<p>La nueva secretaria general es la joven pol\u00edtica Julia Mu\u00f1oz Alegre y hace historia en toda Am\u00e9rica con apenas 33 a\u00f1os. El anuncio lo hace Pilar Cancela, secretaria del PSOE&hellip;<\/p>\n","protected":false},"author":2,"featured_media":86591,"comment_status":"open","ping_status":"open","sticky":false,"template":"","format":"standard","meta":{"content-type":"","jetpack_post_was_ever_published":false,"_jetpack_newsletter_access":"","_jetpack_dont_email_post_to_subs":false,"_jetpack_newsletter_tier_id":0,"_jetpack_memberships_contains_paywalled_content":false,"_jetpack_memberships_contains_paid_content":false,"footnotes":""},"categories":[25],"tags":[607,154,8683,5902,127],"class_list":["post-86590","post","type-post","status-publish","format-standard","has-post-thumbnail","hentry","category-portada","tag-democracia","tag-derechos","tag-ejecutiva","tag-psoe","tag-rd"],"jetpack_featured_media_url":"https:\/\/lasprimeras.com.do\/wp-content\/uploads\/2024\/07\/La-comision-ejecutiva-de-PSOE-en-Republica-Dominiana-y-Pilar-Cancela-tercera-desde-la-izquierda-copia.png","jetpack-related-posts":[{"id":111155,"url":"https:\/\/lasprimeras.com.do\/index.php\/2025\/10\/05\/fallece-el-expresidente-de-extremadura-guillermo-fernandez-vara-a-los-66-anos-tras-una-larga-enfermedad\/","url_meta":{"origin":86590,"position":0},"title":"Fallece el expresidente de Extremadura Guillermo Fern\u00e1ndez Vara a los 66 a\u00f1os tras una larga enfermedad","author":"Nelson Feliz","date":"5 de octubre de 2025","format":false,"excerpt":"Fue secretario general del PSOE de Extremadura durante 16 a\u00f1os y presidente de la Junta a lo largo de tres mandatos Por Newsroom Infobae El expresidente de la Junta de Extremadura, el socialista Guillermo Fern\u00e1ndez Vara, ha fallecido este domingo a los 66 a\u00f1os tras una larga lucha contra la\u2026","rel":"","context":"En \u00abINTERNACIONALES\u00bb","block_context":{"text":"INTERNACIONALES","link":"https:\/\/lasprimeras.com.do\/index.php\/category\/sin-categoria\/internacionales\/"},"img":{"alt_text":"","src":"https:\/\/i0.wp.com\/lasprimeras.com.do\/wp-content\/uploads\/2025\/10\/Guillermo-Fernandez-Vara.jpg?resize=350%2C200&ssl=1","width":350,"height":200,"srcset":"https:\/\/i0.wp.com\/lasprimeras.com.do\/wp-content\/uploads\/2025\/10\/Guillermo-Fernandez-Vara.jpg?resize=350%2C200&ssl=1 1x, https:\/\/i0.wp.com\/lasprimeras.com.do\/wp-content\/uploads\/2025\/10\/Guillermo-Fernandez-Vara.jpg?resize=525%2C300&ssl=1 1.5x, https:\/\/i0.wp.com\/lasprimeras.com.do\/wp-content\/uploads\/2025\/10\/Guillermo-Fernandez-Vara.jpg?resize=700%2C400&ssl=1 2x"},"classes":[]},{"id":122760,"url":"https:\/\/lasprimeras.com.do\/index.php\/2026\/02\/22\/pedro-sanchez-llama-a-que-castilla-y-leon-sea-el-punto-y-final-de-los-gobiernos-del-pp-y-vox\/","url_meta":{"origin":86590,"position":1},"title":"Pedro S\u00e1nchez llama a que Castilla y Le\u00f3n sea \u00abel punto y final\u00bb de los gobiernos del PP y Vox","author":"Nelson Feliz","date":"22 de febrero de 2026","format":false,"excerpt":"El l\u00edder del PSOE y jefe del Ejecutivo, Pedro S\u00e1nchez, acompa\u00f1ado del candidato a la Presidencia de la Junta de Castilla y Le\u00f3n, Carlos Mart\u00ednez. EFE\/ Ana Barredo","rel":"","context":"En \u00abINTERNACIONALES\u00bb","block_context":{"text":"INTERNACIONALES","link":"https:\/\/lasprimeras.com.do\/index.php\/category\/sin-categoria\/internacionales\/"},"img":{"alt_text":"El l\u00edder del PSOE y jefe del Ejecutivo, Pedro S\u00e1nchez, acompa\u00f1ado del candidato a la Presidencia de la Junta de Castilla y Le\u00f3n, Carlos Mart\u00ednez. EFE\/ Ana Barredo","src":"https:\/\/i0.wp.com\/lasprimeras.com.do\/wp-content\/uploads\/2026\/02\/Pedro-Sanchez-y-Carlos-Martinez.jpg?resize=350%2C200&ssl=1","width":350,"height":200,"srcset":"https:\/\/i0.wp.com\/lasprimeras.com.do\/wp-content\/uploads\/2026\/02\/Pedro-Sanchez-y-Carlos-Martinez.jpg?resize=350%2C200&ssl=1 1x, https:\/\/i0.wp.com\/lasprimeras.com.do\/wp-content\/uploads\/2026\/02\/Pedro-Sanchez-y-Carlos-Martinez.jpg?resize=525%2C300&ssl=1 1.5x, https:\/\/i0.wp.com\/lasprimeras.com.do\/wp-content\/uploads\/2026\/02\/Pedro-Sanchez-y-Carlos-Martinez.jpg?resize=700%2C400&ssl=1 2x"},"classes":[]},{"id":51175,"url":"https:\/\/lasprimeras.com.do\/index.php\/2023\/05\/29\/el-derechista-partido-popular-gana-las-elecciones-municipales-y-regionales-en-espana\/","url_meta":{"origin":86590,"position":2},"title":"El derechista Partido Popular gana las elecciones municipales y regionales en Espa\u00f1a","author":"prenxa100","date":"29 de mayo de 2023","format":false,"excerpt":"\"Hemos dado el primer paso para abrir un nuevo ciclo pol\u00edtico en Espa\u00f1a\", expres\u00f3 Alberto N\u00fa\u00f1ez Feij\u00f3o, presidente del PP. Espa\u00f1a, RT.-. El derechista Partido Popular (PP) se impuso con el 31,5 % de los votos en las elecciones municipales celebradas este domingo, frente al Partido Socialista Obrero Espa\u00f1ol (PSOE)\u2026","rel":"","context":"En \u00abSin categor\u00eda\u00bb","block_context":{"text":"Sin categor\u00eda","link":"https:\/\/lasprimeras.com.do\/index.php\/category\/sin-categoria\/"},"img":{"alt_text":"","src":"","width":0,"height":0},"classes":[]},{"id":82381,"url":"https:\/\/lasprimeras.com.do\/index.php\/2024\/05\/02\/pedro-sanchez-envia-otra-carta-una-semana-despues\/","url_meta":{"origin":86590,"position":3},"title":"Pedro S\u00e1nchez env\u00eda otra carta una semana despu\u00e9s","author":"BIMARY DE JES\u00daS Matos","date":"2 de mayo de 2024","format":false,"excerpt":"Se ha cumplido una semana desde que Pedro S\u00e1nchez dej\u00f3 en vilo a su partido, a los militantes del PSOE y a Espa\u00f1a cuando dijo que ten\u00eda que tomar una decisi\u00f3n sobre su futuro a trav\u00e9s de una carta que hizo p\u00fablica el mi\u00e9rcoles 24 por la tarde. El lunes\u2026","rel":"","context":"En \u00abSin categor\u00eda\u00bb","block_context":{"text":"Sin categor\u00eda","link":"https:\/\/lasprimeras.com.do\/index.php\/category\/sin-categoria\/"},"img":{"alt_text":"","src":"https:\/\/lasprimeras.com.do\/wp-content\/uploads\/2024\/05\/WhatsApp-Image-2024-05-01-at-9.01.03-AM.avif","width":350,"height":200,"srcset":"https:\/\/lasprimeras.com.do\/wp-content\/uploads\/2024\/05\/WhatsApp-Image-2024-05-01-at-9.01.03-AM.avif 1x, https:\/\/lasprimeras.com.do\/wp-content\/uploads\/2024\/05\/WhatsApp-Image-2024-05-01-at-9.01.03-AM.avif 1.5x"},"classes":[]},{"id":56941,"url":"https:\/\/lasprimeras.com.do\/index.php\/2023\/08\/07\/la-jec-desoye-al-psoe-para-revisar-el-voto-nulo-del-23j-y-confirma-el-reparto-de-escanos-en-madrid\/","url_meta":{"origin":86590,"position":4},"title":"La JEC desoye al PSOE para revisar el voto nulo del 23J y confirma el reparto de esca\u00f1os en Madrid","author":"Nelson Feliz","date":"7 de agosto de 2023","format":false,"excerpt":"La Junta Electoral Central (JEC) ha desestimado el recurso del PSOE que ped\u00eda revocar el escrutinio de los votos emitidos en Madrid en las elecciones generales del pasado 23 de julio y, m\u00e1s all\u00e1 de corregir tres papeletas, ha confirmado el reparto de esca\u00f1os que dio por bueno la Junta\u2026","rel":"","context":"En \u00abSin categor\u00eda\u00bb","block_context":{"text":"Sin categor\u00eda","link":"https:\/\/lasprimeras.com.do\/index.php\/category\/sin-categoria\/"},"img":{"alt_text":"","src":"https:\/\/i0.wp.com\/lasprimeras.com.do\/wp-content\/uploads\/2023\/08\/libros.jpg?resize=350%2C200&ssl=1","width":350,"height":200,"srcset":"https:\/\/i0.wp.com\/lasprimeras.com.do\/wp-content\/uploads\/2023\/08\/libros.jpg?resize=350%2C200&ssl=1 1x, https:\/\/i0.wp.com\/lasprimeras.com.do\/wp-content\/uploads\/2023\/08\/libros.jpg?resize=525%2C300&ssl=1 1.5x"},"classes":[]},{"id":67369,"url":"https:\/\/lasprimeras.com.do\/index.php\/2023\/11\/15\/sanchez-intentara-revalidar-el-cargo-en-espana-con-el-amplio-rechazo-de-la-derecha-y-ultraderecha\/","url_meta":{"origin":86590,"position":5},"title":"S\u00e1nchez intentar\u00e1 revalidar el cargo en Espa\u00f1a con el amplio rechazo de la derecha y ultraderecha","author":"Nelson Feliz","date":"15 de noviembre de 2023","format":false,"excerpt":"Por Nuria L\u00f3pez El l\u00edder socialista ya ha pactado el respaldo de 179 de los 350 esca\u00f1os del Congreso y, con ello, se garantizar\u00eda al menos dos a\u00f1os de legislatura. Casi cuatro meses despu\u00e9s de la celebraci\u00f3n de elecciones generales del pasado 23 de julio, es probable que Espa\u00f1a tenga\u2026","rel":"","context":"En \u00abSin categor\u00eda\u00bb","block_context":{"text":"Sin categor\u00eda","link":"https:\/\/lasprimeras.com.do\/index.php\/category\/sin-categoria\/"},"img":{"alt_text":"","src":"https:\/\/i0.wp.com\/lasprimeras.com.do\/wp-content\/uploads\/2023\/11\/pedro.jpg?resize=350%2C200&ssl=1","width":350,"height":200,"srcset":"https:\/\/i0.wp.com\/lasprimeras.com.do\/wp-content\/uploads\/2023\/11\/pedro.jpg?resize=350%2C200&ssl=1 1x, https:\/\/i0.wp.com\/lasprimeras.com.do\/wp-content\/uploads\/2023\/11\/pedro.jpg?resize=525%2C300&ssl=1 1.5x"},"classes":[]}],"jetpack_sharing_enabled":true,"_links":{"self":[{"href":"https:\/\/lasprimeras.com.do\/index.php\/wp-json\/wp\/v2\/posts\/86590","targetHints":{"allow":["GET"]}}],"collection":[{"href":"https:\/\/lasprimeras.com.do\/index.php\/wp-json\/wp\/v2\/posts"}],"about":[{"href":"https:\/\/lasprimeras.com.do\/index.php\/wp-json\/wp\/v2\/types\/post"}],"author":[{"embeddable":true,"href":"https:\/\/lasprimeras.com.do\/index.php\/wp-json\/wp\/v2\/users\/2"}],"replies":[{"embeddable":true,"href":"https:\/\/lasprimeras.com.do\/index.php\/wp-json\/wp\/v2\/comments?post=86590"}],"version-history":[{"count":1,"href":"https:\/\/lasprimeras.com.do\/index.php\/wp-json\/wp\/v2\/posts\/86590\/revisions"}],"predecessor-version":[{"id":86592,"href":"https:\/\/lasprimeras.com.do\/index.php\/wp-json\/wp\/v2\/posts\/86590\/revisions\/86592"}],"wp:featuredmedia":[{"embeddable":true,"href":"https:\/\/lasprimeras.com.do\/index.php\/wp-json\/wp\/v2\/media\/86591"}],"wp:attachment":[{"href":"https:\/\/lasprimeras.com.do\/index.php\/wp-json\/wp\/v2\/media?parent=86590"}],"wp:term":[{"taxonomy":"category","embeddable":true,"href":"https:\/\/lasprimeras.com.do\/index.php\/wp-json\/wp\/v2\/categories?post=86590"},{"taxonomy":"post_tag","embeddable":true,"href":"https:\/\/lasprimeras.com.do\/index.php\/wp-json\/wp\/v2\/tags?post=86590"}],"curies":[{"name":"wp","href":"https:\/\/api.w.org\/{rel}","templated":true}]}}