{"id":86596,"date":"2024-07-28T17:07:31","date_gmt":"2024-07-28T21:07:31","guid":{"rendered":"https:\/\/lasprimeras.com.do\/?p=86596"},"modified":"2024-07-28T17:07:33","modified_gmt":"2024-07-28T21:07:33","slug":"pld-cumple-proceso-de-evaluacion-critica-y-autocritica","status":"publish","type":"post","link":"https:\/\/lasprimeras.com.do\/index.php\/2024\/07\/28\/pld-cumple-proceso-de-evaluacion-critica-y-autocritica\/","title":{"rendered":"PLD cumple proceso de evaluaci\u00f3n cr\u00edtica y autocr\u00edtica"},"content":{"rendered":"\n<p>Decenas de reportes de reuniones y encuentros de los organismos del Partido de la Liberaci\u00f3n Dominicana (PLD) se recibieron en la Secretar\u00eda de Enlaces y en las Oficinas de la Comisi\u00f3n Organizadora del X Congreso Ordinario Reinaldo Pared P\u00e9rez, conociendo el Instrumento de Evaluaci\u00f3n Cr\u00edtica y Autocr\u00edtica.<\/p>\n\n\n\n<p>Est\u00e1n facultados para dicha evaluaci\u00f3n los Comit\u00e9s Intermedios, Provinciales, Municipales, de Distritos Municipales, de Circunscripciones Electorales y de Seccionales.<\/p>\n\n\n\n<p>Las evaluaciones se realizan mediante asambleas y reuniones guiadas por el procedimiento emanado de la Comisi\u00f3n Organizadora del X Congreso en el que se explica paso por paso lo que se debe hacer para procurar la opini\u00f3n de los participantes en los encuentros.<\/p>\n\n\n\n<p>Los reportes llegan de zonas urbanas y rurales acompa\u00f1ados de im\u00e1genes fotogr\u00e1ficas, demostrativas de esas reuniones y de que es el PLD, el \u00fanico del sistema de partidos, verdaderamente.<\/p>\n\n\n\n<p>En la ma\u00f1ana del domingo se recibieron reportes de reuniones evaluativas del&nbsp; Comit\u00e9 municipal Gaspar Polanco de Guayubin , del distrito municipal de boca de Mao, de varios Comit\u00e9s Intermedios de Esperanza, Valverde, del municipio de Arenoso, provincia Duarte, de Jima, Hatico&nbsp; y Constanza,&nbsp; La Vega, de&nbsp; Ram\u00f3n Santana y&nbsp; Consuelo ambos en San Pedro de Macor\u00eds , de El Valle, Hato Mayor, el Comit\u00e9 Intermedio del Caimito Adentro, en el Distrito Municipal de Taveras, La Vega, tambi\u00e9n de La jagua y la Llanada.<\/p>\n\n\n\n<p>Las respuestas a las preguntas del formulario inserto en el cuadernillo \u201cInstructivo para la Evaluaci\u00f3n Cr\u00edtica y Autocr\u00edtica del PLD y el Proceso Electoral 2024\u201d ser\u00e1n tabuladas y organizadas por un equipo, que mediante un esquema inform\u00e1tico y de an\u00e1lisis, recoge las respuestas a las interrogantes que procuran evaluar bajo un esquema cr\u00edtico y autocr\u00edtico, la situaci\u00f3n del PLD y su participaci\u00f3n en los pasado procesos electorales.<\/p>\n","protected":false},"excerpt":{"rendered":"<p>Decenas de reportes de reuniones y encuentros de los organismos del Partido de la Liberaci\u00f3n Dominicana (PLD) se recibieron en la Secretar\u00eda de Enlaces y en las Oficinas de la&hellip;<\/p>\n","protected":false},"author":2,"featured_media":86597,"comment_status":"open","ping_status":"open","sticky":false,"template":"","format":"standard","meta":{"content-type":"","jetpack_post_was_ever_published":false,"_jetpack_newsletter_access":"","_jetpack_dont_email_post_to_subs":false,"_jetpack_newsletter_tier_id":0,"_jetpack_memberships_contains_paywalled_content":false,"_jetpack_memberships_contains_paid_content":false,"footnotes":""},"categories":[1],"tags":[9031,14373,1512,664],"class_list":["post-86596","post","type-post","status-publish","format-standard","has-post-thumbnail","hentry","category-sin-categoria","tag-autocritica","tag-critica-2","tag-evaluacion","tag-proceso"],"jetpack_featured_media_url":"https:\/\/lasprimeras.com.do\/wp-content\/uploads\/2024\/07\/guayubin.jpg","jetpack-related-posts":[{"id":86972,"url":"https:\/\/lasprimeras.com.do\/index.php\/2024\/08\/04\/pld-rescatando-un-efectivo-metodo-de-trabajo\/","url_meta":{"origin":86596,"position":0},"title":"PLD rescatando un efectivo m\u00e9todo de trabajo","author":"Nelson Feliz","date":"4 de agosto de 2024","format":false,"excerpt":"Los organismos del PLD dan continuidad al proceso de evaluaci\u00f3n cr\u00edtica y autocr\u00edtica. Los organismos del Partido de la Liberaci\u00f3n Dominicana (PLD) aprovecharon el fin de semana para adelantar la evaluaci\u00f3n cr\u00edtica y autocr\u00edtica en sinton\u00eda con el \u201cInstructivo para la Evaluaci\u00f3n Cr\u00edtica y Autocr\u00edtica y el Proceso Electoral 2024\u201d,\u2026","rel":"","context":"En \u00abPORTADA\u00bb","block_context":{"text":"PORTADA","link":"https:\/\/lasprimeras.com.do\/index.php\/category\/portada\/"},"img":{"alt_text":"PLD","src":"https:\/\/i0.wp.com\/lasprimeras.com.do\/wp-content\/uploads\/2024\/08\/PLD.jpg?resize=350%2C200&ssl=1","width":350,"height":200,"srcset":"https:\/\/i0.wp.com\/lasprimeras.com.do\/wp-content\/uploads\/2024\/08\/PLD.jpg?resize=350%2C200&ssl=1 1x, https:\/\/i0.wp.com\/lasprimeras.com.do\/wp-content\/uploads\/2024\/08\/PLD.jpg?resize=525%2C300&ssl=1 1.5x"},"classes":[]},{"id":85906,"url":"https:\/\/lasprimeras.com.do\/index.php\/2024\/07\/12\/comision-entregara-este-viernes-instructivo-para-la-evaluacion-critica-y-autocritica\/","url_meta":{"origin":86596,"position":1},"title":"Comisi\u00f3n entregar\u00e1 este viernes \u201cInstructivo para la Evaluaci\u00f3n Cr\u00edtica y Autocr\u00edtica\u201d","author":"Nelson Feliz","date":"12 de julio de 2024","format":false,"excerpt":"Comisiones tem\u00e1ticas del X Congreso Ordinario Reinaldo Pared P\u00e9rez del PLD se re\u00fanen preparan documento que enviar\u00e1n a los organismos. Dando seguimiento al cronograma de actividades preparado para el X Congreso Ordinario Reinaldo Pared P\u00e9rez, los integrantes de las diferentes comisiones tem\u00e1ticas se han reunido preparando el documento que enviar\u00e1n\u2026","rel":"","context":"En \u00abSin categor\u00eda\u00bb","block_context":{"text":"Sin categor\u00eda","link":"https:\/\/lasprimeras.com.do\/index.php\/category\/sin-categoria\/"},"img":{"alt_text":"","src":"https:\/\/i0.wp.com\/lasprimeras.com.do\/wp-content\/uploads\/2024\/07\/pld.jpg?resize=350%2C200&ssl=1","width":350,"height":200,"srcset":"https:\/\/i0.wp.com\/lasprimeras.com.do\/wp-content\/uploads\/2024\/07\/pld.jpg?resize=350%2C200&ssl=1 1x, https:\/\/i0.wp.com\/lasprimeras.com.do\/wp-content\/uploads\/2024\/07\/pld.jpg?resize=525%2C300&ssl=1 1.5x, https:\/\/i0.wp.com\/lasprimeras.com.do\/wp-content\/uploads\/2024\/07\/pld.jpg?resize=700%2C400&ssl=1 2x"},"classes":[]},{"id":87234,"url":"https:\/\/lasprimeras.com.do\/index.php\/2024\/08\/08\/comision-del-congreso-del-pld-integra-equipo-tecnico-de-digitacion\/","url_meta":{"origin":86596,"position":2},"title":"Comisi\u00f3n del Congreso del PLD integra equipo t\u00e9cnico de digitaci\u00f3n","author":"Nelson Feliz","date":"8 de agosto de 2024","format":false,"excerpt":"El PLD comienza a registrar en formato digital los resultados de la evaluaci\u00f3n cr\u00edtica y autocr\u00edtica de sus organismos. El Partido de la Liberaci\u00f3n Dominicana (PLD) comenzar\u00e1 a digitalizar el pr\u00f3ximo lunes12 de agosto las respuestas de los diferentes organismos al formulario de evaluaci\u00f3n de la situaci\u00f3n del Partido y\u2026","rel":"","context":"En \u00abSin categor\u00eda\u00bb","block_context":{"text":"Sin categor\u00eda","link":"https:\/\/lasprimeras.com.do\/index.php\/category\/sin-categoria\/"},"img":{"alt_text":"Cristina Lizardo","src":"https:\/\/i0.wp.com\/lasprimeras.com.do\/wp-content\/uploads\/2024\/08\/Cristina-Lizardo.jpg?resize=350%2C200&ssl=1","width":350,"height":200,"srcset":"https:\/\/i0.wp.com\/lasprimeras.com.do\/wp-content\/uploads\/2024\/08\/Cristina-Lizardo.jpg?resize=350%2C200&ssl=1 1x, https:\/\/i0.wp.com\/lasprimeras.com.do\/wp-content\/uploads\/2024\/08\/Cristina-Lizardo.jpg?resize=525%2C300&ssl=1 1.5x, https:\/\/i0.wp.com\/lasprimeras.com.do\/wp-content\/uploads\/2024\/08\/Cristina-Lizardo.jpg?resize=700%2C400&ssl=1 2x"},"classes":[]},{"id":85134,"url":"https:\/\/lasprimeras.com.do\/index.php\/2024\/06\/23\/reuniones-provinciales-en-el-pld-preparando-su-congreso-ordinario\/","url_meta":{"origin":86596,"position":3},"title":"Reuniones Provinciales en el PLD, preparando su Congreso Ordinario","author":"Nelson Feliz","date":"23 de junio de 2024","format":false,"excerpt":"Un Partido de la Liberaci\u00f3n Dominicana movilizado prepar\u00e1ndose para la celebraci\u00f3n de su X Congreso. El Partido de la Liberaci\u00f3n Dominicana (PLD) desarroll\u00f3 reuniones bajo el formato de asamblea en diferentes provincias del pa\u00eds, ejecutando as\u00ed la etapa preparatoria del X Congreso Ordinario, que iniciar\u00e1 el domingo 7 de julio\u2026","rel":"","context":"En \u00abPORTADA\u00bb","block_context":{"text":"PORTADA","link":"https:\/\/lasprimeras.com.do\/index.php\/category\/portada\/"},"img":{"alt_text":"Jaime David Fern\u00e1ndez Mirabal","src":"https:\/\/i0.wp.com\/lasprimeras.com.do\/wp-content\/uploads\/2024\/06\/Jaime-David-Fernandez-Mirabal-1.jpg?resize=350%2C200&ssl=1","width":350,"height":200,"srcset":"https:\/\/i0.wp.com\/lasprimeras.com.do\/wp-content\/uploads\/2024\/06\/Jaime-David-Fernandez-Mirabal-1.jpg?resize=350%2C200&ssl=1 1x, https:\/\/i0.wp.com\/lasprimeras.com.do\/wp-content\/uploads\/2024\/06\/Jaime-David-Fernandez-Mirabal-1.jpg?resize=525%2C300&ssl=1 1.5x"},"classes":[]},{"id":86198,"url":"https:\/\/lasprimeras.com.do\/index.php\/2024\/07\/20\/subcomisiones-del-congreso-del-pld-preparan-documentos\/","url_meta":{"origin":86596,"position":4},"title":"Subcomisiones del Congreso del PLD preparan documentos","author":"Nelson Feliz","date":"20 de julio de 2024","format":false,"excerpt":"Subcomisi\u00f3n del X Congreso del PLD \u201cPoder Congresual e Iniciativas Legislativas\u201d, adelanta redacci\u00f3n de documento que conocer\u00e1n organismos del PLD.\u00a0\u00a0 Dentro de los objetivos de\u00a0\u00a0los\u00a0\u00a0integrantes del Congreso Nacional, miembros o dirigentes del PLD est\u00e1\u00a0\u00a0lograr una mayor aceptaci\u00f3n pol\u00edtica de la ciudadan\u00eda a trav\u00e9s de incidencia de los legisladores pelede\u00edstas en\u2026","rel":"","context":"En \u00abPORTADA\u00bb","block_context":{"text":"PORTADA","link":"https:\/\/lasprimeras.com.do\/index.php\/category\/portada\/"},"img":{"alt_text":"","src":"https:\/\/i0.wp.com\/lasprimeras.com.do\/wp-content\/uploads\/2024\/07\/COM-LEGISLATIVA.jpg?resize=350%2C200&ssl=1","width":350,"height":200,"srcset":"https:\/\/i0.wp.com\/lasprimeras.com.do\/wp-content\/uploads\/2024\/07\/COM-LEGISLATIVA.jpg?resize=350%2C200&ssl=1 1x, https:\/\/i0.wp.com\/lasprimeras.com.do\/wp-content\/uploads\/2024\/07\/COM-LEGISLATIVA.jpg?resize=525%2C300&ssl=1 1.5x, https:\/\/i0.wp.com\/lasprimeras.com.do\/wp-content\/uploads\/2024\/07\/COM-LEGISLATIVA.jpg?resize=700%2C400&ssl=1 2x"},"classes":[]},{"id":85131,"url":"https:\/\/lasprimeras.com.do\/index.php\/2024\/06\/23\/dirigentes-del-pld-se-preparan-para-participar-en-el-x-congreso\/","url_meta":{"origin":86596,"position":5},"title":"Dirigentes del PLD se preparan para participar en el X Congreso","author":"Nelson Feliz","date":"23 de junio de 2024","format":false,"excerpt":"El compromiso del PLD es con la defensa de los sanos intereses de la naci\u00f3n, explica Cristina Lizardo en asamblea de dirigentes del Distrito Nacional. Desde su fundaci\u00f3n el Partido de la Liberaci\u00f3n Dominicana tiene un compromiso de defensa de los sanos intereses de la naci\u00f3n y de servicio a\u2026","rel":"","context":"En \u00abPORTADA\u00bb","block_context":{"text":"PORTADA","link":"https:\/\/lasprimeras.com.do\/index.php\/category\/portada\/"},"img":{"alt_text":"Congreso PLD","src":"https:\/\/i0.wp.com\/lasprimeras.com.do\/wp-content\/uploads\/2024\/06\/Congreso-PLD.jpg?resize=350%2C200&ssl=1","width":350,"height":200,"srcset":"https:\/\/i0.wp.com\/lasprimeras.com.do\/wp-content\/uploads\/2024\/06\/Congreso-PLD.jpg?resize=350%2C200&ssl=1 1x, https:\/\/i0.wp.com\/lasprimeras.com.do\/wp-content\/uploads\/2024\/06\/Congreso-PLD.jpg?resize=525%2C300&ssl=1 1.5x, https:\/\/i0.wp.com\/lasprimeras.com.do\/wp-content\/uploads\/2024\/06\/Congreso-PLD.jpg?resize=700%2C400&ssl=1 2x"},"classes":[]}],"jetpack_sharing_enabled":true,"_links":{"self":[{"href":"https:\/\/lasprimeras.com.do\/index.php\/wp-json\/wp\/v2\/posts\/86596","targetHints":{"allow":["GET"]}}],"collection":[{"href":"https:\/\/lasprimeras.com.do\/index.php\/wp-json\/wp\/v2\/posts"}],"about":[{"href":"https:\/\/lasprimeras.com.do\/index.php\/wp-json\/wp\/v2\/types\/post"}],"author":[{"embeddable":true,"href":"https:\/\/lasprimeras.com.do\/index.php\/wp-json\/wp\/v2\/users\/2"}],"replies":[{"embeddable":true,"href":"https:\/\/lasprimeras.com.do\/index.php\/wp-json\/wp\/v2\/comments?post=86596"}],"version-history":[{"count":1,"href":"https:\/\/lasprimeras.com.do\/index.php\/wp-json\/wp\/v2\/posts\/86596\/revisions"}],"predecessor-version":[{"id":86598,"href":"https:\/\/lasprimeras.com.do\/index.php\/wp-json\/wp\/v2\/posts\/86596\/revisions\/86598"}],"wp:featuredmedia":[{"embeddable":true,"href":"https:\/\/lasprimeras.com.do\/index.php\/wp-json\/wp\/v2\/media\/86597"}],"wp:attachment":[{"href":"https:\/\/lasprimeras.com.do\/index.php\/wp-json\/wp\/v2\/media?parent=86596"}],"wp:term":[{"taxonomy":"category","embeddable":true,"href":"https:\/\/lasprimeras.com.do\/index.php\/wp-json\/wp\/v2\/categories?post=86596"},{"taxonomy":"post_tag","embeddable":true,"href":"https:\/\/lasprimeras.com.do\/index.php\/wp-json\/wp\/v2\/tags?post=86596"}],"curies":[{"name":"wp","href":"https:\/\/api.w.org\/{rel}","templated":true}]}}