{"id":86599,"date":"2024-07-28T17:13:40","date_gmt":"2024-07-28T21:13:40","guid":{"rendered":"https:\/\/lasprimeras.com.do\/?p=86599"},"modified":"2024-07-28T17:13:41","modified_gmt":"2024-07-28T21:13:41","slug":"en-el-dia-de-los-padres-el-impacto-positivo-de-los-padres-en-la-familia-dominicana","status":"publish","type":"post","link":"https:\/\/lasprimeras.com.do\/index.php\/2024\/07\/28\/en-el-dia-de-los-padres-el-impacto-positivo-de-los-padres-en-la-familia-dominicana\/","title":{"rendered":"En el d\u00eda de los Padres: El Impacto Positivo de los Padres en la Familia Dominicana"},"content":{"rendered":"\n<p>Por Jos\u00e9 Zabala<\/p>\n\n\n\n<p>New York: En una sociedad cada vez m\u00e1s convulsionada y con hijos expuestos a numerosos factores negativos, como el acoso en las redes sociales, la presencia de un padre se vuelve vital para el desarrollo y bienestar de los j\u00f3venes.<\/p>\n\n\n\n<p>La familia dominicana, como muchas otras, enfrenta desaf\u00edos \u00fanicos que requieren una atenci\u00f3n especial por parte de los padres, quienes desempe\u00f1an un papel crucial en la formaci\u00f3n y protecci\u00f3n de sus hijos.<\/p>\n\n\n\n<p>En una \u00e9poca de cambios r\u00e1pidos y desaf\u00edos constantes, la presencia de un padre es m\u00e1s importante que nunca. La figura paterna desempe\u00f1a un papel crucial en la familia dominicana, proporcionando gu\u00eda, apoyo y seguridad a los hijos.<\/p>\n\n\n\n<p>Al ser un modelo a seguir y un pilar de fortaleza emocional, los padres pueden ayudar a sus hijos a navegar por las complejidades de la vida moderna y a desarrollar las habilidades necesarias para convertirse en adultos responsables y seguros de s\u00ed mismos.<\/p>\n\n\n\n<p>La Importancia de la Figura Paterna<\/p>\n\n\n\n<p>La figura paterna es esencial en el desarrollo emocional y psicol\u00f3gico de los ni\u00f1os. Un padre presente, ya sea viviendo con sus hijos o no, aporta estabilidad, seguridad y un modelo de comportamiento que los hijos tienden a seguir. La presencia de un padre activo en la vida de sus hijos puede:<\/p>\n\n\n\n<ol class=\"wp-block-list\">\n<li>Proveer una gu\u00eda moral y \u00e9tica: Los padres son fundamentales en la ense\u00f1anza de valores y principios que gu\u00edan a los hijos a tomar decisiones correctas en situaciones dif\u00edciles.<\/li>\n\n\n\n<li>Fomentar la autoestima y la confianza: Un padre que apoya y alienta a sus hijos contribuye significativamente a su sentido de autoestima y confianza en s\u00ed mismos.<\/li>\n\n\n\n<li>Brindar seguridad emocional: Saber que tienen a alguien en quien pueden confiar y recurrir en momentos de necesidad es crucial para el bienestar emocional de los ni\u00f1os.<\/li>\n\n\n\n<li>Ofrecer un modelo a seguir: Los padres son los primeros modelos a seguir para los ni\u00f1os. Un padre que demuestra responsabilidad, respeto y amor establece un est\u00e1ndar que los hijos tratar\u00e1n de emular.<\/li>\n<\/ol>\n\n\n\n<p>Desaf\u00edos Modernos<\/p>\n\n\n\n<p>En la era digital, los ni\u00f1os y adolescentes enfrentan una serie de desaf\u00edos \u00fanicos, incluyendo el acoso en l\u00ednea, la presi\u00f3n de las redes sociales y la exposici\u00f3n a contenidos inapropiados. En este contexto, la figura paterna adquiere una relevancia a\u00fan mayor.<\/p>\n\n\n\n<ol class=\"wp-block-list\">\n<li>Acoso en las Redes Sociales: Los padres deben estar atentos a las actividades en l\u00ednea de sus hijos y educarlos sobre c\u00f3mo manejar el acoso y proteger su privacidad.<\/li>\n\n\n\n<li>Presi\u00f3n de las Redes Sociales: Los padres pueden ayudar a sus hijos a entender que la vida en las redes sociales no siempre refleja la realidad y ense\u00f1arles a valorar su propia identidad.<\/li>\n\n\n\n<li>Exposici\u00f3n a Contenidos Inapropiados: Los padres deben supervisar el acceso a internet y establecer l\u00edmites claros para proteger a sus hijos de contenidos da\u00f1inos.<\/li>\n<\/ol>\n\n\n\n<p>Estrategias para Padres<\/p>\n\n\n\n<p>Para tener un impacto positivo en la vida de sus hijos, los padres pueden adoptar varias estrategias:<\/p>\n\n\n\n<ol class=\"wp-block-list\">\n<li>Comunicaci\u00f3n Abierta: Fomentar un ambiente donde los hijos se sientan c\u00f3modos para hablar sobre sus problemas y preocupaciones.<\/li>\n\n\n\n<li>Involucrarse en la Vida de sus Hijos: Participar activamente en las actividades escolares, deportivas y recreativas de los hijos.<\/li>\n\n\n\n<li>Establecer L\u00edmites y Reglas: Definir reglas claras sobre el uso de tecnolog\u00eda y redes sociales, y asegurarse de que los hijos las entiendan y respeten.<\/li>\n\n\n\n<li>Modelar Comportamientos Positivos: Ser un ejemplo a seguir en t\u00e9rminos de comportamiento, \u00e9tica y valores.<\/li>\n\n\n\n<li>Apoyo Emocional: Estar disponibles para ofrecer apoyo emocional y ayudar a los hijos a enfrentar los desaf\u00edos diarios.<\/li>\n<\/ol>\n","protected":false},"excerpt":{"rendered":"<p>Por Jos\u00e9 Zabala New York: En una sociedad cada vez m\u00e1s convulsionada y con hijos expuestos a numerosos factores negativos, como el acoso en las redes sociales, la presencia de&hellip;<\/p>\n","protected":false},"author":2,"featured_media":86600,"comment_status":"open","ping_status":"open","sticky":false,"template":"","format":"standard","meta":{"content-type":"","jetpack_post_was_ever_published":false,"_jetpack_newsletter_access":"","_jetpack_dont_email_post_to_subs":false,"_jetpack_newsletter_tier_id":0,"_jetpack_memberships_contains_paywalled_content":false,"_jetpack_memberships_contains_paid_content":false,"footnotes":""},"categories":[1],"tags":[549,14374,2649,3510,2446,465],"class_list":["post-86599","post","type-post","status-publish","format-standard","has-post-thumbnail","hentry","category-sin-categoria","tag-dominicana","tag-el-dia-de-los-padres","tag-familia","tag-impacto","tag-padres","tag-positivo"],"jetpack_featured_media_url":"https:\/\/lasprimeras.com.do\/wp-content\/uploads\/2024\/07\/zaballa.jpg","jetpack-related-posts":[{"id":67422,"url":"https:\/\/lasprimeras.com.do\/index.php\/2023\/11\/15\/el-desafio-de-giancarlo-beras-goico-de-contar-al-mundo-la-vida-de-su-padre\/","url_meta":{"origin":86599,"position":0},"title":"El desaf\u00edo de Giancarlo Beras-Goico de contar al mundo la vida de su padre","author":"BIMARY DE JES\u00daS Matos","date":"15 de noviembre de 2023","format":false,"excerpt":"Santo Domingo.-Giancarlo Beras-Goico, director de cine y creador de la esperada pel\u00edcula biogr\u00e1fica sobre su padre, el ic\u00f3nico Freddy Beras-Goico, comparti\u00f3 detalles reveladores sobre esta historia en una reciente entrevista en el programa \u00abSiendo honestos\u00bb de la periodista Katherine Hern\u00e1ndez. Beras-Goico expres\u00f3 que la pel\u00edcula es un homenaje a la\u2026","rel":"","context":"En \u00abENTRETENIMIENTO\u00bb","block_context":{"text":"ENTRETENIMIENTO","link":"https:\/\/lasprimeras.com.do\/index.php\/category\/entretenimiento\/"},"img":{"alt_text":"","src":"https:\/\/i0.wp.com\/lasprimeras.com.do\/wp-content\/uploads\/2023\/11\/Portada-Pagina-WEB-2-8-750x375-3.jpg?resize=350%2C200&ssl=1","width":350,"height":200,"srcset":"https:\/\/i0.wp.com\/lasprimeras.com.do\/wp-content\/uploads\/2023\/11\/Portada-Pagina-WEB-2-8-750x375-3.jpg?resize=350%2C200&ssl=1 1x, https:\/\/i0.wp.com\/lasprimeras.com.do\/wp-content\/uploads\/2023\/11\/Portada-Pagina-WEB-2-8-750x375-3.jpg?resize=525%2C300&ssl=1 1.5x"},"classes":[]},{"id":62221,"url":"https:\/\/lasprimeras.com.do\/index.php\/2023\/10\/03\/muere-el-luchador-antitrujillista-hector-eduardo-diaz-y-diaz\/","url_meta":{"origin":86599,"position":1},"title":"Muere el luchador antitrujillista H\u00e9ctor Eduardo D\u00edaz y D\u00edaz","author":"BIMARY DE JES\u00daS Matos","date":"3 de octubre de 2023","format":false,"excerpt":"Santo Domingo.- Falleci\u00f3 este pasado lunes H\u00e9ctor Eduardo D\u00edaz y D\u00edaz, uno de los miembros fundadores del Museo Memorial de la Resistencia Dominicana (MMRD). Hijo menor del luchador antitrujillista Juan Tom\u00e1s D\u00edez y hab\u00eda ocupado el cargo de presidente de la Fundaci\u00f3n H\u00e9roes del 30 de Mayo. Su partida deja\u2026","rel":"","context":"En \u00abSin categor\u00eda\u00bb","block_context":{"text":"Sin categor\u00eda","link":"https:\/\/lasprimeras.com.do\/index.php\/category\/sin-categoria\/"},"img":{"alt_text":"","src":"https:\/\/i0.wp.com\/lasprimeras.com.do\/wp-content\/uploads\/2023\/10\/WhatsApp-Image-2023-10-03-at-10.20.05-AM.webp?resize=350%2C200&ssl=1","width":350,"height":200,"srcset":"https:\/\/i0.wp.com\/lasprimeras.com.do\/wp-content\/uploads\/2023\/10\/WhatsApp-Image-2023-10-03-at-10.20.05-AM.webp?resize=350%2C200&ssl=1 1x, https:\/\/i0.wp.com\/lasprimeras.com.do\/wp-content\/uploads\/2023\/10\/WhatsApp-Image-2023-10-03-at-10.20.05-AM.webp?resize=525%2C300&ssl=1 1.5x"},"classes":[]},{"id":56310,"url":"https:\/\/lasprimeras.com.do\/index.php\/2023\/07\/30\/abel-destaca-amor-y-valentia-de-padres-dominicanos\/","url_meta":{"origin":86599,"position":2},"title":"Abel destaca amor y valent\u00eda de padres dominicanos","author":"Nelson Feliz","date":"30 de julio de 2023","format":false,"excerpt":"En ocasi\u00f3n de celebrarse el D\u00eda de los Padres en la Rep\u00fablica Dominicana, Abel Mart\u00ednez destac\u00f3 el esfuerzo, valent\u00eda y abnegaci\u00f3n de los padres dominicanos que trabajan de sol a sol, muchas veces mal pagados, para llevar alimentos al hogar, pero tambi\u00e9n para entregar protecci\u00f3n, orientaci\u00f3n y cari\u00f1o a sus\u2026","rel":"","context":"En \u00abNACIONALES\u00bb","block_context":{"text":"NACIONALES","link":"https:\/\/lasprimeras.com.do\/index.php\/category\/nacionales\/"},"img":{"alt_text":"Abel Martinez","src":"https:\/\/i0.wp.com\/lasprimeras.com.do\/wp-content\/uploads\/2023\/07\/Abel-Martinez-3.jpeg?resize=350%2C200&ssl=1","width":350,"height":200,"srcset":"https:\/\/i0.wp.com\/lasprimeras.com.do\/wp-content\/uploads\/2023\/07\/Abel-Martinez-3.jpeg?resize=350%2C200&ssl=1 1x, https:\/\/i0.wp.com\/lasprimeras.com.do\/wp-content\/uploads\/2023\/07\/Abel-Martinez-3.jpeg?resize=525%2C300&ssl=1 1.5x, https:\/\/i0.wp.com\/lasprimeras.com.do\/wp-content\/uploads\/2023\/07\/Abel-Martinez-3.jpeg?resize=700%2C400&ssl=1 2x"},"classes":[]},{"id":83649,"url":"https:\/\/lasprimeras.com.do\/index.php\/2024\/05\/22\/aldeas-infantiles-sos-llama-a-la-conciencia-social-en-el-mes-de-las-madres\/","url_meta":{"origin":86599,"position":3},"title":"Aldeas Infantiles SOS llama a la Conciencia Social en el Mes de las Madres","author":"Nelson Feliz","date":"22 de mayo de 2024","format":false,"excerpt":"Apoyemos a las madres en su lucha por el futuro familiar. Un llamado a la acci\u00f3n colectiva para garantizar su crecimiento y el de sus hijos. En nuestro pa\u00eds, un gran n\u00famero de madres est\u00e1 librando batallas heroicas a diario y en silencio, esta lucha de cierta forma, resulta invisible\u2026","rel":"","context":"En \u00abNACIONALES\u00bb","block_context":{"text":"NACIONALES","link":"https:\/\/lasprimeras.com.do\/index.php\/category\/nacionales\/"},"img":{"alt_text":"","src":"https:\/\/i0.wp.com\/lasprimeras.com.do\/wp-content\/uploads\/2024\/05\/aldeas.jpg?resize=350%2C200&ssl=1","width":350,"height":200,"srcset":"https:\/\/i0.wp.com\/lasprimeras.com.do\/wp-content\/uploads\/2024\/05\/aldeas.jpg?resize=350%2C200&ssl=1 1x, https:\/\/i0.wp.com\/lasprimeras.com.do\/wp-content\/uploads\/2024\/05\/aldeas.jpg?resize=525%2C300&ssl=1 1.5x, https:\/\/i0.wp.com\/lasprimeras.com.do\/wp-content\/uploads\/2024\/05\/aldeas.jpg?resize=700%2C400&ssl=1 2x"},"classes":[]},{"id":86208,"url":"https:\/\/lasprimeras.com.do\/index.php\/2024\/07\/20\/uasd-recinto-barahona-reconoce-padres\/","url_meta":{"origin":86599,"position":4},"title":"UASD Recinto Barahona reconoce padres","author":"Nelson Feliz","date":"20 de julio de 2024","format":false,"excerpt":"Direcci\u00f3n general de la UASD Recinto Barahona, subdirecciones: Acad\u00e9mica y Administrativa, as\u00ed como la coordinaci\u00f3n de Extensi\u00f3n, efectuaron este s\u00e1bado un reconocimiento a los padres, con motivo de celebrarse este \u00faltimo domingo del mes de julio del D\u00eda de los Padres en la Rep\u00fablica Dominicana. El acto lo encabezaron el\u2026","rel":"","context":"En \u00abNACIONALES\u00bb","block_context":{"text":"NACIONALES","link":"https:\/\/lasprimeras.com.do\/index.php\/category\/nacionales\/"},"img":{"alt_text":"","src":"https:\/\/i0.wp.com\/lasprimeras.com.do\/wp-content\/uploads\/2024\/07\/UASD-Barahona.jpg?resize=350%2C200&ssl=1","width":350,"height":200,"srcset":"https:\/\/i0.wp.com\/lasprimeras.com.do\/wp-content\/uploads\/2024\/07\/UASD-Barahona.jpg?resize=350%2C200&ssl=1 1x, https:\/\/i0.wp.com\/lasprimeras.com.do\/wp-content\/uploads\/2024\/07\/UASD-Barahona.jpg?resize=525%2C300&ssl=1 1.5x"},"classes":[]},{"id":96201,"url":"https:\/\/lasprimeras.com.do\/index.php\/2025\/03\/26\/zoe-saldana-revela-que-su-familia-en-rd-la-ayudo-a-superar-muerte-de-padre\/","url_meta":{"origin":86599,"position":5},"title":"Zoe Salda\u00f1a revela que su familia en RD la ayud\u00f3 a superar muerte de padre","author":"Nelson Feliz","date":"26 de marzo de 2025","format":false,"excerpt":"La destacada actriz Zoe Salda\u00f1a revel\u00f3 este mi\u00e9rcoles que, tras la muerte de su padre cuando era ni\u00f1a, ella y sus dos hermanos encontraron consuelo y fortaleza en Rep\u00fablica Dominicana, gracias al cuidado y amor de sus abuelos y bisabuelos. Reconocida por su talento, la ganadora del Oscar a mejor\u2026","rel":"","context":"En \u00abENTRETENIMIENTO\u00bb","block_context":{"text":"ENTRETENIMIENTO","link":"https:\/\/lasprimeras.com.do\/index.php\/category\/entretenimiento\/"},"img":{"alt_text":"","src":"https:\/\/i0.wp.com\/lasprimeras.com.do\/wp-content\/uploads\/2025\/03\/zoe-1.jpg?resize=350%2C200&ssl=1","width":350,"height":200,"srcset":"https:\/\/i0.wp.com\/lasprimeras.com.do\/wp-content\/uploads\/2025\/03\/zoe-1.jpg?resize=350%2C200&ssl=1 1x, https:\/\/i0.wp.com\/lasprimeras.com.do\/wp-content\/uploads\/2025\/03\/zoe-1.jpg?resize=525%2C300&ssl=1 1.5x, https:\/\/i0.wp.com\/lasprimeras.com.do\/wp-content\/uploads\/2025\/03\/zoe-1.jpg?resize=700%2C400&ssl=1 2x"},"classes":[]}],"jetpack_sharing_enabled":true,"_links":{"self":[{"href":"https:\/\/lasprimeras.com.do\/index.php\/wp-json\/wp\/v2\/posts\/86599","targetHints":{"allow":["GET"]}}],"collection":[{"href":"https:\/\/lasprimeras.com.do\/index.php\/wp-json\/wp\/v2\/posts"}],"about":[{"href":"https:\/\/lasprimeras.com.do\/index.php\/wp-json\/wp\/v2\/types\/post"}],"author":[{"embeddable":true,"href":"https:\/\/lasprimeras.com.do\/index.php\/wp-json\/wp\/v2\/users\/2"}],"replies":[{"embeddable":true,"href":"https:\/\/lasprimeras.com.do\/index.php\/wp-json\/wp\/v2\/comments?post=86599"}],"version-history":[{"count":1,"href":"https:\/\/lasprimeras.com.do\/index.php\/wp-json\/wp\/v2\/posts\/86599\/revisions"}],"predecessor-version":[{"id":86601,"href":"https:\/\/lasprimeras.com.do\/index.php\/wp-json\/wp\/v2\/posts\/86599\/revisions\/86601"}],"wp:featuredmedia":[{"embeddable":true,"href":"https:\/\/lasprimeras.com.do\/index.php\/wp-json\/wp\/v2\/media\/86600"}],"wp:attachment":[{"href":"https:\/\/lasprimeras.com.do\/index.php\/wp-json\/wp\/v2\/media?parent=86599"}],"wp:term":[{"taxonomy":"category","embeddable":true,"href":"https:\/\/lasprimeras.com.do\/index.php\/wp-json\/wp\/v2\/categories?post=86599"},{"taxonomy":"post_tag","embeddable":true,"href":"https:\/\/lasprimeras.com.do\/index.php\/wp-json\/wp\/v2\/tags?post=86599"}],"curies":[{"name":"wp","href":"https:\/\/api.w.org\/{rel}","templated":true}]}}