{"id":86602,"date":"2024-07-28T17:36:26","date_gmt":"2024-07-28T21:36:26","guid":{"rendered":"https:\/\/lasprimeras.com.do\/?p=86602"},"modified":"2024-07-28T17:36:28","modified_gmt":"2024-07-28T21:36:28","slug":"simone-biles-se-recupera-de-una-lesion-en-la-pantorrilla-y-domina-durante-la-clasificacion-olimpica-de-gimnasia","status":"publish","type":"post","link":"https:\/\/lasprimeras.com.do\/index.php\/2024\/07\/28\/simone-biles-se-recupera-de-una-lesion-en-la-pantorrilla-y-domina-durante-la-clasificacion-olimpica-de-gimnasia\/","title":{"rendered":"Simone Biles se recupera de una lesi\u00f3n en la pantorrilla y domina durante la clasificaci\u00f3n ol\u00edmpica de gimnasia"},"content":{"rendered":"\n<p>PAR\u00cdS (AP) \u2014 Las similitudes eran sorprendentes. Tal vez encajaban en el lugar de nacimiento del d\u00e9j\u00e0 vu.<\/p>\n\n\n\n<p>Simone Biles sentada a un lado en los Juegos Ol\u00edmpicos . A su lado, la doctora del equipo de gimnasia de Estados Unidos, Marcia Faustin. Ambas tienen una expresi\u00f3n de preocupaci\u00f3n en sus rostros.<\/p>\n\n\n\n<p>Hace tres a\u00f1os en Tokio, la escena termin\u00f3 con Biles retir\u00e1ndose de varias finales para proteger su seguridad, lo que provoc\u00f3 un debate internacional sobre la salud mental.<\/p>\n\n\n\n<p>Sin embargo, Biles est\u00e1 decidida a escribir un final diferente para la historia en Par\u00eds. La estrella estadounidense de 27 a\u00f1os no estaba lidiando con ning\u00fan tipo de bloqueo o trauma, sino con algo mucho m\u00e1s com\u00fan entre las gimnastas, en particular entre aquellas que llevan dos d\u00e9cadas practicando este deporte.<\/p>\n\n\n\n<p>Al igual que en Tokio, Biles y Faustin desaparecieron brevemente. A diferencia de Tokio, Biles regres\u00f3 sin un ch\u00e1ndal, sino con la pierna izquierda vendada por haberse torcido la pantorrilla durante el calentamiento en el suelo.<\/p>\n\n\n\n<p>Pas\u00f3 el resto de la tarde caminando con una cojera notable por todas partes, excepto en el suelo de competici\u00f3n.<\/p>\n\n\n\n<p>La mujer que ha estado diciendo una y otra vez que esto no es 2021 sali\u00f3 y lo demostr\u00f3 el domingo dentro del Bercy Arena repleto de estrellas , sacudi\u00e9ndose de encima lo que la entrenadora estadounidense Cecile Landi describi\u00f3 como un problema menor en la pantorrilla para registrar la puntuaci\u00f3n m\u00e1s alta en el all-around y dejar cualquier fantasma persistente que pueda haber de Tokio en el espejo retrovisor.<\/p>\n\n\n\n<p>Biles termin\u00f3 en 59.566, muy por delante de la actual campeona ol\u00edmpica y compa\u00f1era de equipo Sunisa Lee , saludando a la multitud despu\u00e9s de su desmontaje en barras asim\u00e9tricas, su \u00faltimo evento.<\/p>\n\n\n\n<p>Salt\u00f3 del podio, bail\u00f3 con su buena amiga Jordan Chiles y no tiene planes de detener su b\u00fasqueda del oro en la final por equipos del martes y en el concurso completo individual del jueves.<\/p>\n\n\n\n<p>\u201cFue incre\u00edble, 59,5\u201d, dijo Landi. \u201cNo es perfecta, por lo que puede mejorar, pero\u2026 realmente buena\u201d.<\/p>\n\n\n\n<p>Landi dijo que el tema surgi\u00f3 hace un par de semanas y lo describi\u00f3 como algo menor. No se habl\u00f3 de la retirada de Biles.<\/p>\n\n\n\n<p>En lugar de eso, Landi y su esposo, Laurent, quien durante mucho tiempo ha sido el entrenador personal de Biles en Texas, la alentaron a respirar y seguir adelante mientras Laurent le aplicaba grandes dosis de cinta en la pierna.<\/p>\n\n\n\n<p>\u201cLe dijimos que se lo recordara a s\u00ed misma, que es capaz de hacerlo\u201d, dijo Landi. \u201cElla sabe que lo puede hacer y que est\u00e1 bien y lo hizo. As\u00ed que estamos muy emocionados por ella\u201d.<\/p>\n\n\n\n<p>El problema no la detuvo. Biles obtuvo la puntuaci\u00f3n m\u00e1s alta en suelo y salto (ambos despu\u00e9s de la lesi\u00f3n) mientras intenta aumentar su total de siete medallas ol\u00edmpicas en su carrera.<\/p>\n\n\n\n<p>La \u00fanica final de prueba que Biles probablemente no podr\u00e1 disputar ser\u00e1 la de barras asim\u00e9tricas, donde opt\u00f3 por no intentar una habilidad \u00fanica que present\u00f3 a la Federaci\u00f3n Internacional de Gimnasia el viernes.<\/p>\n\n\n\n<p>A\u00fan puede optar por hacerlo durante la final por equipos, lo que abre la puerta a que se incluya en el C\u00f3digo de puntos del deporte con su nombre adjunto.<\/p>\n\n\n\n<p>Sin embargo, eso no parec\u00eda estar en la mente de Biles cuando termin\u00f3 su juego de barras. En cambio, hab\u00eda una mezcla de alivio y la necesidad de disfrutar el momento despu\u00e9s de su desmontaje en lo que podr\u00eda ser la competencia final de su carrera sin igual.<\/p>\n\n\n\n<p>Lo mismo podr\u00eda decirse de sus compa\u00f1eras de equipo despu\u00e9s de que las estadounidenses, grandes favoritas, terminaran con 172.296, m\u00e1s de cinco puntos por delante del segundo lugar, Italia (166.861), mientras buscan lo que llaman &#8220;redenci\u00f3n&#8221; despu\u00e9s de un segundo puesto ante Rusia hace tres a\u00f1os.<\/p>\n\n\n\n<p>&#8220;Est\u00e1n contentos y aliviados&#8221;, dijo Landi. &#8220;El primer d\u00eda, ahora pasaremos a las finales por equipos, las finales del concurso completo y, con suerte, a un par de finales de eventos&#8221;.<\/p>\n\n\n\n<p>Landi dijo que la pierna de Biles se sent\u00eda mejor a medida que avanzaba en los eventos y espera que est\u00e9 disponible en el futuro.<\/p>\n\n\n\n<p>La realidad es que los estadounidenses \u2014especialmente con Rusia fuera de la competici\u00f3n debido a la guerra en Ucrania\u2014 no necesitan confiar en ella tanto como lo han hecho en Juegos anteriores.<\/p>\n\n\n\n<p>Biles, Lee y Chiles obtuvieron el 1.\u00ba, 2.\u00ba y 3.\u00ba lugar en el concurso completo durante la clasificaci\u00f3n inicial, aunque Chiles se perder\u00e1 la final del concurso completo debido a las reglas que limitan a los pa\u00edses a inscribir dos atletas por competencia.<\/p>\n\n\n\n<p>Existe la posibilidad de que Chiles llegue a la final de ejercicios de suelo si termina entre las ocho mejores. Lee tiene pr\u00e1cticamente asegurada su participaci\u00f3n en las finales de viga y barras, y la campeona de ejercicios de suelo de 2020, Jade Carey, est\u00e1 en buena posici\u00f3n para unirse a Biles en la final de salto. Esto, por supuesto, si Biles est\u00e1 sana.<\/p>\n\n\n\n<p>La lesi\u00f3n a\u00f1adi\u00f3 un toque de dramatismo a un evento que se ha convertido en una visita obligada tanto para atletas como para celebridades.<\/p>\n\n\n\n<p>Las gradas estaban repletas de estrellas. Tom Cruise pos\u00f3 para selfies mientras esperaba a que saliera Biles. Snoop Dogg ocup\u00f3 asientos en primera fila y Ariana Grande, Jessica Chastain, John Legend y Anna Wintour tambi\u00e9n estuvieron presentes.<\/p>\n\n\n\n<p>Biles lleg\u00f3 a Par\u00eds como el rostro del movimiento ol\u00edmpico estadounidense y tal vez de los Juegos Ol\u00edmpicos mismos. El revuelo en torno a su regreso a los Juegos ha sido palpable, y la NBC se ha apoyado fuertemente en su estrellato al poner su rostro en innumerables promociones en el per\u00edodo previo a Par\u00eds.<\/p>\n\n\n\n<p>Su atracci\u00f3n gravitatoria es real. Atletas de todo el espectro ol\u00edmpico han dicho que quieren ver a la gimnasta m\u00e1s condecorada de todos los tiempos ofrecer un espect\u00e1culo que sea exclusivamente suyo. Entre ellos: LeBron James y el equipo masculino de baloncesto de Estados Unidos, que estuvo muy ocupado el domingo con su primer partido ol\u00edmpico.<\/p>\n\n\n\n<p>James y compa\u00f1\u00eda podr\u00edan tener la oportunidad de atrapar a Biles m\u00e1s adelante esta semana, siempre que su pantorrilla coopere, algo dif\u00edcil de garantizar en un deporte donde la tasa de lesiones es de casi el 100%.<\/p>\n\n\n\n<p>Biles ha pasado los \u00faltimos 11 a\u00f1os evitando en gran medida el tipo de reveses f\u00edsicos que han acabado con las carreras ol\u00edmpicas de tantos otros.<\/p>\n\n\n\n<p>No para Biles \u2014al menos no todav\u00eda\u2014 ya que su oportunidad de una despedida dorada sigue estando muy cerca, incluso si ahora se ve literalmente obligada a avanzar paso a paso.<\/p>\n","protected":false},"excerpt":{"rendered":"<p>PAR\u00cdS (AP) \u2014 Las similitudes eran sorprendentes. Tal vez encajaban en el lugar de nacimiento del d\u00e9j\u00e0 vu. Simone Biles sentada a un lado en los Juegos Ol\u00edmpicos . A&hellip;<\/p>\n","protected":false},"author":2,"featured_media":86603,"comment_status":"open","ping_status":"open","sticky":false,"template":"","format":"standard","meta":{"content-type":"","jetpack_post_was_ever_published":false,"_jetpack_newsletter_access":"","_jetpack_dont_email_post_to_subs":false,"_jetpack_newsletter_tier_id":0,"_jetpack_memberships_contains_paywalled_content":false,"_jetpack_memberships_contains_paid_content":false,"footnotes":""},"categories":[1],"tags":[7911,3553,14377,6621,7910,14310,14375,14376],"class_list":["post-86602","post","type-post","status-publish","format-standard","has-post-thumbnail","hentry","category-sin-categoria","tag-clasificacion","tag-domina","tag-gimnasia","tag-lesion","tag-olimpica","tag-pantorrilla","tag-se-recupera","tag-simone-biles"],"jetpack_featured_media_url":"https:\/\/lasprimeras.com.do\/wp-content\/uploads\/2024\/07\/Simone-Biles.png","jetpack-related-posts":[{"id":87383,"url":"https:\/\/lasprimeras.com.do\/index.php\/2024\/08\/11\/reasignaran-medalla-de-bronce-otorgada-a-la-gimnasta-jordan-chiles\/","url_meta":{"origin":86602,"position":0},"title":"Reasignaran medalla de bronce otorgada a la gimnasta Jordan Chiles","author":"Nelson Feliz","date":"11 de agosto de 2024","format":false,"excerpt":"El Comit\u00e9 Ol\u00edmpico Internacional (COI) anunci\u00f3 este domingo que la medalla de bronce otorgada a la gimnasta estadounidense Jord\u00e1n Chiles en el ejercicio de suelo en los Juegos de Par\u00eds ser\u00e1 reasignada a la competidora rumana Ana B\u0103rbosu. Chiles comparti\u00f3 uno de los momentos m\u00e1s ic\u00f3nicos con Simone Biles cuando\u2026","rel":"","context":"En \u00abSin categor\u00eda\u00bb","block_context":{"text":"Sin categor\u00eda","link":"https:\/\/lasprimeras.com.do\/index.php\/category\/sin-categoria\/"},"img":{"alt_text":"JORDAN CHILES","src":"https:\/\/i0.wp.com\/lasprimeras.com.do\/wp-content\/uploads\/2024\/08\/JORDAN-CHILES.jpg?resize=350%2C200&ssl=1","width":350,"height":200},"classes":[]},{"id":63821,"url":"https:\/\/lasprimeras.com.do\/index.php\/2023\/10\/16\/marileidy-paulino-entre-grandes-estrellas-de-panamericanos-2023\/","url_meta":{"origin":86602,"position":1},"title":"Marileidy Paulino entre grandes estrellas de Panamericanos 2023","author":"BIMARY DE JES\u00daS Matos","date":"16 de octubre de 2023","format":false,"excerpt":"CHILE.- Los vaticinios no pueden ser mejores, seg\u00fan los organizadores. \u00abSantiago 2023 ser\u00e1n unos Juegos muy competidos, espero que quede en el recuerdo como una gran fiesta\u00bb, seg\u00fan Jaime Pizarro, presidente del Comit\u00e9 Organizador de los Panamericanos 2023. A ello ayuda la presencia de grandes campeones ol\u00edmpicos y mundiales que\u2026","rel":"","context":"En \u00abSin categor\u00eda\u00bb","block_context":{"text":"Sin categor\u00eda","link":"https:\/\/lasprimeras.com.do\/index.php\/category\/sin-categoria\/"},"img":{"alt_text":"","src":"https:\/\/i0.wp.com\/lasprimeras.com.do\/wp-content\/uploads\/2023\/10\/WhatsApp-Image-2023-10-15-at-8.04.52-PM-5.jpeg?resize=350%2C200&ssl=1","width":350,"height":200,"srcset":"https:\/\/i0.wp.com\/lasprimeras.com.do\/wp-content\/uploads\/2023\/10\/WhatsApp-Image-2023-10-15-at-8.04.52-PM-5.jpeg?resize=350%2C200&ssl=1 1x, https:\/\/i0.wp.com\/lasprimeras.com.do\/wp-content\/uploads\/2023\/10\/WhatsApp-Image-2023-10-15-at-8.04.52-PM-5.jpeg?resize=525%2C300&ssl=1 1.5x, https:\/\/i0.wp.com\/lasprimeras.com.do\/wp-content\/uploads\/2023\/10\/WhatsApp-Image-2023-10-15-at-8.04.52-PM-5.jpeg?resize=700%2C400&ssl=1 2x"},"classes":[]},{"id":76138,"url":"https:\/\/lasprimeras.com.do\/index.php\/2024\/02\/07\/informan-que-36-atletas-en-cinco-deportes-han-clasificado-a-paris-2024\/","url_meta":{"origin":86602,"position":2},"title":"Informan que 36 atletas en cinco deportes han clasificado a Par\u00eds 2024","author":"BIMARY DE JES\u00daS Matos","date":"7 de febrero de 2024","format":false,"excerpt":"SANTO DOMINGO.- La Jefatura de Misi\u00f3n inform\u00f3 que un total de 36 atletas en cinco deportes han logrado su clasificaci\u00f3n a los Juegos Ol\u00edmpicos de Par\u00eds, Francia 2024, y que otras disciplinas est\u00e1n programadas en tomar parte en eventos en busca de sus boletos a la cita multideportiva. Entre los\u2026","rel":"","context":"En \u00abSin categor\u00eda\u00bb","block_context":{"text":"Sin categor\u00eda","link":"https:\/\/lasprimeras.com.do\/index.php\/category\/sin-categoria\/"},"img":{"alt_text":"","src":"https:\/\/i0.wp.com\/lasprimeras.com.do\/wp-content\/uploads\/2024\/02\/WhatsApp-Image-2024-02-06-at-6.14.27-PM-3.webp?resize=350%2C200&ssl=1","width":350,"height":200,"srcset":"https:\/\/i0.wp.com\/lasprimeras.com.do\/wp-content\/uploads\/2024\/02\/WhatsApp-Image-2024-02-06-at-6.14.27-PM-3.webp?resize=350%2C200&ssl=1 1x, https:\/\/i0.wp.com\/lasprimeras.com.do\/wp-content\/uploads\/2024\/02\/WhatsApp-Image-2024-02-06-at-6.14.27-PM-3.webp?resize=525%2C300&ssl=1 1.5x, https:\/\/i0.wp.com\/lasprimeras.com.do\/wp-content\/uploads\/2024\/02\/WhatsApp-Image-2024-02-06-at-6.14.27-PM-3.webp?resize=700%2C400&ssl=1 2x, https:\/\/i0.wp.com\/lasprimeras.com.do\/wp-content\/uploads\/2024\/02\/WhatsApp-Image-2024-02-06-at-6.14.27-PM-3.webp?resize=1050%2C600&ssl=1 3x, https:\/\/i0.wp.com\/lasprimeras.com.do\/wp-content\/uploads\/2024\/02\/WhatsApp-Image-2024-02-06-at-6.14.27-PM-3.webp?resize=1400%2C800&ssl=1 4x"},"classes":[]},{"id":86033,"url":"https:\/\/lasprimeras.com.do\/index.php\/2024\/07\/15\/abinader-despide-representacion-de-57-atletas-dominicanos\/","url_meta":{"origin":86602,"position":3},"title":"Abinader despide representaci\u00f3n de 57 atletas dominicanos","author":"Nelson Feliz","date":"15 de julio de 2024","format":false,"excerpt":"Entrega la Bandera Nacional a la representaci\u00f3n de las Olimpiadas de Par\u00eds 2024. El presidente Luis Abinader entreg\u00f3 la Bandera Nacional y despide una representaci\u00f3n de 57 atletas dominicanos que participar\u00e1n en las Olimpiadas de Par\u00eds 2024, al tiempo que inform\u00f3 que la presente gesti\u00f3n gubernamental ha aportado al Comit\u00e9\u2026","rel":"","context":"En \u00abPORTADA\u00bb","block_context":{"text":"PORTADA","link":"https:\/\/lasprimeras.com.do\/index.php\/category\/portada\/"},"img":{"alt_text":"Luis Abinader","src":"https:\/\/i0.wp.com\/lasprimeras.com.do\/wp-content\/uploads\/2024\/07\/Luis-Abinader-6.jpg?resize=350%2C200&ssl=1","width":350,"height":200,"srcset":"https:\/\/i0.wp.com\/lasprimeras.com.do\/wp-content\/uploads\/2024\/07\/Luis-Abinader-6.jpg?resize=350%2C200&ssl=1 1x, https:\/\/i0.wp.com\/lasprimeras.com.do\/wp-content\/uploads\/2024\/07\/Luis-Abinader-6.jpg?resize=525%2C300&ssl=1 1.5x, https:\/\/i0.wp.com\/lasprimeras.com.do\/wp-content\/uploads\/2024\/07\/Luis-Abinader-6.jpg?resize=700%2C400&ssl=1 2x"},"classes":[]},{"id":86442,"url":"https:\/\/lasprimeras.com.do\/index.php\/2024\/07\/25\/con-enorme-ambicion-paris-quiere-marcar-epoca-con-sus-juegos-olimpicos\/","url_meta":{"origin":86602,"position":4},"title":"Con enorme ambici\u00f3n, Par\u00eds quiere marcar \u00e9poca con sus Juegos Ol\u00edmpicos","author":"Nelson Feliz","date":"25 de julio de 2024","format":false,"excerpt":"BY JOHN LEICESTER PAR\u00cdS (AP) \u2014 Par\u00eds siempre ha sido una ciudad de so\u00f1adores: Nada m\u00e1s hay que admirar la Torre Eiffel, que durante d\u00e9cadas fue la estructura m\u00e1s alta del mundo. La audacia tambi\u00e9n ha marcado la ambici\u00f3n de la capital francesa para sus primeros Juegos Ol\u00edmpicos en un\u2026","rel":"","context":"En \u00abSin categor\u00eda\u00bb","block_context":{"text":"Sin categor\u00eda","link":"https:\/\/lasprimeras.com.do\/index.php\/category\/sin-categoria\/"},"img":{"alt_text":"Juegos Ol\u00edmpicos","src":"https:\/\/i0.wp.com\/lasprimeras.com.do\/wp-content\/uploads\/2024\/07\/Juegos-Olimpicos.png?resize=350%2C200&ssl=1","width":350,"height":200,"srcset":"https:\/\/i0.wp.com\/lasprimeras.com.do\/wp-content\/uploads\/2024\/07\/Juegos-Olimpicos.png?resize=350%2C200&ssl=1 1x, https:\/\/i0.wp.com\/lasprimeras.com.do\/wp-content\/uploads\/2024\/07\/Juegos-Olimpicos.png?resize=525%2C300&ssl=1 1.5x, https:\/\/i0.wp.com\/lasprimeras.com.do\/wp-content\/uploads\/2024\/07\/Juegos-Olimpicos.png?resize=700%2C400&ssl=1 2x"},"classes":[]},{"id":85801,"url":"https:\/\/lasprimeras.com.do\/index.php\/2024\/07\/09\/atletas-dominicanos-cumplen-con-juego-limpio-en-paris-2024\/","url_meta":{"origin":86602,"position":5},"title":"Atletas dominicanos cumplen con juego limpio en Paris 2024","author":"Nelson Feliz","date":"9 de julio de 2024","format":false,"excerpt":"\u00a0La Agencia Nacional Antidopaje inform\u00f3 que los atletas clasificados a los juegos ol\u00edmpicos de Par\u00eds 2024 le han sido realizadas 75 muestras de control de dopaje acorde con las recomendaciones de la Agencia Internacional de Controles (ITA) del Comit\u00e9 Ol\u00edmpico Internacional (COI) y la Agencia Mundial Antidopaje (WADA).\u00a0Los atletas de\u2026","rel":"","context":"En \u00abPORTADA\u00bb","block_context":{"text":"PORTADA","link":"https:\/\/lasprimeras.com.do\/index.php\/category\/portada\/"},"img":{"alt_text":"","src":"https:\/\/i0.wp.com\/lasprimeras.com.do\/wp-content\/uploads\/2024\/07\/ANTIDOPAJE.jpg?resize=350%2C200&ssl=1","width":350,"height":200,"srcset":"https:\/\/i0.wp.com\/lasprimeras.com.do\/wp-content\/uploads\/2024\/07\/ANTIDOPAJE.jpg?resize=350%2C200&ssl=1 1x, https:\/\/i0.wp.com\/lasprimeras.com.do\/wp-content\/uploads\/2024\/07\/ANTIDOPAJE.jpg?resize=525%2C300&ssl=1 1.5x, https:\/\/i0.wp.com\/lasprimeras.com.do\/wp-content\/uploads\/2024\/07\/ANTIDOPAJE.jpg?resize=700%2C400&ssl=1 2x"},"classes":[]}],"jetpack_sharing_enabled":true,"_links":{"self":[{"href":"https:\/\/lasprimeras.com.do\/index.php\/wp-json\/wp\/v2\/posts\/86602","targetHints":{"allow":["GET"]}}],"collection":[{"href":"https:\/\/lasprimeras.com.do\/index.php\/wp-json\/wp\/v2\/posts"}],"about":[{"href":"https:\/\/lasprimeras.com.do\/index.php\/wp-json\/wp\/v2\/types\/post"}],"author":[{"embeddable":true,"href":"https:\/\/lasprimeras.com.do\/index.php\/wp-json\/wp\/v2\/users\/2"}],"replies":[{"embeddable":true,"href":"https:\/\/lasprimeras.com.do\/index.php\/wp-json\/wp\/v2\/comments?post=86602"}],"version-history":[{"count":1,"href":"https:\/\/lasprimeras.com.do\/index.php\/wp-json\/wp\/v2\/posts\/86602\/revisions"}],"predecessor-version":[{"id":86604,"href":"https:\/\/lasprimeras.com.do\/index.php\/wp-json\/wp\/v2\/posts\/86602\/revisions\/86604"}],"wp:featuredmedia":[{"embeddable":true,"href":"https:\/\/lasprimeras.com.do\/index.php\/wp-json\/wp\/v2\/media\/86603"}],"wp:attachment":[{"href":"https:\/\/lasprimeras.com.do\/index.php\/wp-json\/wp\/v2\/media?parent=86602"}],"wp:term":[{"taxonomy":"category","embeddable":true,"href":"https:\/\/lasprimeras.com.do\/index.php\/wp-json\/wp\/v2\/categories?post=86602"},{"taxonomy":"post_tag","embeddable":true,"href":"https:\/\/lasprimeras.com.do\/index.php\/wp-json\/wp\/v2\/tags?post=86602"}],"curies":[{"name":"wp","href":"https:\/\/api.w.org\/{rel}","templated":true}]}}