{"id":86649,"date":"2024-07-28T23:15:30","date_gmt":"2024-07-29T03:15:30","guid":{"rendered":"https:\/\/lasprimeras.com.do\/?p=86649"},"modified":"2024-07-28T23:15:30","modified_gmt":"2024-07-29T03:15:30","slug":"kamala-harris-pidio-que-se-respete-la-voluntad-del-pueblo-venezolano","status":"publish","type":"post","link":"https:\/\/lasprimeras.com.do\/index.php\/2024\/07\/28\/kamala-harris-pidio-que-se-respete-la-voluntad-del-pueblo-venezolano\/","title":{"rendered":"Kamala Harris pidi\u00f3 que se respete \u201cla voluntad del pueblo venezolano\u201d"},"content":{"rendered":"\n<p><strong>\u201cEstados Unidos apoya al pueblo de Venezuela que expres\u00f3 su voz en las hist\u00f3ricas elecciones presidenciales\u201d, afirm\u00f3 la vicepresidenta norteamericana.<\/strong><\/p>\n\n\n\n<p>Pocos minutos despu\u00e9s del cierre de los comicios en Venezuela, donde la expectativa es muy alta por los resultados que comunicar\u00e1 el Consejo Nacional Electoral (CNE) -de l\u00ednea oficialista-, la vicepresidenta de Estados Unidos, Kamala Harris, pidi\u00f3 que se respete la voluntad del pueblo venezolano.<\/p>\n\n\n\n<p>\u201cEstados Unidos apoya al pueblo de Venezuela que expres\u00f3 su voz en las hist\u00f3ricas elecciones presidenciales de hoy. Hay que respetar la voluntad del pueblo venezolano\u201d, manifest\u00f3 la dem\u00f3crata, favorita a convertirse en la candidata presidencial de su partido para las elecciones norteamericanas del pr\u00f3ximo 8 de noviembre.<\/p>\n\n\n\n<p>\u201cA pesar de los muchos desaf\u00edos, continuaremos trabajando por un futuro m\u00e1s democr\u00e1tico, pr\u00f3spero y seguro para el pueblo de Venezuela\u201d, agreg\u00f3 en sus redes sociales.<\/p>\n\n\n\n<p>Este domingo temprano, el secretario de Estado Antony Blinken se hab\u00eda pronunciado en esa l\u00ednea, al pedir que se \u201crespete el proceso democr\u00e1tico\u201d en los comicios de este domingo.<\/p>\n\n\n\n<p>\u201cEl pueblo venezolano merece unas elecciones que reflejen genuinamente su voluntad, libres de cualquier manipulaci\u00f3n\u201d, sostuvo el jefe de la diplomacia norteamericana.<\/p>\n\n\n\n<p>Blinken afirm\u00f3 que las elecciones son un \u201cacontecimiento crucial en un momento crucial dada la grave crisis pol\u00edtica, econ\u00f3mica y humanitaria a la que se enfrenta el pa\u00eds\u201d.<\/p>\n\n\n\n<p>Brian Nichols, principal encargado del Departamento de Estado para Latinoam\u00e9rica, tambi\u00e9n se pronunci\u00f3 este domingo sobre la jornada electoral en Venezuela: \u201cHoy, el mundo observa c\u00f3mo los venezolanos acuden a las urnas para ejercer su derecho al voto\u201d. \u201cApoyamos al pueblo venezolano y respaldamos las aspiraciones de quienes quieren participar en el proceso democr\u00e1tico y elegir a su l\u00edder\u201d, a\u00f1adi\u00f3.<\/p>\n\n\n\n<p>D\u00edas atr\u00e1s la Casa Blanca hab\u00eda advertido que cualquier \u201crepresi\u00f3n pol\u00edtica\u201d y acto de \u201cviolencia\u201d en las elecciones de este domingo ser\u00e1 \u201cinaceptable\u201d, y expres\u00f3 su deseo de que los resultados de los comicios \u201creflejen la voluntad y las aspiraciones del pueblo venezolano para un futuro m\u00e1s democr\u00e1tico, estable y pr\u00f3spero\u201d.INFOBAE<\/p>\n\n\n\n<p><a href=\"https:\/\/www.infobae.com\/venezuela\/2024\/07\/28\/kamala-harris-pidio-que-se-respete-la-voluntad-del-pueblo-venezolano\">https:\/\/www.infobae.com\/venezuela\/2024\/07\/28\/kamala-harris-pidio-que-se-respete-la-voluntad-del-pueblo-venezolano<\/a><\/p>\n","protected":false},"excerpt":{"rendered":"<p>\u201cEstados Unidos apoya al pueblo de Venezuela que expres\u00f3 su voz en las hist\u00f3ricas elecciones presidenciales\u201d, afirm\u00f3 la vicepresidenta norteamericana. Pocos minutos despu\u00e9s del cierre de los comicios en Venezuela,&hellip;<\/p>\n","protected":false},"author":2,"featured_media":86348,"comment_status":"open","ping_status":"open","sticky":false,"template":"","format":"standard","meta":{"content-type":"","jetpack_post_was_ever_published":false,"_jetpack_newsletter_access":"","_jetpack_dont_email_post_to_subs":false,"_jetpack_newsletter_tier_id":0,"_jetpack_memberships_contains_paywalled_content":false,"_jetpack_memberships_contains_paid_content":false,"footnotes":""},"categories":[1],"tags":[2291,1379,14415,3251,3631],"class_list":["post-86649","post","type-post","status-publish","format-standard","has-post-thumbnail","hentry","category-sin-categoria","tag-kamala-harris","tag-pueblo","tag-se-respete","tag-venezolano","tag-voluntad"],"jetpack_featured_media_url":"https:\/\/lasprimeras.com.do\/wp-content\/uploads\/2024\/07\/Kamala-Harris.png","jetpack-related-posts":[{"id":90532,"url":"https:\/\/lasprimeras.com.do\/index.php\/2024\/10\/23\/kamala-harris-se-describe-como-una-capitalista-pragmatica-ante-los-votantes-latinos\/","url_meta":{"origin":86649,"position":0},"title":"Kamala Harris se describe como una &#8220;capitalista pragm\u00e1tica&#8221; ante los votantes latinos","author":"Nelson Feliz","date":"23 de octubre de 2024","format":false,"excerpt":"Washington, (EFE).- La vicepresidenta y candidata dem\u00f3crata a las presidenciales de EE.UU., Kamala Harris, se describi\u00f3 como una \"capitalista pragm\u00e1tica\" este mi\u00e9rcoles en Telemundo, su \u00fanica entrevista a un medio en espa\u00f1ol durante la campa\u00f1a, a la par que clasific\u00f3 a su oponente, Donald Trump, de \"fascista hasta la m\u00e9dula\".\u2026","rel":"","context":"En \u00abSin categor\u00eda\u00bb","block_context":{"text":"Sin categor\u00eda","link":"https:\/\/lasprimeras.com.do\/index.php\/category\/sin-categoria\/"},"img":{"alt_text":"Kamala Harris","src":"https:\/\/i0.wp.com\/lasprimeras.com.do\/wp-content\/uploads\/2024\/10\/Kamala-Harris-5.jpg?resize=350%2C200&ssl=1","width":350,"height":200,"srcset":"https:\/\/i0.wp.com\/lasprimeras.com.do\/wp-content\/uploads\/2024\/10\/Kamala-Harris-5.jpg?resize=350%2C200&ssl=1 1x, https:\/\/i0.wp.com\/lasprimeras.com.do\/wp-content\/uploads\/2024\/10\/Kamala-Harris-5.jpg?resize=525%2C300&ssl=1 1.5x, https:\/\/i0.wp.com\/lasprimeras.com.do\/wp-content\/uploads\/2024\/10\/Kamala-Harris-5.jpg?resize=700%2C400&ssl=1 2x"},"classes":[]},{"id":87320,"url":"https:\/\/lasprimeras.com.do\/index.php\/2024\/08\/10\/mancomunidad-dominico-venezolana-llama-a-respetar-resultados-de-elecciones-en-venezuela\/","url_meta":{"origin":86649,"position":1},"title":"Mancomunidad Dominico-venezolana llama a respetar resultados de elecciones en Venezuela","author":"Nelson Feliz","date":"10 de agosto de 2024","format":false,"excerpt":"La Mancomunidad Dominico-venezolana llam\u00f3 a las organizaciones Internacional a que alce su voz para que se respete la voluntad del pueblo expresada en las elecciones del pasado 28 de julio en Venezuela. El presidente de la organizaci\u00f3n, Jos\u00e9 Alberto P\u00e9rez indic\u00f3 que los venezolanos votaron para que se produzca un\u2026","rel":"","context":"En \u00abNACIONALES\u00bb","block_context":{"text":"NACIONALES","link":"https:\/\/lasprimeras.com.do\/index.php\/category\/nacionales\/"},"img":{"alt_text":"Dominico-venezolana","src":"https:\/\/i0.wp.com\/lasprimeras.com.do\/wp-content\/uploads\/2024\/08\/Dominico-venezolana-1.jpg?resize=350%2C200&ssl=1","width":350,"height":200,"srcset":"https:\/\/i0.wp.com\/lasprimeras.com.do\/wp-content\/uploads\/2024\/08\/Dominico-venezolana-1.jpg?resize=350%2C200&ssl=1 1x, https:\/\/i0.wp.com\/lasprimeras.com.do\/wp-content\/uploads\/2024\/08\/Dominico-venezolana-1.jpg?resize=525%2C300&ssl=1 1.5x, https:\/\/i0.wp.com\/lasprimeras.com.do\/wp-content\/uploads\/2024\/08\/Dominico-venezolana-1.jpg?resize=700%2C400&ssl=1 2x"},"classes":[]},{"id":118846,"url":"https:\/\/lasprimeras.com.do\/index.php\/2026\/01\/03\/gobierno-dominicano-reitera-respaldo-a-la-democracia-en-venezuela\/","url_meta":{"origin":86649,"position":2},"title":"Gobierno dominicano reitera respaldo a la democracia en Venezuela","author":"Nelson Feliz","date":"3 de enero de 2026","format":false,"excerpt":"Afirma que Rep\u00fablica Dominicana estar\u00e1 siempre del lado de la democracia. Donde sea, cuando sea y ante quien sea. El presidente Luis Abinader afirm\u00f3 este s\u00e1bado que el Gobierno dominicano mantiene un seguimiento permanente a la evoluci\u00f3n de los acontecimientos en Venezuela, y reiter\u00f3 que la Rep\u00fablica Dominicana nunca reconoci\u00f3\u2026","rel":"","context":"En \u00abNACIONALES\u00bb","block_context":{"text":"NACIONALES","link":"https:\/\/lasprimeras.com.do\/index.php\/category\/nacionales\/"},"img":{"alt_text":"Ministerio Administrativo de la Presidencia","src":"https:\/\/i0.wp.com\/lasprimeras.com.do\/wp-content\/uploads\/2023\/06\/Presidencia-1.jpg?resize=350%2C200&ssl=1","width":350,"height":200,"srcset":"https:\/\/i0.wp.com\/lasprimeras.com.do\/wp-content\/uploads\/2023\/06\/Presidencia-1.jpg?resize=350%2C200&ssl=1 1x, https:\/\/i0.wp.com\/lasprimeras.com.do\/wp-content\/uploads\/2023\/06\/Presidencia-1.jpg?resize=525%2C300&ssl=1 1.5x, https:\/\/i0.wp.com\/lasprimeras.com.do\/wp-content\/uploads\/2023\/06\/Presidencia-1.jpg?resize=700%2C400&ssl=1 2x"},"classes":[]},{"id":59633,"url":"https:\/\/lasprimeras.com.do\/index.php\/2023\/09\/06\/harris-dice-que-a-trump-no-se-le-puede-eximir-de-rendir-cuentas-el-6-de-enero\/","url_meta":{"origin":86649,"position":3},"title":"Harris dice que a Trump no se le puede eximir de rendir cuentas el 6 de enero","author":"Nelson Feliz","date":"6 de septiembre de 2023","format":false,"excerpt":"POR CHRIS MEGERIAN YAKARTA, Indonesia (AP) \u2014 La vicepresidenta Kamala Harris dijo el mi\u00e9rcoles que los responsables del esfuerzo por anular los resultados de las elecciones presidenciales de 2020 y la consiguiente violencia en el Capitolio de Estados Unidos deben rendir cuentas, incluso si eso significa Donald Trump. \u201cDejemos que\u2026","rel":"","context":"En \u00abSin categor\u00eda\u00bb","block_context":{"text":"Sin categor\u00eda","link":"https:\/\/lasprimeras.com.do\/index.php\/category\/sin-categoria\/"},"img":{"alt_text":"Kamala Harris","src":"https:\/\/i0.wp.com\/lasprimeras.com.do\/wp-content\/uploads\/2023\/06\/Kamala-Harris.jpg?resize=350%2C200&ssl=1","width":350,"height":200,"srcset":"https:\/\/i0.wp.com\/lasprimeras.com.do\/wp-content\/uploads\/2023\/06\/Kamala-Harris.jpg?resize=350%2C200&ssl=1 1x, https:\/\/i0.wp.com\/lasprimeras.com.do\/wp-content\/uploads\/2023\/06\/Kamala-Harris.jpg?resize=525%2C300&ssl=1 1.5x, https:\/\/i0.wp.com\/lasprimeras.com.do\/wp-content\/uploads\/2023\/06\/Kamala-Harris.jpg?resize=700%2C400&ssl=1 2x"},"classes":[]},{"id":86720,"url":"https:\/\/lasprimeras.com.do\/index.php\/2024\/07\/31\/gustavo-petro-se-refirio-a-las-elecciones-venezolanas-aseguro-que-hay-graves-dudas-alrededor-del-proceso-electoral\/","url_meta":{"origin":86649,"position":4},"title":"Gustavo Petro se refiri\u00f3 a las elecciones venezolanas: asegur\u00f3 que hay \u201cgraves dudas alrededor del proceso electoral\u201d","author":"Nelson Feliz","date":"31 de julio de 2024","format":false,"excerpt":"El presidente colombiano se hab\u00eda mantenido en silencio ante el evidente fraude cometido por Nicol\u00e1s Maduro. Ahora dio su opini\u00f3n y alert\u00f3 por una intensificaci\u00f3n de la violencia pol\u00edtica. Por Mariana Mej\u00edaDesde Bogot\u00e1 El presidente Gustavo Petro se pronunci\u00f3 sobre la situaci\u00f3n de los comicios en Venezuela a trav\u00e9s de\u2026","rel":"","context":"En \u00abSin categor\u00eda\u00bb","block_context":{"text":"Sin categor\u00eda","link":"https:\/\/lasprimeras.com.do\/index.php\/category\/sin-categoria\/"},"img":{"alt_text":"Gustavo Petro","src":"https:\/\/i0.wp.com\/lasprimeras.com.do\/wp-content\/uploads\/2024\/07\/Gustavo-Petro.png?resize=350%2C200&ssl=1","width":350,"height":200,"srcset":"https:\/\/i0.wp.com\/lasprimeras.com.do\/wp-content\/uploads\/2024\/07\/Gustavo-Petro.png?resize=350%2C200&ssl=1 1x, https:\/\/i0.wp.com\/lasprimeras.com.do\/wp-content\/uploads\/2024\/07\/Gustavo-Petro.png?resize=525%2C300&ssl=1 1.5x, https:\/\/i0.wp.com\/lasprimeras.com.do\/wp-content\/uploads\/2024\/07\/Gustavo-Petro.png?resize=700%2C400&ssl=1 2x"},"classes":[]},{"id":92713,"url":"https:\/\/lasprimeras.com.do\/index.php\/2025\/01\/12\/abinader-insta-a-las-autoridades-venezolanas-abrir-las-puertas-a-una-transicion-pacifica-a-la-democracia\/","url_meta":{"origin":86649,"position":5},"title":"Abinader insta a las autoridades venezolanas abrir las puertas a una transici\u00f3n pac\u00edfica a la democracia","author":"Nelson Feliz","date":"12 de enero de 2025","format":false,"excerpt":"Edmundo Gonz\u00e1lez Urrutia agradece al presidente Abinader y a expresidentes del Grupo IDEA el firme y en\u00e9rgico apoyo en la lucha para recuperar libertad y democracia venezolana. Ex presidenta de Costa Rica, Laura Chinchilla elogia liderazgo del presidente Abinader resaltando que en un contexto mundial donde la democracia enfrenta amenazas\u2026","rel":"","context":"En \u00abNACIONALES\u00bb","block_context":{"text":"NACIONALES","link":"https:\/\/lasprimeras.com.do\/index.php\/category\/nacionales\/"},"img":{"alt_text":"Luis Abinader","src":"https:\/\/i0.wp.com\/lasprimeras.com.do\/wp-content\/uploads\/2025\/01\/Luis-Abinader-3.jpg?resize=350%2C200&ssl=1","width":350,"height":200,"srcset":"https:\/\/i0.wp.com\/lasprimeras.com.do\/wp-content\/uploads\/2025\/01\/Luis-Abinader-3.jpg?resize=350%2C200&ssl=1 1x, https:\/\/i0.wp.com\/lasprimeras.com.do\/wp-content\/uploads\/2025\/01\/Luis-Abinader-3.jpg?resize=525%2C300&ssl=1 1.5x, https:\/\/i0.wp.com\/lasprimeras.com.do\/wp-content\/uploads\/2025\/01\/Luis-Abinader-3.jpg?resize=700%2C400&ssl=1 2x"},"classes":[]}],"jetpack_sharing_enabled":true,"_links":{"self":[{"href":"https:\/\/lasprimeras.com.do\/index.php\/wp-json\/wp\/v2\/posts\/86649","targetHints":{"allow":["GET"]}}],"collection":[{"href":"https:\/\/lasprimeras.com.do\/index.php\/wp-json\/wp\/v2\/posts"}],"about":[{"href":"https:\/\/lasprimeras.com.do\/index.php\/wp-json\/wp\/v2\/types\/post"}],"author":[{"embeddable":true,"href":"https:\/\/lasprimeras.com.do\/index.php\/wp-json\/wp\/v2\/users\/2"}],"replies":[{"embeddable":true,"href":"https:\/\/lasprimeras.com.do\/index.php\/wp-json\/wp\/v2\/comments?post=86649"}],"version-history":[{"count":1,"href":"https:\/\/lasprimeras.com.do\/index.php\/wp-json\/wp\/v2\/posts\/86649\/revisions"}],"predecessor-version":[{"id":86650,"href":"https:\/\/lasprimeras.com.do\/index.php\/wp-json\/wp\/v2\/posts\/86649\/revisions\/86650"}],"wp:featuredmedia":[{"embeddable":true,"href":"https:\/\/lasprimeras.com.do\/index.php\/wp-json\/wp\/v2\/media\/86348"}],"wp:attachment":[{"href":"https:\/\/lasprimeras.com.do\/index.php\/wp-json\/wp\/v2\/media?parent=86649"}],"wp:term":[{"taxonomy":"category","embeddable":true,"href":"https:\/\/lasprimeras.com.do\/index.php\/wp-json\/wp\/v2\/categories?post=86649"},{"taxonomy":"post_tag","embeddable":true,"href":"https:\/\/lasprimeras.com.do\/index.php\/wp-json\/wp\/v2\/tags?post=86649"}],"curies":[{"name":"wp","href":"https:\/\/api.w.org\/{rel}","templated":true}]}}