{"id":86662,"date":"2024-07-29T22:24:39","date_gmt":"2024-07-30T02:24:39","guid":{"rendered":"https:\/\/lasprimeras.com.do\/?p=86662"},"modified":"2024-07-29T22:24:40","modified_gmt":"2024-07-30T02:24:40","slug":"panama-pone-en-suspenso-relaciones-diplomaticas-con-venezuela-tras-victoria-de-maduro","status":"publish","type":"post","link":"https:\/\/lasprimeras.com.do\/index.php\/2024\/07\/29\/panama-pone-en-suspenso-relaciones-diplomaticas-con-venezuela-tras-victoria-de-maduro\/","title":{"rendered":"Panam\u00e1 pone \u2018en suspenso\u2019 relaciones diplom\u00e1ticas con Venezuela tras victoria de Maduro"},"content":{"rendered":"\n<p><strong>El presidente exigi\u00f3 en su pedido de realizar una reuni\u00f3n de urgencia con los miembros de las Organizaci\u00f3n de Estados Americanos (OEA).<\/strong><\/p>\n\n\n\n<p><strong>CIUDAD DE PANAM\u00c1 \/ <\/strong>El presidente de Panam\u00e1, Jos\u00e9 Ra\u00fal Mulino, anunci\u00f3 este lunes el retiro de sus diplom\u00e1ticos en Venezuela y puso \u00aben suspenso\u00bb las relaciones con Caracas, tras la cuestionada reelecci\u00f3n de Nicol\u00e1s Maduro.<\/p>\n\n\n\n<p>\u00abEl gobierno de Panam\u00e1 anuncia el retiro del personal diplom\u00e1tico de Venezuela y poniendo en suspenso las relaciones diplom\u00e1ticas hasta tanto no se realice una revisi\u00f3n completa de las actas y el sistema inform\u00e1tico del escrutinio de votaci\u00f3n que permitan conocer la genuina voluntad popular\u00bb, dijo Mulino en conferencia de prensa.<\/p>\n\n\n\n<p>Elecciones<\/p>\n\n\n\n<p>\u00abPor respeto a la historia de Panam\u00e1, por respeto a los miles de venezolanos que eligieron nuestra patria para vivir y por respeto a mis convicciones democr\u00e1ticas no puedo permitir que mi silencio se convierta en complicidad\u00bb, agreg\u00f3 el mandatario paname\u00f1o.<\/p>\n\n\n\n<p>Ambos pa\u00edses no tienen embajadores, por lo que la relaci\u00f3n bilateral se mantiene con encargados de negocios.<\/p>\n\n\n\n<p>El \u00f3rgano electoral venezolano proclam\u00f3 a Maduro como vencedor de los comicios del domingo. As\u00ed, \u00e9ste acceder\u00e1 a un tercer mandato consecutivo de seis a\u00f1os, en medio de denuncias de fraude. La oposici\u00f3n reivindic\u00f3 la victoria de su candidato, Edmundo Gonz\u00e1lez Urrutia.<\/p>\n\n\n\n<p>Con el 80% de los sufragios escrutados, el Consejo Nacional Electoral (CNE), controlado por el chavismo, dio como vencedor a Maduro con el 51,2% de los votos frente a 44,2% de Gonz\u00e1lez Urrutia.<\/p>\n\n\n\n<p>\u2018Derechos humanos\u2019<\/p>\n\n\n\n<p>Seg\u00fan Mulino, \u00ablos reg\u00edmenes que no respeten los derechos humanos y violen libertades no merecen reconocimiento diplom\u00e1tico\u00bb.<\/p>\n\n\n\n<p>El mandatario paname\u00f1o critic\u00f3 que \u00absolamente el 0,13% de los [venezolanos] residentes en el extranjero fueron habilitados para votar\u00bb.<\/p>\n\n\n\n<p>Tambi\u00e9n denunci\u00f3 \u00abuna demora extensa en el proceso de c\u00f3mputo, la privaci\u00f3n de acceso a los datos a los sectores opositores y la falta de observadores internacionales imparciales como lo tienen todos los pa\u00edses democr\u00e1ticos del continente\u00bb.<\/p>\n\n\n\n<p>Mulino, un gobernante de derecha, tambi\u00e9n anunci\u00f3 que pedir\u00e1 una reuni\u00f3n urgente de los cancilleres de la Organizaci\u00f3n de Estados Americanos para evaluar la situaci\u00f3n. Otros pa\u00edses latinoamericanos han anunciado que recurirr\u00e1n a la OEA para debatir la situaci\u00f3n en Venezuela; calific\u00f3 al gobierno de Maduro como \u00abr\u00e9gimen dictatorial\u00bb.<\/p>\n","protected":false},"excerpt":{"rendered":"<p>El presidente exigi\u00f3 en su pedido de realizar una reuni\u00f3n de urgencia con los miembros de las Organizaci\u00f3n de Estados Americanos (OEA). CIUDAD DE PANAM\u00c1 \/ El presidente de Panam\u00e1,&hellip;<\/p>\n","protected":false},"author":2,"featured_media":86663,"comment_status":"open","ping_status":"open","sticky":false,"template":"","format":"standard","meta":{"content-type":"","jetpack_post_was_ever_published":false,"_jetpack_newsletter_access":"","_jetpack_dont_email_post_to_subs":false,"_jetpack_newsletter_tier_id":0,"_jetpack_memberships_contains_paywalled_content":false,"_jetpack_memberships_contains_paid_content":false,"footnotes":""},"categories":[1],"tags":[12809,2451,14420,7200,420,2779],"class_list":["post-86662","post","type-post","status-publish","format-standard","has-post-thumbnail","hentry","category-sin-categoria","tag-jose-raul-mulino","tag-panama","tag-relaciones-diplomaticas","tag-suspenso","tag-venezuela","tag-victoria"],"jetpack_featured_media_url":"https:\/\/lasprimeras.com.do\/wp-content\/uploads\/2024\/07\/Jose-Raul-Mulino.jpg","jetpack-related-posts":[{"id":86692,"url":"https:\/\/lasprimeras.com.do\/index.php\/2024\/07\/30\/argentina-analiza-situacion-de-asilados-en-embajada-en-venezuela-denuncia-hostigamiento\/","url_meta":{"origin":86662,"position":0},"title":"Argentina analiza situaci\u00f3n de asilados en embajada en Venezuela, denuncia hostigamiento","author":"Nelson Feliz","date":"30 de julio de 2024","format":false,"excerpt":"By JORGE RUEDA CARACAS (AP) \u2014 El gobierno argentino analizaba el martes la situaci\u00f3n de los seis venezolanos asilados en su embajada en Caracas luego de que el gobierno de Nicol\u00e1s Maduro emplaz\u00f3 al personal diplom\u00e1tico a dejar el pa\u00eds en 72 horas, medida que tambi\u00e9n aplic\u00f3 a otras seis\u2026","rel":"","context":"En \u00abSin categor\u00eda\u00bb","block_context":{"text":"Sin categor\u00eda","link":"https:\/\/lasprimeras.com.do\/index.php\/category\/sin-categoria\/"},"img":{"alt_text":"","src":"https:\/\/i0.wp.com\/lasprimeras.com.do\/wp-content\/uploads\/2024\/07\/argentina.png?resize=350%2C200&ssl=1","width":350,"height":200,"srcset":"https:\/\/i0.wp.com\/lasprimeras.com.do\/wp-content\/uploads\/2024\/07\/argentina.png?resize=350%2C200&ssl=1 1x, https:\/\/i0.wp.com\/lasprimeras.com.do\/wp-content\/uploads\/2024\/07\/argentina.png?resize=525%2C300&ssl=1 1.5x, https:\/\/i0.wp.com\/lasprimeras.com.do\/wp-content\/uploads\/2024\/07\/argentina.png?resize=700%2C400&ssl=1 2x"},"classes":[]},{"id":86665,"url":"https:\/\/lasprimeras.com.do\/index.php\/2024\/07\/29\/venezuela-rompe-relaciones-diplomaticas-con-republica-dominicana-y-otros-seis-paises\/","url_meta":{"origin":86662,"position":1},"title":"Venezuela rompe relaciones diplom\u00e1ticas con Rep\u00fablica Dominicana y otros seis pa\u00edses","author":"Nelson Feliz","date":"29 de julio de 2024","format":false,"excerpt":"Solicit\u00f3 el retiro inmediata de sus representantes en territorio venezolano. Caracas, EFE.-.El Gobierno de Venezuela exigi\u00f3 este lunes a Argentina, Chile, Costa Rica, Per\u00fa, Panam\u00e1, Rep\u00fablica Dominicana y Uruguay \u201cel retiro, de manera inmediata, de sus representantes en territorio venezolano\u201d, en rechazo a sus \u201cinjerencistas acciones y declaraciones\u201d sobre las\u2026","rel":"","context":"En \u00abPORTADA\u00bb","block_context":{"text":"PORTADA","link":"https:\/\/lasprimeras.com.do\/index.php\/category\/portada\/"},"img":{"alt_text":"Nicol\u00e1s Maduro","src":"https:\/\/i0.wp.com\/lasprimeras.com.do\/wp-content\/uploads\/2024\/07\/Nicolas-Maduro-2.png?resize=350%2C200&ssl=1","width":350,"height":200,"srcset":"https:\/\/i0.wp.com\/lasprimeras.com.do\/wp-content\/uploads\/2024\/07\/Nicolas-Maduro-2.png?resize=350%2C200&ssl=1 1x, https:\/\/i0.wp.com\/lasprimeras.com.do\/wp-content\/uploads\/2024\/07\/Nicolas-Maduro-2.png?resize=525%2C300&ssl=1 1.5x, https:\/\/i0.wp.com\/lasprimeras.com.do\/wp-content\/uploads\/2024\/07\/Nicolas-Maduro-2.png?resize=700%2C400&ssl=1 2x"},"classes":[]},{"id":85394,"url":"https:\/\/lasprimeras.com.do\/index.php\/2024\/06\/29\/abinader-viajara-este-domingo-a-panama-para-la-toma-de-posesion-de-jose-raul-mulino\/","url_meta":{"origin":86662,"position":2},"title":"Abinader viajar\u00e1 este domingo a Panam\u00e1 para la toma de posesi\u00f3n de Jos\u00e9 Ra\u00fal Mulino","author":"Nelson Feliz","date":"29 de junio de 2024","format":false,"excerpt":"Previo a la toma de posesi\u00f3n, el mandatario dominicano sostendr\u00e1 reuni\u00f3n bilateral con su hom\u00f3logo paname\u00f1o. El presidente Luis Abinader viajar\u00e1 este domingo a la ciudad de Panam\u00e1 para asistir al acto de toma de posesi\u00f3n del presidente electo, Jos\u00e9 Ra\u00fal Mulino Quintero. El jefe de Estado viaja acompa\u00f1ado de\u2026","rel":"","context":"En \u00abNACIONALES\u00bb","block_context":{"text":"NACIONALES","link":"https:\/\/lasprimeras.com.do\/index.php\/category\/nacionales\/"},"img":{"alt_text":"Luis Abinader","src":"https:\/\/i0.wp.com\/lasprimeras.com.do\/wp-content\/uploads\/2024\/06\/Luis-Abinader-11.jpg?resize=350%2C200&ssl=1","width":350,"height":200,"srcset":"https:\/\/i0.wp.com\/lasprimeras.com.do\/wp-content\/uploads\/2024\/06\/Luis-Abinader-11.jpg?resize=350%2C200&ssl=1 1x, https:\/\/i0.wp.com\/lasprimeras.com.do\/wp-content\/uploads\/2024\/06\/Luis-Abinader-11.jpg?resize=525%2C300&ssl=1 1.5x, https:\/\/i0.wp.com\/lasprimeras.com.do\/wp-content\/uploads\/2024\/06\/Luis-Abinader-11.jpg?resize=700%2C400&ssl=1 2x"},"classes":[]},{"id":92563,"url":"https:\/\/lasprimeras.com.do\/index.php\/2025\/01\/07\/hipolito-mejia-dice-maduro-y-trump-irrespetan-la-dignidad-humana\/","url_meta":{"origin":86662,"position":3},"title":"Hip\u00f3lito Mej\u00eda dice Maduro y Trump irrespetan la dignidad humana","author":"Nelson Feliz","date":"7 de enero de 2025","format":false,"excerpt":"El expresidente dominicano Hip\u00f3lito Mej\u00eda manifest\u00f3 que los presidentes de Estados Unidos, Donald Trump y de Venezuela Nicol\u00e1s Maduro irrespetan la \u201cdignidad humana\u201d por sus \u201cextremismos\u201d pol\u00edticos. Mej\u00eda, dijo que repudia las ideolog\u00edas o movimientos que han caracterizado tanto al presidente de Venezuela como al de Estados Unidos. \u201cYo no\u2026","rel":"","context":"En \u00abPOLITICA\u00bb","block_context":{"text":"POLITICA","link":"https:\/\/lasprimeras.com.do\/index.php\/category\/politica\/"},"img":{"alt_text":"Hip\u00f3lito Mej\u00eda","src":"https:\/\/i0.wp.com\/lasprimeras.com.do\/wp-content\/uploads\/2025\/01\/Hipolito-Mejia.jpg?resize=350%2C200&ssl=1","width":350,"height":200,"srcset":"https:\/\/i0.wp.com\/lasprimeras.com.do\/wp-content\/uploads\/2025\/01\/Hipolito-Mejia.jpg?resize=350%2C200&ssl=1 1x, https:\/\/i0.wp.com\/lasprimeras.com.do\/wp-content\/uploads\/2025\/01\/Hipolito-Mejia.jpg?resize=525%2C300&ssl=1 1.5x, https:\/\/i0.wp.com\/lasprimeras.com.do\/wp-content\/uploads\/2025\/01\/Hipolito-Mejia.jpg?resize=700%2C400&ssl=1 2x"},"classes":[]},{"id":82610,"url":"https:\/\/lasprimeras.com.do\/index.php\/2024\/05\/06\/jose-raul-mulino-gana-las-elecciones-presidenciales-de-panama\/","url_meta":{"origin":86662,"position":4},"title":"Jos\u00e9 Ra\u00fal Mulino gana las elecciones presidenciales de Panam\u00e1","author":"Esteffany Vargas","date":"6 de mayo de 2024","format":false,"excerpt":"POR JUAN ZAMORANO Y MEGAN JANETSKY CIUDAD DE PANAM\u00c1 (AP) \u2014 Jos\u00e9 Ra\u00fal Mulino, el sustituto del ex presidente Ricardo Martinelli en las elecciones presidenciales de Panam\u00e1, estaba listo para convertirse en el nuevo l\u00edder de la naci\u00f3n centroamericana cuando las autoridades convocaron extraoficialmente la carrera el domingo por la\u2026","rel":"","context":"En \u00abPORTADA\u00bb","block_context":{"text":"PORTADA","link":"https:\/\/lasprimeras.com.do\/index.php\/category\/portada\/"},"img":{"alt_text":"Jos\u00e9 Ra\u00fal Mulino","src":"https:\/\/i0.wp.com\/lasprimeras.com.do\/wp-content\/uploads\/2024\/05\/Jose-Raul-Mulino-1.jpg?resize=350%2C200&ssl=1","width":350,"height":200,"srcset":"https:\/\/i0.wp.com\/lasprimeras.com.do\/wp-content\/uploads\/2024\/05\/Jose-Raul-Mulino-1.jpg?resize=350%2C200&ssl=1 1x, https:\/\/i0.wp.com\/lasprimeras.com.do\/wp-content\/uploads\/2024\/05\/Jose-Raul-Mulino-1.jpg?resize=525%2C300&ssl=1 1.5x, https:\/\/i0.wp.com\/lasprimeras.com.do\/wp-content\/uploads\/2024\/05\/Jose-Raul-Mulino-1.jpg?resize=700%2C400&ssl=1 2x"},"classes":[]},{"id":85440,"url":"https:\/\/lasprimeras.com.do\/index.php\/2024\/06\/30\/abinader-sale-hacia-panama-para-la-toma-de-posesion-del-mandatario-electo-jose-raul-mulino\/","url_meta":{"origin":86662,"position":5},"title":"Abinader sale hacia Panam\u00e1 para la toma de posesi\u00f3n del mandatario electo, Jos\u00e9 Ra\u00fal Mulino","author":"Nelson Feliz","date":"30 de junio de 2024","format":false,"excerpt":"El presidente Luis Abinader sali\u00f3 a las 2:35 de la tarde de este domingo a la ciudad de Panam\u00e1, para asistir al acto de toma de posesi\u00f3n del presidente electo, Jos\u00e9 Ra\u00fal Mulino Quintero. El mandatario parti\u00f3 de la terminal de la Base A\u00e9rea de San Isidro, donde fue despedido\u2026","rel":"","context":"En \u00abNACIONALES\u00bb","block_context":{"text":"NACIONALES","link":"https:\/\/lasprimeras.com.do\/index.php\/category\/nacionales\/"},"img":{"alt_text":"Luis Abinader","src":"https:\/\/i0.wp.com\/lasprimeras.com.do\/wp-content\/uploads\/2024\/06\/Luis-Abinader-12.jpg?resize=350%2C200&ssl=1","width":350,"height":200,"srcset":"https:\/\/i0.wp.com\/lasprimeras.com.do\/wp-content\/uploads\/2024\/06\/Luis-Abinader-12.jpg?resize=350%2C200&ssl=1 1x, https:\/\/i0.wp.com\/lasprimeras.com.do\/wp-content\/uploads\/2024\/06\/Luis-Abinader-12.jpg?resize=525%2C300&ssl=1 1.5x, https:\/\/i0.wp.com\/lasprimeras.com.do\/wp-content\/uploads\/2024\/06\/Luis-Abinader-12.jpg?resize=700%2C400&ssl=1 2x"},"classes":[]}],"jetpack_sharing_enabled":true,"_links":{"self":[{"href":"https:\/\/lasprimeras.com.do\/index.php\/wp-json\/wp\/v2\/posts\/86662","targetHints":{"allow":["GET"]}}],"collection":[{"href":"https:\/\/lasprimeras.com.do\/index.php\/wp-json\/wp\/v2\/posts"}],"about":[{"href":"https:\/\/lasprimeras.com.do\/index.php\/wp-json\/wp\/v2\/types\/post"}],"author":[{"embeddable":true,"href":"https:\/\/lasprimeras.com.do\/index.php\/wp-json\/wp\/v2\/users\/2"}],"replies":[{"embeddable":true,"href":"https:\/\/lasprimeras.com.do\/index.php\/wp-json\/wp\/v2\/comments?post=86662"}],"version-history":[{"count":1,"href":"https:\/\/lasprimeras.com.do\/index.php\/wp-json\/wp\/v2\/posts\/86662\/revisions"}],"predecessor-version":[{"id":86664,"href":"https:\/\/lasprimeras.com.do\/index.php\/wp-json\/wp\/v2\/posts\/86662\/revisions\/86664"}],"wp:featuredmedia":[{"embeddable":true,"href":"https:\/\/lasprimeras.com.do\/index.php\/wp-json\/wp\/v2\/media\/86663"}],"wp:attachment":[{"href":"https:\/\/lasprimeras.com.do\/index.php\/wp-json\/wp\/v2\/media?parent=86662"}],"wp:term":[{"taxonomy":"category","embeddable":true,"href":"https:\/\/lasprimeras.com.do\/index.php\/wp-json\/wp\/v2\/categories?post=86662"},{"taxonomy":"post_tag","embeddable":true,"href":"https:\/\/lasprimeras.com.do\/index.php\/wp-json\/wp\/v2\/tags?post=86662"}],"curies":[{"name":"wp","href":"https:\/\/api.w.org\/{rel}","templated":true}]}}