{"id":86671,"date":"2024-07-29T23:07:06","date_gmt":"2024-07-30T03:07:06","guid":{"rendered":"https:\/\/lasprimeras.com.do\/?p=86671"},"modified":"2024-07-29T23:09:07","modified_gmt":"2024-07-30T03:09:07","slug":"hospital-jaime-mota-entrega-salon-de-ensenanza-doctor-juan-emilio-lopez-feliz","status":"publish","type":"post","link":"https:\/\/lasprimeras.com.do\/index.php\/2024\/07\/29\/hospital-jaime-mota-entrega-salon-de-ensenanza-doctor-juan-emilio-lopez-feliz\/","title":{"rendered":"Hospital Jaime Mota entrega sal\u00f3n de ense\u00f1anza Doctor Juan Emilio L\u00f3pez Feliz"},"content":{"rendered":"\n<p>El pasado fin de semana fue de gran \u201cemoci\u00f3n\u201d para el sector salud en Barahona, porque las autoridades del Hospital Regional Universitario Jaime Mota que encabeza la doctora Mar\u00eda Batista Rivas, inauguraron la remoci\u00f3n de un moderno, estrat\u00e9gico y amplio sal\u00f3n de residencias m\u00e9dicas, cuyo espacio lleva por nombre \u201cSal\u00f3n de Ense\u00f1anza Doctor Juan Emilio L\u00f3pez Feliz\u201d, especialista en urolog\u00eda.<\/p>\n\n\n\n<p>Igualmente, recibieron a 26 nuevos m\u00e9dicos residentes de primer a\u00f1o, los cuales elevan a 70 galenos residentes en el m\u00e1s importante centro de salud de la regi\u00f3n Enriquillo, cuyos profesionales est\u00e1n formados en medicina interna, anestesiolog\u00eda, medicina familiar, emergenci\u00f3loga, pediatr\u00eda, ginecolog\u00eda y obstetricia, entre otras.<\/p>\n\n\n\n<p>Durante el acto de entrega del citado local, el cual est\u00e1 ubicado en el tercer nivel del hospital, Mar\u00eda Batista Rivas estableci\u00f3 que \u201choy entregamos este sal\u00f3n de ense\u00f1anza para la entrega de guardia y la parte acad\u00e9mica\u201d.<\/p>\n\n\n\n<p>Batista Rivas present\u00f3 un antes y un despu\u00e9s de las deplorables condiciones de abandono en que se encontraba el mencionado local, el cual fue recuperado, reparado y climatizado con varios aires acondicionados para la comodidad.<\/p>\n\n\n\n<p>\u201cEste sal\u00f3n ser\u00e1 para el uso exclusivo de la ense\u00f1anza del Hospital Jaime Mota, para la entrega de guardias y las actividades docentes y lo que tenga que ver con las residencias m\u00e9dicas del hospital\u201d.<\/p>\n\n\n\n<p>Al acto asistieron la gobernadora Genara Gonz\u00e1lez, el alcalde Barahona, M\u00edctor Fern\u00e1ndez, el director del Servicio Nacional de Salud, Wilkin F\u00e9liz, el director del Recinto UASD Barahona, Manuel de la Cruz, los m\u00e9dicos \u00c1ngel Feliz y Cecil Quants, entre otros.<\/p>\n\n\n\n<p>Asimismo, particip\u00f3 el m\u00e9dico galardonado por sus aportes a la salud en la regi\u00f3n Enriquillo, el doctor Juan Emilio L\u00f3pez Feliz, cuyo local lleva su nombre.<\/p>\n","protected":false},"excerpt":{"rendered":"<p>El pasado fin de semana fue de gran \u201cemoci\u00f3n\u201d para el sector salud en Barahona, porque las autoridades del Hospital Regional Universitario Jaime Mota que encabeza la doctora Mar\u00eda Batista&hellip;<\/p>\n","protected":false},"author":2,"featured_media":86672,"comment_status":"open","ping_status":"open","sticky":false,"template":"","format":"standard","meta":{"content-type":"","jetpack_post_was_ever_published":false,"_jetpack_newsletter_access":"","_jetpack_dont_email_post_to_subs":false,"_jetpack_newsletter_tier_id":0,"_jetpack_memberships_contains_paywalled_content":false,"_jetpack_memberships_contains_paid_content":false,"footnotes":""},"categories":[1],"tags":[14424,4907,4150,7919],"class_list":["post-86671","post","type-post","status-publish","format-standard","has-post-thumbnail","hentry","category-sin-categoria","tag-doctor-juan-emilio-lopez-feliz","tag-ensenanza","tag-hospital-jaime-mota","tag-salon"],"jetpack_featured_media_url":"https:\/\/lasprimeras.com.do\/wp-content\/uploads\/2024\/07\/medicos.webp","jetpack-related-posts":[{"id":118562,"url":"https:\/\/lasprimeras.com.do\/index.php\/2025\/12\/31\/hospital-regional-universitario-jaime-mota-refuerza-emergencias-para-la-navidad-y-ano-nuevo-2026\/","url_meta":{"origin":86671,"position":0},"title":"Hospital Regional Universitario Jaime Mota refuerza emergencias para la Navidad y A\u00f1o Nuevo 2026","author":"Nelson Feliz","date":"31 de diciembre de 2025","format":false,"excerpt":"Dra. Graciela Lafontaine","rel":"","context":"En \u00abPORTADA\u00bb","block_context":{"text":"PORTADA","link":"https:\/\/lasprimeras.com.do\/index.php\/category\/portada\/"},"img":{"alt_text":"","src":"https:\/\/i0.wp.com\/lasprimeras.com.do\/wp-content\/uploads\/2025\/12\/IMG-20251224-WA0159.jpg?resize=350%2C200&ssl=1","width":350,"height":200},"classes":[]},{"id":53762,"url":"https:\/\/lasprimeras.com.do\/index.php\/2023\/06\/30\/el-hospital-jaime-mota-inaugura-moderna-sala-alojamiento-canguro\/","url_meta":{"origin":86671,"position":1},"title":"El Hospital Jaime Mota inaugura moderna sala &#8220;Alojamiento Canguro&#8221;","author":"Nelson Feliz","date":"30 de junio de 2023","format":false,"excerpt":"La direcci\u00f3n del Hospital Regional Universitario Jaime Mota de Barahona inaugur\u00f3 una moderna sala de \"Alojamiento Canguro\" la cual viene a mejorar la calidad vida de los neonatos y sus madres al momento de nacer. El Alojamiento Canguro permite a los ni\u00f1os reci\u00e9n nacidos con bajo peso y \/o prematuro\u2026","rel":"","context":"En \u00abSin categor\u00eda\u00bb","block_context":{"text":"Sin categor\u00eda","link":"https:\/\/lasprimeras.com.do\/index.php\/category\/sin-categoria\/"},"img":{"alt_text":"","src":"https:\/\/i0.wp.com\/lasprimeras.com.do\/wp-content\/uploads\/2023\/06\/Sala-Canguro.jpg?resize=350%2C200&ssl=1","width":350,"height":200,"srcset":"https:\/\/i0.wp.com\/lasprimeras.com.do\/wp-content\/uploads\/2023\/06\/Sala-Canguro.jpg?resize=350%2C200&ssl=1 1x, https:\/\/i0.wp.com\/lasprimeras.com.do\/wp-content\/uploads\/2023\/06\/Sala-Canguro.jpg?resize=525%2C300&ssl=1 1.5x, https:\/\/i0.wp.com\/lasprimeras.com.do\/wp-content\/uploads\/2023\/06\/Sala-Canguro.jpg?resize=700%2C400&ssl=1 2x"},"classes":[]},{"id":55354,"url":"https:\/\/lasprimeras.com.do\/index.php\/2023\/07\/20\/barahona-ingresan-al-hospital-jaime-mota-un-hombre-que-intento-quitarse-la-vida\/","url_meta":{"origin":86671,"position":2},"title":"BARAHONA: Ingresan al hospital Jaime Mota un hombre que intent\u00f3 quitarse la vida","author":"Nelson Feliz","date":"20 de julio de 2023","format":false,"excerpt":"Fue ingresado a la emergencia del Hospital Regional Mota un hombre identificado como Miguel Feliz de 38 a\u00f1os de edad residente en el sector Alto Velo en la parte alta de esa provincia; tras presentar dificultad respiratoria. Supuestamente, Miguel Feliz intento quitarse la vida mec\u00e1nicamente, ahorcarse, \u00a0seg\u00fan las versiones ofrecidas\u2026","rel":"","context":"En \u00abSin categor\u00eda\u00bb","block_context":{"text":"Sin categor\u00eda","link":"https:\/\/lasprimeras.com.do\/index.php\/category\/sin-categoria\/"},"img":{"alt_text":"Hospital Regional Universitario Dr.Jaime Mota de Barahona","src":"https:\/\/i0.wp.com\/lasprimeras.com.do\/wp-content\/uploads\/2023\/07\/Hospital-Regional-Universitario-Dr.Jaime-Mota-de-Barahona.jpg?resize=350%2C200&ssl=1","width":350,"height":200,"srcset":"https:\/\/i0.wp.com\/lasprimeras.com.do\/wp-content\/uploads\/2023\/07\/Hospital-Regional-Universitario-Dr.Jaime-Mota-de-Barahona.jpg?resize=350%2C200&ssl=1 1x, https:\/\/i0.wp.com\/lasprimeras.com.do\/wp-content\/uploads\/2023\/07\/Hospital-Regional-Universitario-Dr.Jaime-Mota-de-Barahona.jpg?resize=525%2C300&ssl=1 1.5x, https:\/\/i0.wp.com\/lasprimeras.com.do\/wp-content\/uploads\/2023\/07\/Hospital-Regional-Universitario-Dr.Jaime-Mota-de-Barahona.jpg?resize=700%2C400&ssl=1 2x"},"classes":[]},{"id":57555,"url":"https:\/\/lasprimeras.com.do\/index.php\/2023\/08\/13\/en-barahona-reportan-un-hombre-muerto-y-varios-heridos-en-diferentes-hechos\/","url_meta":{"origin":86671,"position":3},"title":"En Barahona reportan un hombre muerto y varios heridos en diferentes hechos\u00a0","author":"Nelson Feliz","date":"13 de agosto de 2023","format":false,"excerpt":"Fu\u00e9 ingresado a la 4:50 de la madrugada en la Emergencia del Hospital Regional Jaime Mota, el cuerpo sin vida del nombrado Juan Carlos Cruz Alc\u00e1ntara de 29 a\u00f1o de edad, qui\u00e9n resid\u00eda en el barrio las flores de esta ciudad de Barahona. Seg\u00fan los m\u00e9dicos de turno del centro\u2026","rel":"","context":"En \u00abNACIONALES\u00bb","block_context":{"text":"NACIONALES","link":"https:\/\/lasprimeras.com.do\/index.php\/category\/nacionales\/"},"img":{"alt_text":"Hospital Jaime Mota","src":"https:\/\/i0.wp.com\/lasprimeras.com.do\/wp-content\/uploads\/2023\/08\/Hospital-Jaime-Mota.jpg?resize=350%2C200&ssl=1","width":350,"height":200,"srcset":"https:\/\/i0.wp.com\/lasprimeras.com.do\/wp-content\/uploads\/2023\/08\/Hospital-Jaime-Mota.jpg?resize=350%2C200&ssl=1 1x, https:\/\/i0.wp.com\/lasprimeras.com.do\/wp-content\/uploads\/2023\/08\/Hospital-Jaime-Mota.jpg?resize=525%2C300&ssl=1 1.5x, https:\/\/i0.wp.com\/lasprimeras.com.do\/wp-content\/uploads\/2023\/08\/Hospital-Jaime-Mota.jpg?resize=700%2C400&ssl=1 2x"},"classes":[]},{"id":59986,"url":"https:\/\/lasprimeras.com.do\/index.php\/2023\/09\/09\/residentes-medicos-de-hospitales-de-ffaa-extenderan-sus-servicios-en-beneficio-de-los-mas-necesitados\/","url_meta":{"origin":86671,"position":4},"title":"Residentes m\u00e9dicos de hospitales de FFAA extender\u00e1n sus servicios en beneficio de los m\u00e1s necesitados","author":"Nelson Feliz","date":"9 de septiembre de 2023","format":false,"excerpt":"Por Martin Restituyo La ampliaci\u00f3n de las especialidades de las residencias m\u00e9dicas que se cursan en los hospitales militares universitarios docentes, promete un alcance mayor en beneficio de las poblaciones m\u00e1s vulnerables, especialmente en el interior del pa\u00eds. As\u00ed se expres\u00f3 la teniente coronel m\u00e9dico pediatra Dra. Carolina Valdez Valdez,\u2026","rel":"","context":"En \u00abSin categor\u00eda\u00bb","block_context":{"text":"Sin categor\u00eda","link":"https:\/\/lasprimeras.com.do\/index.php\/category\/sin-categoria\/"},"img":{"alt_text":"Dra. Carolina Valdez Valdez","src":"https:\/\/i0.wp.com\/lasprimeras.com.do\/wp-content\/uploads\/2023\/09\/Dra.-Carolina-Valdez-Valdez.jpg?resize=350%2C200&ssl=1","width":350,"height":200,"srcset":"https:\/\/i0.wp.com\/lasprimeras.com.do\/wp-content\/uploads\/2023\/09\/Dra.-Carolina-Valdez-Valdez.jpg?resize=350%2C200&ssl=1 1x, https:\/\/i0.wp.com\/lasprimeras.com.do\/wp-content\/uploads\/2023\/09\/Dra.-Carolina-Valdez-Valdez.jpg?resize=525%2C300&ssl=1 1.5x, https:\/\/i0.wp.com\/lasprimeras.com.do\/wp-content\/uploads\/2023\/09\/Dra.-Carolina-Valdez-Valdez.jpg?resize=700%2C400&ssl=1 2x"},"classes":[]},{"id":55226,"url":"https:\/\/lasprimeras.com.do\/index.php\/2023\/07\/19\/ingresan-en-la-emergencia-del-hospital-jaime-mota-varias-personas-heridas\/","url_meta":{"origin":86671,"position":5},"title":"Ingresan en la emergencia del Hospital Jaime Mota varias personas heridas","author":"Nelson Feliz","date":"19 de julio de 2023","format":false,"excerpt":"El Hospital Regional Universitario Dr. Jaime Mota de Barahona, inform\u00f3 que este martes fueron ingresadas tres personas, tras presentar heridas en diferentes partes del cuerpo, al originarse un pleito en el sector Los Barracones de Javi de esta ciudad. El hecho ocurri\u00f3 pasadas las 8 de la noche de este\u2026","rel":"","context":"En \u00abNACIONALES\u00bb","block_context":{"text":"NACIONALES","link":"https:\/\/lasprimeras.com.do\/index.php\/category\/nacionales\/"},"img":{"alt_text":"Hospital Regional Universitario Dr.Jaime Mota de Barahona","src":"https:\/\/i0.wp.com\/lasprimeras.com.do\/wp-content\/uploads\/2023\/07\/Hospital-Regional-Universitario-Dr.Jaime-Mota-de-Barahona.jpg?resize=350%2C200&ssl=1","width":350,"height":200,"srcset":"https:\/\/i0.wp.com\/lasprimeras.com.do\/wp-content\/uploads\/2023\/07\/Hospital-Regional-Universitario-Dr.Jaime-Mota-de-Barahona.jpg?resize=350%2C200&ssl=1 1x, https:\/\/i0.wp.com\/lasprimeras.com.do\/wp-content\/uploads\/2023\/07\/Hospital-Regional-Universitario-Dr.Jaime-Mota-de-Barahona.jpg?resize=525%2C300&ssl=1 1.5x, https:\/\/i0.wp.com\/lasprimeras.com.do\/wp-content\/uploads\/2023\/07\/Hospital-Regional-Universitario-Dr.Jaime-Mota-de-Barahona.jpg?resize=700%2C400&ssl=1 2x"},"classes":[]}],"jetpack_sharing_enabled":true,"_links":{"self":[{"href":"https:\/\/lasprimeras.com.do\/index.php\/wp-json\/wp\/v2\/posts\/86671","targetHints":{"allow":["GET"]}}],"collection":[{"href":"https:\/\/lasprimeras.com.do\/index.php\/wp-json\/wp\/v2\/posts"}],"about":[{"href":"https:\/\/lasprimeras.com.do\/index.php\/wp-json\/wp\/v2\/types\/post"}],"author":[{"embeddable":true,"href":"https:\/\/lasprimeras.com.do\/index.php\/wp-json\/wp\/v2\/users\/2"}],"replies":[{"embeddable":true,"href":"https:\/\/lasprimeras.com.do\/index.php\/wp-json\/wp\/v2\/comments?post=86671"}],"version-history":[{"count":1,"href":"https:\/\/lasprimeras.com.do\/index.php\/wp-json\/wp\/v2\/posts\/86671\/revisions"}],"predecessor-version":[{"id":86673,"href":"https:\/\/lasprimeras.com.do\/index.php\/wp-json\/wp\/v2\/posts\/86671\/revisions\/86673"}],"wp:featuredmedia":[{"embeddable":true,"href":"https:\/\/lasprimeras.com.do\/index.php\/wp-json\/wp\/v2\/media\/86672"}],"wp:attachment":[{"href":"https:\/\/lasprimeras.com.do\/index.php\/wp-json\/wp\/v2\/media?parent=86671"}],"wp:term":[{"taxonomy":"category","embeddable":true,"href":"https:\/\/lasprimeras.com.do\/index.php\/wp-json\/wp\/v2\/categories?post=86671"},{"taxonomy":"post_tag","embeddable":true,"href":"https:\/\/lasprimeras.com.do\/index.php\/wp-json\/wp\/v2\/tags?post=86671"}],"curies":[{"name":"wp","href":"https:\/\/api.w.org\/{rel}","templated":true}]}}