{"id":86692,"date":"2024-07-30T10:03:00","date_gmt":"2024-07-30T14:03:00","guid":{"rendered":"https:\/\/lasprimeras.com.do\/?p=86692"},"modified":"2024-07-30T23:05:49","modified_gmt":"2024-07-31T03:05:49","slug":"argentina-analiza-situacion-de-asilados-en-embajada-en-venezuela-denuncia-hostigamiento","status":"publish","type":"post","link":"https:\/\/lasprimeras.com.do\/index.php\/2024\/07\/30\/argentina-analiza-situacion-de-asilados-en-embajada-en-venezuela-denuncia-hostigamiento\/","title":{"rendered":"Argentina analiza situaci\u00f3n de asilados en embajada en Venezuela, denuncia hostigamiento"},"content":{"rendered":"\n<p>By JORGE RUEDA<\/p>\n\n\n\n<p>CARACAS (AP) \u2014 El gobierno argentino analizaba el martes la situaci\u00f3n de los seis venezolanos asilados en su embajada en Caracas luego de que el gobierno de Nicol\u00e1s Maduro emplaz\u00f3 al personal diplom\u00e1tico a dejar el pa\u00eds en 72 horas, medida que tambi\u00e9n aplic\u00f3 a otras seis naciones de la regi\u00f3n.<\/p>\n\n\n\n<p>A su vez la canciller\u00eda argentina repudi\u00f3 en un comunicado \u201cel hostigamiento de la que es objeto su sede diplom\u00e1tica\u2026 a partir de la decisi\u00f3n del r\u00e9gimen de Maduro de interrumpir el suministro el\u00e9ctrico\u201d y advirti\u00f3 al gobierno de Venezuela \u201csobre cualquier acci\u00f3n deliberada que ponga en peligro la seguridad del personal diplom\u00e1tico argentino y de los ciudadanos venezolanos bajo protecci\u00f3n\u201d.<\/p>\n\n\n\n<p>El Ministerio de Relaciones Exteriores venezolano indic\u00f3 la v\u00edspera que el pedido obedece a \u201clas injerencistas acciones\u201d del gobierno del presidente argentino Javier Milei a la hora \u201cde desconocer los resultados electorales\u201d de los comicios del domingo en los que, seg\u00fan en Consejo Nacional Electoral (CNE), Maduro obtuvo la relecci\u00f3n, un resultado desconocido por la oposici\u00f3n y varios pa\u00edses.<\/p>\n\n\n\n<p>El portavoz presidencial argentino Manuel Adorni dijo sobre la situaci\u00f3n de los opositores asilados \u2014colaboradores de la campa\u00f1a electoral de la l\u00edder opositora Mar\u00eda Corina Machado y del candidato Edmundo Gonz\u00e1lez\u2014 que \u201cde acuerdo con la Convenci\u00f3n de Caracas cuando se retiran los diplom\u00e1ticos deben retirarse los asilados\u201d y que \u201cno hay otra decisi\u00f3n que seguir protegi\u00e9ndolos\u201d.<\/p>\n\n\n\n<p>Agreg\u00f3 que \u201ccon ellos estamos evaluando minuto a minuto c\u00f3mo se desenvuelven los hechos y qu\u00e9 soluci\u00f3n encontramos a esto\u201d.<\/p>\n\n\n\n<p>El martes uno de los asilados, Pedro Urruchurtu, public\u00f3 en su cuenta de X, antes Twitter, que \u201cfuncionarios de Corpoelec (la compa\u00f1\u00eda estatal de electricidad) acaban de cortar el suministro el\u00e9ctrico en la residencia de la embajada de Argentina en Caracas, donde nos encontramos los 6 asilados\u201d.<\/p>\n\n\n\n<p>Seg\u00fan Maduro y sus aliados los opositores asilados estar\u00edan vinculados con una presunta trama para generar violencia de la que no ha presentado pruebas.<\/p>\n\n\n\n<p>En marzo la Fiscal\u00eda General de Venezuela orden\u00f3 la aprehensi\u00f3n de nueve opositores, entre ellos la exjefa de campa\u00f1a y mano derecha de Machado y otros militantes de Vente Venezuela, la organizaci\u00f3n pol\u00edtica fundada por la exlegisladora.<\/p>\n\n\n\n<p>El gobierno venezolano no se ha pronunciado sobre si conceder\u00e1 los salvoconductos necesarios para que puedan salir del pa\u00eds cuando se retire el personal diplom\u00e1tico de Argentina, pero Machado indic\u00f3 en una rueda de prensa el lunes \u2014en la que insisti\u00f3 en la victoria de la oposici\u00f3n\u2014 que hab\u00eda miembros de la fuerza p\u00fablica de Venezuela apostados a las afueras de la embajada y que tem\u00eda que pudieran incursionar en la sede para detener a los seis opositores.<\/p>\n\n\n\n<p>A ra\u00edz de la presencia de uniformados venezolanos frente a la residencia del embajador argentino, la canciller argentina Diana Mondino se pronunci\u00f3 la v\u00edspera en una entrevista al medio La Naci\u00f3n y descart\u00f3 que fueran a entrar por la fuerza.<\/p>\n\n\n\n<p>\u201cNo va a ocurrir un asalto, porque ser\u00eda tan exagerado\u201d, apunt\u00f3. Si llegan a entrar, cuestion\u00f3 Mondino, \u201cser\u00eda un verdadero disparate porque no est\u00e1n cumpliendo de ninguna manera con las convenciones internacionales\u201d.<\/p>\n\n\n\n<p>Los otros pa\u00edses alcanzados por la decisi\u00f3n del gobierno de Maduro son Chile, Costa Rica, Panam\u00e1, Per\u00fa, Rep\u00fablica Dominicana y Uruguay.<\/p>\n\n\n\n<p>La v\u00edspera el CNE proclam\u00f3 oficialmente como presidente a Maduro, en su segunda reelecci\u00f3n por seis a\u00f1os, despu\u00e9s de difundir resultados que daban al mandatario la victoria electoral con 51% de los votos frente a 44% de los obtenidos por Gonz\u00e1lez.<\/p>\n\n\n\n<p>La coalici\u00f3n a la que represent\u00f3 Gonz\u00e1lez en las urnas denunci\u00f3 graves irregularidades en el proceso de conteo de los votos y asegur\u00f3 tener pruebas de su victoria electoral.<\/p>\n\n\n\n<p>Por su parte, el presidente chileno Gabriel Boric conden\u00f3 el martes la decisi\u00f3n del gobierno de Maduro de emplazar al personal diplom\u00e1tico a abandonar Venezuela y la calific\u00f3 de \u201cgrave y profunda intolerancia\u201d.<\/p>\n\n\n\n<p>\u201cQuiero decirles que es injustificable y, como se\u00f1al\u00e9 antes, demuestra una intolerancia impropia de las democracias\u201d, dijo Boric en una rueda de prensa desde Emiratos \u00c1rabes Unidos donde se encuentra de visita.<\/p>\n\n\n\n<p>Agreg\u00f3 que Chile brindar\u00e1 \u201ctodo el apoyo y asistencia\u201d necesarios a los chilenos que viven en Venezuela, mientras que seguir\u00e1 haciendo presi\u00f3n para que la voluntad expresada en las urnas sea respetada.<\/p>\n\n\n\n<p>El gobierno chileno confirm\u00f3 poco despu\u00e9s que llevar\u00e1 a cabo \u201cen las pr\u00f3ximas horas\u201d los movimientos necesarios para la retirada de su personal del pa\u00eds caribe\u00f1o.<\/p>\n\n\n\n<p>Sin embargo, asegur\u00f3 que, de momento, descarta romper relaciones con Venezuela. \u201cChile jam\u00e1s va a ser un pa\u00eds proclive a romper relaciones con nadie. Las \u00fanicas veces en la historia democr\u00e1tica que Chile ha roto relaciones con otro pa\u00eds fue en 1943, con la Alemania nazi y Jap\u00f3n\u201d.<\/p>\n\n\n\n<p>Igualmente se pronunci\u00f3 el martes el gobierno de Uruguay, que consider\u00f3 que la decisi\u00f3n venezolana es \u201cuna medida injustificada y desproporcionada que responde de forma intempestiva a la leg\u00edtima preocupaci\u00f3n planteada por nuestro pa\u00eds y por la comunidad internacional ante las irregularidades y la falta de transparencia constatadas en el proceso electoral\u201d, indic\u00f3 la canciller\u00eda en un comunicado.<\/p>\n\n\n\n<p>El presidente paname\u00f1o Jos\u00e9 Ra\u00fal Mulino anunci\u00f3 la v\u00edspera el retiro de su personal diplom\u00e1tico en Caracas y que pondr\u00eda \u201cen suspenso\u201d las relaciones con Venezuela, la postura m\u00e1s fuerte de un gobierno de la regi\u00f3n hasta el momento sobre las elecciones en ese pa\u00eds.<\/p>\n\n\n\n<p>Horas despu\u00e9s el gobierno venezolano dijo en un comunicado que suspender\u00eda temporalmente a partir del 31 de julio los vuelos comerciales desde y hacia Panam\u00e1 y Rep\u00fablica Dominicana.<\/p>\n\n\n\n<p>La v\u00edspera miles de venezolanos salieron a las calles en Caracas para protestar contra la reelecci\u00f3n de Maduro y para el martes est\u00e1n previstas concentraciones en distintos puntos del pa\u00eds.<\/p>\n\n\n\n<p>El mi\u00e9rcoles el Consejo Permanente de la Organizaci\u00f3n de los Estados Americanos (OEA) realizar\u00e1 una reuni\u00f3n extraordinaria para analizar la situaci\u00f3n de Venezuela, que hace a\u00f1os resolvi\u00f3 unilateralmente retirarse del organismo.<\/p>\n","protected":false},"excerpt":{"rendered":"<p>By JORGE RUEDA CARACAS (AP) \u2014 El gobierno argentino analizaba el martes la situaci\u00f3n de los seis venezolanos asilados en su embajada en Caracas luego de que el gobierno de&hellip;<\/p>\n","protected":false},"author":2,"featured_media":86693,"comment_status":"open","ping_status":"open","sticky":false,"template":"","format":"standard","meta":{"content-type":"","jetpack_post_was_ever_published":false,"_jetpack_newsletter_access":"","_jetpack_dont_email_post_to_subs":false,"_jetpack_newsletter_tier_id":0,"_jetpack_memberships_contains_paywalled_content":false,"_jetpack_memberships_contains_paid_content":false,"footnotes":""},"categories":[1],"tags":[3254,14434,1196,5418,432,420],"class_list":["post-86692","post","type-post","status-publish","format-standard","has-post-thumbnail","hentry","category-sin-categoria","tag-argentina","tag-asilados","tag-embajada","tag-hostigamiento","tag-situacion","tag-venezuela"],"jetpack_featured_media_url":"https:\/\/lasprimeras.com.do\/wp-content\/uploads\/2024\/07\/argentina.png","jetpack-related-posts":[{"id":86686,"url":"https:\/\/lasprimeras.com.do\/index.php\/2024\/07\/30\/oea-insta-a-maduro-a-asumir-derrota-o-convocar-nuevas-elecciones-biden-y-lula-urgen-a-liberar-actas\/","url_meta":{"origin":86692,"position":0},"title":"OEA insta a Maduro a asumir derrota o convocar nuevas elecciones; Biden y Lula urgen a liberar actas","author":"Nelson Feliz","date":"30 de julio de 2024","format":false,"excerpt":"By GISELA SALOMON MIAMI (AP) \u2014 El secretario general de la Organizaci\u00f3n de los Estados Americanos inst\u00f3 el martes a Nicol\u00e1s Maduro a que reconozca su derrota en los comicios presidenciales de Venezuela o convoque a una nueva votaci\u00f3n m\u00e1s transparente, sum\u00e1ndose a numerosos cuestionamientos internacionales al resultado de las\u2026","rel":"","context":"En \u00abSin categor\u00eda\u00bb","block_context":{"text":"Sin categor\u00eda","link":"https:\/\/lasprimeras.com.do\/index.php\/category\/sin-categoria\/"},"img":{"alt_text":"","src":"https:\/\/i0.wp.com\/lasprimeras.com.do\/wp-content\/uploads\/2024\/07\/OEA.png?resize=350%2C200&ssl=1","width":350,"height":200,"srcset":"https:\/\/i0.wp.com\/lasprimeras.com.do\/wp-content\/uploads\/2024\/07\/OEA.png?resize=350%2C200&ssl=1 1x, https:\/\/i0.wp.com\/lasprimeras.com.do\/wp-content\/uploads\/2024\/07\/OEA.png?resize=525%2C300&ssl=1 1.5x, https:\/\/i0.wp.com\/lasprimeras.com.do\/wp-content\/uploads\/2024\/07\/OEA.png?resize=700%2C400&ssl=1 2x"},"classes":[]},{"id":88837,"url":"https:\/\/lasprimeras.com.do\/index.php\/2024\/09\/08\/edmundo-gonzalez-llega-a-espana-tras-recibir-asilo-politico-del-gobierno-espanol\/","url_meta":{"origin":86692,"position":1},"title":"Edmundo Gonz\u00e1lez llega a Espa\u00f1a tras recibir asilo pol\u00edtico del gobierno espa\u00f1ol","author":"Nelson Feliz","date":"8 de septiembre de 2024","format":false,"excerpt":"El candidato opositor en las elecciones del pasado 28 de julio en Venezuela, Edmundo Gonz\u00e1lez, sali\u00f3 de su pa\u00eds el s\u00e1bado en la noche y lleg\u00f3 el domingo a Espa\u00f1a, donde se le otorg\u00f3 asilo pol\u00edtico. El s\u00e1bado, a trav\u00e9s de su cuenta de Instagram, la vicepresidenta, Delcy Rodr\u00edguez, inform\u00f3\u2026","rel":"","context":"En \u00abSin categor\u00eda\u00bb","block_context":{"text":"Sin categor\u00eda","link":"https:\/\/lasprimeras.com.do\/index.php\/category\/sin-categoria\/"},"img":{"alt_text":"Edmundo Gonz\u00e1lez","src":"https:\/\/i0.wp.com\/lasprimeras.com.do\/wp-content\/uploads\/2024\/09\/Edmundo-Gonzalez.jpg?resize=350%2C200&ssl=1","width":350,"height":200,"srcset":"https:\/\/i0.wp.com\/lasprimeras.com.do\/wp-content\/uploads\/2024\/09\/Edmundo-Gonzalez.jpg?resize=350%2C200&ssl=1 1x, https:\/\/i0.wp.com\/lasprimeras.com.do\/wp-content\/uploads\/2024\/09\/Edmundo-Gonzalez.jpg?resize=525%2C300&ssl=1 1.5x, https:\/\/i0.wp.com\/lasprimeras.com.do\/wp-content\/uploads\/2024\/09\/Edmundo-Gonzalez.jpg?resize=700%2C400&ssl=1 2x"},"classes":[]},{"id":98445,"url":"https:\/\/lasprimeras.com.do\/index.php\/2025\/05\/07\/venezuela-niega-que-opositores-hayan-salido-del-pais-bajo-operacion-internacional-de-rescate\/","url_meta":{"origin":86692,"position":2},"title":"Venezuela niega que opositores hayan salido del pa\u00eds bajo operaci\u00f3n internacional de rescate","author":"Nelson Feliz","date":"7 de mayo de 2025","format":false,"excerpt":"CARACAS (AP) \u2014 El gobierno de Venezuela reconoci\u00f3 el mi\u00e9rcoles por primera vez que miembros de la oposici\u00f3n del pa\u00eds abandonaron el complejo diplom\u00e1tico argentino donde se hab\u00edan refugiado durante m\u00e1s de un a\u00f1o, pero neg\u00f3 que su llegada a Estados Unidos haya sido el resultado de una operaci\u00f3n internacional\u2026","rel":"","context":"En \u00abINTERNACIONALES\u00bb","block_context":{"text":"INTERNACIONALES","link":"https:\/\/lasprimeras.com.do\/index.php\/category\/sin-categoria\/internacionales\/"},"img":{"alt_text":"","src":"https:\/\/i0.wp.com\/lasprimeras.com.do\/wp-content\/uploads\/2025\/05\/patrulla.jpg?resize=350%2C200&ssl=1","width":350,"height":200,"srcset":"https:\/\/i0.wp.com\/lasprimeras.com.do\/wp-content\/uploads\/2025\/05\/patrulla.jpg?resize=350%2C200&ssl=1 1x, https:\/\/i0.wp.com\/lasprimeras.com.do\/wp-content\/uploads\/2025\/05\/patrulla.jpg?resize=525%2C300&ssl=1 1.5x, https:\/\/i0.wp.com\/lasprimeras.com.do\/wp-content\/uploads\/2025\/05\/patrulla.jpg?resize=700%2C400&ssl=1 2x"},"classes":[]},{"id":86665,"url":"https:\/\/lasprimeras.com.do\/index.php\/2024\/07\/29\/venezuela-rompe-relaciones-diplomaticas-con-republica-dominicana-y-otros-seis-paises\/","url_meta":{"origin":86692,"position":3},"title":"Venezuela rompe relaciones diplom\u00e1ticas con Rep\u00fablica Dominicana y otros seis pa\u00edses","author":"Nelson Feliz","date":"29 de julio de 2024","format":false,"excerpt":"Solicit\u00f3 el retiro inmediata de sus representantes en territorio venezolano. Caracas, EFE.-.El Gobierno de Venezuela exigi\u00f3 este lunes a Argentina, Chile, Costa Rica, Per\u00fa, Panam\u00e1, Rep\u00fablica Dominicana y Uruguay \u201cel retiro, de manera inmediata, de sus representantes en territorio venezolano\u201d, en rechazo a sus \u201cinjerencistas acciones y declaraciones\u201d sobre las\u2026","rel":"","context":"En \u00abPORTADA\u00bb","block_context":{"text":"PORTADA","link":"https:\/\/lasprimeras.com.do\/index.php\/category\/portada\/"},"img":{"alt_text":"Nicol\u00e1s Maduro","src":"https:\/\/i0.wp.com\/lasprimeras.com.do\/wp-content\/uploads\/2024\/07\/Nicolas-Maduro-2.png?resize=350%2C200&ssl=1","width":350,"height":200,"srcset":"https:\/\/i0.wp.com\/lasprimeras.com.do\/wp-content\/uploads\/2024\/07\/Nicolas-Maduro-2.png?resize=350%2C200&ssl=1 1x, https:\/\/i0.wp.com\/lasprimeras.com.do\/wp-content\/uploads\/2024\/07\/Nicolas-Maduro-2.png?resize=525%2C300&ssl=1 1.5x, https:\/\/i0.wp.com\/lasprimeras.com.do\/wp-content\/uploads\/2024\/07\/Nicolas-Maduro-2.png?resize=700%2C400&ssl=1 2x"},"classes":[]},{"id":86662,"url":"https:\/\/lasprimeras.com.do\/index.php\/2024\/07\/29\/panama-pone-en-suspenso-relaciones-diplomaticas-con-venezuela-tras-victoria-de-maduro\/","url_meta":{"origin":86692,"position":4},"title":"Panam\u00e1 pone \u2018en suspenso\u2019 relaciones diplom\u00e1ticas con Venezuela tras victoria de Maduro","author":"Nelson Feliz","date":"29 de julio de 2024","format":false,"excerpt":"El presidente exigi\u00f3 en su pedido de realizar una reuni\u00f3n de urgencia con los miembros de las Organizaci\u00f3n de Estados Americanos (OEA). CIUDAD DE PANAM\u00c1 \/ El presidente de Panam\u00e1, Jos\u00e9 Ra\u00fal Mulino, anunci\u00f3 este lunes el retiro de sus diplom\u00e1ticos en Venezuela y puso \u00aben suspenso\u00bb las relaciones con\u2026","rel":"","context":"En \u00abSin categor\u00eda\u00bb","block_context":{"text":"Sin categor\u00eda","link":"https:\/\/lasprimeras.com.do\/index.php\/category\/sin-categoria\/"},"img":{"alt_text":"Jos\u00e9 Ra\u00fal Mulino","src":"https:\/\/i0.wp.com\/lasprimeras.com.do\/wp-content\/uploads\/2024\/07\/Jose-Raul-Mulino.jpg?resize=350%2C200&ssl=1","width":350,"height":200,"srcset":"https:\/\/i0.wp.com\/lasprimeras.com.do\/wp-content\/uploads\/2024\/07\/Jose-Raul-Mulino.jpg?resize=350%2C200&ssl=1 1x, https:\/\/i0.wp.com\/lasprimeras.com.do\/wp-content\/uploads\/2024\/07\/Jose-Raul-Mulino.jpg?resize=525%2C300&ssl=1 1.5x, https:\/\/i0.wp.com\/lasprimeras.com.do\/wp-content\/uploads\/2024\/07\/Jose-Raul-Mulino.jpg?resize=700%2C400&ssl=1 2x"},"classes":[]},{"id":111217,"url":"https:\/\/lasprimeras.com.do\/index.php\/2025\/10\/06\/venezuela-denuncia-supuesto-plan-de-extremistas-para-atacar-embajada-de-eeuu\/","url_meta":{"origin":86692,"position":5},"title":"Venezuela denuncia supuesto plan de \u201cextremistas\u201d para atacar embajada de EEUU","author":"Nelson Feliz","date":"6 de octubre de 2025","format":false,"excerpt":"CARACAS (AP) \u2014 Venezuela alert\u00f3 el lunes sobre un supuesto plan de extremistas para atacar con explosivos la sede de la embajada de Estados Unidos en Caracas, en medio de la creciente tensi\u00f3n bilateral por el despliegue militar de Washington en el Caribe. Jorge Rodr\u00edguez, jefe de la delegaci\u00f3n de\u2026","rel":"","context":"En \u00abINTERNACIONALES\u00bb","block_context":{"text":"INTERNACIONALES","link":"https:\/\/lasprimeras.com.do\/index.php\/category\/sin-categoria\/internacionales\/"},"img":{"alt_text":"","src":"https:\/\/i0.wp.com\/lasprimeras.com.do\/wp-content\/uploads\/2025\/08\/Nicolas-Maduro.jpg?resize=350%2C200&ssl=1","width":350,"height":200,"srcset":"https:\/\/i0.wp.com\/lasprimeras.com.do\/wp-content\/uploads\/2025\/08\/Nicolas-Maduro.jpg?resize=350%2C200&ssl=1 1x, https:\/\/i0.wp.com\/lasprimeras.com.do\/wp-content\/uploads\/2025\/08\/Nicolas-Maduro.jpg?resize=525%2C300&ssl=1 1.5x, https:\/\/i0.wp.com\/lasprimeras.com.do\/wp-content\/uploads\/2025\/08\/Nicolas-Maduro.jpg?resize=700%2C400&ssl=1 2x"},"classes":[]}],"jetpack_sharing_enabled":true,"_links":{"self":[{"href":"https:\/\/lasprimeras.com.do\/index.php\/wp-json\/wp\/v2\/posts\/86692","targetHints":{"allow":["GET"]}}],"collection":[{"href":"https:\/\/lasprimeras.com.do\/index.php\/wp-json\/wp\/v2\/posts"}],"about":[{"href":"https:\/\/lasprimeras.com.do\/index.php\/wp-json\/wp\/v2\/types\/post"}],"author":[{"embeddable":true,"href":"https:\/\/lasprimeras.com.do\/index.php\/wp-json\/wp\/v2\/users\/2"}],"replies":[{"embeddable":true,"href":"https:\/\/lasprimeras.com.do\/index.php\/wp-json\/wp\/v2\/comments?post=86692"}],"version-history":[{"count":1,"href":"https:\/\/lasprimeras.com.do\/index.php\/wp-json\/wp\/v2\/posts\/86692\/revisions"}],"predecessor-version":[{"id":86694,"href":"https:\/\/lasprimeras.com.do\/index.php\/wp-json\/wp\/v2\/posts\/86692\/revisions\/86694"}],"wp:featuredmedia":[{"embeddable":true,"href":"https:\/\/lasprimeras.com.do\/index.php\/wp-json\/wp\/v2\/media\/86693"}],"wp:attachment":[{"href":"https:\/\/lasprimeras.com.do\/index.php\/wp-json\/wp\/v2\/media?parent=86692"}],"wp:term":[{"taxonomy":"category","embeddable":true,"href":"https:\/\/lasprimeras.com.do\/index.php\/wp-json\/wp\/v2\/categories?post=86692"},{"taxonomy":"post_tag","embeddable":true,"href":"https:\/\/lasprimeras.com.do\/index.php\/wp-json\/wp\/v2\/tags?post=86692"}],"curies":[{"name":"wp","href":"https:\/\/api.w.org\/{rel}","templated":true}]}}