{"id":86735,"date":"2024-07-31T22:08:21","date_gmt":"2024-08-01T02:08:21","guid":{"rendered":"https:\/\/lasprimeras.com.do\/?p=86735"},"modified":"2024-07-31T22:08:21","modified_gmt":"2024-08-01T02:08:21","slug":"maria-corina-machado-agradece-posicion-de-republica-dominicana-ante-la-oea","status":"publish","type":"post","link":"https:\/\/lasprimeras.com.do\/index.php\/2024\/07\/31\/maria-corina-machado-agradece-posicion-de-republica-dominicana-ante-la-oea\/","title":{"rendered":"Mar\u00eda Corina Machado agradece posici\u00f3n de Rep\u00fablica Dominicana ante la OEA"},"content":{"rendered":"\n<p><strong>RD solicit\u00f3 la presentaci\u00f3n de las actas electorales originales y su verificaci\u00f3n por parte organismos independientes para reconocer el ganador de las elecciones de Venezuela.<\/strong><\/p>\n\n\n\n<p>La l\u00edder de la oposici\u00f3n venezolana Mar\u00eda Corina Machado agradeci\u00f3 este mi\u00e9rcoles la posici\u00f3n del Gobierno dominicano ante el Consejo Permanente de la Organizaci\u00f3n de Estados Americanos (OEA) sobre la crisis post-electoral de Venezuela, luego de que la Comisi\u00f3n Nacional Electoral (CNE) de ese pa\u00eds declarara a Nicol\u00e1s Maduro como el ganador de los comicios electorales pese a las denuncias de fraude.<\/p>\n\n\n\n<p>&#8220;Agradezco el mensaje del canciller Roberto \u00c1lvarez de la Rep\u00fablica Dominicana por su firme defensa de los est\u00e1ndares democr\u00e1ticos que deben regir en cualquier proceso electoral de la regi\u00f3n. \u00a1Este proceso no ha acabado! \u00a1Contamos con ustedes en esta nueva fase de lucha para hacer respetar la decisi\u00f3n soberana del pueblo venezolano!&#8221;, expres\u00f3 la l\u00edder activista en su cuenta de la red X, antigua Twitter.<\/p>\n\n\n\n<figure class=\"wp-block-image size-full\"><img decoding=\"async\" width=\"568\" height=\"438\" src=\"https:\/\/lasprimeras.com.do\/wp-content\/uploads\/2024\/07\/Maria-Corina-Machado-x.png\" alt=\"\" class=\"wp-image-86736\" srcset=\"https:\/\/lasprimeras.com.do\/wp-content\/uploads\/2024\/07\/Maria-Corina-Machado-x.png 568w, https:\/\/lasprimeras.com.do\/wp-content\/uploads\/2024\/07\/Maria-Corina-Machado-x-300x231.png 300w\" sizes=\"(max-width: 568px) 100vw, 568px\" \/><\/figure>\n\n\n\n<p>Machado iba a presentarse como candidata presidencial en las elecciones de Venezuela, pero fue inhabilitada y pas\u00f3 a darle su apoyo a Edmundo Gonz\u00e1lez Urrutia, un diplom\u00e1tico de 74 a\u00f1os que se enfrent\u00f3 a Nicol\u00e1s Maduro en las elecciones del pasado domingo 28 de julio. Al contrario del chavismo, la oposici\u00f3n venezolana mostr\u00f3 actas en las que atribuye el 70 % de los votos a Urrutia.<\/p>\n\n\n\n<p>Durante la sesi\u00f3n de este martes del Consejo Permanente de la OEA, el gobierno dominicano, en la persona de su canciller Roberto \u00c1lvarez, insisti\u00f3 en que solo reconocer\u00e1 el ganador de los comicios venezolanos cuando se presenten las actas electorales originales y sean verificadas por organismos independientes.<\/p>\n\n\n\n<p>Indic\u00f3 que, aunque la OEA no tiene la potestad para decir qui\u00e9n es el presidente de un pa\u00eds, s\u00ed puede condicionar su reconocimiento apelando a las mejores pr\u00e1cticas democr\u00e1ticas.<\/p>\n\n\n\n<p>Este mi\u00e9rcoles fracas\u00f3 una resoluci\u00f3n que exig\u00eda a las autoridades de Venezuela publicar de inmediato las actas de las elecciones del domingo y garantizar la seguridad del personal diplom\u00e1tico en el pa\u00eds.<\/p>\n\n\n\n<p>La resoluci\u00f3n no cont\u00f3 con los votos suficientes para ser aprobada. De 33 estados miembros del Consejo solo 17 votaron a favor, 11 se abstuvieron y cinco delegaciones estuvieron ausentes.<\/p>\n\n\n\n<p>El presidente del Consejo explic\u00f3 que por una oraci\u00f3n de uno de los p\u00e1rrafos del documento CP\/DOC\/60\/24 no hubo consenso para la aprobaci\u00f3n, pero no indic\u00f3 cu\u00e1l fue.<\/p>\n\n\n\n<p>Fuente Diario Libre<\/p>\n","protected":false},"excerpt":{"rendered":"<p>RD solicit\u00f3 la presentaci\u00f3n de las actas electorales originales y su verificaci\u00f3n por parte organismos independientes para reconocer el ganador de las elecciones de Venezuela. La l\u00edder de la oposici\u00f3n&hellip;<\/p>\n","protected":false},"author":2,"featured_media":86131,"comment_status":"open","ping_status":"open","sticky":false,"template":"","format":"standard","meta":{"content-type":"","jetpack_post_was_ever_published":false,"_jetpack_newsletter_access":"","_jetpack_dont_email_post_to_subs":false,"_jetpack_newsletter_tier_id":0,"_jetpack_memberships_contains_paywalled_content":false,"_jetpack_memberships_contains_paid_content":false,"footnotes":""},"categories":[35,25],"tags":[2129,14145,3583,8143,1226,208],"class_list":["post-86735","post","type-post","status-publish","format-standard","has-post-thumbnail","hentry","category-nacionales","category-portada","tag-lider","tag-maria-corina-machado","tag-oea","tag-posicion","tag-republica-dominicana","tag-venezolana"],"jetpack_featured_media_url":"https:\/\/lasprimeras.com.do\/wp-content\/uploads\/2024\/07\/Maria-Corina-Machado.jpg","jetpack-related-posts":[{"id":88834,"url":"https:\/\/lasprimeras.com.do\/index.php\/2024\/09\/08\/oea-acusa-a-maduro-de-forzar-el-exilio-del-opositor-venezolano-edmundo-gonzalez-urrutia\/","url_meta":{"origin":86735,"position":0},"title":"OEA acusa a Maduro de forzar el exilio del opositor venezolano Edmundo Gonz\u00e1lez Urrutia","author":"Nelson Feliz","date":"8 de septiembre de 2024","format":false,"excerpt":"Washington, (EFE).- La Organizaci\u00f3n de los Estados Americanos (OEA) acus\u00f3 este domingo al \"r\u00e9gimen autoritario\" venezolano de haber \"forzado el exilio\" del opositor Edmundo Gonz\u00e1lez Urrutia, al que el organismo considera el ganador de las elecciones presidenciales que se celebraron en el pa\u00eds suramericano el pasado 28 de julio. \"El\u2026","rel":"","context":"En \u00abSin categor\u00eda\u00bb","block_context":{"text":"Sin categor\u00eda","link":"https:\/\/lasprimeras.com.do\/index.php\/category\/sin-categoria\/"},"img":{"alt_text":"ANTONIO GUTERRES","src":"https:\/\/i0.wp.com\/lasprimeras.com.do\/wp-content\/uploads\/2024\/09\/ANTONIO-GUTERRES.jpg?resize=350%2C200&ssl=1","width":350,"height":200,"srcset":"https:\/\/i0.wp.com\/lasprimeras.com.do\/wp-content\/uploads\/2024\/09\/ANTONIO-GUTERRES.jpg?resize=350%2C200&ssl=1 1x, https:\/\/i0.wp.com\/lasprimeras.com.do\/wp-content\/uploads\/2024\/09\/ANTONIO-GUTERRES.jpg?resize=525%2C300&ssl=1 1.5x"},"classes":[]},{"id":86848,"url":"https:\/\/lasprimeras.com.do\/index.php\/2024\/08\/02\/atacantes-enmascarados-saquean-sede-de-lider-opositora-venezolana-maria-corina-machado\/","url_meta":{"origin":86735,"position":1},"title":"Atacantes enmascarados saquean sede de l\u00edder opositora venezolana Mar\u00eda Corina Machado","author":"Nelson Feliz","date":"2 de agosto de 2024","format":false,"excerpt":"Por GABRIELA S\u00c1 PESSOA, E. EDUARDO CASTILLO, JOSHUA GOODMAN y REGINA GARCIA CANO CARACAS, Venezuela (AP) \u2014 Media docena de agresores enmascarados saquearon la sede de la l\u00edder opositora venezolana Mar\u00eda Corina Machado en la m\u00e1s reciente escalada de violencia contra los opositores de Nicol\u00e1s Maduro tras las controvertidas elecciones\u2026","rel":"","context":"En \u00abSin categor\u00eda\u00bb","block_context":{"text":"Sin categor\u00eda","link":"https:\/\/lasprimeras.com.do\/index.php\/category\/sin-categoria\/"},"img":{"alt_text":"Mar\u00eda Corina Machado","src":"https:\/\/i0.wp.com\/lasprimeras.com.do\/wp-content\/uploads\/2024\/08\/Maria-Corina-Machado-3.png?resize=350%2C200&ssl=1","width":350,"height":200,"srcset":"https:\/\/i0.wp.com\/lasprimeras.com.do\/wp-content\/uploads\/2024\/08\/Maria-Corina-Machado-3.png?resize=350%2C200&ssl=1 1x, https:\/\/i0.wp.com\/lasprimeras.com.do\/wp-content\/uploads\/2024\/08\/Maria-Corina-Machado-3.png?resize=525%2C300&ssl=1 1.5x, https:\/\/i0.wp.com\/lasprimeras.com.do\/wp-content\/uploads\/2024\/08\/Maria-Corina-Machado-3.png?resize=700%2C400&ssl=1 2x, https:\/\/i0.wp.com\/lasprimeras.com.do\/wp-content\/uploads\/2024\/08\/Maria-Corina-Machado-3.png?resize=1050%2C600&ssl=1 3x"},"classes":[]},{"id":86668,"url":"https:\/\/lasprimeras.com.do\/index.php\/2024\/07\/29\/maria-corina-machado-y-edmundo-gonzalez-se-contradicen-sobre-el-conteo-de-actas-del-cne\/","url_meta":{"origin":86735,"position":2},"title":"Mar\u00eda Corina Machado y Edmundo Gonz\u00e1lez se contradicen sobre el conteo de actas del CNE","author":"Nelson Feliz","date":"29 de julio de 2024","format":false,"excerpt":"Los representantes de la extrema derecha venezolana, Mar\u00eda Corina Machado y Edmundo Gonz\u00e1lez, muestran una vez m\u00e1s los planes de mentir y cantar fraude respecto a los resultados irreversibles de las elecciones presidenciales al contradecirse sobre la recepci\u00f3n de las actas electorales. \u00a1Triunf\u00f3 la paz social, pol\u00edtica y econ\u00f3mica! Nicol\u00e1s\u2026","rel":"","context":"En \u00abSin categor\u00eda\u00bb","block_context":{"text":"Sin categor\u00eda","link":"https:\/\/lasprimeras.com.do\/index.php\/category\/sin-categoria\/"},"img":{"alt_text":"Corina y Edmundo","src":"https:\/\/i0.wp.com\/lasprimeras.com.do\/wp-content\/uploads\/2024\/07\/Corina-y-Edmundo.png?resize=350%2C200&ssl=1","width":350,"height":200,"srcset":"https:\/\/i0.wp.com\/lasprimeras.com.do\/wp-content\/uploads\/2024\/07\/Corina-y-Edmundo.png?resize=350%2C200&ssl=1 1x, https:\/\/i0.wp.com\/lasprimeras.com.do\/wp-content\/uploads\/2024\/07\/Corina-y-Edmundo.png?resize=525%2C300&ssl=1 1.5x, https:\/\/i0.wp.com\/lasprimeras.com.do\/wp-content\/uploads\/2024\/07\/Corina-y-Edmundo.png?resize=700%2C400&ssl=1 2x"},"classes":[]},{"id":92740,"url":"https:\/\/lasprimeras.com.do\/index.php\/2025\/01\/12\/maria-corina-destaca-el-respaldo-de-nayib-bukele-a-la-lucha-por-la-libertad-en-venezuela\/","url_meta":{"origin":86735,"position":3},"title":"Mar\u00eda Corina destaca el respaldo de Nayib Bukele a la lucha por la libertad en Venezuela","author":"Nelson Feliz","date":"12 de enero de 2025","format":false,"excerpt":"La l\u00edder opositora venezolana Mar\u00eda Corina Machado, anunci\u00f3 a trav\u00e9s de su cuenta en la red social X (anteriormente Twitter), que sostuvo una conversaci\u00f3n con el presidente de El Salvador, Nayib Bukele. Seg\u00fan lo expresado por Machado, durante el di\u00e1logo Bukele expres\u00f3 su admiraci\u00f3n y apoyo a la lucha del\u2026","rel":"","context":"En \u00abINTERNACIONALES\u00bb","block_context":{"text":"INTERNACIONALES","link":"https:\/\/lasprimeras.com.do\/index.php\/category\/sin-categoria\/internacionales\/"},"img":{"alt_text":"Mar\u00eda Corina Machado","src":"https:\/\/i0.wp.com\/lasprimeras.com.do\/wp-content\/uploads\/2024\/07\/Maria-Corina-Machado-1.jpg?resize=350%2C200&ssl=1","width":350,"height":200,"srcset":"https:\/\/i0.wp.com\/lasprimeras.com.do\/wp-content\/uploads\/2024\/07\/Maria-Corina-Machado-1.jpg?resize=350%2C200&ssl=1 1x, https:\/\/i0.wp.com\/lasprimeras.com.do\/wp-content\/uploads\/2024\/07\/Maria-Corina-Machado-1.jpg?resize=525%2C300&ssl=1 1.5x, https:\/\/i0.wp.com\/lasprimeras.com.do\/wp-content\/uploads\/2024\/07\/Maria-Corina-Machado-1.jpg?resize=700%2C400&ssl=1 2x"},"classes":[]},{"id":86331,"url":"https:\/\/lasprimeras.com.do\/index.php\/2024\/07\/22\/elecciones-en-venezuela-parte-1\/","url_meta":{"origin":86735,"position":4},"title":"Elecciones en Venezuela, parte 1","author":"Nelson Feliz","date":"22 de julio de 2024","format":false,"excerpt":"MARIA CORINA MACHADO, UN LIDERAZGO QUE AMENAZA CON SACAR DEL PODER AL CHAVISMO. Por Dar\u00edo Made Mar\u00eda Corina Machado es una l\u00edder de la oposici\u00f3n venezolana con gran apoyo popular, que en octubre del a\u00f1o pasado arras\u00f3 en las primarias de la coalici\u00f3n opositora, con m\u00e1s del noventa por ciento\u2026","rel":"","context":"En \u00abOPINI\u00d3N\u00bb","block_context":{"text":"OPINI\u00d3N","link":"https:\/\/lasprimeras.com.do\/index.php\/category\/opinion\/"},"img":{"alt_text":"Mar\u00eda Corina Machado","src":"https:\/\/i0.wp.com\/lasprimeras.com.do\/wp-content\/uploads\/2024\/07\/Maria-Corina-Machado-1.jpg?resize=350%2C200&ssl=1","width":350,"height":200,"srcset":"https:\/\/i0.wp.com\/lasprimeras.com.do\/wp-content\/uploads\/2024\/07\/Maria-Corina-Machado-1.jpg?resize=350%2C200&ssl=1 1x, https:\/\/i0.wp.com\/lasprimeras.com.do\/wp-content\/uploads\/2024\/07\/Maria-Corina-Machado-1.jpg?resize=525%2C300&ssl=1 1.5x, https:\/\/i0.wp.com\/lasprimeras.com.do\/wp-content\/uploads\/2024\/07\/Maria-Corina-Machado-1.jpg?resize=700%2C400&ssl=1 2x"},"classes":[]},{"id":79427,"url":"https:\/\/lasprimeras.com.do\/index.php\/2024\/03\/27\/elecciones-venezuela-machado-dice-que-el-regimen-escogio-a-sus-candidatos\/","url_meta":{"origin":86735,"position":5},"title":"Elecciones Venezuela: Machado dice que \u201cel r\u00e9gimen escogi\u00f3 a sus candidatos\u201d","author":"BIMARY DE JES\u00daS Matos","date":"27 de marzo de 2024","format":false,"excerpt":"CARACAS \u2014\u00a0La l\u00edder opositora venezolana, Mar\u00eda Corina Machado, denunci\u00f3 el martes que el gobierno del presidente Nicol\u00e1s Maduro \u201cescogi\u00f3\u201d a los candidatos que participar\u00e1n en las elecciones\u00a0presidenciales del 28 de julio, luego de que un gobernador opositor\u00a0se postul\u00f3 a \u00faltima hora\u00a0como candidato presidencial. Machado reiter\u00f3 que el gobierno venezolano impidi\u00f3\u2026","rel":"","context":"En \u00abSin categor\u00eda\u00bb","block_context":{"text":"Sin categor\u00eda","link":"https:\/\/lasprimeras.com.do\/index.php\/category\/sin-categoria\/"},"img":{"alt_text":"","src":"https:\/\/i0.wp.com\/lasprimeras.com.do\/wp-content\/uploads\/2024\/03\/f446961b-01f0-4067-b295-657f64ff4981_w650_r1_s-1.jpg?resize=350%2C200&ssl=1","width":350,"height":200,"srcset":"https:\/\/i0.wp.com\/lasprimeras.com.do\/wp-content\/uploads\/2024\/03\/f446961b-01f0-4067-b295-657f64ff4981_w650_r1_s-1.jpg?resize=350%2C200&ssl=1 1x, https:\/\/i0.wp.com\/lasprimeras.com.do\/wp-content\/uploads\/2024\/03\/f446961b-01f0-4067-b295-657f64ff4981_w650_r1_s-1.jpg?resize=525%2C300&ssl=1 1.5x"},"classes":[]}],"jetpack_sharing_enabled":true,"_links":{"self":[{"href":"https:\/\/lasprimeras.com.do\/index.php\/wp-json\/wp\/v2\/posts\/86735","targetHints":{"allow":["GET"]}}],"collection":[{"href":"https:\/\/lasprimeras.com.do\/index.php\/wp-json\/wp\/v2\/posts"}],"about":[{"href":"https:\/\/lasprimeras.com.do\/index.php\/wp-json\/wp\/v2\/types\/post"}],"author":[{"embeddable":true,"href":"https:\/\/lasprimeras.com.do\/index.php\/wp-json\/wp\/v2\/users\/2"}],"replies":[{"embeddable":true,"href":"https:\/\/lasprimeras.com.do\/index.php\/wp-json\/wp\/v2\/comments?post=86735"}],"version-history":[{"count":1,"href":"https:\/\/lasprimeras.com.do\/index.php\/wp-json\/wp\/v2\/posts\/86735\/revisions"}],"predecessor-version":[{"id":86737,"href":"https:\/\/lasprimeras.com.do\/index.php\/wp-json\/wp\/v2\/posts\/86735\/revisions\/86737"}],"wp:featuredmedia":[{"embeddable":true,"href":"https:\/\/lasprimeras.com.do\/index.php\/wp-json\/wp\/v2\/media\/86131"}],"wp:attachment":[{"href":"https:\/\/lasprimeras.com.do\/index.php\/wp-json\/wp\/v2\/media?parent=86735"}],"wp:term":[{"taxonomy":"category","embeddable":true,"href":"https:\/\/lasprimeras.com.do\/index.php\/wp-json\/wp\/v2\/categories?post=86735"},{"taxonomy":"post_tag","embeddable":true,"href":"https:\/\/lasprimeras.com.do\/index.php\/wp-json\/wp\/v2\/tags?post=86735"}],"curies":[{"name":"wp","href":"https:\/\/api.w.org\/{rel}","templated":true}]}}