{"id":86764,"date":"2024-08-01T00:31:25","date_gmt":"2024-08-01T04:31:25","guid":{"rendered":"https:\/\/lasprimeras.com.do\/?p=86764"},"modified":"2024-08-01T00:31:27","modified_gmt":"2024-08-01T04:31:27","slug":"la-reaseguradora-mas-grande-del-mundo-reconoce-gestion-de-agrodosa","status":"publish","type":"post","link":"https:\/\/lasprimeras.com.do\/index.php\/2024\/08\/01\/la-reaseguradora-mas-grande-del-mundo-reconoce-gestion-de-agrodosa\/","title":{"rendered":"La reaseguradora m\u00e1s grande del mundo reconoce gesti\u00f3n de AGRODOSA"},"content":{"rendered":"\n<p>La compa\u00f1\u00eda reaseguradora m\u00e1s grande del mundo reconoci\u00f3 la labor de la Aseguradora Agropecuaria Dominicana (AGRODOSA) por el exitoso resultado t\u00e9cnico obtenido durante los \u00faltimos 4 a\u00f1os y las mejoras implementadas en las pol\u00edticas de suscripci\u00f3n y en los manuales de ajustes de siniestros.<\/p>\n\n\n\n<p>Adem\u00e1s, por el pago oportuno de los compromisos financieros derivados de las operaciones de seguros.<\/p>\n\n\n\n<p>Esas pol\u00edticas le han permitido a AGRODOSA adaptarse a los desaf\u00edos del sector agr\u00edcola y seguir ofreciendo productos de seguros de alta calidad, controlando las desviaciones en los resultados de los \u00faltimos a\u00f1os.<\/p>\n\n\n\n<p>Munich resalt\u00f3 adem\u00e1s, el excelente manejo y proactividad del equipo gerencial de AGRODOSA, ante los nuevos retos derivados del cambio clim\u00e1tico.<\/p>\n\n\n\n<p>AGROSODA tambi\u00e9n fue reconocida por la capacidad de anticiparse y adaptarse a los desaf\u00edos que son fundamentales para garantizar la sostenibilidad a largo plazo del seguro agr\u00edcola.<\/p>\n\n\n\n<p>Tambi\u00e9n Munich destac\u00f3 la implementaci\u00f3n de las buenas pr\u00e1cticas de aseguramiento y los avances en la diversificaci\u00f3n del portafolio de seguros.<\/p>\n\n\n\n<p>La reaseguradora Munich re es la n\u00famero uno en su rama a nivel mundial, con ventas de primas de seguros por m\u00e1s de 55 mil millones de d\u00f3lares anuales y con incidencia en m\u00e1s de 160 pa\u00edses. Esa empresa es l\u00edder del pool de reaseguradores que respaldan a AGRODOSA, garantizando la exposici\u00f3n de los riesgos asumidos por la aseguradora dominicana.<\/p>\n\n\n\n<p>El gerente general de AGRODOSA, Jos\u00e9 Fabelo, agradeci\u00f3 la distinci\u00f3n del importante reconocimiento de Munich por ser un verdadero est\u00edmulo para continuar trabajando con m\u00e1s dedicaci\u00f3n y compromiso, as\u00ed como es un testimonio del esfuerzo colectivo y la dedicaci\u00f3n del personal de la aseguradora dominicana.<\/p>\n","protected":false},"excerpt":{"rendered":"<p>La compa\u00f1\u00eda reaseguradora m\u00e1s grande del mundo reconoci\u00f3 la labor de la Aseguradora Agropecuaria Dominicana (AGRODOSA) por el exitoso resultado t\u00e9cnico obtenido durante los \u00faltimos 4 a\u00f1os y las mejoras&hellip;<\/p>\n","protected":false},"author":2,"featured_media":86766,"comment_status":"open","ping_status":"open","sticky":false,"template":"","format":"standard","meta":{"content-type":"","jetpack_post_was_ever_published":false,"_jetpack_newsletter_access":"","_jetpack_dont_email_post_to_subs":false,"_jetpack_newsletter_tier_id":0,"_jetpack_memberships_contains_paywalled_content":false,"_jetpack_memberships_contains_paid_content":false,"footnotes":""},"categories":[39],"tags":[14459],"class_list":["post-86764","post","type-post","status-publish","format-standard","has-post-thumbnail","hentry","category-economia","tag-agrodosa"],"jetpack_featured_media_url":"https:\/\/lasprimeras.com.do\/wp-content\/uploads\/2024\/08\/la-reaseguradora-mas-grande-del-mundo-reconoce-gestion-de-agrodosa.jpg","jetpack-related-posts":[{"id":60474,"url":"https:\/\/lasprimeras.com.do\/index.php\/2023\/09\/14\/ruth-soto-fue-electa-vicepresidenta-grupo-latinoamericano-de-reaseguro\/","url_meta":{"origin":86764,"position":0},"title":"Ruth Soto fue electa Vicepresidenta Grupo Latinoamericano de Reaseguro","author":"Nelson Feliz","date":"14 de septiembre de 2023","format":false,"excerpt":"En el marco de XIX Reuni\u00f3n Anual del Grupo Latinoamericano para la Educaci\u00f3n en Reaseguro (Grupo LARG), fue elegida como vicepresidenta de la organizaci\u00f3n, Ruth Soto B\u00e1ez, CEO de la Cooperativa Nacional de Seguros (COOPSEGUROS) de la Rep\u00fablica Dominicana. La nueva vicepresidenta del grupo LARG, agradeci\u00f3 a los dem\u00e1s miembros\u2026","rel":"","context":"En \u00abECONOM\u00cdA\u00bb","block_context":{"text":"ECONOM\u00cdA","link":"https:\/\/lasprimeras.com.do\/index.php\/category\/economia\/"},"img":{"alt_text":"Ruth Soto","src":"https:\/\/i0.wp.com\/lasprimeras.com.do\/wp-content\/uploads\/2023\/09\/Ruth-Soto.jpg?resize=350%2C200&ssl=1","width":350,"height":200,"srcset":"https:\/\/i0.wp.com\/lasprimeras.com.do\/wp-content\/uploads\/2023\/09\/Ruth-Soto.jpg?resize=350%2C200&ssl=1 1x, https:\/\/i0.wp.com\/lasprimeras.com.do\/wp-content\/uploads\/2023\/09\/Ruth-Soto.jpg?resize=525%2C300&ssl=1 1.5x, https:\/\/i0.wp.com\/lasprimeras.com.do\/wp-content\/uploads\/2023\/09\/Ruth-Soto.jpg?resize=700%2C400&ssl=1 2x"},"classes":[]},{"id":50983,"url":"https:\/\/lasprimeras.com.do\/index.php\/2023\/05\/25\/superintendencia-de-seguros-destaca-ceo-de-coopseguros\/","url_meta":{"origin":86764,"position":1},"title":"Superintendencia de Seguros destaca CEO de COOPSEGUROS","author":"prenxa100","date":"25 de mayo de 2023","format":false,"excerpt":"Resalta liderazgo de Ruth Soto B\u00e1ez en documental. Santo Domingo, RD.- En el marco de la presentaci\u00f3n y puesta en circulaci\u00f3n de la \"Revista Seguros Mujer\", la Superintendencia de Seguros de la Rep\u00fablica Dominicana, destac\u00f3 la figura de la CEO de la Cooperativa Nacional de Seguros (COOPSEGUROS), se\u00f1ora Ruth Soto\u2026","rel":"","context":"En \u00abECONOM\u00cdA\u00bb","block_context":{"text":"ECONOM\u00cdA","link":"https:\/\/lasprimeras.com.do\/index.php\/category\/economia\/"},"img":{"alt_text":"","src":"","width":0,"height":0},"classes":[]},{"id":108250,"url":"https:\/\/lasprimeras.com.do\/index.php\/2025\/09\/04\/cadoar-y-pnud-reconocen-propuestas-de-seguros-inclusivos\/","url_meta":{"origin":86764,"position":2},"title":"CADOAR y PNUD reconocen propuestas de seguros inclusivos","author":"Nelson Feliz","date":"4 de septiembre de 2025","format":false,"excerpt":"Las propuestas fueron desarrolladas en el marco del Reto de Aceleraci\u00f3n 2030: Seguros Inclusivos. La C\u00e1mara Dominicana de Aseguradores y Reaseguradores (CADOAR), y el Programa de las Naciones Unidas para el Desarrollo (PNUD) celebraron a las iniciativas seleccionadas como destacadas en el Reto de Aceleraci\u00f3n 2030: Seguros Inclusivos, en un\u2026","rel":"","context":"En \u00abSALUD\u00bb","block_context":{"text":"SALUD","link":"https:\/\/lasprimeras.com.do\/index.php\/category\/salud\/"},"img":{"alt_text":"","src":"https:\/\/i0.wp.com\/lasprimeras.com.do\/wp-content\/uploads\/2025\/09\/CADOAR.jpg?resize=350%2C200&ssl=1","width":350,"height":200,"srcset":"https:\/\/i0.wp.com\/lasprimeras.com.do\/wp-content\/uploads\/2025\/09\/CADOAR.jpg?resize=350%2C200&ssl=1 1x, https:\/\/i0.wp.com\/lasprimeras.com.do\/wp-content\/uploads\/2025\/09\/CADOAR.jpg?resize=525%2C300&ssl=1 1.5x, https:\/\/i0.wp.com\/lasprimeras.com.do\/wp-content\/uploads\/2025\/09\/CADOAR.jpg?resize=700%2C400&ssl=1 2x"},"classes":[]},{"id":60977,"url":"https:\/\/lasprimeras.com.do\/index.php\/2023\/09\/20\/humano-seguros-promueve-copa-intercolegial-para-ninos-en-la-categoria-u13\/","url_meta":{"origin":86764,"position":3},"title":"Humano Seguros promueve Copa Intercolegial para ni\u00f1os en la categor\u00eda U13","author":"Nelson Feliz","date":"20 de septiembre de 2023","format":false,"excerpt":"Promover el bienestar integral de ni\u00f1os en edades menores a 13 a\u00f1os a trav\u00e9s del deporte, fortaleciendo, adem\u00e1s, los lazos familiares es el prop\u00f3sito de la primera Copa de F\u00fatbol Intercolegial que realiza este a\u00f1o Humano Seguros. En palabras de la Vicepresidente de Desarrollo de Mercados, Productos y Canales, Diomares\u2026","rel":"","context":"En \u00abSin categor\u00eda\u00bb","block_context":{"text":"Sin categor\u00eda","link":"https:\/\/lasprimeras.com.do\/index.php\/category\/sin-categoria\/"},"img":{"alt_text":"Copa Intercolegial","src":"https:\/\/i0.wp.com\/lasprimeras.com.do\/wp-content\/uploads\/2023\/09\/copa.jpg?resize=350%2C200&ssl=1","width":350,"height":200,"srcset":"https:\/\/i0.wp.com\/lasprimeras.com.do\/wp-content\/uploads\/2023\/09\/copa.jpg?resize=350%2C200&ssl=1 1x, https:\/\/i0.wp.com\/lasprimeras.com.do\/wp-content\/uploads\/2023\/09\/copa.jpg?resize=525%2C300&ssl=1 1.5x, https:\/\/i0.wp.com\/lasprimeras.com.do\/wp-content\/uploads\/2023\/09\/copa.jpg?resize=700%2C400&ssl=1 2x"},"classes":[]},{"id":124522,"url":"https:\/\/lasprimeras.com.do\/index.php\/2026\/03\/13\/seguros-reservas-junto-a-corredores-de-seguros-celebra-su-vigesimo-cuarto-aniversario\/","url_meta":{"origin":86764,"position":4},"title":"Seguros Reservas junto a corredores de seguros celebra su vig\u00e9simo cuarto aniversario","author":"Nelson Feliz","date":"13 de marzo de 2026","format":false,"excerpt":"La actividad permiti\u00f3 reconocer a los corredores que alcanzaron las metas de producci\u00f3n en 2025 y fortalecer los lazos con este importante canal de intermediaci\u00f3n. Seguros Reservas celebr\u00f3 un c\u00f3ctel conmemorativo con motivo de su 24\u00b0 aniversario, en un encuentro que reuni\u00f3 a corredores de seguros, destacados reaseguradores, ejecutivos de\u2026","rel":"","context":"En \u00abNACIONALES\u00bb","block_context":{"text":"NACIONALES","link":"https:\/\/lasprimeras.com.do\/index.php\/category\/nacionales\/"},"img":{"alt_text":"","src":"https:\/\/i0.wp.com\/lasprimeras.com.do\/wp-content\/uploads\/2026\/03\/IMG-20260312-WA0656.jpg?resize=350%2C200&ssl=1","width":350,"height":200,"srcset":"https:\/\/i0.wp.com\/lasprimeras.com.do\/wp-content\/uploads\/2026\/03\/IMG-20260312-WA0656.jpg?resize=350%2C200&ssl=1 1x, https:\/\/i0.wp.com\/lasprimeras.com.do\/wp-content\/uploads\/2026\/03\/IMG-20260312-WA0656.jpg?resize=525%2C300&ssl=1 1.5x, https:\/\/i0.wp.com\/lasprimeras.com.do\/wp-content\/uploads\/2026\/03\/IMG-20260312-WA0656.jpg?resize=700%2C400&ssl=1 2x, https:\/\/i0.wp.com\/lasprimeras.com.do\/wp-content\/uploads\/2026\/03\/IMG-20260312-WA0656.jpg?resize=1050%2C600&ssl=1 3x"},"classes":[]},{"id":53420,"url":"https:\/\/lasprimeras.com.do\/index.php\/2023\/06\/26\/perdidas-ante-eventos-atmosfericos-serian-altas-por-baja-participacion-de-seguros\/","url_meta":{"origin":86764,"position":5},"title":"P\u00e9rdidas ante eventos atmosf\u00e9ricos ser\u00edan altas por baja participaci\u00f3n de seguros","author":"Nelson Feliz","date":"26 de junio de 2023","format":false,"excerpt":"Cadoar trata aunar esfuerzos Estado y sector privado para que m\u00e1s personas tengan acceso, conocimiento y capacidad de aseguramiento. Si ocurre un fen\u00f3meno atmosf\u00e9rico en el pa\u00eds de la categor\u00eda del hurac\u00e1n George, el Producto Interno Bruto (PIB) puede ser afectado entre un 8% y 9%. Las p\u00e9rdidas potenciales son\u2026","rel":"","context":"En \u00abNACIONALES\u00bb","block_context":{"text":"NACIONALES","link":"https:\/\/lasprimeras.com.do\/index.php\/category\/nacionales\/"},"img":{"alt_text":"P\u00e9rdidas ante eventos atmosf\u00e9ricos","src":"https:\/\/i0.wp.com\/lasprimeras.com.do\/wp-content\/uploads\/2023\/06\/huracanes.jpg?resize=350%2C200&ssl=1","width":350,"height":200,"srcset":"https:\/\/i0.wp.com\/lasprimeras.com.do\/wp-content\/uploads\/2023\/06\/huracanes.jpg?resize=350%2C200&ssl=1 1x, https:\/\/i0.wp.com\/lasprimeras.com.do\/wp-content\/uploads\/2023\/06\/huracanes.jpg?resize=525%2C300&ssl=1 1.5x"},"classes":[]}],"jetpack_sharing_enabled":true,"_links":{"self":[{"href":"https:\/\/lasprimeras.com.do\/index.php\/wp-json\/wp\/v2\/posts\/86764","targetHints":{"allow":["GET"]}}],"collection":[{"href":"https:\/\/lasprimeras.com.do\/index.php\/wp-json\/wp\/v2\/posts"}],"about":[{"href":"https:\/\/lasprimeras.com.do\/index.php\/wp-json\/wp\/v2\/types\/post"}],"author":[{"embeddable":true,"href":"https:\/\/lasprimeras.com.do\/index.php\/wp-json\/wp\/v2\/users\/2"}],"replies":[{"embeddable":true,"href":"https:\/\/lasprimeras.com.do\/index.php\/wp-json\/wp\/v2\/comments?post=86764"}],"version-history":[{"count":1,"href":"https:\/\/lasprimeras.com.do\/index.php\/wp-json\/wp\/v2\/posts\/86764\/revisions"}],"predecessor-version":[{"id":86765,"href":"https:\/\/lasprimeras.com.do\/index.php\/wp-json\/wp\/v2\/posts\/86764\/revisions\/86765"}],"wp:featuredmedia":[{"embeddable":true,"href":"https:\/\/lasprimeras.com.do\/index.php\/wp-json\/wp\/v2\/media\/86766"}],"wp:attachment":[{"href":"https:\/\/lasprimeras.com.do\/index.php\/wp-json\/wp\/v2\/media?parent=86764"}],"wp:term":[{"taxonomy":"category","embeddable":true,"href":"https:\/\/lasprimeras.com.do\/index.php\/wp-json\/wp\/v2\/categories?post=86764"},{"taxonomy":"post_tag","embeddable":true,"href":"https:\/\/lasprimeras.com.do\/index.php\/wp-json\/wp\/v2\/tags?post=86764"}],"curies":[{"name":"wp","href":"https:\/\/api.w.org\/{rel}","templated":true}]}}