{"id":86821,"date":"2024-08-01T23:38:42","date_gmt":"2024-08-02T03:38:42","guid":{"rendered":"https:\/\/lasprimeras.com.do\/?p=86821"},"modified":"2024-08-01T23:38:44","modified_gmt":"2024-08-02T03:38:44","slug":"felicidades-al-periodico-listin-diario-hoy-cumple-135-anos","status":"publish","type":"post","link":"https:\/\/lasprimeras.com.do\/index.php\/2024\/08\/01\/felicidades-al-periodico-listin-diario-hoy-cumple-135-anos\/","title":{"rendered":"Felicidades al periodico Listin Diario; hoy cumple 135 a\u00f1os"},"content":{"rendered":"\n<p>Por. Jeffry Jim\u00e9nez<br>Texto del periodista H\u00e9ctor Tineo<\/p>\n\n\n\n<p>Se cumple un a\u00f1o mas de la fundaci\u00f3n del Decano de los dominicanos. El 1 de agosto de 1889, Arturo J. Pellerano Alfau fund\u00f3 List\u00edn Diario, hace hoy 135 a\u00f1os. Sali\u00f3 a la luz p\u00fablica con el nombre de \u201cList\u00edn Diario Mar\u00edtimo\u201d, con el objetivo de publicar la entrada y llegada de los buques que entraban al Puerto de Santo Domingo, pero luego fue convertido en un medio de informaciones generales.<\/p>\n\n\n\n<p>M\u00e1s tarde List\u00edn Diario fue convertido en un peri\u00f3dico diario. Hoy es el peri\u00f3dico de mayor circulaci\u00f3n en Rep\u00fablica Dominicana.<\/p>\n\n\n\n<p>En la historia del periodismo dominicano Listin Diario ha tenido m\u00faltiples roles de trascendencia.<\/p>\n\n\n\n<p>En 1916, el diario expres\u00f3 su rechazo a la primera intervenci\u00f3n militar del Gobierno de Estados Unidos, y en 1930, hizo p\u00fablico su desagrado por la llegada al poder del general Rafael Le\u00f3nidas Trujillo Molina.<\/p>\n\n\n\n<p>Arturo J. Pellerano Alfau, era seguidor del Presidente Horacio V\u00e1squez. Durante su gesti\u00f3n de Gobierno 1924-1930, la l\u00ednea editorial se expres\u00f3 en defensa del Gobierno.<\/p>\n\n\n\n<p>Asimismo, List\u00edn Diario se opuso al golpe de Estado contra el Presidente Horacio V\u00e1squez, el 23 de febrero de 1930. En la primera parte de la administraci\u00f3n trujillista el diario fue hostigado y v\u00edctima de una agresi\u00f3n por un grupo represivo del Gobierno conocido como La 42.<\/p>\n\n\n\n<p>Por su pol\u00edtica de oposici\u00f3n a Trujillo, Arturo J. Pellerano Sard\u00e1 fue arrestado en el a\u00f1o 1933, pero al ser dejado en libertad, el 26 de abril de 1933, fue designado diputado.<\/p>\n\n\n\n<p>A partir de esa experiencia, el List\u00edn Diario cambi\u00f3 su l\u00ednea y publicaba todas las informaciones favorables al r\u00e9gimen de Trujillo, pero el Gobierno no le dio apoyo publicitario y mantuvo la presi\u00f3n econ\u00f3mica.<\/p>\n\n\n\n<p>Por ello, el director del List\u00edn Diario, Arturo J. Pellerano Sard\u00e1, decidi\u00f3 cerrar el peri\u00f3dico el d\u00eda 15 de junio de 1942.<\/p>\n\n\n\n<p>En su libro la \u201cEra de Trujillo\u201d, el escritor vasco Jes\u00fas de Gal\u00edndez, sostiene que el diario sali\u00f3 de circulaci\u00f3n por las presiones econ\u00f3micas trujillistas y por la suspensi\u00f3n de las subvenciones que supuestamente recib\u00eda de la Legaci\u00f3n Alemana en Santo Domingo.<\/p>\n\n\n\n<p>En opini\u00f3n de Jes\u00fas de Gal\u00edndez, la campa\u00f1a german\u00f3fila del List\u00edn Diario, \u201cdurante las victoriosas campa\u00f1as militares de 1940; en los d\u00edas que precedieron a la conquista de Par\u00eds, instal\u00f3 altavoces en el Parque Col\u00f3n para lanzar al Pueblo las \u00faltimas noticias.<\/p>\n\n\n\n<p>La obra de Jes\u00fas de Gal\u00edndez fue publicada con el t\u00edtulo la \u201cEra de Trujillo\u201d, en el a\u00f1o 1962, por la Editorial Americana, en Buenos A\u00edres, Argentina.<\/p>\n\n\n\n<p>El List\u00edn Diario luego de su clausura en 1942, no volvi\u00f3 a salir hasta el 1 de agosto de 1963, bajo la direcci\u00f3n del periodista Rafael Herrera Cabral.<\/p>\n","protected":false},"excerpt":{"rendered":"<p>Por. Jeffry Jim\u00e9nezTexto del periodista H\u00e9ctor Tineo Se cumple un a\u00f1o mas de la fundaci\u00f3n del Decano de los dominicanos. El 1 de agosto de 1889, Arturo J. Pellerano Alfau&hellip;<\/p>\n","protected":false},"author":2,"featured_media":86822,"comment_status":"open","ping_status":"open","sticky":false,"template":"","format":"standard","meta":{"content-type":"","jetpack_post_was_ever_published":false,"_jetpack_newsletter_access":"","_jetpack_dont_email_post_to_subs":false,"_jetpack_newsletter_tier_id":0,"_jetpack_memberships_contains_paywalled_content":false,"_jetpack_memberships_contains_paid_content":false,"footnotes":""},"categories":[482],"tags":[14479],"class_list":["post-86821","post","type-post","status-publish","format-standard","has-post-thumbnail","hentry","category-historia","tag-listin-diario-maritimo"],"jetpack_featured_media_url":"https:\/\/lasprimeras.com.do\/wp-content\/uploads\/2024\/08\/WhatsApp-Image-2024-08-01-at-7.43.30-PM.jpeg","jetpack-related-posts":[{"id":100785,"url":"https:\/\/lasprimeras.com.do\/index.php\/2025\/06\/12\/fallece-a-los-84-anos-socorro-castellanos-pionera-de-programas-de-la-television-dominicana\/","url_meta":{"origin":86821,"position":0},"title":"Fallece a los 84 a\u00f1os Socorro Castellanos, pionera de programas de la televisi\u00f3n dominicana","author":"Nelson Feliz","date":"12 de junio de 2025","format":false,"excerpt":"Su amigo, el dise\u00f1ador Leonel Lirio, confirm\u00f3 a List\u00edn Diario que la veterana comunicadora muri\u00f3 alrededor de las 8:30 de la noche de este mi\u00e9rcoles, en su casa, rodeada de su familia. Socorro Castellanos, pionera en la producci\u00f3n de programas femeninos, de familia y hogar en la televisi\u00f3n dominicana, falleci\u00f3\u2026","rel":"","context":"En \u00abNACIONALES\u00bb","block_context":{"text":"NACIONALES","link":"https:\/\/lasprimeras.com.do\/index.php\/category\/nacionales\/"},"img":{"alt_text":"","src":"https:\/\/i0.wp.com\/lasprimeras.com.do\/wp-content\/uploads\/2025\/06\/Socorro-Castellanos.jpeg?resize=350%2C200&ssl=1","width":350,"height":200,"srcset":"https:\/\/i0.wp.com\/lasprimeras.com.do\/wp-content\/uploads\/2025\/06\/Socorro-Castellanos.jpeg?resize=350%2C200&ssl=1 1x, https:\/\/i0.wp.com\/lasprimeras.com.do\/wp-content\/uploads\/2025\/06\/Socorro-Castellanos.jpeg?resize=525%2C300&ssl=1 1.5x, https:\/\/i0.wp.com\/lasprimeras.com.do\/wp-content\/uploads\/2025\/06\/Socorro-Castellanos.jpeg?resize=700%2C400&ssl=1 2x"},"classes":[]},{"id":100333,"url":"https:\/\/lasprimeras.com.do\/index.php\/2025\/06\/05\/abinader-designa-al-veterano-comunicador-jose-antonio-aybar-presidente-de-cnepr\/","url_meta":{"origin":86821,"position":1},"title":"Abinader designa al veterano comunicador Jos\u00e9 Antonio Aybar presidente de CNEPR","author":"Nelson Feliz","date":"5 de junio de 2025","format":false,"excerpt":"El presidente Luis Abinader design\u00f3 mediante el Decreto 289-25 a Jos\u00e9 Antonio Aybar F\u00e9lix presidente de la Comisi\u00f3n Nacional de Espect\u00e1culos P\u00fablicos y Radiofon\u00eda. Jos\u00e9 Antonio Aybar Es un veterano periodista, locutor, relacionista p\u00fablico y productor radial dominicano, con m\u00e1s de tres d\u00e9cadas de trayectoria en los medios de comunicaci\u00f3n.\u2026","rel":"","context":"En \u00abENTRETENIMIENTO\u00bb","block_context":{"text":"ENTRETENIMIENTO","link":"https:\/\/lasprimeras.com.do\/index.php\/category\/entretenimiento\/"},"img":{"alt_text":"","src":"https:\/\/i0.wp.com\/lasprimeras.com.do\/wp-content\/uploads\/2025\/06\/Jose-Antonio-Aybar.jpeg?resize=350%2C200&ssl=1","width":350,"height":200,"srcset":"https:\/\/i0.wp.com\/lasprimeras.com.do\/wp-content\/uploads\/2025\/06\/Jose-Antonio-Aybar.jpeg?resize=350%2C200&ssl=1 1x, https:\/\/i0.wp.com\/lasprimeras.com.do\/wp-content\/uploads\/2025\/06\/Jose-Antonio-Aybar.jpeg?resize=525%2C300&ssl=1 1.5x, https:\/\/i0.wp.com\/lasprimeras.com.do\/wp-content\/uploads\/2025\/06\/Jose-Antonio-Aybar.jpeg?resize=700%2C400&ssl=1 2x"},"classes":[]},{"id":100794,"url":"https:\/\/lasprimeras.com.do\/index.php\/2025\/06\/12\/jet-set-comision-encargada-de-investigar-las-causas-del-derrumbe-ya-entrego-informe-a-la-pgr\/","url_meta":{"origin":86821,"position":2},"title":"Jet Set: Comisi\u00f3n encargada de investigar las causas del derrumbe ya entreg\u00f3 informe a la PGR","author":"Nelson Feliz","date":"12 de junio de 2025","format":false,"excerpt":"\u201cYa el informe lo entregamos hace un momento, nosotros cumplimos gracias a Dios\u201d, dijo Madera al hablar con List\u00edn Diario, sin precisar detalles de lo que arroj\u00f3 la investigaci\u00f3n. La comisi\u00f3n especial encargada de investigar las causas del derrumbe en la discoteca Jet Set entreg\u00f3 este mi\u00e9rcoles el informe preliminar\u2026","rel":"","context":"En \u00abINTERNACIONALES\u00bb","block_context":{"text":"INTERNACIONALES","link":"https:\/\/lasprimeras.com.do\/index.php\/category\/sin-categoria\/internacionales\/"},"img":{"alt_text":"","src":"https:\/\/i0.wp.com\/lasprimeras.com.do\/wp-content\/uploads\/2025\/04\/jet-set-0.jpg?resize=350%2C200&ssl=1","width":350,"height":200,"srcset":"https:\/\/i0.wp.com\/lasprimeras.com.do\/wp-content\/uploads\/2025\/04\/jet-set-0.jpg?resize=350%2C200&ssl=1 1x, https:\/\/i0.wp.com\/lasprimeras.com.do\/wp-content\/uploads\/2025\/04\/jet-set-0.jpg?resize=525%2C300&ssl=1 1.5x, https:\/\/i0.wp.com\/lasprimeras.com.do\/wp-content\/uploads\/2025\/04\/jet-set-0.jpg?resize=700%2C400&ssl=1 2x"},"classes":[]},{"id":117846,"url":"https:\/\/lasprimeras.com.do\/index.php\/2025\/12\/16\/fallece-en-accidente-el-periodista-y-agronomo-arismendy-rodriguez-ramos\/","url_meta":{"origin":86821,"position":3},"title":"Fallece en accidente el periodista y agr\u00f3nomo Arismendy Rodr\u00edguez Ramos","author":"Nelson Feliz","date":"16 de diciembre de 2025","format":false,"excerpt":"El ex director del Instituto Nacional de Recursos Hidr\u00e1ulicos (Iindrhi) y comentarista radial, inform\u00f3 sobre el fallecimiento en un accidente de tr\u00e1nsito del periodista y agr\u00f3nomo Arismendy Rodr\u00edguez Ramos, a trav\u00e9s de un mensaje p\u00fablico este lunes. Rodr\u00edguez Pimentel expres\u00f3 que la familia atraviesa una \u201chonda pena\u201d por la p\u00e9rdida\u2026","rel":"","context":"En \u00abNACIONALES\u00bb","block_context":{"text":"NACIONALES","link":"https:\/\/lasprimeras.com.do\/index.php\/category\/nacionales\/"},"img":{"alt_text":"Arismendy Rodr\u00edguez Ramos","src":"https:\/\/i0.wp.com\/lasprimeras.com.do\/wp-content\/uploads\/2025\/12\/Arismendy-Rodriguez-Ramos.jpg?resize=350%2C200&ssl=1","width":350,"height":200,"srcset":"https:\/\/i0.wp.com\/lasprimeras.com.do\/wp-content\/uploads\/2025\/12\/Arismendy-Rodriguez-Ramos.jpg?resize=350%2C200&ssl=1 1x, https:\/\/i0.wp.com\/lasprimeras.com.do\/wp-content\/uploads\/2025\/12\/Arismendy-Rodriguez-Ramos.jpg?resize=525%2C300&ssl=1 1.5x, https:\/\/i0.wp.com\/lasprimeras.com.do\/wp-content\/uploads\/2025\/12\/Arismendy-Rodriguez-Ramos.jpg?resize=700%2C400&ssl=1 2x"},"classes":[]},{"id":106287,"url":"https:\/\/lasprimeras.com.do\/index.php\/2025\/08\/12\/ministro-luis-miguel-de-camps-y-sociedad-dominicana-de-diarios-sostienen-encuentro-para-fortalecer-lazos\/","url_meta":{"origin":86821,"position":4},"title":"Ministro Luis Miguel De Camps y Sociedad Dominicana de Diarios sostienen encuentro para fortalecer lazos","author":"Nelson Feliz","date":"12 de agosto de 2025","format":false,"excerpt":"El ministro de Educaci\u00f3n, Luis Miguel De Camps, sostuvo ayer un encuentro con directivos de la Sociedad Dominicana de Diarios (SDD) en el que se intercambiaron ideas sobre los principales avances del sistema educativo y se exploraron v\u00edas de colaboraci\u00f3n para fortalecer la formaci\u00f3n integral de los estudiantes. Durante la\u2026","rel":"","context":"En \u00abNACIONALES\u00bb","block_context":{"text":"NACIONALES","link":"https:\/\/lasprimeras.com.do\/index.php\/category\/nacionales\/"},"img":{"alt_text":"","src":"https:\/\/i0.wp.com\/lasprimeras.com.do\/wp-content\/uploads\/2025\/08\/Luis-Miguel-De-Camps.jpg?resize=350%2C200&ssl=1","width":350,"height":200,"srcset":"https:\/\/i0.wp.com\/lasprimeras.com.do\/wp-content\/uploads\/2025\/08\/Luis-Miguel-De-Camps.jpg?resize=350%2C200&ssl=1 1x, https:\/\/i0.wp.com\/lasprimeras.com.do\/wp-content\/uploads\/2025\/08\/Luis-Miguel-De-Camps.jpg?resize=525%2C300&ssl=1 1.5x, https:\/\/i0.wp.com\/lasprimeras.com.do\/wp-content\/uploads\/2025\/08\/Luis-Miguel-De-Camps.jpg?resize=700%2C400&ssl=1 2x"},"classes":[]},{"id":92759,"url":"https:\/\/lasprimeras.com.do\/index.php\/2025\/01\/13\/alfonso-rodriguez-arremete-contra-medios-dominicanos\/","url_meta":{"origin":86821,"position":5},"title":"Alfonso Rodr\u00edguez arremete contra medios dominicanos","author":"Nelson Feliz","date":"13 de enero de 2025","format":false,"excerpt":"Rodr\u00edguez aclara nunca tuvo que dormir en su veh\u00edculo. El c\u00f3nsul dominicano en Los \u00c1ngeles California, Alfonso Rodr\u00edguez refuto la informaci\u00f3n publicada en los peri\u00f3dicos List\u00edn Diario, Nuevo Diario y difundida por el periodista cubano Roberto Cavada, de que \u00e9l y su familia se han estado refugiando en su autom\u00f3vil,\u2026","rel":"","context":"En \u00abNACIONALES\u00bb","block_context":{"text":"NACIONALES","link":"https:\/\/lasprimeras.com.do\/index.php\/category\/nacionales\/"},"img":{"alt_text":"","src":"https:\/\/i0.wp.com\/lasprimeras.com.do\/wp-content\/uploads\/2025\/01\/Alfonso-Rodriguez.jpg?resize=350%2C200&ssl=1","width":350,"height":200,"srcset":"https:\/\/i0.wp.com\/lasprimeras.com.do\/wp-content\/uploads\/2025\/01\/Alfonso-Rodriguez.jpg?resize=350%2C200&ssl=1 1x, https:\/\/i0.wp.com\/lasprimeras.com.do\/wp-content\/uploads\/2025\/01\/Alfonso-Rodriguez.jpg?resize=525%2C300&ssl=1 1.5x"},"classes":[]}],"jetpack_sharing_enabled":true,"_links":{"self":[{"href":"https:\/\/lasprimeras.com.do\/index.php\/wp-json\/wp\/v2\/posts\/86821","targetHints":{"allow":["GET"]}}],"collection":[{"href":"https:\/\/lasprimeras.com.do\/index.php\/wp-json\/wp\/v2\/posts"}],"about":[{"href":"https:\/\/lasprimeras.com.do\/index.php\/wp-json\/wp\/v2\/types\/post"}],"author":[{"embeddable":true,"href":"https:\/\/lasprimeras.com.do\/index.php\/wp-json\/wp\/v2\/users\/2"}],"replies":[{"embeddable":true,"href":"https:\/\/lasprimeras.com.do\/index.php\/wp-json\/wp\/v2\/comments?post=86821"}],"version-history":[{"count":1,"href":"https:\/\/lasprimeras.com.do\/index.php\/wp-json\/wp\/v2\/posts\/86821\/revisions"}],"predecessor-version":[{"id":86823,"href":"https:\/\/lasprimeras.com.do\/index.php\/wp-json\/wp\/v2\/posts\/86821\/revisions\/86823"}],"wp:featuredmedia":[{"embeddable":true,"href":"https:\/\/lasprimeras.com.do\/index.php\/wp-json\/wp\/v2\/media\/86822"}],"wp:attachment":[{"href":"https:\/\/lasprimeras.com.do\/index.php\/wp-json\/wp\/v2\/media?parent=86821"}],"wp:term":[{"taxonomy":"category","embeddable":true,"href":"https:\/\/lasprimeras.com.do\/index.php\/wp-json\/wp\/v2\/categories?post=86821"},{"taxonomy":"post_tag","embeddable":true,"href":"https:\/\/lasprimeras.com.do\/index.php\/wp-json\/wp\/v2\/tags?post=86821"}],"curies":[{"name":"wp","href":"https:\/\/api.w.org\/{rel}","templated":true}]}}