{"id":86861,"date":"2024-08-02T10:55:45","date_gmt":"2024-08-02T14:55:45","guid":{"rendered":"https:\/\/lasprimeras.com.do\/?p=86861"},"modified":"2024-08-02T10:55:47","modified_gmt":"2024-08-02T14:55:47","slug":"sofia-globitos-superstar-regresa-este-sabado-con-nueva-temporada","status":"publish","type":"post","link":"https:\/\/lasprimeras.com.do\/index.php\/2024\/08\/02\/sofia-globitos-superstar-regresa-este-sabado-con-nueva-temporada\/","title":{"rendered":"\u201cSof\u00eda Globitos Superstar\u201d regresa este s\u00e1bado con nueva temporada"},"content":{"rendered":"\n<p>El programa de temporada \u201cSof\u00eda Globitos Superstar\u201d regresa en su tercera temporada a la televisi\u00f3n nacional a partir del pr\u00f3ximo s\u00e1bado 3 de agosto a las 11:00 A.M. a trav\u00e9s de Color Visi\u00f3n.<\/p>\n\n\n\n<p>Conducido por la carism\u00e1tica Sof\u00eda Globitos, personificada por la actriz y productora Bianca Garc\u00eda, la nueva temporada contar\u00e1 con 23 episodios llenos de sorpresas, diversi\u00f3n y valores para toda la familia.<\/p>\n\n\n\n<p>&#8220;Estoy feliz y emocionada porque lleg\u00f3 esa \u00e9poca del a\u00f1o donde regresa la diversi\u00f3n a la televisi\u00f3n con &#8216;Sof\u00eda Globitos Superstar&#8217;.<\/p>\n\n\n\n<p>Este sue\u00f1o que inici\u00f3 hace m\u00e1s de una d\u00e9cada sigue creciendo cada d\u00eda, y el respaldo de los ni\u00f1os y sus padres me impulsa a seguir creyendo en una sociedad con buenos valores y un futuro lleno de esperanza&#8221;, coment\u00f3 Bianca, quien tiene 11 a\u00f1os de trayectoria encarnando el personaje de Sof\u00eda Globitos.<\/p>\n\n\n\n<p>Junto a Sof\u00eda Globitos, un talentoso elenco de ni\u00f1os y personajes fant\u00e1sticos, entre ellos Jos\u00e9 Guillermo Cortines (Papuni), Noel Ventura (Yakuko Kanai) y Viv\u00edan Fatule (Voz en off oficial y voz Mamuni), se encargar\u00e1 de brindar entretenimiento educativo y de calidad a su audiencia.<\/p>\n\n\n\n<p>Bajo la producci\u00f3n ejecutiva y general de Bianca Garc\u00eda junto al equipo de El Garaje de Producciones, \u201cSof\u00eda Globitos Superstar\u201d contin\u00faa siendo un espacio comprometido con la promoci\u00f3n de valores y la diversi\u00f3n sana para los m\u00e1s peque\u00f1os, consolid\u00e1ndose como una de las producciones infantiles favoritas de la televisi\u00f3n nacional.<\/p>\n","protected":false},"excerpt":{"rendered":"<p>El programa de temporada \u201cSof\u00eda Globitos Superstar\u201d regresa en su tercera temporada a la televisi\u00f3n nacional a partir del pr\u00f3ximo s\u00e1bado 3 de agosto a las 11:00 A.M. a trav\u00e9s&hellip;<\/p>\n","protected":false},"author":2,"featured_media":86862,"comment_status":"open","ping_status":"open","sticky":false,"template":"","format":"standard","meta":{"content-type":"","jetpack_post_was_ever_published":false,"_jetpack_newsletter_access":"","_jetpack_dont_email_post_to_subs":false,"_jetpack_newsletter_tier_id":0,"_jetpack_memberships_contains_paywalled_content":false,"_jetpack_memberships_contains_paid_content":false,"footnotes":""},"categories":[84],"tags":[826,2914,14496],"class_list":["post-86861","post","type-post","status-publish","format-standard","has-post-thumbnail","hentry","category-entretenimiento","tag-regresa","tag-sabado","tag-sofia-globitos-superstar"],"jetpack_featured_media_url":"https:\/\/lasprimeras.com.do\/wp-content\/uploads\/2024\/08\/Sofia-Globitos.jpg","jetpack-related-posts":[{"id":58872,"url":"https:\/\/lasprimeras.com.do\/index.php\/2023\/08\/29\/sofia-el-chatbot-de-senasa-ofrecio-mas-de-14-mil-interacciones-luego-de-entrar-en-funcionamiento\/","url_meta":{"origin":86861,"position":0},"title":"Sof\u00eda, el Chatbot de SeNaSa ofreci\u00f3 m\u00e1s de 14 mil interacciones luego de entrar en funcionamiento","author":"Nelson Feliz","date":"29 de agosto de 2023","format":false,"excerpt":"El director ejecutivo del Seguro Nacional de Salud (SeNaSa) doctor Santiago Hazim y el gerente de tecnolog\u00eda y telecomunicaciones de la instituci\u00f3n, ingeniero Edgar Batista, informaron que tras poner en funcionamiento el Chatbot Sof\u00eda ofreci\u00f3 m\u00e1s de 14 mil interacciones, las cuales fueron atendidas dentro y fuera de horario. \u201cEsta\u2026","rel":"","context":"En \u00abPORTADA\u00bb","block_context":{"text":"PORTADA","link":"https:\/\/lasprimeras.com.do\/index.php\/category\/portada\/"},"img":{"alt_text":"Sof\u00eda, el Chatbot de SeNaSa","src":"https:\/\/i0.wp.com\/lasprimeras.com.do\/wp-content\/uploads\/2023\/08\/Sofia-el-Chatbot-de-SeNaSa.jpg?resize=350%2C200&ssl=1","width":350,"height":200,"srcset":"https:\/\/i0.wp.com\/lasprimeras.com.do\/wp-content\/uploads\/2023\/08\/Sofia-el-Chatbot-de-SeNaSa.jpg?resize=350%2C200&ssl=1 1x, https:\/\/i0.wp.com\/lasprimeras.com.do\/wp-content\/uploads\/2023\/08\/Sofia-el-Chatbot-de-SeNaSa.jpg?resize=525%2C300&ssl=1 1.5x, https:\/\/i0.wp.com\/lasprimeras.com.do\/wp-content\/uploads\/2023\/08\/Sofia-el-Chatbot-de-SeNaSa.jpg?resize=700%2C400&ssl=1 2x"},"classes":[]},{"id":76344,"url":"https:\/\/lasprimeras.com.do\/index.php\/2024\/02\/09\/dominicanos-a-simple-vista-en-una-nueva-temporada-conducida-por-marianne-cruz\/","url_meta":{"origin":86861,"position":1},"title":"&#8220;Dominicanos a simple vista&#8221; en una nueva temporada conducida por Marianne Cruz","author":"BIMARY DE JES\u00daS Matos","date":"9 de febrero de 2024","format":false,"excerpt":"Santo Domingo.-El programa presentar\u00e1 una colecci\u00f3n de episodios in\u00e9ditos que prometen resaltar los logros de la comunidad dominicana en la capital de Espa\u00f1a y promover el orgullo de Rep\u00fablica DominicanaMarianne Cruz presentar\u00e1 historia de dominicanos destacados. La periodista Marianne Cruz anunci\u00f3 el regreso de la exitosa serie \"Dominicanos a Simple\u2026","rel":"","context":"En \u00abENTRETENIMIENTO\u00bb","block_context":{"text":"ENTRETENIMIENTO","link":"https:\/\/lasprimeras.com.do\/index.php\/category\/entretenimiento\/"},"img":{"alt_text":"","src":"https:\/\/i0.wp.com\/lasprimeras.com.do\/wp-content\/uploads\/2024\/02\/5.-Rolando-Acosta-y-Marianne-Cruz-scaled.jpg?resize=350%2C200&ssl=1","width":350,"height":200,"srcset":"https:\/\/i0.wp.com\/lasprimeras.com.do\/wp-content\/uploads\/2024\/02\/5.-Rolando-Acosta-y-Marianne-Cruz-scaled.jpg?resize=350%2C200&ssl=1 1x, https:\/\/i0.wp.com\/lasprimeras.com.do\/wp-content\/uploads\/2024\/02\/5.-Rolando-Acosta-y-Marianne-Cruz-scaled.jpg?resize=525%2C300&ssl=1 1.5x, https:\/\/i0.wp.com\/lasprimeras.com.do\/wp-content\/uploads\/2024\/02\/5.-Rolando-Acosta-y-Marianne-Cruz-scaled.jpg?resize=700%2C400&ssl=1 2x, https:\/\/i0.wp.com\/lasprimeras.com.do\/wp-content\/uploads\/2024\/02\/5.-Rolando-Acosta-y-Marianne-Cruz-scaled.jpg?resize=1050%2C600&ssl=1 3x, https:\/\/i0.wp.com\/lasprimeras.com.do\/wp-content\/uploads\/2024\/02\/5.-Rolando-Acosta-y-Marianne-Cruz-scaled.jpg?resize=1400%2C800&ssl=1 4x"},"classes":[]},{"id":78218,"url":"https:\/\/lasprimeras.com.do\/index.php\/2024\/02\/29\/divertido-con-jochy-inicia-el-domingo-3-de-marzo-una-temporada-de-14-programas\/","url_meta":{"origin":86861,"position":2},"title":"Divertido con Jochy&#8221; inicia el domingo 3 de marzo una temporada de 14 programas","author":"BIMARY DE JES\u00daS Matos","date":"29 de febrero de 2024","format":false,"excerpt":"Santo Domingo.-Este domingo 3 de marzo a las 12 del mediod\u00eda regresa el programa \"Divertido con Jochy\", que saldr\u00e1 al aire en vivo en una edici\u00f3n de una temporada de 14 programas por Color Visi\u00f3n. El programa, que por 20 a\u00f1os estuvo en el aire como una revista de variedades\u2026","rel":"","context":"En \u00abENTRETENIMIENTO\u00bb","block_context":{"text":"ENTRETENIMIENTO","link":"https:\/\/lasprimeras.com.do\/index.php\/category\/entretenimiento\/"},"img":{"alt_text":"","src":"https:\/\/i0.wp.com\/lasprimeras.com.do\/wp-content\/uploads\/2024\/02\/65df43de30615.jpeg?resize=350%2C200&ssl=1","width":350,"height":200,"srcset":"https:\/\/i0.wp.com\/lasprimeras.com.do\/wp-content\/uploads\/2024\/02\/65df43de30615.jpeg?resize=350%2C200&ssl=1 1x, https:\/\/i0.wp.com\/lasprimeras.com.do\/wp-content\/uploads\/2024\/02\/65df43de30615.jpeg?resize=525%2C300&ssl=1 1.5x, https:\/\/i0.wp.com\/lasprimeras.com.do\/wp-content\/uploads\/2024\/02\/65df43de30615.jpeg?resize=700%2C400&ssl=1 2x"},"classes":[]},{"id":63249,"url":"https:\/\/lasprimeras.com.do\/index.php\/2023\/10\/11\/keityn-recibe-siete-nominaciones-a-la-24a-entrega-de-los-premios-latin-grammy\/","url_meta":{"origin":86861,"position":3},"title":"Keityn recibe siete nominaciones a la 24\u00aa entrega de los Premios Lat\u00edn Grammy","author":"Nelson Feliz","date":"11 de octubre de 2023","format":false,"excerpt":"El exitoso compositor y productor del momento y el creador de los \u00e9xitos globales m\u00e1s populares de hoy en d\u00eda, ha sido nominado a la 24\u00aa Entrega Anual de los Premios Latin Grammy con siete nominaciones. Keityn se encuentra entre las estrellas con m\u00e1s nominaciones de este a\u00f1o. Con nominaciones\u2026","rel":"","context":"En \u00abENTRETENIMIENTO\u00bb","block_context":{"text":"ENTRETENIMIENTO","link":"https:\/\/lasprimeras.com.do\/index.php\/category\/entretenimiento\/"},"img":{"alt_text":"Keityn","src":"https:\/\/i0.wp.com\/lasprimeras.com.do\/wp-content\/uploads\/2023\/10\/Captura.jpg?resize=350%2C200&ssl=1","width":350,"height":200},"classes":[]},{"id":66394,"url":"https:\/\/lasprimeras.com.do\/index.php\/2023\/11\/06\/tony-pena-vuelve-como-dirigente-de-las-aguilas-cibaenas\/","url_meta":{"origin":86861,"position":4},"title":"Tony Pe\u00f1a vuelve como dirigente de las \u00c1guilas Cibae\u00f1as","author":"Nelson Feliz","date":"6 de noviembre de 2023","format":false,"excerpt":"Tony Pe\u00f1a, una figura hist\u00f3rica en el b\u00e9isbol dominicano, regresa como dirigente de los aguiluchos. Las \u00c1guilas Cibae\u00f1as anunciaron este lunes la firma de Tony Pe\u00f1a como su nuevo dirigente, reemplazando a Jos\u00e9 Leger, en un momento en que los aguiluchos ocupan la \u00faltima posici\u00f3n en el standing de la\u2026","rel":"","context":"En \u00abSin categor\u00eda\u00bb","block_context":{"text":"Sin categor\u00eda","link":"https:\/\/lasprimeras.com.do\/index.php\/category\/sin-categoria\/"},"img":{"alt_text":"Tony Pe\u00f1a","src":"https:\/\/i0.wp.com\/lasprimeras.com.do\/wp-content\/uploads\/2023\/11\/Tony-Pena.jpg?resize=350%2C200&ssl=1","width":350,"height":200,"srcset":"https:\/\/i0.wp.com\/lasprimeras.com.do\/wp-content\/uploads\/2023\/11\/Tony-Pena.jpg?resize=350%2C200&ssl=1 1x, https:\/\/i0.wp.com\/lasprimeras.com.do\/wp-content\/uploads\/2023\/11\/Tony-Pena.jpg?resize=525%2C300&ssl=1 1.5x, https:\/\/i0.wp.com\/lasprimeras.com.do\/wp-content\/uploads\/2023\/11\/Tony-Pena.jpg?resize=700%2C400&ssl=1 2x"},"classes":[]},{"id":57216,"url":"https:\/\/lasprimeras.com.do\/index.php\/2023\/08\/10\/senasa-presenta-nuevas-herramientas-tecnologicas-para-acercar-servicios-a-sus-afiliados\/","url_meta":{"origin":86861,"position":5},"title":"SeNaSa presenta nuevas herramientas tecnol\u00f3gicas para acercar servicios a sus afiliados","author":"Nelson Feliz","date":"10 de agosto de 2023","format":false,"excerpt":"Por Mart\u00edn Restituyo El director ejecutivo del Seguro Nacional de Salud (SeNaSa) doctor Santiago Hazim junto a todo su equipo de gerentes presentaron oficialmente los nuevos canales alternos, los cuales tienen el objetivo de facilitar y garantizar la accesibilidad de los diferentes servicios que ofrecen a los 7.4 millones afiliados,\u2026","rel":"","context":"En \u00abPORTADA\u00bb","block_context":{"text":"PORTADA","link":"https:\/\/lasprimeras.com.do\/index.php\/category\/portada\/"},"img":{"alt_text":"Santiago Hazim","src":"https:\/\/i0.wp.com\/lasprimeras.com.do\/wp-content\/uploads\/2023\/08\/Santiago-Hazim.jpg?resize=350%2C200&ssl=1","width":350,"height":200,"srcset":"https:\/\/i0.wp.com\/lasprimeras.com.do\/wp-content\/uploads\/2023\/08\/Santiago-Hazim.jpg?resize=350%2C200&ssl=1 1x, https:\/\/i0.wp.com\/lasprimeras.com.do\/wp-content\/uploads\/2023\/08\/Santiago-Hazim.jpg?resize=525%2C300&ssl=1 1.5x, https:\/\/i0.wp.com\/lasprimeras.com.do\/wp-content\/uploads\/2023\/08\/Santiago-Hazim.jpg?resize=700%2C400&ssl=1 2x"},"classes":[]}],"jetpack_sharing_enabled":true,"_links":{"self":[{"href":"https:\/\/lasprimeras.com.do\/index.php\/wp-json\/wp\/v2\/posts\/86861","targetHints":{"allow":["GET"]}}],"collection":[{"href":"https:\/\/lasprimeras.com.do\/index.php\/wp-json\/wp\/v2\/posts"}],"about":[{"href":"https:\/\/lasprimeras.com.do\/index.php\/wp-json\/wp\/v2\/types\/post"}],"author":[{"embeddable":true,"href":"https:\/\/lasprimeras.com.do\/index.php\/wp-json\/wp\/v2\/users\/2"}],"replies":[{"embeddable":true,"href":"https:\/\/lasprimeras.com.do\/index.php\/wp-json\/wp\/v2\/comments?post=86861"}],"version-history":[{"count":1,"href":"https:\/\/lasprimeras.com.do\/index.php\/wp-json\/wp\/v2\/posts\/86861\/revisions"}],"predecessor-version":[{"id":86863,"href":"https:\/\/lasprimeras.com.do\/index.php\/wp-json\/wp\/v2\/posts\/86861\/revisions\/86863"}],"wp:featuredmedia":[{"embeddable":true,"href":"https:\/\/lasprimeras.com.do\/index.php\/wp-json\/wp\/v2\/media\/86862"}],"wp:attachment":[{"href":"https:\/\/lasprimeras.com.do\/index.php\/wp-json\/wp\/v2\/media?parent=86861"}],"wp:term":[{"taxonomy":"category","embeddable":true,"href":"https:\/\/lasprimeras.com.do\/index.php\/wp-json\/wp\/v2\/categories?post=86861"},{"taxonomy":"post_tag","embeddable":true,"href":"https:\/\/lasprimeras.com.do\/index.php\/wp-json\/wp\/v2\/tags?post=86861"}],"curies":[{"name":"wp","href":"https:\/\/api.w.org\/{rel}","templated":true}]}}