{"id":86890,"date":"2024-08-02T12:51:48","date_gmt":"2024-08-02T16:51:48","guid":{"rendered":"https:\/\/lasprimeras.com.do\/?p=86890"},"modified":"2024-08-02T12:51:48","modified_gmt":"2024-08-02T16:51:48","slug":"soley-esta-liderando-cambio-en-la-musica-urbana","status":"publish","type":"post","link":"https:\/\/lasprimeras.com.do\/index.php\/2024\/08\/02\/soley-esta-liderando-cambio-en-la-musica-urbana\/","title":{"rendered":"Soley est\u00e1 liderando cambio en la m\u00fasica urbana"},"content":{"rendered":"\n<p>La joven estrella del reggaet\u00f3n, Soley, contin\u00faa deslumbrando al mundo de la m\u00fasica urbana con su inigualable talento y carisma que est\u00e1 rompiendo en el g\u00e9nero urbano en el 2024.<\/p>\n\n\n\n<p>Soley ha consolidado su posici\u00f3n en el panorama musical internacional.<\/p>\n\n\n\n<p>En el 2023, se convirti\u00f3 en la artista femenina m\u00e1s vista en TikTok Colombia, acumulando m\u00e1s de 99 millones de likes y superando a figuras consagradas como Sebasti\u00e1n Yatra y Camilo.<\/p>\n\n\n\n<p>Adem\u00e1s, es parte de la prestigiosa campa\u00f1a Made in Colombia de Spotify, destacando su influencia y relevancia en la m\u00fasica latina.<\/p>\n\n\n\n<p>Con tan solo 18 a\u00f1os, Soley ha logrado impresionantes hitos en su carrera. Su sencillo &#8220;Todos Mienten&#8221; ha superado los 40 millones de streams globales y ha sido galardonado con Disco de Platino en Colombia.<\/p>\n\n\n\n<p>Su sencillo &#8220;3:33&#8221; tambi\u00e9n ha sido certificado como Disco de Oro en Colombia, solidificando su estatus como una de las promesas m\u00e1s imponentes de la m\u00fasica urbana.<\/p>\n\n\n\n<p>Soley ha deslumbrado en escenarios importantes como el Estadio Atanasio Girardot durante el Ma\u00f1ana Ser\u00e1 Bonito Fest de Karol G en Medell\u00edn, el Pepsi Center en Ciudad de M\u00e9xico, y el Movistar Arena, donde fue acto de apertura para Blessd.<\/p>\n\n\n\n<p>Adem\u00e1s, ha participado en festivales de renombre como La Solar, Est\u00e9reo Picnic en Colombia, y el Festival Pic-Nic en Costa Rica, mostrando su incre\u00edble habilidad para combinar voz y baile en presentaciones inolvidables.<\/p>\n\n\n\n<p>En su reciente gira por Espa\u00f1a, fue una de las artistas m\u00e1s ovacionadas del concierto del orgullo LGBTI 2024 en Madrid, coreada por m\u00e1s de 30,000 asistentes.<\/p>\n\n\n\n<p>Este a\u00f1o, sus sencillos &#8220;MLPD&#8221; y &#8220;Enemigo&#8221; han resonado fuertemente con sus seguidores. &#8220;MLPD&#8221; ha sido aclamada como &#8220;el himno femenino en contra de los malos amores,&#8221; mientras que &#8220;Enemigo&#8221; ha obtenido m\u00e1s de 2 millones de visualizaciones y se ha posicionado en el top 20 de tendencias en Colombia. Adem\u00e1s, Soley se prepara para el lanzamiento de su nueva canci\u00f3n &#8220;Coco Loco,&#8221; programada para agosto.<\/p>\n\n\n\n<p>Nacida en Armenia (Quind\u00edo) el 6 de julio de 2005, Soley inici\u00f3 su carrera profesional a los 12 a\u00f1os. Firmada por Sony Music y manejada por La Industria Inc., el sello independiente m\u00e1s grande del g\u00e9nero urbano en Latinoam\u00e9rica, ha trabajado incansablemente para convertirse en una de las promesas m\u00e1s grandes del reggaet\u00f3n.<\/p>\n\n\n\n<p>Con m\u00e1s de 7 millones de seguidores en redes sociales y m\u00e1s de 400 mil oyentes mensuales en Spotify, Soley est\u00e1 destinada a redefinir el panorama del reggaet\u00f3n.<\/p>\n","protected":false},"excerpt":{"rendered":"<p>La joven estrella del reggaet\u00f3n, Soley, contin\u00faa deslumbrando al mundo de la m\u00fasica urbana con su inigualable talento y carisma que est\u00e1 rompiendo en el g\u00e9nero urbano en el 2024.&hellip;<\/p>\n","protected":false},"author":2,"featured_media":86891,"comment_status":"open","ping_status":"open","sticky":false,"template":"","format":"standard","meta":{"content-type":"","jetpack_post_was_ever_published":false,"_jetpack_newsletter_access":"","_jetpack_dont_email_post_to_subs":false,"_jetpack_newsletter_tier_id":0,"_jetpack_memberships_contains_paywalled_content":false,"_jetpack_memberships_contains_paid_content":false,"footnotes":""},"categories":[84],"tags":[3182,14514,13291],"class_list":["post-86890","post","type-post","status-publish","format-standard","has-post-thumbnail","hentry","category-entretenimiento","tag-cambio","tag-liderando","tag-soley"],"jetpack_featured_media_url":"https:\/\/lasprimeras.com.do\/wp-content\/uploads\/2024\/08\/Soley-.jpg","jetpack-related-posts":[{"id":70096,"url":"https:\/\/lasprimeras.com.do\/index.php\/2023\/12\/08\/artista-urbana-promueve-repertorio-musical-en-new-york-miami-y-colombia\/","url_meta":{"origin":86890,"position":0},"title":"Artista Urbana promueve repertorio musical en New York, Miami y Colombia","author":"Nelson Feliz","date":"8 de diciembre de 2023","format":false,"excerpt":"La Artista Urbana y pianista Jahnavi Dom\u00ednguez Jim\u00e9nez, mejor conocida como \"La Diosa\", inici\u00f3 sus estudios de m\u00fasica con tan solo 5 a\u00f1os de edad en la Escuela Elila Mena en el Conservatorio Nacional de M\u00fasica. \"La Diosa\", se gradu\u00f3 en el Conservatorio Nacional de M\u00fasica y particip\u00f3 en la\u2026","rel":"","context":"En \u00abENTRETENIMIENTO\u00bb","block_context":{"text":"ENTRETENIMIENTO","link":"https:\/\/lasprimeras.com.do\/index.php\/category\/entretenimiento\/"},"img":{"alt_text":"Jahnavi Dom\u00ednguez Jim\u00e9nez","src":"https:\/\/i0.wp.com\/lasprimeras.com.do\/wp-content\/uploads\/2023\/12\/Jahnavi-Dominguez-Jimenez.jpg?resize=350%2C200&ssl=1","width":350,"height":200,"srcset":"https:\/\/i0.wp.com\/lasprimeras.com.do\/wp-content\/uploads\/2023\/12\/Jahnavi-Dominguez-Jimenez.jpg?resize=350%2C200&ssl=1 1x, https:\/\/i0.wp.com\/lasprimeras.com.do\/wp-content\/uploads\/2023\/12\/Jahnavi-Dominguez-Jimenez.jpg?resize=525%2C300&ssl=1 1.5x, https:\/\/i0.wp.com\/lasprimeras.com.do\/wp-content\/uploads\/2023\/12\/Jahnavi-Dominguez-Jimenez.jpg?resize=700%2C400&ssl=1 2x"},"classes":[]},{"id":51551,"url":"https:\/\/lasprimeras.com.do\/index.php\/2023\/06\/01\/juanes-recuerda-desaparecidos-en-conflicto-en-colombia-en-su-nuevo-video-cancion-desaparecida\/","url_meta":{"origin":86890,"position":1},"title":"Juanes recuerda desaparecidos en conflicto en Colombia en su nuevo video `Canci\u00f3n Desaparecida\u00b4","author":"prenxa100","date":"1 de junio de 2023","format":false,"excerpt":"Los \u00c1ngeles, Ca.- El artista colombiano de la m\u00fasica Juanes presenta el nuevo v\u00eddeo de Canci\u00f3n Desaparecida\u00b4, de su nuevo \u00e1lbumVida Cotidiana\u00b4, inspirado en hechos reales. La poderosa canci\u00f3n sobre la tr\u00e1gica p\u00e9rdida y la necesidad de recordar, se inspira en las recientes revelaciones sobre los cientos de miles de\u2026","rel":"","context":"En \u00abENTRETENIMIENTO\u00bb","block_context":{"text":"ENTRETENIMIENTO","link":"https:\/\/lasprimeras.com.do\/index.php\/category\/entretenimiento\/"},"img":{"alt_text":"","src":"","width":0,"height":0},"classes":[]},{"id":77294,"url":"https:\/\/lasprimeras.com.do\/index.php\/2024\/02\/19\/proyecto-uno-celebra-sus-35-anos-de-exito-musical-con-un-tour-a-nivel-mundial\/","url_meta":{"origin":86890,"position":2},"title":"Proyecto Uno celebra sus 35 a\u00f1os de \u00e9xito musical con un tour a nivel mundial","author":"Nelson Feliz","date":"19 de febrero de 2024","format":false,"excerpt":"La ic\u00f3nica agrupaci\u00f3n de merengue Hip Hop, Proyecto Uno, fundada en Nueva York, con ra\u00edces dominicanas, celebra tres d\u00e9cadas y media en la escena art\u00edstica, dejando una huella imborrable en el mundo de la m\u00fasica latina. Proyecto Uno, liderada por Nelson Zapata, acompa\u00f1ado por Kid G y Paolo Tondo, han\u2026","rel":"","context":"En \u00abENTRETENIMIENTO\u00bb","block_context":{"text":"ENTRETENIMIENTO","link":"https:\/\/lasprimeras.com.do\/index.php\/category\/entretenimiento\/"},"img":{"alt_text":"Proyecto Uno","src":"https:\/\/i0.wp.com\/lasprimeras.com.do\/wp-content\/uploads\/2024\/02\/Proyecto-Uno.png?resize=350%2C200&ssl=1","width":350,"height":200,"srcset":"https:\/\/i0.wp.com\/lasprimeras.com.do\/wp-content\/uploads\/2024\/02\/Proyecto-Uno.png?resize=350%2C200&ssl=1 1x, https:\/\/i0.wp.com\/lasprimeras.com.do\/wp-content\/uploads\/2024\/02\/Proyecto-Uno.png?resize=525%2C300&ssl=1 1.5x, https:\/\/i0.wp.com\/lasprimeras.com.do\/wp-content\/uploads\/2024\/02\/Proyecto-Uno.png?resize=700%2C400&ssl=1 2x"},"classes":[]},{"id":52426,"url":"https:\/\/lasprimeras.com.do\/index.php\/2023\/06\/10\/eddy-corona-se-posiciona-dentro-de-la-musica-urbana-con-letras-limpias\/","url_meta":{"origin":86890,"position":3},"title":"Eddy Corona se posiciona dentro de la m\u00fasica urbana con letras limpias","author":"prenxa100","date":"10 de junio de 2023","format":false,"excerpt":"El popular cantante urbano cristiano Eddy Corona \"Str8Talk\", contin\u00faa posicion\u00e1ndose dentro del competitivo mundo de la m\u00fasica urbana con dos importantes colaboraciones. La primera es \"Un d\u00eda a la vez\", atractiva propuesta musical que grab\u00f3 junto a la nueva cara del merengue pop Jerek Music, quien fue contraparte de Manny\u2026","rel":"","context":"En \u00abENTRETENIMIENTO\u00bb","block_context":{"text":"ENTRETENIMIENTO","link":"https:\/\/lasprimeras.com.do\/index.php\/category\/entretenimiento\/"},"img":{"alt_text":"","src":"https:\/\/i0.wp.com\/img.youtube.com\/vi\/03eNamYu200\/0.jpg?resize=350%2C200","width":350,"height":200},"classes":[]},{"id":115925,"url":"https:\/\/lasprimeras.com.do\/index.php\/2025\/11\/26\/john-electric-lanza-su-nuevo-merengue-urbano-tabla-una-mezcla-explosiva-de-picardia-y-vacilon\/","url_meta":{"origin":86890,"position":4},"title":"John Electric lanza su nuevo merengue urbano \u201cTabla\u201d una mezcla explosiva de picard\u00eda y vacil\u00f3n","author":"Nelson Feliz","date":"26 de noviembre de 2025","format":false,"excerpt":"El artista dominicano radicado en los Estados Unidos, John Torres, conocido art\u00edsticamente como John Electric, lanz\u00f3 oficialmente su nuevo sencillo \u201cTabla\u201d, un merengue urbano cargado de ritmo, humor y las vivencias intensas de las relaciones modernas. El tema forma parte de su m\u00e1s reciente \u00e1lbum musical Ritmo de Dos Orillas\u2026","rel":"","context":"En \u00abENTRETENIMIENTO\u00bb","block_context":{"text":"ENTRETENIMIENTO","link":"https:\/\/lasprimeras.com.do\/index.php\/category\/entretenimiento\/"},"img":{"alt_text":"","src":"https:\/\/i0.wp.com\/lasprimeras.com.do\/wp-content\/uploads\/2025\/11\/John-Electric-1.jpg?resize=350%2C200&ssl=1","width":350,"height":200,"srcset":"https:\/\/i0.wp.com\/lasprimeras.com.do\/wp-content\/uploads\/2025\/11\/John-Electric-1.jpg?resize=350%2C200&ssl=1 1x, https:\/\/i0.wp.com\/lasprimeras.com.do\/wp-content\/uploads\/2025\/11\/John-Electric-1.jpg?resize=525%2C300&ssl=1 1.5x, https:\/\/i0.wp.com\/lasprimeras.com.do\/wp-content\/uploads\/2025\/11\/John-Electric-1.jpg?resize=700%2C400&ssl=1 2x"},"classes":[]},{"id":60960,"url":"https:\/\/lasprimeras.com.do\/index.php\/2023\/09\/20\/hector-gonz-estrena-bachata-y-videoclip-estilo-cinematografico-ella-es-mi-duena\/","url_meta":{"origin":86890,"position":5},"title":"H\u00e9ctor Gonz estrena bachata y videoclip estilo cinematogr\u00e1fico \u201cElla es mi due\u00f1a\u201d","author":"Nelson Feliz","date":"20 de septiembre de 2023","format":false,"excerpt":"El cantante y actor que trabaj\u00f3 en la pel\u00edcula de JLo \u201cShotgun Wedding\u201d realiz\u00f3 un showcase con su nuevo EP \u201cHaciendo bachatica\u201d. El cantante y actor dominicano H\u00e9ctor Gonz sigue apostando al \u201cG\u00e9nero del amargue\u201d con el lanzamiento del EP \u201cHaciendo bachatica\u201d y el sencillo promocional \u201cElla es mi due\u00f1a\u201d.\u2026","rel":"","context":"En \u00abENTRETENIMIENTO\u00bb","block_context":{"text":"ENTRETENIMIENTO","link":"https:\/\/lasprimeras.com.do\/index.php\/category\/entretenimiento\/"},"img":{"alt_text":"H\u00e9ctor Gonz","src":"https:\/\/i0.wp.com\/lasprimeras.com.do\/wp-content\/uploads\/2023\/09\/Hector-Gonz-1.jpg?resize=350%2C200&ssl=1","width":350,"height":200,"srcset":"https:\/\/i0.wp.com\/lasprimeras.com.do\/wp-content\/uploads\/2023\/09\/Hector-Gonz-1.jpg?resize=350%2C200&ssl=1 1x, https:\/\/i0.wp.com\/lasprimeras.com.do\/wp-content\/uploads\/2023\/09\/Hector-Gonz-1.jpg?resize=525%2C300&ssl=1 1.5x"},"classes":[]}],"jetpack_sharing_enabled":true,"_links":{"self":[{"href":"https:\/\/lasprimeras.com.do\/index.php\/wp-json\/wp\/v2\/posts\/86890","targetHints":{"allow":["GET"]}}],"collection":[{"href":"https:\/\/lasprimeras.com.do\/index.php\/wp-json\/wp\/v2\/posts"}],"about":[{"href":"https:\/\/lasprimeras.com.do\/index.php\/wp-json\/wp\/v2\/types\/post"}],"author":[{"embeddable":true,"href":"https:\/\/lasprimeras.com.do\/index.php\/wp-json\/wp\/v2\/users\/2"}],"replies":[{"embeddable":true,"href":"https:\/\/lasprimeras.com.do\/index.php\/wp-json\/wp\/v2\/comments?post=86890"}],"version-history":[{"count":1,"href":"https:\/\/lasprimeras.com.do\/index.php\/wp-json\/wp\/v2\/posts\/86890\/revisions"}],"predecessor-version":[{"id":86892,"href":"https:\/\/lasprimeras.com.do\/index.php\/wp-json\/wp\/v2\/posts\/86890\/revisions\/86892"}],"wp:featuredmedia":[{"embeddable":true,"href":"https:\/\/lasprimeras.com.do\/index.php\/wp-json\/wp\/v2\/media\/86891"}],"wp:attachment":[{"href":"https:\/\/lasprimeras.com.do\/index.php\/wp-json\/wp\/v2\/media?parent=86890"}],"wp:term":[{"taxonomy":"category","embeddable":true,"href":"https:\/\/lasprimeras.com.do\/index.php\/wp-json\/wp\/v2\/categories?post=86890"},{"taxonomy":"post_tag","embeddable":true,"href":"https:\/\/lasprimeras.com.do\/index.php\/wp-json\/wp\/v2\/tags?post=86890"}],"curies":[{"name":"wp","href":"https:\/\/api.w.org\/{rel}","templated":true}]}}