{"id":86893,"date":"2024-08-02T12:56:52","date_gmt":"2024-08-02T16:56:52","guid":{"rendered":"https:\/\/lasprimeras.com.do\/?p=86893"},"modified":"2024-08-02T12:56:52","modified_gmt":"2024-08-02T16:56:52","slug":"acropol-condena-atropellos-a-periodistas-y-comunicadores","status":"publish","type":"post","link":"https:\/\/lasprimeras.com.do\/index.php\/2024\/08\/02\/acropol-condena-atropellos-a-periodistas-y-comunicadores\/","title":{"rendered":"ACROPOL condena atropellos a periodistas y comunicadores"},"content":{"rendered":"\n<p>Por Martin Restituyo<\/p>\n\n\n\n<p>La Direcci\u00f3n Nacional de la Asociaci\u00f3n de Cronistas Policiales de la Republica dominicana (ACROPOLRD) condena de manera enf\u00e1tica la golpiza de que fue objeto el periodista Roberto Reyes y varios comunicadores de nuestra organizaci\u00f3n por un agente de La Polic\u00eda, en momentos que reportaban en Santiago de los Caballeros.<\/p>\n\n\n\n<p>Nosotros, la DN de AcropolRD pide castigo para ese agente de manera p\u00fablica.<\/p>\n\n\n\n<p>No podemos permitir que los periodistas sean maltratados y vejados, el periodista tiene la responsabilidad de informar a la sociedad de los hechos que ocurren en todo el territorio nacional.<\/p>\n\n\n\n<p>Pedimos respeto para todos los periodistas de la RD.<\/p>\n\n\n\n<p>Los periodistas miembros de AcropolRD saben muy bien hasta donde llegan sus derechos, creemos que tambi\u00e9n los o los polic\u00edas deben saber hasta d\u00f3nde deben respetar los derechos de los dem\u00e1s.<\/p>\n\n\n\n<p>Nunca aceptaremos maltrato hacia los periodistas Acropolianos.<\/p>\n","protected":false},"excerpt":{"rendered":"<p>Por Martin Restituyo La Direcci\u00f3n Nacional de la Asociaci\u00f3n de Cronistas Policiales de la Republica dominicana (ACROPOLRD) condena de manera enf\u00e1tica la golpiza de que fue objeto el periodista Roberto&hellip;<\/p>\n","protected":false},"author":2,"featured_media":86825,"comment_status":"open","ping_status":"open","sticky":false,"template":"","format":"standard","meta":{"content-type":"","jetpack_post_was_ever_published":false,"_jetpack_newsletter_access":"","_jetpack_dont_email_post_to_subs":false,"_jetpack_newsletter_tier_id":0,"_jetpack_memberships_contains_paywalled_content":false,"_jetpack_memberships_contains_paid_content":false,"footnotes":""},"categories":[35],"tags":[10229],"class_list":["post-86893","post","type-post","status-publish","format-standard","has-post-thumbnail","hentry","category-nacionales","tag-acropol"],"jetpack_featured_media_url":"https:\/\/lasprimeras.com.do\/wp-content\/uploads\/2024\/08\/periodista.jpg","jetpack-related-posts":[{"id":92845,"url":"https:\/\/lasprimeras.com.do\/index.php\/2025\/01\/17\/acropol-seccional-santiago-lamenta-muerte-del-general-retirado-simon-diaz\/","url_meta":{"origin":86893,"position":0},"title":"ACROPOL seccional Santiago lamenta muerte del general retirado Sim\u00f3n D\u00edaz","author":"Nelson Feliz","date":"17 de enero de 2025","format":false,"excerpt":"La Asociaci\u00f3n de Cronistas Policiales y Judiciales seccional Santiago, lamento la muerte del general retirado de la Policia Nacional, Simon Antonio Diaz, quien fuera presidente ad-vitam de la entidad que agrupa los periodistas que cubren la fuente policial. Hector Cepin presidente de dicha seccional, puso de amanifesto las luchas que\u2026","rel":"","context":"En \u00abNACIONALES\u00bb","block_context":{"text":"NACIONALES","link":"https:\/\/lasprimeras.com.do\/index.php\/category\/nacionales\/"},"img":{"alt_text":"","src":"https:\/\/i0.wp.com\/lasprimeras.com.do\/wp-content\/uploads\/2025\/01\/simon-diaz.jpg?resize=350%2C200&ssl=1","width":350,"height":200},"classes":[]},{"id":69939,"url":"https:\/\/lasprimeras.com.do\/index.php\/2023\/12\/06\/directivos-acropol-giran-visita-de-cortesia-a-director-comunicacion-digessett\/","url_meta":{"origin":86893,"position":1},"title":"Directivos Acropol giran visita de cortes\u00eda a director Comunicaci\u00f3n DIGESSETT","author":"Nelson Feliz","date":"6 de diciembre de 2023","format":false,"excerpt":"Por Martin Restituyo Una comisi\u00f3n de la Asociaci\u00f3n de Periodistas Cronistas Policiales (Acropol), realiz\u00f3 una visita de cortes\u00eda al Director de Comunicaciones Estrat\u00e9gicas y Relaciones P\u00fablicas de la Direcci\u00f3n General de Tr\u00e1nsito y Transporte Terrestre (DIGESSETT), coronel Miguel Balbuena \u00c1lvarez, a quienes felicitaron por su designaci\u00f3n al frente de esa\u2026","rel":"","context":"En \u00abMILITARES\u00bb","block_context":{"text":"MILITARES","link":"https:\/\/lasprimeras.com.do\/index.php\/category\/militares\/"},"img":{"alt_text":"Acropol","src":"https:\/\/i0.wp.com\/lasprimeras.com.do\/wp-content\/uploads\/2023\/12\/Acropol.jpg?resize=350%2C200&ssl=1","width":350,"height":200,"srcset":"https:\/\/i0.wp.com\/lasprimeras.com.do\/wp-content\/uploads\/2023\/12\/Acropol.jpg?resize=350%2C200&ssl=1 1x, https:\/\/i0.wp.com\/lasprimeras.com.do\/wp-content\/uploads\/2023\/12\/Acropol.jpg?resize=525%2C300&ssl=1 1.5x, https:\/\/i0.wp.com\/lasprimeras.com.do\/wp-content\/uploads\/2023\/12\/Acropol.jpg?resize=700%2C400&ssl=1 2x"},"classes":[]},{"id":73608,"url":"https:\/\/lasprimeras.com.do\/index.php\/2024\/01\/14\/acropol-lamenta-fallecimiento-madre-periodista-aurelio-henriquez\/","url_meta":{"origin":86893,"position":2},"title":"ACROPOL lamenta fallecimiento madre periodista Aurelio Henr\u00edquez","author":"BIMARY DE JES\u00daS Matos","date":"14 de enero de 2024","format":false,"excerpt":"Santo Domingo, RD.-\u00a0La Asociaci\u00f3n de Periodistas Cronistas Policiales (Acropol), lament\u00f3 el fallecimiento de la madre del periodista y presidente del Colegio Dominicano de Periodistas (CDP), Aurelio Henr\u00edquez, cuyo deceso se produjo la madrugada de este s\u00e1bado, la se\u00f1ora Alida Mendoza Olivares, de 81 a\u00f1os de edad. En tal sentido, el\u2026","rel":"","context":"En \u00abPORTADA\u00bb","block_context":{"text":"PORTADA","link":"https:\/\/lasprimeras.com.do\/index.php\/category\/portada\/"},"img":{"alt_text":"","src":"https:\/\/i0.wp.com\/lasprimeras.com.do\/wp-content\/uploads\/2024\/01\/WhatsApp-Image-2024-01-14-at-12.38.39-PM.jpeg?resize=350%2C200&ssl=1","width":350,"height":200,"srcset":"https:\/\/i0.wp.com\/lasprimeras.com.do\/wp-content\/uploads\/2024\/01\/WhatsApp-Image-2024-01-14-at-12.38.39-PM.jpeg?resize=350%2C200&ssl=1 1x, https:\/\/i0.wp.com\/lasprimeras.com.do\/wp-content\/uploads\/2024\/01\/WhatsApp-Image-2024-01-14-at-12.38.39-PM.jpeg?resize=525%2C300&ssl=1 1.5x, https:\/\/i0.wp.com\/lasprimeras.com.do\/wp-content\/uploads\/2024\/01\/WhatsApp-Image-2024-01-14-at-12.38.39-PM.jpeg?resize=700%2C400&ssl=1 2x"},"classes":[]},{"id":87389,"url":"https:\/\/lasprimeras.com.do\/index.php\/2024\/08\/11\/aplazan-para-este-lunes-audiencia-contra-policia-agredio-a-periodistas-en-santiago\/","url_meta":{"origin":86893,"position":3},"title":"Aplazan para este lunes audiencia contra polic\u00eda agredi\u00f3 a periodistas en Santiago\u00a0","author":"Nelson Feliz","date":"11 de agosto de 2024","format":false,"excerpt":"La Oficina de Atenci\u00f3n Permanente del Distrito Judicial de Santiago de los Caballeros aplaz\u00f3 para el pr\u00f3ximo lunes 12 de agosto el conocimiento de la medida de coerci\u00f3n contra el cabo de la Polic\u00eda Nacional, Juan Ram\u00f3n Pascual Ram\u00edrez, quien est\u00e1 acusado de agredir a varios comunicadores. La audiencia fue\u2026","rel":"","context":"En \u00abJUSTICIA\u00bb","block_context":{"text":"JUSTICIA","link":"https:\/\/lasprimeras.com.do\/index.php\/category\/justicia\/"},"img":{"alt_text":"periodista","src":"https:\/\/i0.wp.com\/lasprimeras.com.do\/wp-content\/uploads\/2024\/08\/periodista.jpg?resize=350%2C200&ssl=1","width":350,"height":200,"srcset":"https:\/\/i0.wp.com\/lasprimeras.com.do\/wp-content\/uploads\/2024\/08\/periodista.jpg?resize=350%2C200&ssl=1 1x, https:\/\/i0.wp.com\/lasprimeras.com.do\/wp-content\/uploads\/2024\/08\/periodista.jpg?resize=525%2C300&ssl=1 1.5x, https:\/\/i0.wp.com\/lasprimeras.com.do\/wp-content\/uploads\/2024\/08\/periodista.jpg?resize=700%2C400&ssl=1 2x"},"classes":[]},{"id":97745,"url":"https:\/\/lasprimeras.com.do\/index.php\/2025\/04\/27\/cdp-y-sntp-denuncian-funcionarios-quieren-callar-la-prensa-condenan-agresiones-a-periodistas\/","url_meta":{"origin":86893,"position":4},"title":"CDP y SNTP denuncian funcionarios quieren callar la prensa, condenan agresiones a periodistas","author":"Nelson Feliz","date":"27 de abril de 2025","format":false,"excerpt":"El Colegio Dominicano de Periodista y el Sindicato Nacional de Trabajadores de la Prensa condenan agresi\u00f3n a la libertad de prensa por los agentes de seguridad de la ministra de Interior y Polic\u00eda, Faride Raful. Aurelio Henr\u00edquez y Jos\u00e9 Beato pidieron a Raful controlar a sus agentes de seguridad y\u2026","rel":"","context":"En \u00abNACIONALES\u00bb","block_context":{"text":"NACIONALES","link":"https:\/\/lasprimeras.com.do\/index.php\/category\/nacionales\/"},"img":{"alt_text":"","src":"https:\/\/i0.wp.com\/lasprimeras.com.do\/wp-content\/uploads\/2025\/04\/Faride-Raful-2.jpg?resize=350%2C200&ssl=1","width":350,"height":200,"srcset":"https:\/\/i0.wp.com\/lasprimeras.com.do\/wp-content\/uploads\/2025\/04\/Faride-Raful-2.jpg?resize=350%2C200&ssl=1 1x, https:\/\/i0.wp.com\/lasprimeras.com.do\/wp-content\/uploads\/2025\/04\/Faride-Raful-2.jpg?resize=525%2C300&ssl=1 1.5x, https:\/\/i0.wp.com\/lasprimeras.com.do\/wp-content\/uploads\/2025\/04\/Faride-Raful-2.jpg?resize=700%2C400&ssl=1 2x"},"classes":[]},{"id":86829,"url":"https:\/\/lasprimeras.com.do\/index.php\/2024\/08\/02\/nelson-gutierrez-condena-agresion-contra-tres-miembros-de-la-prensa-en-santiago\/","url_meta":{"origin":86893,"position":5},"title":"Nelson Guti\u00e9rrez condena agresi\u00f3n contra tres miembros de la prensa en Santiago","author":"Nelson Feliz","date":"2 de agosto de 2024","format":false,"excerpt":"El Director Ejecutivo Nacional del Consejo Nacional de los Derechos Humanos (Conadehu), Nelson Guti\u00e9rrez, calific\u00f3 como un atentado a la libertad de prensa, la agresi\u00f3n f\u00edsica por parte de un agente de la Polic\u00eda Nacional contra un reportero gr\u00e1fico, y maltratos verbales a dos periodistas de distintos medios de comunicaci\u00f3n.\u2026","rel":"","context":"En \u00abNACIONALES\u00bb","block_context":{"text":"NACIONALES","link":"https:\/\/lasprimeras.com.do\/index.php\/category\/nacionales\/"},"img":{"alt_text":"Nelson Guti\u00e9rrez","src":"https:\/\/i0.wp.com\/lasprimeras.com.do\/wp-content\/uploads\/2024\/08\/nelson-gutierrez.jpg?resize=350%2C200&ssl=1","width":350,"height":200,"srcset":"https:\/\/i0.wp.com\/lasprimeras.com.do\/wp-content\/uploads\/2024\/08\/nelson-gutierrez.jpg?resize=350%2C200&ssl=1 1x, https:\/\/i0.wp.com\/lasprimeras.com.do\/wp-content\/uploads\/2024\/08\/nelson-gutierrez.jpg?resize=525%2C300&ssl=1 1.5x, https:\/\/i0.wp.com\/lasprimeras.com.do\/wp-content\/uploads\/2024\/08\/nelson-gutierrez.jpg?resize=700%2C400&ssl=1 2x"},"classes":[]}],"jetpack_sharing_enabled":true,"_links":{"self":[{"href":"https:\/\/lasprimeras.com.do\/index.php\/wp-json\/wp\/v2\/posts\/86893","targetHints":{"allow":["GET"]}}],"collection":[{"href":"https:\/\/lasprimeras.com.do\/index.php\/wp-json\/wp\/v2\/posts"}],"about":[{"href":"https:\/\/lasprimeras.com.do\/index.php\/wp-json\/wp\/v2\/types\/post"}],"author":[{"embeddable":true,"href":"https:\/\/lasprimeras.com.do\/index.php\/wp-json\/wp\/v2\/users\/2"}],"replies":[{"embeddable":true,"href":"https:\/\/lasprimeras.com.do\/index.php\/wp-json\/wp\/v2\/comments?post=86893"}],"version-history":[{"count":1,"href":"https:\/\/lasprimeras.com.do\/index.php\/wp-json\/wp\/v2\/posts\/86893\/revisions"}],"predecessor-version":[{"id":86894,"href":"https:\/\/lasprimeras.com.do\/index.php\/wp-json\/wp\/v2\/posts\/86893\/revisions\/86894"}],"wp:featuredmedia":[{"embeddable":true,"href":"https:\/\/lasprimeras.com.do\/index.php\/wp-json\/wp\/v2\/media\/86825"}],"wp:attachment":[{"href":"https:\/\/lasprimeras.com.do\/index.php\/wp-json\/wp\/v2\/media?parent=86893"}],"wp:term":[{"taxonomy":"category","embeddable":true,"href":"https:\/\/lasprimeras.com.do\/index.php\/wp-json\/wp\/v2\/categories?post=86893"},{"taxonomy":"post_tag","embeddable":true,"href":"https:\/\/lasprimeras.com.do\/index.php\/wp-json\/wp\/v2\/tags?post=86893"}],"curies":[{"name":"wp","href":"https:\/\/api.w.org\/{rel}","templated":true}]}}