{"id":86959,"date":"2024-08-04T17:25:59","date_gmt":"2024-08-04T21:25:59","guid":{"rendered":"https:\/\/lasprimeras.com.do\/?p=86959"},"modified":"2024-08-04T17:27:05","modified_gmt":"2024-08-04T21:27:05","slug":"lian-se-presenta-como-contraparte-de-morat-en-santo-domingo","status":"publish","type":"post","link":"https:\/\/lasprimeras.com.do\/index.php\/2024\/08\/04\/lian-se-presenta-como-contraparte-de-morat-en-santo-domingo\/","title":{"rendered":"LIAN! se presenta como contraparte de Morat en Santo Domingo"},"content":{"rendered":"\n<p>El novel cantante dominicano LIAN! dio apertura al concierto de la reconocida banda Morat en Santo Domingo en el Estadio Quisqueya.<\/p>\n\n\n\n<p>La presentaci\u00f3n de LIAN! comenz\u00f3 a las 8:30 pm, y se extendi\u00f3 por una media hora, dejando una fuerte impresi\u00f3n ante un p\u00fablico que esperaba por la banda colombiana.&nbsp;<\/p>\n\n\n\n<p>Acompa\u00f1ado de una guitarra el\u00e9ctrica, bater\u00eda y bajo, deleit\u00f3 al p\u00fablico con un set que incluy\u00f3 las canciones de su primer EP &#8220;Bye Ya Te Olvid\u00e9&#8221;, &#8220;Ana&#8221;, &#8220;Bajita&#8221;, &#8220;T\u00fa y Yo&#8221;, &#8220;My Fault&#8221; y &#8220;Otro Planeta&#8221;. Su en\u00e9rgico pop punk reson\u00f3 entre los asistentes, marcando una excelente apertura para el esperado show de Morat.<\/p>\n\n\n\n<p>Es importante destacar que la banda Morat mostr\u00f3 su respaldo a LIAN! al seleccionar su m\u00fasica y reconocer su talento, otorg\u00e1ndole as\u00ed una plataforma para demostrar su talento y trabajo art\u00edstico.<\/p>\n\n\n\n<p>LIAN! contin\u00faa su incursi\u00f3n en el pop punk desde el lanzamiento de su primer \u00e1lbum \u201cOtro Planeta\u201d, compuesto por 12 canciones que abarcan diversos g\u00e9neros como balada, trap alternativo, pop rock, y m\u00e1s, reflejando sus vivencias personales y la creatividad que ha cultivado a lo largo de los a\u00f1os.&nbsp;<\/p>\n\n\n\n<p>Cabe destacar que, el cantante se ha presentado en el escenario de Chao Caf\u00e9 Teatro y de Isle Of Light. Adem\u00e1s, desde temprana edad, Lian! ha utilizado la m\u00fasica como su medio de expresi\u00f3n, explorando diversos instrumentos y estilos, y ha sido la apertura de otros grupos como Toque Profundo y la agrupaci\u00f3n colombiana Los Mesoneros.<\/p>\n","protected":false},"excerpt":{"rendered":"<p>El novel cantante dominicano LIAN! dio apertura al concierto de la reconocida banda Morat en Santo Domingo en el Estadio Quisqueya. La presentaci\u00f3n de LIAN! comenz\u00f3 a las 8:30 pm,&hellip;<\/p>\n","protected":false},"author":2,"featured_media":86960,"comment_status":"open","ping_status":"open","sticky":false,"template":"","format":"standard","meta":{"content-type":"","jetpack_post_was_ever_published":false,"_jetpack_newsletter_access":"","_jetpack_dont_email_post_to_subs":false,"_jetpack_newsletter_tier_id":0,"_jetpack_memberships_contains_paywalled_content":false,"_jetpack_memberships_contains_paid_content":false,"footnotes":""},"categories":[84],"tags":[14547,14545,14543,1956,806],"class_list":["post-86959","post","type-post","status-publish","format-standard","has-post-thumbnail","hentry","category-entretenimiento","tag-contraparte","tag-lian","tag-morat","tag-presenta","tag-santo-domingo"],"jetpack_featured_media_url":"https:\/\/lasprimeras.com.do\/wp-content\/uploads\/2024\/08\/Lian-2.jpg","jetpack-related-posts":[{"id":88980,"url":"https:\/\/lasprimeras.com.do\/index.php\/2024\/09\/11\/javier-del-rey-morato-dicta-conferencia-en-funglode-sobre-la-teoria-ludica-de-la-comunicacion-politica\/","url_meta":{"origin":86959,"position":0},"title":"Javier del Rey Morat\u00f3 dicta conferencia en Funglode sobre \u201cla teor\u00eda l\u00fadica de la comunicaci\u00f3n pol\u00edtica\u201d","author":"Nelson Feliz","date":"11 de septiembre de 2024","format":false,"excerpt":"La Fundaci\u00f3n Global Democracia y Desarrollo (Funglode) sirvi\u00f3 de escenario para que la noche de este mi\u00e9rcoles, el destacado catedr\u00e1tico espa\u00f1ol Javier del Rey Morat\u00f3 dictara la conferencia titulada: \"Campa\u00f1as Electorales y la Teor\u00eda L\u00fadica de la Comunicaci\u00f3n Pol\u00edtica\". Javier del Rey Morat\u00f3 es doctor en Ciencias de la Informaci\u00f3n\u2026","rel":"","context":"En \u00abNACIONALES\u00bb","block_context":{"text":"NACIONALES","link":"https:\/\/lasprimeras.com.do\/index.php\/category\/nacionales\/"},"img":{"alt_text":"Javier del Rey Morat\u00f3","src":"https:\/\/i0.wp.com\/lasprimeras.com.do\/wp-content\/uploads\/2024\/09\/Javier-del-Rey-Morato.jpg?resize=350%2C200&ssl=1","width":350,"height":200,"srcset":"https:\/\/i0.wp.com\/lasprimeras.com.do\/wp-content\/uploads\/2024\/09\/Javier-del-Rey-Morato.jpg?resize=350%2C200&ssl=1 1x, https:\/\/i0.wp.com\/lasprimeras.com.do\/wp-content\/uploads\/2024\/09\/Javier-del-Rey-Morato.jpg?resize=525%2C300&ssl=1 1.5x, https:\/\/i0.wp.com\/lasprimeras.com.do\/wp-content\/uploads\/2024\/09\/Javier-del-Rey-Morato.jpg?resize=700%2C400&ssl=1 2x"},"classes":[]},{"id":89033,"url":"https:\/\/lasprimeras.com.do\/index.php\/2024\/09\/14\/leonel-participa-en-conferencia-sobre-comunicacion-politica-dictada-por-javier-del-rey-morato\/","url_meta":{"origin":86959,"position":1},"title":"Leonel participa en conferencia sobre comunicaci\u00f3n pol\u00edtica dictada por Javier del Rey Morat\u00f3","author":"Nelson Feliz","date":"14 de septiembre de 2024","format":false,"excerpt":"El expresidente de la Rep\u00fablica, Leonel Fern\u00e1ndez, asisti\u00f3 este viernes al Centro Le\u00f3n, de esta ciudad, donde se llev\u00f3 a cabo la conferencia \"Campa\u00f1as electorales y la teor\u00eda l\u00fadica de la comunicaci\u00f3n pol\u00edtica\", a cargo del catedr\u00e1tico espa\u00f1ol Javier del Rey Morat\u00f3. Del Rey Morat\u00f3, invitado al pa\u00eds por el\u2026","rel":"","context":"En \u00abNACIONALES\u00bb","block_context":{"text":"NACIONALES","link":"https:\/\/lasprimeras.com.do\/index.php\/category\/nacionales\/"},"img":{"alt_text":"","src":"https:\/\/i0.wp.com\/lasprimeras.com.do\/wp-content\/uploads\/2024\/09\/Leonel-Fernandez.jpg?resize=350%2C200&ssl=1","width":350,"height":200,"srcset":"https:\/\/i0.wp.com\/lasprimeras.com.do\/wp-content\/uploads\/2024\/09\/Leonel-Fernandez.jpg?resize=350%2C200&ssl=1 1x, https:\/\/i0.wp.com\/lasprimeras.com.do\/wp-content\/uploads\/2024\/09\/Leonel-Fernandez.jpg?resize=525%2C300&ssl=1 1.5x, https:\/\/i0.wp.com\/lasprimeras.com.do\/wp-content\/uploads\/2024\/09\/Leonel-Fernandez.jpg?resize=700%2C400&ssl=1 2x"},"classes":[]},{"id":79280,"url":"https:\/\/lasprimeras.com.do\/index.php\/2024\/03\/25\/fedoteme-celebra-primer-circuito-nacional-abierto\/","url_meta":{"origin":86959,"position":2},"title":"Fedoteme celebra primer circuito nacional abierto","author":"Nelson Feliz","date":"25 de marzo de 2024","format":false,"excerpt":"La Federaci\u00f3n Dominicana de Tenis de Mesa (FEDOTEME) sigue avanzando en sus eliminatorias para sus compromisos a nivel internacional, en este a\u00f1o 2024. Durante este fin de semana fue celebrado el primer circuito nacional abierto en todas las categor\u00edas. Los tenimesistas\u00a0 Chaina Pep\u00edn, Samuel Pacheco, Dixany Silverio se alzaron con\u2026","rel":"","context":"En \u00abSin categor\u00eda\u00bb","block_context":{"text":"Sin categor\u00eda","link":"https:\/\/lasprimeras.com.do\/index.php\/category\/sin-categoria\/"},"img":{"alt_text":"(FEDOTEME","src":"https:\/\/i0.wp.com\/lasprimeras.com.do\/wp-content\/uploads\/2024\/03\/FEDOTEME.jpg?resize=350%2C200&ssl=1","width":350,"height":200,"srcset":"https:\/\/i0.wp.com\/lasprimeras.com.do\/wp-content\/uploads\/2024\/03\/FEDOTEME.jpg?resize=350%2C200&ssl=1 1x, https:\/\/i0.wp.com\/lasprimeras.com.do\/wp-content\/uploads\/2024\/03\/FEDOTEME.jpg?resize=525%2C300&ssl=1 1.5x, https:\/\/i0.wp.com\/lasprimeras.com.do\/wp-content\/uploads\/2024\/03\/FEDOTEME.jpg?resize=700%2C400&ssl=1 2x"},"classes":[]},{"id":79122,"url":"https:\/\/lasprimeras.com.do\/index.php\/2024\/03\/24\/martes-26-de-marzo-estadio-de-ray\/","url_meta":{"origin":86959,"position":3},"title":"Martes 26 De Marzo Estadio De Ray","author":"Nelson Feliz","date":"24 de marzo de 2024","format":false,"excerpt":"Este martes 26 de marzo en los terrenos del complejo deportivo Ray hogar de la academia de Ray, en el Km 22 autopista Duarte, \u00a0Se estar\u00e1 efectuando un Show Case con los mejores jugadores clase 2026-2027 de las diferentes academias que est\u00e1n participando\u00a0 en los Torneos organizados por BPL-Beisbol que\u2026","rel":"","context":"En \u00abSin categor\u00eda\u00bb","block_context":{"text":"Sin categor\u00eda","link":"https:\/\/lasprimeras.com.do\/index.php\/category\/sin-categoria\/"},"img":{"alt_text":"SHOWCASE ACADEMIAS","src":"https:\/\/i0.wp.com\/lasprimeras.com.do\/wp-content\/uploads\/2024\/03\/SHOWCASE-ACADEMIAS.jpg?resize=350%2C200&ssl=1","width":350,"height":200,"srcset":"https:\/\/i0.wp.com\/lasprimeras.com.do\/wp-content\/uploads\/2024\/03\/SHOWCASE-ACADEMIAS.jpg?resize=350%2C200&ssl=1 1x, https:\/\/i0.wp.com\/lasprimeras.com.do\/wp-content\/uploads\/2024\/03\/SHOWCASE-ACADEMIAS.jpg?resize=525%2C300&ssl=1 1.5x, https:\/\/i0.wp.com\/lasprimeras.com.do\/wp-content\/uploads\/2024\/03\/SHOWCASE-ACADEMIAS.jpg?resize=700%2C400&ssl=1 2x"},"classes":[]},{"id":107568,"url":"https:\/\/lasprimeras.com.do\/index.php\/2025\/08\/28\/el-consulado-dominicano-en-barcelona-y-la-asociacion-para-el-talento-formalizan-acuerdo\/","url_meta":{"origin":86959,"position":4},"title":"El Consulado dominicano en Barcelona y la Asociaci\u00f3n para el Talento formalizan acuerdo","author":"Nelson Feliz","date":"28 de agosto de 2025","format":false,"excerpt":"Impulsaran la formaci\u00f3n de los dominicanos en el exterior. Barcelona, Espa\u00f1a.- Tras los acercamientos iniciados el pasado 25 de julio, el Consulado General de la Rep\u00fablica Dominicana en Barcelona formaliz\u00f3 este 25 de agosto la firma de un acuerdo de colaboraci\u00f3n con la Asociaci\u00f3n para el Talento, con el objetivo\u2026","rel":"","context":"En \u00abINTERNACIONALES\u00bb","block_context":{"text":"INTERNACIONALES","link":"https:\/\/lasprimeras.com.do\/index.php\/category\/sin-categoria\/internacionales\/"},"img":{"alt_text":"Antonio Jos\u00e9 G\u00f3mez Pe\u00f1a y Alexander Phimister Medina","src":"https:\/\/i0.wp.com\/lasprimeras.com.do\/wp-content\/uploads\/2025\/08\/Antonio-Jose-Gomez-Pena-y-Alexander-Phimister-Medina.jpg?resize=350%2C200&ssl=1","width":350,"height":200,"srcset":"https:\/\/i0.wp.com\/lasprimeras.com.do\/wp-content\/uploads\/2025\/08\/Antonio-Jose-Gomez-Pena-y-Alexander-Phimister-Medina.jpg?resize=350%2C200&ssl=1 1x, https:\/\/i0.wp.com\/lasprimeras.com.do\/wp-content\/uploads\/2025\/08\/Antonio-Jose-Gomez-Pena-y-Alexander-Phimister-Medina.jpg?resize=525%2C300&ssl=1 1.5x, https:\/\/i0.wp.com\/lasprimeras.com.do\/wp-content\/uploads\/2025\/08\/Antonio-Jose-Gomez-Pena-y-Alexander-Phimister-Medina.jpg?resize=700%2C400&ssl=1 2x"},"classes":[]},{"id":104920,"url":"https:\/\/lasprimeras.com.do\/index.php\/2025\/07\/28\/consulado-general-de-la-rd-en-barcelona-e-isde-business-school-firman-un-acuerdo-de-colaboracion\/","url_meta":{"origin":86959,"position":5},"title":"Consulado General de la RD en Barcelona e ISDE Business School firman un acuerdo de colaboraci\u00f3n","author":"Nelson Feliz","date":"28 de julio de 2025","format":false,"excerpt":"Barcelona, Espa\u00f1a.- El consulado general de la Rep\u00fablica Dominicana en Barcelona celebr\u00f3 la firma de un acuerdo de colaboraci\u00f3n con el ISDE Business School, instituci\u00f3n acad\u00e9mica de prestigio internacional adscrita a la Universidad Complutense de Madrid, con sede en Barcelona y Madrid. El acuerdo fue suscrito por el c\u00f3nsul general,\u2026","rel":"","context":"En \u00abINTERNACIONALES\u00bb","block_context":{"text":"INTERNACIONALES","link":"https:\/\/lasprimeras.com.do\/index.php\/category\/sin-categoria\/internacionales\/"},"img":{"alt_text":"","src":"https:\/\/i0.wp.com\/lasprimeras.com.do\/wp-content\/uploads\/2025\/07\/consulado-2.jpg?resize=350%2C200&ssl=1","width":350,"height":200,"srcset":"https:\/\/i0.wp.com\/lasprimeras.com.do\/wp-content\/uploads\/2025\/07\/consulado-2.jpg?resize=350%2C200&ssl=1 1x, https:\/\/i0.wp.com\/lasprimeras.com.do\/wp-content\/uploads\/2025\/07\/consulado-2.jpg?resize=525%2C300&ssl=1 1.5x, https:\/\/i0.wp.com\/lasprimeras.com.do\/wp-content\/uploads\/2025\/07\/consulado-2.jpg?resize=700%2C400&ssl=1 2x"},"classes":[]}],"jetpack_sharing_enabled":true,"_links":{"self":[{"href":"https:\/\/lasprimeras.com.do\/index.php\/wp-json\/wp\/v2\/posts\/86959","targetHints":{"allow":["GET"]}}],"collection":[{"href":"https:\/\/lasprimeras.com.do\/index.php\/wp-json\/wp\/v2\/posts"}],"about":[{"href":"https:\/\/lasprimeras.com.do\/index.php\/wp-json\/wp\/v2\/types\/post"}],"author":[{"embeddable":true,"href":"https:\/\/lasprimeras.com.do\/index.php\/wp-json\/wp\/v2\/users\/2"}],"replies":[{"embeddable":true,"href":"https:\/\/lasprimeras.com.do\/index.php\/wp-json\/wp\/v2\/comments?post=86959"}],"version-history":[{"count":1,"href":"https:\/\/lasprimeras.com.do\/index.php\/wp-json\/wp\/v2\/posts\/86959\/revisions"}],"predecessor-version":[{"id":86961,"href":"https:\/\/lasprimeras.com.do\/index.php\/wp-json\/wp\/v2\/posts\/86959\/revisions\/86961"}],"wp:featuredmedia":[{"embeddable":true,"href":"https:\/\/lasprimeras.com.do\/index.php\/wp-json\/wp\/v2\/media\/86960"}],"wp:attachment":[{"href":"https:\/\/lasprimeras.com.do\/index.php\/wp-json\/wp\/v2\/media?parent=86959"}],"wp:term":[{"taxonomy":"category","embeddable":true,"href":"https:\/\/lasprimeras.com.do\/index.php\/wp-json\/wp\/v2\/categories?post=86959"},{"taxonomy":"post_tag","embeddable":true,"href":"https:\/\/lasprimeras.com.do\/index.php\/wp-json\/wp\/v2\/tags?post=86959"}],"curies":[{"name":"wp","href":"https:\/\/api.w.org\/{rel}","templated":true}]}}