{"id":86969,"date":"2024-08-04T18:24:01","date_gmt":"2024-08-04T22:24:01","guid":{"rendered":"https:\/\/lasprimeras.com.do\/?p=86969"},"modified":"2024-08-04T18:24:03","modified_gmt":"2024-08-04T22:24:03","slug":"pld-lamenta-la-partida-del-dirigente-y-fotografo-dionisio-perez-en-moca","status":"publish","type":"post","link":"https:\/\/lasprimeras.com.do\/index.php\/2024\/08\/04\/pld-lamenta-la-partida-del-dirigente-y-fotografo-dionisio-perez-en-moca\/","title":{"rendered":"PLD lamenta la partida del dirigente y fot\u00f3grafo Dionisio P\u00e9rez en Moca"},"content":{"rendered":"\n<p>El Partido de la Liberaci\u00f3n Dominicana (PLD) confirm\u00f3 el fallecimiento en Guauci, Moca, provincia Espaillat, de su dirigente nacional, Dionisio P\u00e9rez, luego de un largo proceso de enfermedad.<\/p>\n\n\n\n<p>Redactor de Vanguardia del Pueblo, fot\u00f3grafo, camar\u00f3grafo, locutor y militante del PLD, P\u00e9rez desde muy joven se incorpor\u00f3 al Partido de la Liberaci\u00f3n Dominicana, con importantes aportes en la historia de la organizaci\u00f3n.<\/p>\n\n\n\n<p>Durante a\u00f1os fue el fot\u00f3grafo del profesor Juan Bosch, especialidad que alternada con la de encargado del laboratorio fotogr\u00e1fico<\/p>\n\n\n\n<p>Dionisio, de 66 a\u00f1os, estaba recluido en su residencia natal al preferir su retiro de las actividades cotidianas por la afecci\u00f3n neurol\u00f3gica que le afectaba.<\/p>\n\n\n\n<p>Un infarto al coraz\u00f3n produjo su deceso en horas de la madrugada de este d\u00eda, seg\u00fan sus familiares.<\/p>\n\n\n\n<p>Dionisio P\u00e9rez se integr\u00f3 a temprana edad a construcci\u00f3n del PLD en la \u00e9poca del 70. Luego se traslad\u00f3 a la capital a estudiar en la Universidad Aut\u00f3noma de Santo Domingo UASD, aprovechando para convertirse en uno de los fot\u00f3grafos del PLD, redactor de Vanguardia del Pueblo, caricaturista y reportero en la Voz del PLD, por su condici\u00f3n de locutor profesional.<\/p>\n\n\n\n<p>Represent\u00f3 al Partido de la Liberaci\u00f3n Dominicana (PLD) en la sala capitular del anterior Ayuntamiento del Distrito Nacional<\/p>\n\n\n\n<p>Sus restos est\u00e1n siendo velados en la Funeraria Municipal en la ciudad de Moca y su sepelio se realizar\u00e1 este s\u00e1bado a las 3:00 de la tarde en el cementerio municipal<\/p>\n\n\n\n<p>Fueron sus padres Alejandrina Santana y Alberto Antonio P\u00e9rez (fallecidos)<\/p>\n\n\n\n<p>Le sobrevive su hija Diomery P\u00e9rez y sus hermanos: Ana Antonia, R\u00f3mula, Luis, Alejandro, Cecilia, Evelina, V\u00edctor, Rosario, Tony, Luciano y Amparo P\u00e9rez. Que en Paz Descanse.<\/p>\n","protected":false},"excerpt":{"rendered":"<p>El Partido de la Liberaci\u00f3n Dominicana (PLD) confirm\u00f3 el fallecimiento en Guauci, Moca, provincia Espaillat, de su dirigente nacional, Dionisio P\u00e9rez, luego de un largo proceso de enfermedad. Redactor de&hellip;<\/p>\n","protected":false},"author":2,"featured_media":86970,"comment_status":"open","ping_status":"open","sticky":false,"template":"","format":"standard","meta":{"content-type":"","jetpack_post_was_ever_published":false,"_jetpack_newsletter_access":"","_jetpack_dont_email_post_to_subs":false,"_jetpack_newsletter_tier_id":0,"_jetpack_memberships_contains_paywalled_content":false,"_jetpack_memberships_contains_paid_content":false,"footnotes":""},"categories":[35],"tags":[14555,616,14554,2030,1054,269],"class_list":["post-86969","post","type-post","status-publish","format-standard","has-post-thumbnail","hentry","category-nacionales","tag-dionisio-perez","tag-dirigente","tag-fotografo","tag-moca","tag-partida","tag-pld"],"jetpack_featured_media_url":"https:\/\/lasprimeras.com.do\/wp-content\/uploads\/2024\/08\/Dionisio-Perez.jpg","jetpack-related-posts":[{"id":105196,"url":"https:\/\/lasprimeras.com.do\/index.php\/2025\/07\/31\/pld-avanza-en-la-implementacion-de-su-linea-organizativa-y-electoral-2\/","url_meta":{"origin":86969,"position":0},"title":"PLD avanza en la implementaci\u00f3n de su L\u00ednea Organizativa y Electoral","author":"Nelson Feliz","date":"31 de julio de 2025","format":false,"excerpt":"Masivos reportes de validaci\u00f3n de membres\u00eda en el Partido de la Liberaci\u00f3n Dominicana (PLD) Marcha a buen ritmo en el Partido de la Liberaci\u00f3n Dominicana (PLD) la implementaci\u00f3n de su nueva l\u00ednea organizativa y electoral, un mandato del X Congreso Ordinario Reinaldo Pared P\u00e9rez. Desde todas las demarcaciones territoriales est\u00e1n\u2026","rel":"","context":"En \u00abPOLITICA\u00bb","block_context":{"text":"POLITICA","link":"https:\/\/lasprimeras.com.do\/index.php\/category\/politica\/"},"img":{"alt_text":"","src":"https:\/\/i0.wp.com\/lasprimeras.com.do\/wp-content\/uploads\/2025\/07\/pld-6.jpg?resize=350%2C200&ssl=1","width":350,"height":200,"srcset":"https:\/\/i0.wp.com\/lasprimeras.com.do\/wp-content\/uploads\/2025\/07\/pld-6.jpg?resize=350%2C200&ssl=1 1x, https:\/\/i0.wp.com\/lasprimeras.com.do\/wp-content\/uploads\/2025\/07\/pld-6.jpg?resize=525%2C300&ssl=1 1.5x, https:\/\/i0.wp.com\/lasprimeras.com.do\/wp-content\/uploads\/2025\/07\/pld-6.jpg?resize=700%2C400&ssl=1 2x"},"classes":[]},{"id":106989,"url":"https:\/\/lasprimeras.com.do\/index.php\/2025\/08\/21\/el-pld-tiene-asamblea-provincial-este-domingo-en-moca\/","url_meta":{"origin":86969,"position":1},"title":"El PLD tiene Asamblea Provincial este domingo en Moca","author":"Nelson Feliz","date":"21 de agosto de 2025","format":false,"excerpt":"Danilo Medina estar\u00e1 este domingo En Moca, Espaillat, junto al secretario general del PLD, Johnny Pujols encabezando la asamblea provincial de su Partido. El Partido de la Liberaci\u00f3n Dominicana (PLD) tiene programado para este domingo la asamblea de sus dirigentes en la provincia Espaillat, la que ser\u00e1 encabezada por el\u2026","rel":"","context":"En \u00abPOLITICA\u00bb","block_context":{"text":"POLITICA","link":"https:\/\/lasprimeras.com.do\/index.php\/category\/politica\/"},"img":{"alt_text":"","src":"https:\/\/i0.wp.com\/lasprimeras.com.do\/wp-content\/uploads\/2025\/08\/DM-en-mao.jpg?resize=350%2C200&ssl=1","width":350,"height":200,"srcset":"https:\/\/i0.wp.com\/lasprimeras.com.do\/wp-content\/uploads\/2025\/08\/DM-en-mao.jpg?resize=350%2C200&ssl=1 1x, https:\/\/i0.wp.com\/lasprimeras.com.do\/wp-content\/uploads\/2025\/08\/DM-en-mao.jpg?resize=525%2C300&ssl=1 1.5x, https:\/\/i0.wp.com\/lasprimeras.com.do\/wp-content\/uploads\/2025\/08\/DM-en-mao.jpg?resize=700%2C400&ssl=1 2x"},"classes":[]},{"id":112032,"url":"https:\/\/lasprimeras.com.do\/index.php\/2025\/10\/16\/pld-valida-membresia-y-recibe-nuevos-miembros\/","url_meta":{"origin":86969,"position":2},"title":"PLD v\u00e1lida membres\u00eda y recibe nuevos miembros","author":"Nelson Feliz","date":"16 de octubre de 2025","format":false,"excerpt":"Intenso el ritmo en el PLD implementando su nueva L\u00ednea Organizativa y Electoral (LOE) Los organismos del Partido de la Liberaci\u00f3n Dominicana (PLD) mantienen un intenso ritmo implementando la L\u00ednea Organizativa, vinculada a lo electoral, aprobada en el X Congreso Ordinario Reinaldo Pared P\u00e9rez. A la par con la celebraci\u00f3n\u2026","rel":"","context":"En \u00abPOLITICA\u00bb","block_context":{"text":"POLITICA","link":"https:\/\/lasprimeras.com.do\/index.php\/category\/politica\/"},"img":{"alt_text":"","src":"https:\/\/i0.wp.com\/lasprimeras.com.do\/wp-content\/uploads\/2025\/10\/PLD-3.jpg?resize=350%2C200&ssl=1","width":350,"height":200,"srcset":"https:\/\/i0.wp.com\/lasprimeras.com.do\/wp-content\/uploads\/2025\/10\/PLD-3.jpg?resize=350%2C200&ssl=1 1x, https:\/\/i0.wp.com\/lasprimeras.com.do\/wp-content\/uploads\/2025\/10\/PLD-3.jpg?resize=525%2C300&ssl=1 1.5x, https:\/\/i0.wp.com\/lasprimeras.com.do\/wp-content\/uploads\/2025\/10\/PLD-3.jpg?resize=700%2C400&ssl=1 2x"},"classes":[]},{"id":107805,"url":"https:\/\/lasprimeras.com.do\/index.php\/2025\/08\/31\/johnny-pujols-toma-el-juramento-a-nuevos-miembros-del-pld-en-sdo\/","url_meta":{"origin":86969,"position":3},"title":"Johnny Pujols toma el juramento a nuevos miembros del PLD en SDO","author":"Nelson Feliz","date":"31 de agosto de 2025","format":false,"excerpt":"PLD juramenta dirigentes de otros partidos en acto inaugural del local pelede\u00edsta en el municipio Santo Domingo Oeste. Un grupo de dirigentes de diferentes organizaciones pol\u00edticas se juramentaron en el Partido de la Liberaci\u00f3n Dominicana (PLD) durante la inauguraci\u00f3n de un nuevo local en el municipio Santo Domingo Oeste. El\u2026","rel":"","context":"En \u00abPOLITICA\u00bb","block_context":{"text":"POLITICA","link":"https:\/\/lasprimeras.com.do\/index.php\/category\/politica\/"},"img":{"alt_text":"","src":"https:\/\/i0.wp.com\/lasprimeras.com.do\/wp-content\/uploads\/2025\/08\/Juramentacion-SDO.jpg?resize=350%2C200&ssl=1","width":350,"height":200,"srcset":"https:\/\/i0.wp.com\/lasprimeras.com.do\/wp-content\/uploads\/2025\/08\/Juramentacion-SDO.jpg?resize=350%2C200&ssl=1 1x, https:\/\/i0.wp.com\/lasprimeras.com.do\/wp-content\/uploads\/2025\/08\/Juramentacion-SDO.jpg?resize=525%2C300&ssl=1 1.5x, https:\/\/i0.wp.com\/lasprimeras.com.do\/wp-content\/uploads\/2025\/08\/Juramentacion-SDO.jpg?resize=700%2C400&ssl=1 2x"},"classes":[]},{"id":104971,"url":"https:\/\/lasprimeras.com.do\/index.php\/2025\/07\/29\/pld-avanza-en-la-implementacion-de-su-linea-organizativa-y-electoral\/","url_meta":{"origin":86969,"position":4},"title":"PLD avanza en la implementaci\u00f3n de su L\u00ednea Organizativa y Electoral","author":"Nelson Feliz","date":"29 de julio de 2025","format":false,"excerpt":"Desde todos los municipios, distritos municipales, circunscripciones y provincias, reportan la validaci\u00f3n de membres\u00eda en el PLD. Avances significativos ha logrado el Partido de la Liberaci\u00f3n Dominicana (PLD) en la implementaci\u00f3n de su nueva l\u00ednea organizativa, ahora estrechamente vinculada a lo electoral. En la Secretar\u00eda de Enlaces y Comunicaci\u00f3n Interna\u2026","rel":"","context":"En \u00abPOLITICA\u00bb","block_context":{"text":"POLITICA","link":"https:\/\/lasprimeras.com.do\/index.php\/category\/politica\/"},"img":{"alt_text":"","src":"https:\/\/i0.wp.com\/lasprimeras.com.do\/wp-content\/uploads\/2025\/07\/danilo-medina-4.jpg?resize=350%2C200&ssl=1","width":350,"height":200,"srcset":"https:\/\/i0.wp.com\/lasprimeras.com.do\/wp-content\/uploads\/2025\/07\/danilo-medina-4.jpg?resize=350%2C200&ssl=1 1x, https:\/\/i0.wp.com\/lasprimeras.com.do\/wp-content\/uploads\/2025\/07\/danilo-medina-4.jpg?resize=525%2C300&ssl=1 1.5x, https:\/\/i0.wp.com\/lasprimeras.com.do\/wp-content\/uploads\/2025\/07\/danilo-medina-4.jpg?resize=700%2C400&ssl=1 2x"},"classes":[]},{"id":112801,"url":"https:\/\/lasprimeras.com.do\/index.php\/2025\/10\/27\/en-el-cuarto-aniversario-del-fallecimiento-de-reinaldo-pared-perez\/","url_meta":{"origin":86969,"position":5},"title":"En el cuarto aniversario del fallecimiento de Reinaldo Pared P\u00e9rez","author":"Nelson Feliz","date":"27 de octubre de 2025","format":false,"excerpt":"Misa a la Memoria del secretario general Ad-Vitam del PLD, Reinaldo Pared P\u00e9rez, este martes 28 octubre a las 6.00 p.m. en la parroquia San Juan Bosco. En el Partido de la Liberaci\u00f3n Dominicana (PLD) se preparan para participar en la Eucarist\u00eda, programada a la memoria de su secretario general\u2026","rel":"","context":"En \u00abNACIONALES\u00bb","block_context":{"text":"NACIONALES","link":"https:\/\/lasprimeras.com.do\/index.php\/category\/nacionales\/"},"img":{"alt_text":"","src":"https:\/\/i0.wp.com\/lasprimeras.com.do\/wp-content\/uploads\/2025\/10\/Reinaldo-Pared-Perez.jpg?resize=350%2C200&ssl=1","width":350,"height":200,"srcset":"https:\/\/i0.wp.com\/lasprimeras.com.do\/wp-content\/uploads\/2025\/10\/Reinaldo-Pared-Perez.jpg?resize=350%2C200&ssl=1 1x, https:\/\/i0.wp.com\/lasprimeras.com.do\/wp-content\/uploads\/2025\/10\/Reinaldo-Pared-Perez.jpg?resize=525%2C300&ssl=1 1.5x, https:\/\/i0.wp.com\/lasprimeras.com.do\/wp-content\/uploads\/2025\/10\/Reinaldo-Pared-Perez.jpg?resize=700%2C400&ssl=1 2x"},"classes":[]}],"jetpack_sharing_enabled":true,"_links":{"self":[{"href":"https:\/\/lasprimeras.com.do\/index.php\/wp-json\/wp\/v2\/posts\/86969","targetHints":{"allow":["GET"]}}],"collection":[{"href":"https:\/\/lasprimeras.com.do\/index.php\/wp-json\/wp\/v2\/posts"}],"about":[{"href":"https:\/\/lasprimeras.com.do\/index.php\/wp-json\/wp\/v2\/types\/post"}],"author":[{"embeddable":true,"href":"https:\/\/lasprimeras.com.do\/index.php\/wp-json\/wp\/v2\/users\/2"}],"replies":[{"embeddable":true,"href":"https:\/\/lasprimeras.com.do\/index.php\/wp-json\/wp\/v2\/comments?post=86969"}],"version-history":[{"count":1,"href":"https:\/\/lasprimeras.com.do\/index.php\/wp-json\/wp\/v2\/posts\/86969\/revisions"}],"predecessor-version":[{"id":86971,"href":"https:\/\/lasprimeras.com.do\/index.php\/wp-json\/wp\/v2\/posts\/86969\/revisions\/86971"}],"wp:featuredmedia":[{"embeddable":true,"href":"https:\/\/lasprimeras.com.do\/index.php\/wp-json\/wp\/v2\/media\/86970"}],"wp:attachment":[{"href":"https:\/\/lasprimeras.com.do\/index.php\/wp-json\/wp\/v2\/media?parent=86969"}],"wp:term":[{"taxonomy":"category","embeddable":true,"href":"https:\/\/lasprimeras.com.do\/index.php\/wp-json\/wp\/v2\/categories?post=86969"},{"taxonomy":"post_tag","embeddable":true,"href":"https:\/\/lasprimeras.com.do\/index.php\/wp-json\/wp\/v2\/tags?post=86969"}],"curies":[{"name":"wp","href":"https:\/\/api.w.org\/{rel}","templated":true}]}}