{"id":86978,"date":"2024-08-04T18:47:32","date_gmt":"2024-08-04T22:47:32","guid":{"rendered":"https:\/\/lasprimeras.com.do\/?p=86978"},"modified":"2024-08-04T18:47:33","modified_gmt":"2024-08-04T22:47:33","slug":"las-vaginas-son-ateas-cuando-el-teatro-sorprende-e-impacta","status":"publish","type":"post","link":"https:\/\/lasprimeras.com.do\/index.php\/2024\/08\/04\/las-vaginas-son-ateas-cuando-el-teatro-sorprende-e-impacta\/","title":{"rendered":"\u201cLas vaginas son ateas\u201d, cuando el teatro sorprende e impacta"},"content":{"rendered":"\n<p><strong>Es ejercicio de inteligencia bien documentado y matizado en sus actuaciones, con algunos fallos, de humor negro, rebeld\u00eda, sarcasmo, gracia, sentido trascendente de una fe cristiana. \u00a0<\/strong><\/p>\n\n\n\n<p>Jos\u00e9 Rafael Sosa<\/p>\n\n\n\n<p>Las vaginas son ateas convoca y refuerza, desde su t\u00edtulo, estos preceptos, pero qu\u00e9 bueno que, a pesar del temor y el prejuicio, nos decidimos a verla, debido a que no era lo que supon\u00eda sugerir ese irreverente t\u00edtulo.<\/p>\n\n\n\n<p>La autora tiene el acierto de plantear el encuentro de estas dos amigas de toda la vida representada por una se\u00f1ora casada y castigada por las limitaciones de una relaci\u00f3n patriarcalmente desequilibrada y una religiosa singularmente rebelde al esquema, y vinculando con equilibrio intelectual los principios de la fe y la autenticidad femenina.<\/p>\n\n\n\n<p><a>El libreto se ha escrito con un bien logrado sentido de humor negro, rebeld\u00eda, sarcasmo, gracia, sentido trascendente de una fe cristiana que no acepta los dogmas irracionales y por medio de una excelente selecci\u00f3n de textos b\u00edblicos <\/a>que desmontan una serie de \u201cverdades establecidas\u201d.&nbsp;<\/p>\n\n\n\n<figure class=\"wp-block-image size-full is-resized\"><img decoding=\"async\" width=\"700\" height=\"382\" src=\"https:\/\/lasprimeras.com.do\/wp-content\/uploads\/2024\/08\/Escena-de-Las-vaginas-son-ateas.jpg\" alt=\"\" class=\"wp-image-86980\" style=\"width:840px;height:auto\" srcset=\"https:\/\/lasprimeras.com.do\/wp-content\/uploads\/2024\/08\/Escena-de-Las-vaginas-son-ateas.jpg 700w, https:\/\/lasprimeras.com.do\/wp-content\/uploads\/2024\/08\/Escena-de-Las-vaginas-son-ateas-300x164.jpg 300w\" sizes=\"(max-width: 700px) 100vw, 700px\" \/><\/figure>\n\n\n\n<p>La gran diferencia de este montaje con tantos otros es que no descalifica ni ridiculiza la fe cristiana. La expone y le ofrece una interpretaci\u00f3n sentida y humana, alejada de la hipocres\u00eda, mediante un discurso bien asentado en las escrituras.<\/p>\n\n\n\n<p>Xiomara Rodr\u00edguez (Maris\u00f3) ratifica su calidad interpretativa, haciendo gala de un discurso incisivo, con un genial repentismo con que incluye a los espectadores, aprovechando las cuitas del lenguaje planteado por la autora boricua.<\/p>\n\n\n\n<p>Rodr\u00edguez es intuitiva, creativa en sus parlamentos, logra notable conexi\u00f3n con el p\u00fablico.&nbsp;Camale\u00f3nica en su transformaci\u00f3n f\u00edsica, Rodr\u00edguez entrega una buena actuaci\u00f3n, matizada de excelencia.<\/p>\n\n\n\n<p>Yanela Hern\u00e1ndez, (Julia) actriz logra con esta pieza un coprotagonismo que merec\u00eda hace tiempo, hace de su personaje una clave tem\u00e1tica crucial que desarrolla con gran empat\u00eda y de notable sensibilidad para exponer las cadenas de la subvaloraci\u00f3n de la mujer por parte de buena parte de los maridos \u201cnormales\u201d, evidenciando los valores y retorcidos dogmas religiosos que la condicionan desde los inicios de su vida consciente.<\/p>\n\n\n\n<p>El aspecto deficiente de Hern\u00e1ndez, no obstante, es la vocalizaci\u00f3n en algunos momentos en los cuales el volumen de su voz no llega a escucharse con claridad, sobre todo en las l\u00edneas llamadas a provocar el estallido de la carcajada en el p\u00fablico.<\/p>\n\n\n\n<p>Las dos actuantes, asimilaron las directrices de la directora, la veterana Elvira Taveras, una marca en firme en las candilejas criollas.<\/p>\n\n\n\n<p>El espacio esc\u00e9nico es minimalista, con una gran econom\u00eda de elementos, como para definir el hogar f\u00edsico para alojar el desarrollo: un parque (el parque Duarte de ciudad colonial): faroles, una banca de hierro al centro y zafacones, y una foto del lugar proyectada al fondo, suficiente para enmarcar las actuaciones.<\/p>\n\n\n\n<p>La selecci\u00f3n de la banda musical cumple su rol, pero nada del otro mundo. El dise\u00f1o de luces, bien pensado solo tuvo un fallo en la iluminaci\u00f3n cenital cuando el personaje de Xiomara, sugiere hablar con Jes\u00fas, porque en dos oportunidades ella no queda iluminada directamente y tiene que moverse para centrar su figura bajo el haz de luz.<\/p>\n\n\n\n<p>Desde luego, no revelaremos los detalles del cierre de Las vaginas son ateas porque corresponde presenciarlo a los espectadores en sala, pero es posible indicar que el final ofrece un giro dram\u00e1tico sorprendente.<\/p>\n\n\n\n<p>La transformaci\u00f3n en escena final es org\u00e1nica, directa y asumida con enorme arraigo argumental que impacta por su sencillez y que produce uno de los m\u00e1s hermosos momentos vistos en el teatro de estos a\u00f1os.<\/p>\n\n\n\n<p>Lily Marie Garc\u00eda Catal\u00e1 nace en Puerto Rico. Productora de radio y televisi\u00f3n, gestora teatral, conferencista de crecimiento personal, bailarina, dramaturga, actriz y tanat\u00f3loga (especialidad psicol\u00f3gica en acompa\u00f1amiento del duelo o enfermedad). El teatro ha sido otra de sus grandes pasiones. Su primera obra profesional como actriz fue \u201cLo mejor est\u00e1 por venir\u201d en 1999.<\/p>\n\n\n\n<p>Sinopsis:<\/p>\n\n\n\n<p>Julia, una mujer cat\u00f3lica en apuros matrimoniales y su intr\u00e9pida amiga Mar\u00eda Socorro (monja capellana de una prisi\u00f3n de mujeres) te llevan a un viaje hilarante que parte de las desgracias propias, lleno de situaciones c\u00f3micas y reveladoras, que a su vez lleva a una introspecci\u00f3n.<\/p>\n","protected":false},"excerpt":{"rendered":"<p>Es ejercicio de inteligencia bien documentado y matizado en sus actuaciones, con algunos fallos, de humor negro, rebeld\u00eda, sarcasmo, gracia, sentido trascendente de una fe cristiana. \u00a0 Jos\u00e9 Rafael Sosa&hellip;<\/p>\n","protected":false},"author":2,"featured_media":86979,"comment_status":"open","ping_status":"open","sticky":false,"template":"","format":"standard","meta":{"content-type":"","jetpack_post_was_ever_published":false,"_jetpack_newsletter_access":"","_jetpack_dont_email_post_to_subs":false,"_jetpack_newsletter_tier_id":0,"_jetpack_memberships_contains_paywalled_content":false,"_jetpack_memberships_contains_paid_content":false,"footnotes":""},"categories":[84],"tags":[14559],"class_list":["post-86978","post","type-post","status-publish","format-standard","has-post-thumbnail","hentry","category-entretenimiento","tag-las-vaginas-son-ateas"],"jetpack_featured_media_url":"https:\/\/lasprimeras.com.do\/wp-content\/uploads\/2024\/08\/LILY-GARCIA-.jpg","jetpack-related-posts":[{"id":116564,"url":"https:\/\/lasprimeras.com.do\/index.php\/2025\/12\/02\/dncd-arresta-extranjera-en-el-aila-con-138-bolsitas-de-presunta-cocaina\/","url_meta":{"origin":86978,"position":0},"title":"DNCD arresta extranjera en el AILA con 138 bolsitas de presunta coca\u00edna","author":"Nelson Feliz","date":"2 de diciembre de 2025","format":false,"excerpt":"La mujer llevaba la sustancia en sus v\u00edas digestivas, en la vagina y adheridas a su cuerpo. Una mujer con doble nacionalidad (boliviana y espa\u00f1ola), que saldr\u00eda del pa\u00eds con decenas de bolsitas presumiblemente coca\u00edna, en sus v\u00edas digestivas, adheridas al pecho y en la vagina, fue arrestada por agentes\u2026","rel":"","context":"En \u00abMILITARES\u00bb","block_context":{"text":"MILITARES","link":"https:\/\/lasprimeras.com.do\/index.php\/category\/militares\/"},"img":{"alt_text":"","src":"https:\/\/i0.wp.com\/lasprimeras.com.do\/wp-content\/uploads\/2025\/12\/dncd.jpg?resize=350%2C200&ssl=1","width":350,"height":200,"srcset":"https:\/\/i0.wp.com\/lasprimeras.com.do\/wp-content\/uploads\/2025\/12\/dncd.jpg?resize=350%2C200&ssl=1 1x, https:\/\/i0.wp.com\/lasprimeras.com.do\/wp-content\/uploads\/2025\/12\/dncd.jpg?resize=525%2C300&ssl=1 1.5x, https:\/\/i0.wp.com\/lasprimeras.com.do\/wp-content\/uploads\/2025\/12\/dncd.jpg?resize=700%2C400&ssl=1 2x"},"classes":[]},{"id":107374,"url":"https:\/\/lasprimeras.com.do\/index.php\/2025\/08\/26\/alcalde-de-las-guaranas-representara-a-rd-en-la-vii-cumbre-internacional-de-la-juventud-en-peru\/","url_meta":{"origin":86978,"position":1},"title":"Alcalde de las Guaranas representar\u00e1 a RD en la VII Cumbre Internacional de la Juventud en Per\u00fa","author":"Nelson Feliz","date":"26 de agosto de 2025","format":false,"excerpt":"El alcalde del municipio de Las Gu\u00e1ranas, provincia Duarte y aspirante a la Secretar\u00eda de la Juventud en la Fuerza del Pueblo, Lenin Campos, participar\u00e1 como panelista en la VII Cumbre Internacional de la Juventud, que se realizar\u00e1 en Lima, Per\u00fa, del 19 al 21 de septiembre de 2025. Lenin\u2026","rel":"","context":"En \u00abPOLITICA\u00bb","block_context":{"text":"POLITICA","link":"https:\/\/lasprimeras.com.do\/index.php\/category\/politica\/"},"img":{"alt_text":"","src":"https:\/\/i0.wp.com\/lasprimeras.com.do\/wp-content\/uploads\/2025\/08\/Lenin-Campos.jpg?resize=350%2C200&ssl=1","width":350,"height":200,"srcset":"https:\/\/i0.wp.com\/lasprimeras.com.do\/wp-content\/uploads\/2025\/08\/Lenin-Campos.jpg?resize=350%2C200&ssl=1 1x, https:\/\/i0.wp.com\/lasprimeras.com.do\/wp-content\/uploads\/2025\/08\/Lenin-Campos.jpg?resize=525%2C300&ssl=1 1.5x, https:\/\/i0.wp.com\/lasprimeras.com.do\/wp-content\/uploads\/2025\/08\/Lenin-Campos.jpg?resize=700%2C400&ssl=1 2x"},"classes":[]},{"id":93443,"url":"https:\/\/lasprimeras.com.do\/index.php\/2025\/02\/09\/una-mujer-puede-experimentar-hasta-ocho-tipos-distintos-de-orgasmos\/","url_meta":{"origin":86978,"position":2},"title":"Una mujer puede experimentar hasta ocho tipos distintos de orgasmos","author":"Nelson Feliz","date":"9 de febrero de 2025","format":false,"excerpt":"Una mujer puede experimentar hasta ocho tipos distintos de orgasmos: clitoriano, vaginal, m\u00faltiple, punto G, punto A, cervical, anal y el llamado orgasmo Valle. Este \u00faltimo es poco com\u00fan, ya que para alcanzarlo necesita un amante experimentado, alguien que sea una llama ardiente y no solo una chispa ef\u00edmera. La\u2026","rel":"","context":"En \u00abSALUD\u00bb","block_context":{"text":"SALUD","link":"https:\/\/lasprimeras.com.do\/index.php\/category\/salud\/"},"img":{"alt_text":"orgasmos","src":"https:\/\/i0.wp.com\/lasprimeras.com.do\/wp-content\/uploads\/2025\/02\/orgasmos.jpg?resize=350%2C200&ssl=1","width":350,"height":200,"srcset":"https:\/\/i0.wp.com\/lasprimeras.com.do\/wp-content\/uploads\/2025\/02\/orgasmos.jpg?resize=350%2C200&ssl=1 1x, https:\/\/i0.wp.com\/lasprimeras.com.do\/wp-content\/uploads\/2025\/02\/orgasmos.jpg?resize=525%2C300&ssl=1 1.5x, https:\/\/i0.wp.com\/lasprimeras.com.do\/wp-content\/uploads\/2025\/02\/orgasmos.jpg?resize=700%2C400&ssl=1 2x"},"classes":[]},{"id":68357,"url":"https:\/\/lasprimeras.com.do\/index.php\/2023\/11\/23\/demandan-al-actor-jamie-foxx-por-una-supuesta-agresion-sexual-ocurrida-en-2015\/","url_meta":{"origin":86978,"position":3},"title":"Demandan al actor Jamie Foxx por una supuesta agresi\u00f3n sexual ocurrida en 2015","author":"Nelson Feliz","date":"23 de noviembre de 2023","format":false,"excerpt":"La demandante acusa a Foxx de haberla tocado sin su consentimiento. El actor Jamie Foxx fue demandado este mi\u00e9rcoles ante la Corte Suprema de Nueva York por una supuesta agresi\u00f3n sexual ocurrida en una terraza de dicha ciudad durante 2015, informaron medios estadounidenses especializados. La demandante acusa a Foxx de\u2026","rel":"","context":"En \u00abENTRETENIMIENTO\u00bb","block_context":{"text":"ENTRETENIMIENTO","link":"https:\/\/lasprimeras.com.do\/index.php\/category\/entretenimiento\/"},"img":{"alt_text":"Jamie Foxx","src":"https:\/\/i0.wp.com\/lasprimeras.com.do\/wp-content\/uploads\/2023\/11\/Jamie-Foxx.jpeg?resize=350%2C200&ssl=1","width":350,"height":200,"srcset":"https:\/\/i0.wp.com\/lasprimeras.com.do\/wp-content\/uploads\/2023\/11\/Jamie-Foxx.jpeg?resize=350%2C200&ssl=1 1x, https:\/\/i0.wp.com\/lasprimeras.com.do\/wp-content\/uploads\/2023\/11\/Jamie-Foxx.jpeg?resize=525%2C300&ssl=1 1.5x, https:\/\/i0.wp.com\/lasprimeras.com.do\/wp-content\/uploads\/2023\/11\/Jamie-Foxx.jpeg?resize=700%2C400&ssl=1 2x"},"classes":[]},{"id":80727,"url":"https:\/\/lasprimeras.com.do\/index.php\/2024\/04\/11\/instituto-oncologico-presenta-programa-vacunacion-para-sus-pacientes\/","url_meta":{"origin":86978,"position":4},"title":"Instituto Oncol\u00f3gico presenta programa vacunaci\u00f3n para sus pacientes","author":"BIMARY DE JES\u00daS Matos","date":"11 de abril de 2024","format":false,"excerpt":"Santo Domingo.- Durante una actividad realizada en sus instalaciones, el Instituto de Oncolog\u00eda \u201cDr. Heriberto Pieter\u201d (IOHP) present\u00f3 su Programa de Vacunaci\u00f3n Contra el Virus del Papiloma Humano (VPH), dirigido a ni\u00f1os a partir de los 9 a\u00f1os de edad de su servicio de Pediatr\u00eda Oncol\u00f3gica. En la actividad particip\u00f3\u2026","rel":"","context":"En \u00abNACIONALES\u00bb","block_context":{"text":"NACIONALES","link":"https:\/\/lasprimeras.com.do\/index.php\/category\/nacionales\/"},"img":{"alt_text":"","src":"https:\/\/i0.wp.com\/lasprimeras.com.do\/wp-content\/uploads\/2024\/04\/WhatsApp-Image-2024-04-11-at-12.49.11-PM.jpeg?resize=350%2C200&ssl=1","width":350,"height":200,"srcset":"https:\/\/i0.wp.com\/lasprimeras.com.do\/wp-content\/uploads\/2024\/04\/WhatsApp-Image-2024-04-11-at-12.49.11-PM.jpeg?resize=350%2C200&ssl=1 1x, https:\/\/i0.wp.com\/lasprimeras.com.do\/wp-content\/uploads\/2024\/04\/WhatsApp-Image-2024-04-11-at-12.49.11-PM.jpeg?resize=525%2C300&ssl=1 1.5x, https:\/\/i0.wp.com\/lasprimeras.com.do\/wp-content\/uploads\/2024\/04\/WhatsApp-Image-2024-04-11-at-12.49.11-PM.jpeg?resize=700%2C400&ssl=1 2x, https:\/\/i0.wp.com\/lasprimeras.com.do\/wp-content\/uploads\/2024\/04\/WhatsApp-Image-2024-04-11-at-12.49.11-PM.jpeg?resize=1050%2C600&ssl=1 3x, https:\/\/i0.wp.com\/lasprimeras.com.do\/wp-content\/uploads\/2024\/04\/WhatsApp-Image-2024-04-11-at-12.49.11-PM.jpeg?resize=1400%2C800&ssl=1 4x"},"classes":[]},{"id":72195,"url":"https:\/\/lasprimeras.com.do\/index.php\/2023\/12\/27\/argentina-el-congreso-tratara-11-proyectos-de-javier-milei\/","url_meta":{"origin":86978,"position":5},"title":"ARGENTINA: El Congreso tratar\u00e1 11 proyectos de Javier Milei","author":"BIMARY DE JES\u00daS Matos","date":"27 de diciembre de 2023","format":false,"excerpt":"BUENOS AIRES.- Desde este martes 26 de diciembre hasta el 31 de enero de 2024, el Congreso de Argentina tiene tiempo para tratar 11 proyectos que fueron enviados por el presidente Javier Milei, en el marco de sus planes de reformas estatales y desregulaci\u00f3n de la econom\u00eda. Mediante el Decreto\u2026","rel":"","context":"En \u00abSin categor\u00eda\u00bb","block_context":{"text":"Sin categor\u00eda","link":"https:\/\/lasprimeras.com.do\/index.php\/category\/sin-categoria\/"},"img":{"alt_text":"","src":"https:\/\/i0.wp.com\/lasprimeras.com.do\/wp-content\/uploads\/2023\/12\/Noticias-de-energia-58-8.jpg?resize=350%2C200&ssl=1","width":350,"height":200,"srcset":"https:\/\/i0.wp.com\/lasprimeras.com.do\/wp-content\/uploads\/2023\/12\/Noticias-de-energia-58-8.jpg?resize=350%2C200&ssl=1 1x, https:\/\/i0.wp.com\/lasprimeras.com.do\/wp-content\/uploads\/2023\/12\/Noticias-de-energia-58-8.jpg?resize=525%2C300&ssl=1 1.5x"},"classes":[]}],"jetpack_sharing_enabled":true,"_links":{"self":[{"href":"https:\/\/lasprimeras.com.do\/index.php\/wp-json\/wp\/v2\/posts\/86978","targetHints":{"allow":["GET"]}}],"collection":[{"href":"https:\/\/lasprimeras.com.do\/index.php\/wp-json\/wp\/v2\/posts"}],"about":[{"href":"https:\/\/lasprimeras.com.do\/index.php\/wp-json\/wp\/v2\/types\/post"}],"author":[{"embeddable":true,"href":"https:\/\/lasprimeras.com.do\/index.php\/wp-json\/wp\/v2\/users\/2"}],"replies":[{"embeddable":true,"href":"https:\/\/lasprimeras.com.do\/index.php\/wp-json\/wp\/v2\/comments?post=86978"}],"version-history":[{"count":1,"href":"https:\/\/lasprimeras.com.do\/index.php\/wp-json\/wp\/v2\/posts\/86978\/revisions"}],"predecessor-version":[{"id":86981,"href":"https:\/\/lasprimeras.com.do\/index.php\/wp-json\/wp\/v2\/posts\/86978\/revisions\/86981"}],"wp:featuredmedia":[{"embeddable":true,"href":"https:\/\/lasprimeras.com.do\/index.php\/wp-json\/wp\/v2\/media\/86979"}],"wp:attachment":[{"href":"https:\/\/lasprimeras.com.do\/index.php\/wp-json\/wp\/v2\/media?parent=86978"}],"wp:term":[{"taxonomy":"category","embeddable":true,"href":"https:\/\/lasprimeras.com.do\/index.php\/wp-json\/wp\/v2\/categories?post=86978"},{"taxonomy":"post_tag","embeddable":true,"href":"https:\/\/lasprimeras.com.do\/index.php\/wp-json\/wp\/v2\/tags?post=86978"}],"curies":[{"name":"wp","href":"https:\/\/api.w.org\/{rel}","templated":true}]}}