{"id":87054,"date":"2024-08-06T22:43:27","date_gmt":"2024-08-07T02:43:27","guid":{"rendered":"https:\/\/lasprimeras.com.do\/?p=87054"},"modified":"2024-08-06T22:43:28","modified_gmt":"2024-08-07T02:43:28","slug":"comerciantes-ponen-mas-de-100-mil-camara-de-videovigilancia-a-servicio-de-la-seguridad-ciudadana","status":"publish","type":"post","link":"https:\/\/lasprimeras.com.do\/index.php\/2024\/08\/06\/comerciantes-ponen-mas-de-100-mil-camara-de-videovigilancia-a-servicio-de-la-seguridad-ciudadana\/","title":{"rendered":"Comerciantes ponen m\u00e1s de 100 mil c\u00e1mara de videovigilancia a servicio de la seguridad ciudadana"},"content":{"rendered":"\n<p><strong>Interior y Polic\u00eda y sistema 9-1-1 pactan con Federaci\u00f3n de Comerciantes fortalecer combate contra violencia y criminalidad.<\/strong><\/p>\n\n\n\n<p>Por Martin Restituyo<\/p>\n\n\n\n<p>El presidente de la Federaci\u00f3n Dominicana de Comerciantes, Iv\u00e1n Garc\u00eda puso sus m\u00e1s de 100 mil c\u00e1maras de videovigilancia a disposici\u00f3n de las autoridades, para fortalecer la seguridad ciudadana en todo el pa\u00eds.<\/p>\n\n\n\n<p>Garc\u00eda, sostuvo que la Federaci\u00f3n, el Ministerio de Interior y Polic\u00eda y el Sistema Nacional de Atenci\u00f3n a Emergencias y Seguridad 9-1-1 convinieron mejorar as\u00ed la capacidad de respuesta contra la violencia y la criminalidad.<\/p>\n\n\n\n<p>El gremio acord\u00f3 colaborar activamente con la Polic\u00eda Nacional y otras agencias estatales autorizadas, con un r\u00e1pido acceso a los videos de las c\u00e1maras de sus asociados, cuando estos sean requeridos en las investigaci\u00f3nes de los hechos delicitivos, lo que permitir\u00e1 a las autoridades un monitoreo eficaz y en tiempo real, para optimizar la soluci\u00f3n de estos casos.<\/p>\n\n\n\n<p>Incluye entre sus miembros a mayoristas de provisiones, supermercados, ferreter\u00edas, importadores, farmacias, agencias de veh\u00edculos, tiendas de electrodom\u00e9sticos, muebles y de tejidos, suplidores del Estado, de hospitales, de la Polic\u00eda, Direcci\u00f3n Nacional de Control de Drogas (DNCD) y las Fuerzas Armadas, estaciones de combustibles, salones de bellezas, restaurantes, hoteles entre otros sectores del comercio.<\/p>\n\n\n\n<p>Durante la firma del pacto, el presidente de la FDC, Iv\u00e1n Garc\u00eda, manifest\u00f3 \u00d1A seguridad de los resultados que tendr\u00e1 este acuerdo y afirm\u00f3 que el mismo apoyo que brindan al ministro Jes\u00fas V\u00e1squez Mart\u00ednez lo dar\u00e1n a la nueva titular, Faride Raful, presente en la actividad.<\/p>\n\n\n\n<p>En tanto, el funcionario expuso que el acuerdo es parte de la Estrategia Integral de Seguridad Ciudadana, implementada en todo el pa\u00eds para preservar la paz y cuyos frutos dijo son evidentes.<\/p>\n\n\n\n<p>El ministerio, v\u00eda el cuerpo del orden, asume arreciar las medidas para prevenir, identificar y solucionar problemas.<\/p>\n\n\n\n<p>El rol del 9-1-1 ser\u00e1 suministrar los est\u00e1ndares t\u00e9cnicos para hacer compatible el almacenamiento, interconexi\u00f3n y acceso remoto entre los sistema de videovigilancia particulares y el p\u00fablico y salvaguardar la confidencialidad y protecci\u00f3n de los datos personales y derecho a la intimidad, y evitar la revelaci\u00f3n o utilizaci\u00f3n de la informaci\u00f3n confidencial sin el consentimiento previo.<\/p>\n\n\n\n<p>El acuerdo fue firmado por V\u00e1squez Mart\u00ednez, Randolfo Rijo G\u00f3mez, en representaci\u00f3n del 9-1-, e Iv\u00e1n Garc\u00eda, en un acto en la sede del ministerio, en el que estuvieron el director de la Polic\u00eda, mayor general Ram\u00f3n Antonio Guzm\u00e1n Peralta, viceministros y encargados departamentales y los representantes de las filiales de la federaci\u00f3n de todo el pa\u00eds.<\/p>\n","protected":false},"excerpt":{"rendered":"<p>Interior y Polic\u00eda y sistema 9-1-1 pactan con Federaci\u00f3n de Comerciantes fortalecer combate contra violencia y criminalidad. Por Martin Restituyo El presidente de la Federaci\u00f3n Dominicana de Comerciantes, Iv\u00e1n Garc\u00eda&hellip;<\/p>\n","protected":false},"author":2,"featured_media":87055,"comment_status":"open","ping_status":"open","sticky":false,"template":"","format":"standard","meta":{"content-type":"","jetpack_post_was_ever_published":false,"_jetpack_newsletter_access":"","_jetpack_dont_email_post_to_subs":false,"_jetpack_newsletter_tier_id":0,"_jetpack_memberships_contains_paywalled_content":false,"_jetpack_memberships_contains_paid_content":false,"footnotes":""},"categories":[35,25],"tags":[2656,1449,4842,4774,865,14579],"class_list":["post-87054","post","type-post","status-publish","format-standard","has-post-thumbnail","hentry","category-nacionales","category-portada","tag-camara","tag-comerciantes","tag-ivan-garcia-2","tag-seguridad-ciudadana","tag-servicio","tag-videovigilancia"],"jetpack_featured_media_url":"https:\/\/lasprimeras.com.do\/wp-content\/uploads\/2024\/08\/Ivan-Garcia-1.jpg","jetpack-related-posts":[{"id":54268,"url":"https:\/\/lasprimeras.com.do\/index.php\/2023\/07\/09\/ivan-garcia-califica-de-politiqueras-y-tremendistas-denuncias-sobre-inseguridad\/","url_meta":{"origin":87054,"position":0},"title":"Ivan Garc\u00eda califica de politiqueras y tremendistas denuncias sobre inseguridad","author":"Nelson Feliz","date":"9 de julio de 2023","format":false,"excerpt":"Ivan Garc\u00eda cuestiona declaraciones de entidades y afirma seguridad policial alcanza niveles hist\u00f3ricos. El presidente de la Federaci\u00f3n Dominicana de Comerciantes, Iv\u00e1n Garc\u00eda, calific\u00f3 de tremendistas y politiqueras las declaraciones hechas por la Federaci\u00f3n de Comerciantes Detallistas de la Rep\u00fablica Dominicana (Fecoderd), y el Consejo Dominicano de Detallistas en Provisiones\u2026","rel":"","context":"En \u00abECONOM\u00cdA\u00bb","block_context":{"text":"ECONOM\u00cdA","link":"https:\/\/lasprimeras.com.do\/index.php\/category\/economia\/"},"img":{"alt_text":"Iv\u00e1n Garc\u00eda","src":"https:\/\/i0.wp.com\/lasprimeras.com.do\/wp-content\/uploads\/2023\/07\/Ivan-comerciantes.jpg?resize=350%2C200&ssl=1","width":350,"height":200,"srcset":"https:\/\/i0.wp.com\/lasprimeras.com.do\/wp-content\/uploads\/2023\/07\/Ivan-comerciantes.jpg?resize=350%2C200&ssl=1 1x, https:\/\/i0.wp.com\/lasprimeras.com.do\/wp-content\/uploads\/2023\/07\/Ivan-comerciantes.jpg?resize=525%2C300&ssl=1 1.5x, https:\/\/i0.wp.com\/lasprimeras.com.do\/wp-content\/uploads\/2023\/07\/Ivan-comerciantes.jpg?resize=700%2C400&ssl=1 2x"},"classes":[]},{"id":53757,"url":"https:\/\/lasprimeras.com.do\/index.php\/2023\/06\/30\/federacion-de-comerciantes-respalda-trabajo-de-la-policia\/","url_meta":{"origin":87054,"position":1},"title":"Federaci\u00f3n de Comerciantes respalda trabajo de la Polic\u00eda","author":"Nelson Feliz","date":"30 de junio de 2023","format":false,"excerpt":"-El gremio comercial dice confiar en reporte sobre reducci\u00f3n de criminalidad.\u00a0 Una comisi\u00f3n encabezada por el presidente de la Federaci\u00f3n Dominicana de Comerciantes (FDC), Iv\u00e1n Garc\u00eda, reconoci\u00f3 este viernes la efectividad de las labores preventivas desplegadas por la Polic\u00eda Nacional contra el delito y la criminalidad. Garc\u00eda, dijo confiar en\u2026","rel":"","context":"En \u00abNACIONALES\u00bb","block_context":{"text":"NACIONALES","link":"https:\/\/lasprimeras.com.do\/index.php\/category\/nacionales\/"},"img":{"alt_text":"","src":"https:\/\/i0.wp.com\/lasprimeras.com.do\/wp-content\/uploads\/2023\/06\/Ivan-de-Jesus-Garcia.jpg?resize=350%2C200&ssl=1","width":350,"height":200,"srcset":"https:\/\/i0.wp.com\/lasprimeras.com.do\/wp-content\/uploads\/2023\/06\/Ivan-de-Jesus-Garcia.jpg?resize=350%2C200&ssl=1 1x, https:\/\/i0.wp.com\/lasprimeras.com.do\/wp-content\/uploads\/2023\/06\/Ivan-de-Jesus-Garcia.jpg?resize=525%2C300&ssl=1 1.5x, https:\/\/i0.wp.com\/lasprimeras.com.do\/wp-content\/uploads\/2023\/06\/Ivan-de-Jesus-Garcia.jpg?resize=700%2C400&ssl=1 2x"},"classes":[]},{"id":94891,"url":"https:\/\/lasprimeras.com.do\/index.php\/2025\/03\/06\/diputado-stalin-vasquez-somete-proyecto-de-ley-que-cambiaria-interior-y-policia\/","url_meta":{"origin":87054,"position":2},"title":"Diputado Stalin V\u00e1squez somete proyecto de ley que cambiar\u00eda Interior y Polic\u00eda","author":"Nelson Feliz","date":"6 de marzo de 2025","format":false,"excerpt":"El presidente de la Comisi\u00f3n Permanente de Administraci\u00f3n P\u00fablica en la C\u00e1mara de Diputados, Stalin V\u00e1squez, someti\u00f3 por Secretar\u00eda un proyecto de ley para la transformaci\u00f3n del Ministerio de Interior y Polic\u00eda en el nuevo Ministerio de Seguridad Ciudadana. \u201cEl objetivo es fortalecer la gesti\u00f3n de la seguridad p\u00fablica y\u2026","rel":"","context":"En \u00abPOLITICA\u00bb","block_context":{"text":"POLITICA","link":"https:\/\/lasprimeras.com.do\/index.php\/category\/politica\/"},"img":{"alt_text":"Stalin V\u00e1squez","src":"https:\/\/i0.wp.com\/lasprimeras.com.do\/wp-content\/uploads\/2025\/03\/Stalin-Vasquez.jpg?resize=350%2C200&ssl=1","width":350,"height":200,"srcset":"https:\/\/i0.wp.com\/lasprimeras.com.do\/wp-content\/uploads\/2025\/03\/Stalin-Vasquez.jpg?resize=350%2C200&ssl=1 1x, https:\/\/i0.wp.com\/lasprimeras.com.do\/wp-content\/uploads\/2025\/03\/Stalin-Vasquez.jpg?resize=525%2C300&ssl=1 1.5x, https:\/\/i0.wp.com\/lasprimeras.com.do\/wp-content\/uploads\/2025\/03\/Stalin-Vasquez.jpg?resize=700%2C400&ssl=1 2x"},"classes":[]},{"id":50900,"url":"https:\/\/lasprimeras.com.do\/index.php\/2023\/05\/25\/sistema-9-1-1-realiza-acciones-en-coordinacion-con-el-coe-ante-efecto-de-la-vaguada\/","url_meta":{"origin":87054,"position":3},"title":"Sistema 9-1-1 realiza acciones en coordinaci\u00f3n con el COE ante efecto de la vaguada","author":"prenxa100","date":"25 de mayo de 2023","format":false,"excerpt":"Santo Domingo.\u2013\u00a0El Sistema Nacional de Atenci\u00f3n a Emergencias y Seguridad 9-1-1, en coordinaci\u00f3n con el Centro de Operaciones de Emergencias (COE), activ\u00f3 acciones de contingencias precautorias ante los potenciales efectos de la vaguada que afecta el territorio nacional. El Sistema 9-1-1 brindar\u00e1 estrecha colaboraci\u00f3n al COE, con las informaciones t\u00e1cticas\u2026","rel":"","context":"En \u00abNACIONALES\u00bb","block_context":{"text":"NACIONALES","link":"https:\/\/lasprimeras.com.do\/index.php\/category\/nacionales\/"},"img":{"alt_text":"","src":"","width":0,"height":0},"classes":[]},{"id":114310,"url":"https:\/\/lasprimeras.com.do\/index.php\/2025\/11\/12\/santiago-consolida-avances-en-seguridad-ciudadana\/","url_meta":{"origin":87054,"position":4},"title":"Santiago consolida avances en seguridad ciudadana","author":"Nelson Feliz","date":"12 de noviembre de 2025","format":false,"excerpt":"La provincia de Santiago de los Caballeros registra una reducci\u00f3n hist\u00f3rica en la tasa de homicidios, que se sit\u00faa en 5.03 por cada 100 mil habitantes, como resultado de las acciones sostenidas de la Fuerza de Tarea Conjunta, el fortalecimiento del patrullaje y la incorporaci\u00f3n de nuevos agentes graduados recientemente,\u2026","rel":"","context":"En \u00abMILITARES\u00bb","block_context":{"text":"MILITARES","link":"https:\/\/lasprimeras.com.do\/index.php\/category\/militares\/"},"img":{"alt_text":"","src":"https:\/\/i0.wp.com\/lasprimeras.com.do\/wp-content\/uploads\/2025\/11\/Faride-Raful-1.jpg?resize=350%2C200&ssl=1","width":350,"height":200,"srcset":"https:\/\/i0.wp.com\/lasprimeras.com.do\/wp-content\/uploads\/2025\/11\/Faride-Raful-1.jpg?resize=350%2C200&ssl=1 1x, https:\/\/i0.wp.com\/lasprimeras.com.do\/wp-content\/uploads\/2025\/11\/Faride-Raful-1.jpg?resize=525%2C300&ssl=1 1.5x, https:\/\/i0.wp.com\/lasprimeras.com.do\/wp-content\/uploads\/2025\/11\/Faride-Raful-1.jpg?resize=700%2C400&ssl=1 2x"},"classes":[]},{"id":81123,"url":"https:\/\/lasprimeras.com.do\/index.php\/2024\/04\/17\/sistema-nacional-de-atencion-a-emergencias-911-instala-267-camaras-en-4-provincias-del-pais\/","url_meta":{"origin":87054,"position":5},"title":"Sistema Nacional de Atenci\u00f3n a Emergencias 911 instala 267 c\u00e1maras en 4 provincias del pa\u00eds","author":"BIMARY DE JES\u00daS Matos","date":"17 de abril de 2024","format":false,"excerpt":"Santo Domingo.\u2013 El Sistema Nacional de Atenci\u00f3n a Emergencias y Seguridad 911 instal\u00f3 267 c\u00e1maras de videovigilancia en las provincias Monte Cristi, Dajab\u00f3n, Valverde y Santiago Rodr\u00edguez, en atenci\u00f3n a la visi\u00f3n del presidente de la Rep\u00fablica, Luis Abinader, de fortalecer de manera continua la seguridad ciudadana. Durante el acto\u2026","rel":"","context":"En \u00abNACIONALES\u00bb","block_context":{"text":"NACIONALES","link":"https:\/\/lasprimeras.com.do\/index.php\/category\/nacionales\/"},"img":{"alt_text":"","src":"https:\/\/i0.wp.com\/lasprimeras.com.do\/wp-content\/uploads\/2024\/04\/WhatsApp-Image-2024-04-17-at-11.03.53-AM-1.jpeg?resize=350%2C200&ssl=1","width":350,"height":200,"srcset":"https:\/\/i0.wp.com\/lasprimeras.com.do\/wp-content\/uploads\/2024\/04\/WhatsApp-Image-2024-04-17-at-11.03.53-AM-1.jpeg?resize=350%2C200&ssl=1 1x, https:\/\/i0.wp.com\/lasprimeras.com.do\/wp-content\/uploads\/2024\/04\/WhatsApp-Image-2024-04-17-at-11.03.53-AM-1.jpeg?resize=525%2C300&ssl=1 1.5x, https:\/\/i0.wp.com\/lasprimeras.com.do\/wp-content\/uploads\/2024\/04\/WhatsApp-Image-2024-04-17-at-11.03.53-AM-1.jpeg?resize=700%2C400&ssl=1 2x, https:\/\/i0.wp.com\/lasprimeras.com.do\/wp-content\/uploads\/2024\/04\/WhatsApp-Image-2024-04-17-at-11.03.53-AM-1.jpeg?resize=1050%2C600&ssl=1 3x, https:\/\/i0.wp.com\/lasprimeras.com.do\/wp-content\/uploads\/2024\/04\/WhatsApp-Image-2024-04-17-at-11.03.53-AM-1.jpeg?resize=1400%2C800&ssl=1 4x"},"classes":[]}],"jetpack_sharing_enabled":true,"_links":{"self":[{"href":"https:\/\/lasprimeras.com.do\/index.php\/wp-json\/wp\/v2\/posts\/87054","targetHints":{"allow":["GET"]}}],"collection":[{"href":"https:\/\/lasprimeras.com.do\/index.php\/wp-json\/wp\/v2\/posts"}],"about":[{"href":"https:\/\/lasprimeras.com.do\/index.php\/wp-json\/wp\/v2\/types\/post"}],"author":[{"embeddable":true,"href":"https:\/\/lasprimeras.com.do\/index.php\/wp-json\/wp\/v2\/users\/2"}],"replies":[{"embeddable":true,"href":"https:\/\/lasprimeras.com.do\/index.php\/wp-json\/wp\/v2\/comments?post=87054"}],"version-history":[{"count":1,"href":"https:\/\/lasprimeras.com.do\/index.php\/wp-json\/wp\/v2\/posts\/87054\/revisions"}],"predecessor-version":[{"id":87056,"href":"https:\/\/lasprimeras.com.do\/index.php\/wp-json\/wp\/v2\/posts\/87054\/revisions\/87056"}],"wp:featuredmedia":[{"embeddable":true,"href":"https:\/\/lasprimeras.com.do\/index.php\/wp-json\/wp\/v2\/media\/87055"}],"wp:attachment":[{"href":"https:\/\/lasprimeras.com.do\/index.php\/wp-json\/wp\/v2\/media?parent=87054"}],"wp:term":[{"taxonomy":"category","embeddable":true,"href":"https:\/\/lasprimeras.com.do\/index.php\/wp-json\/wp\/v2\/categories?post=87054"},{"taxonomy":"post_tag","embeddable":true,"href":"https:\/\/lasprimeras.com.do\/index.php\/wp-json\/wp\/v2\/tags?post=87054"}],"curies":[{"name":"wp","href":"https:\/\/api.w.org\/{rel}","templated":true}]}}