{"id":87067,"date":"2024-08-06T23:42:23","date_gmt":"2024-08-07T03:42:23","guid":{"rendered":"https:\/\/lasprimeras.com.do\/?p=87067"},"modified":"2024-08-06T23:42:25","modified_gmt":"2024-08-07T03:42:25","slug":"elias-wessin-chavez-el-gobierno-pretende-otorgar-poder-en-demasia-a-la-pgr","status":"publish","type":"post","link":"https:\/\/lasprimeras.com.do\/index.php\/2024\/08\/06\/elias-wessin-chavez-el-gobierno-pretende-otorgar-poder-en-demasia-a-la-pgr\/","title":{"rendered":"El\u00edas Wessin Ch\u00e1vez:\u201d El Gobierno pretende otorgar poder en demas\u00eda a la PGR\u201d"},"content":{"rendered":"\n<p>El presidente del Partido Quisqueyano Dem\u00f3crata Cristiano \u2013PQDC- y diputado nacional, El\u00edas Wessin Ch\u00e1vez, sostuvo hoy que el Proyecto de Reforma Constitucional que circula, bajo el argumento de una Justicia Independiente, se pretende otorgar a la Procuradur\u00eda General de la Rep\u00fablica (PGR) poder en demas\u00eda.&nbsp;<\/p>\n\n\n\n<p>Wessin Ch\u00e1vez, dijo que pr\u00e1cticamente habr\u00eda 4 Poderes.&nbsp; Un modelo que rompe con el principio de los 3 Poderes de Montesquieu, con el cual la Democracia Occidental ha sentado sus reales positivamente.&nbsp;<\/p>\n\n\n\n<p>En la pr\u00e1ctica, el Poder Ejecutivo estar\u00eda delegando las pol\u00edticas de persecuci\u00f3n criminal a la Procuradur\u00eda General de la Rep\u00fablica.&nbsp;<\/p>\n\n\n\n<p>\u201cA mi modo de ver, es una modalidad que ha desestabilizado a Per\u00fa. Donde, por un &#8220;qu\u00edtame esta brizna&#8221; se judicializa a cualquier gobierno. Sin mencionar que la burocracia del Estado seguir\u00eda creciendo en detrimento de la econom\u00eda del pa\u00eds, cuando el libro lo que manda es que disminuya\u201d, asegura Wessin Ch\u00e1vez.<\/p>\n\n\n\n<p>Conociendo las debilidades que padece nuestro sistema judicial, y espec\u00edficamente el Ministerio P\u00fablico, al que el ciudadano promedio denuncia frecuentemente por sus inconductas, y que, en ocasiones, en su m\u00e1s alto nivel, ha sido dirigido por desaprensivos que obran seg\u00fan la &#8220;ola de la opini\u00f3n p\u00fablica&#8221; buscando notoriedad y no la justicia, constituir\u00eda un riesgo para la propia democracia.<\/p>\n","protected":false},"excerpt":{"rendered":"<p>El presidente del Partido Quisqueyano Dem\u00f3crata Cristiano \u2013PQDC- y diputado nacional, El\u00edas Wessin Ch\u00e1vez, sostuvo hoy que el Proyecto de Reforma Constitucional que circula, bajo el argumento de una Justicia&hellip;<\/p>\n","protected":false},"author":2,"featured_media":59896,"comment_status":"open","ping_status":"open","sticky":false,"template":"","format":"standard","meta":{"content-type":"","jetpack_post_was_ever_published":false,"_jetpack_newsletter_access":"","_jetpack_dont_email_post_to_subs":false,"_jetpack_newsletter_tier_id":0,"_jetpack_memberships_contains_paywalled_content":false,"_jetpack_memberships_contains_paid_content":false,"footnotes":""},"categories":[25],"tags":[14584,344,171,14585,5128,695,4077],"class_list":["post-87067","post","type-post","status-publish","format-standard","has-post-thumbnail","hentry","category-portada","tag-demasia","tag-elias-wessin-chavez","tag-gobierno","tag-otorgar","tag-pgr","tag-poder","tag-pqdc"],"jetpack_featured_media_url":"https:\/\/lasprimeras.com.do\/wp-content\/uploads\/2023\/09\/Elias-Wessin-Chavez.jpg","jetpack-related-posts":[{"id":59895,"url":"https:\/\/lasprimeras.com.do\/index.php\/2023\/09\/08\/diputado-elias-wessin-chavez-rechaza-instructivo-dado-a-conocer-por-pgr-pide-sea-revocado\/","url_meta":{"origin":87067,"position":0},"title":"Diputado El\u00edas Wessin Ch\u00e1vez rechaza instructivo dado a conocer por PGR, pide sea revocado","author":"Nelson Feliz","date":"8 de septiembre de 2023","format":false,"excerpt":"El diputado nacional y presidente del Partido Quisqueyano Dem\u00f3crata Cristiano (PQDC), doctor El\u00edas Wessin Ch\u00e1vez, declar\u00f3 hoy que la Procuradora General de la Rep\u00fablica, Miriam Germ\u00e1n Brito, viola la Constituci\u00f3n con el instructivo que manda a su personal a llamar a las personas seg\u00fan se auto-perciban en cuanto a su\u2026","rel":"","context":"En \u00abPORTADA\u00bb","block_context":{"text":"PORTADA","link":"https:\/\/lasprimeras.com.do\/index.php\/category\/portada\/"},"img":{"alt_text":"El\u00edas Wessin Ch\u00e1vez","src":"https:\/\/i0.wp.com\/lasprimeras.com.do\/wp-content\/uploads\/2023\/09\/Elias-Wessin-Chavez.jpg?resize=350%2C200&ssl=1","width":350,"height":200},"classes":[]},{"id":106853,"url":"https:\/\/lasprimeras.com.do\/index.php\/2025\/08\/20\/wessin-chavez-presenta-rendicion-de-cuentas-correspondiente-al-periodo-legislativo-2024-2025\/","url_meta":{"origin":87067,"position":1},"title":"Wessin Ch\u00e1vez presenta &#8220;Rendici\u00f3n de Cuentas&#8221; correspondiente al periodo legislativo 2024-2025","author":"Nelson Feliz","date":"20 de agosto de 2025","format":false,"excerpt":"El diputado nacional y presidente del Partido Quisqueyano Dem\u00f3crata Cristiano (PQDC), doctor El\u00edas Wessin Ch\u00e1vez, present\u00f3 este martes su Rendici\u00f3n de Cuentas correspondiente al periodo legislativo 2024-2025; en cumplimiento del Art. 92 de la Constituci\u00f3n y al Reglamento de la C\u00e1mara de Diputados. El documento base sobre la Rendici\u00f3n de\u2026","rel":"","context":"En \u00abPOLITICA\u00bb","block_context":{"text":"POLITICA","link":"https:\/\/lasprimeras.com.do\/index.php\/category\/politica\/"},"img":{"alt_text":"","src":"https:\/\/i0.wp.com\/lasprimeras.com.do\/wp-content\/uploads\/2025\/08\/WhatsApp-Image-2025-08-20-at-8.53.29-AM.jpeg?resize=350%2C200&ssl=1","width":350,"height":200,"srcset":"https:\/\/i0.wp.com\/lasprimeras.com.do\/wp-content\/uploads\/2025\/08\/WhatsApp-Image-2025-08-20-at-8.53.29-AM.jpeg?resize=350%2C200&ssl=1 1x, https:\/\/i0.wp.com\/lasprimeras.com.do\/wp-content\/uploads\/2025\/08\/WhatsApp-Image-2025-08-20-at-8.53.29-AM.jpeg?resize=525%2C300&ssl=1 1.5x, https:\/\/i0.wp.com\/lasprimeras.com.do\/wp-content\/uploads\/2025\/08\/WhatsApp-Image-2025-08-20-at-8.53.29-AM.jpeg?resize=700%2C400&ssl=1 2x, https:\/\/i0.wp.com\/lasprimeras.com.do\/wp-content\/uploads\/2025\/08\/WhatsApp-Image-2025-08-20-at-8.53.29-AM.jpeg?resize=1050%2C600&ssl=1 3x, https:\/\/i0.wp.com\/lasprimeras.com.do\/wp-content\/uploads\/2025\/08\/WhatsApp-Image-2025-08-20-at-8.53.29-AM.jpeg?resize=1400%2C800&ssl=1 4x"},"classes":[]},{"id":56305,"url":"https:\/\/lasprimeras.com.do\/index.php\/2023\/07\/30\/pqdc-celebra-tercera-asamblea-nacional-de-dirigentes-donde-ratifica-pacto-con-fuerza-del-pueblo\/","url_meta":{"origin":87067,"position":2},"title":"PQDC celebra Tercera Asamblea Nacional de Dirigentes donde ratifica pacto con Fuerza del Pueblo","author":"Nelson Feliz","date":"30 de julio de 2023","format":false,"excerpt":"El Partido Quisqueyano Dem\u00f3crata Cristiano (PQDC) celebr\u00f3 hoy su 3ra. Asamblea Nacional de Dirigentes, en la cual eligieron sus cuadros dirigenciales y aprobaron el pacto de alianza firmado por su presidente El\u00edas Wessin Ch\u00e1vez con el partido Fuerza del Pueblo que dirige Leonel Fern\u00e1ndez de cara a las elecciones del\u2026","rel":"","context":"En \u00abPORTADA\u00bb","block_context":{"text":"PORTADA","link":"https:\/\/lasprimeras.com.do\/index.php\/category\/portada\/"},"img":{"alt_text":"Alianza PQDC","src":"https:\/\/i0.wp.com\/lasprimeras.com.do\/wp-content\/uploads\/2023\/07\/Alianza-PQDC-1.jpg?resize=350%2C200&ssl=1","width":350,"height":200,"srcset":"https:\/\/i0.wp.com\/lasprimeras.com.do\/wp-content\/uploads\/2023\/07\/Alianza-PQDC-1.jpg?resize=350%2C200&ssl=1 1x, https:\/\/i0.wp.com\/lasprimeras.com.do\/wp-content\/uploads\/2023\/07\/Alianza-PQDC-1.jpg?resize=525%2C300&ssl=1 1.5x, https:\/\/i0.wp.com\/lasprimeras.com.do\/wp-content\/uploads\/2023\/07\/Alianza-PQDC-1.jpg?resize=700%2C400&ssl=1 2x"},"classes":[]},{"id":107505,"url":"https:\/\/lasprimeras.com.do\/index.php\/2025\/08\/27\/elias-wessin-reclama-al-gobierno-que-rehabilite-y-modernice-el-hospital-psiquiatrico-padre-billini-el-28\/","url_meta":{"origin":87067,"position":3},"title":"El\u00edas Wessin reclama al Gobierno que rehabilite y modernice el Hospital Psiqui\u00e1trico Padre Billini (El 28)","author":"Nelson Feliz","date":"27 de agosto de 2025","format":false,"excerpt":"El diputado nacional y presidente del Partido Quisqueyano Dem\u00f3crata Cristiano (PQDC), El\u00edas Wessin hizo un llamado al gobierno del PRM, para que rehabilite y modernice el Hospital Psiqui\u00e1trico Padre Billini, mejor conocido como el Manicomio del Km 28 de la Carretera Duarte. El legislador opositor, denunci\u00f3 la corriente progre que\u2026","rel":"","context":"En \u00abPOLITICA\u00bb","block_context":{"text":"POLITICA","link":"https:\/\/lasprimeras.com.do\/index.php\/category\/politica\/"},"img":{"alt_text":"Elias Wessin Chavez","src":"https:\/\/i0.wp.com\/lasprimeras.com.do\/wp-content\/uploads\/2023\/10\/Elias-Wessin-Chavez-1.jpg?resize=350%2C200&ssl=1","width":350,"height":200,"srcset":"https:\/\/i0.wp.com\/lasprimeras.com.do\/wp-content\/uploads\/2023\/10\/Elias-Wessin-Chavez-1.jpg?resize=350%2C200&ssl=1 1x, https:\/\/i0.wp.com\/lasprimeras.com.do\/wp-content\/uploads\/2023\/10\/Elias-Wessin-Chavez-1.jpg?resize=525%2C300&ssl=1 1.5x, https:\/\/i0.wp.com\/lasprimeras.com.do\/wp-content\/uploads\/2023\/10\/Elias-Wessin-Chavez-1.jpg?resize=700%2C400&ssl=1 2x"},"classes":[]},{"id":56184,"url":"https:\/\/lasprimeras.com.do\/index.php\/2023\/07\/28\/pqdc-celebrara-su-tercera-convencion-nacional-este-domingo\/","url_meta":{"origin":87067,"position":4},"title":"PQDC celebrar\u00e1 su \u201cTercera Convenci\u00f3n Nacional\u201d este domingo","author":"Nelson Feliz","date":"28 de julio de 2023","format":false,"excerpt":"El Partido Quisqueyano Dem\u00f3crata Cristiano (PQDC), celebrar\u00e1 su Tercera Convenci\u00f3n Nacional de Dirigentes el pr\u00f3ximo domingo 30 de los corrientes, donde renovar\u00e1 sus estructuras partidarias nacionales, al igual que modificaciones estatutarias, y finalmente proclamar\u00e1 a su candidato presidencial para los comicios a celebrarse en 2024. El importante evento pol\u00edtico est\u00e1\u2026","rel":"","context":"En \u00abPORTADA\u00bb","block_context":{"text":"PORTADA","link":"https:\/\/lasprimeras.com.do\/index.php\/category\/portada\/"},"img":{"alt_text":"Elias Wessin Chavez","src":"https:\/\/i0.wp.com\/lasprimeras.com.do\/wp-content\/uploads\/2023\/07\/Elias-Wessin-Chavez.jpg?resize=350%2C200&ssl=1","width":350,"height":200,"srcset":"https:\/\/i0.wp.com\/lasprimeras.com.do\/wp-content\/uploads\/2023\/07\/Elias-Wessin-Chavez.jpg?resize=350%2C200&ssl=1 1x, https:\/\/i0.wp.com\/lasprimeras.com.do\/wp-content\/uploads\/2023\/07\/Elias-Wessin-Chavez.jpg?resize=525%2C300&ssl=1 1.5x, https:\/\/i0.wp.com\/lasprimeras.com.do\/wp-content\/uploads\/2023\/07\/Elias-Wessin-Chavez.jpg?resize=700%2C400&ssl=1 2x"},"classes":[]},{"id":61570,"url":"https:\/\/lasprimeras.com.do\/index.php\/2023\/09\/28\/wessin-chavez-solicita-a-la-cnepr-prohiba-varias-canciones-que-ofenden-la-moral-publica\/","url_meta":{"origin":87067,"position":5},"title":"Wessin Ch\u00e1vez solicita a la CNEPR proh\u00edba varias canciones que ofenden la moral p\u00fablica","author":"Nelson Feliz","date":"28 de septiembre de 2023","format":false,"excerpt":"Temas como: Mariela, Culo Chapa, El Cuerno y Papo Cobra deben ser prohibidas. El diputado nacional y presidente del Partido Quisqueyano Dem\u00f3crata Cristiano (PQDC), doctor El\u00edas Wessin Ch\u00e1vez, solicit\u00f3 este jueves a la Comisi\u00f3n Nacional de Espect\u00e1culos P\u00fablicos (CNEPR), prohibir varias canciones que suenan en las diferentes estaciones de radio\u2026","rel":"","context":"En \u00abPORTADA\u00bb","block_context":{"text":"PORTADA","link":"https:\/\/lasprimeras.com.do\/index.php\/category\/portada\/"},"img":{"alt_text":"El\u00edas Wessin Ch\u00e1vez","src":"https:\/\/i0.wp.com\/lasprimeras.com.do\/wp-content\/uploads\/2023\/09\/Elias-Wessin-Chavez-3.jpg?resize=350%2C200&ssl=1","width":350,"height":200,"srcset":"https:\/\/i0.wp.com\/lasprimeras.com.do\/wp-content\/uploads\/2023\/09\/Elias-Wessin-Chavez-3.jpg?resize=350%2C200&ssl=1 1x, https:\/\/i0.wp.com\/lasprimeras.com.do\/wp-content\/uploads\/2023\/09\/Elias-Wessin-Chavez-3.jpg?resize=525%2C300&ssl=1 1.5x, https:\/\/i0.wp.com\/lasprimeras.com.do\/wp-content\/uploads\/2023\/09\/Elias-Wessin-Chavez-3.jpg?resize=700%2C400&ssl=1 2x"},"classes":[]}],"jetpack_sharing_enabled":true,"_links":{"self":[{"href":"https:\/\/lasprimeras.com.do\/index.php\/wp-json\/wp\/v2\/posts\/87067","targetHints":{"allow":["GET"]}}],"collection":[{"href":"https:\/\/lasprimeras.com.do\/index.php\/wp-json\/wp\/v2\/posts"}],"about":[{"href":"https:\/\/lasprimeras.com.do\/index.php\/wp-json\/wp\/v2\/types\/post"}],"author":[{"embeddable":true,"href":"https:\/\/lasprimeras.com.do\/index.php\/wp-json\/wp\/v2\/users\/2"}],"replies":[{"embeddable":true,"href":"https:\/\/lasprimeras.com.do\/index.php\/wp-json\/wp\/v2\/comments?post=87067"}],"version-history":[{"count":1,"href":"https:\/\/lasprimeras.com.do\/index.php\/wp-json\/wp\/v2\/posts\/87067\/revisions"}],"predecessor-version":[{"id":87068,"href":"https:\/\/lasprimeras.com.do\/index.php\/wp-json\/wp\/v2\/posts\/87067\/revisions\/87068"}],"wp:featuredmedia":[{"embeddable":true,"href":"https:\/\/lasprimeras.com.do\/index.php\/wp-json\/wp\/v2\/media\/59896"}],"wp:attachment":[{"href":"https:\/\/lasprimeras.com.do\/index.php\/wp-json\/wp\/v2\/media?parent=87067"}],"wp:term":[{"taxonomy":"category","embeddable":true,"href":"https:\/\/lasprimeras.com.do\/index.php\/wp-json\/wp\/v2\/categories?post=87067"},{"taxonomy":"post_tag","embeddable":true,"href":"https:\/\/lasprimeras.com.do\/index.php\/wp-json\/wp\/v2\/tags?post=87067"}],"curies":[{"name":"wp","href":"https:\/\/api.w.org\/{rel}","templated":true}]}}