{"id":87083,"date":"2024-08-07T00:45:50","date_gmt":"2024-08-07T04:45:50","guid":{"rendered":"https:\/\/lasprimeras.com.do\/?p=87083"},"modified":"2024-08-07T00:45:52","modified_gmt":"2024-08-07T04:45:52","slug":"reportero-de-grupo-super-canal-nominado-para-premios-dominican-awards-usa-2024","status":"publish","type":"post","link":"https:\/\/lasprimeras.com.do\/index.php\/2024\/08\/07\/reportero-de-grupo-super-canal-nominado-para-premios-dominican-awards-usa-2024\/","title":{"rendered":"Reportero de Grupo Super Canal nominado para Premios Dominican Awards USA 2024"},"content":{"rendered":"\n<p>Por: Henrry Almonte R<\/p>\n\n\n\n<p>NUEVA YORK. -El reportero en Estados Unidos para Grupo Super Canal, Aquiles Rojas, figura entre los nominados para la edici\u00f3n de este a\u00f1o de Premios Dominican USA 2024, celebrando el arte, comunicaci\u00f3n, entretenimiento y cultura.<\/p>\n\n\n\n<p>\u201c \u201cEl equipo de Premios Dominican Awards USA 2024, le ha seleccionado como nominadopara participar en nuestro evento en la ciudad de Nueva York\u201d, se lee la la misiva que le notifica a Rojas de su selecci\u00f3n.<\/p>\n\n\n\n<p>Rojas a sido nominado en la categor\u00eda<br>\u201c Corresponsal TV destacado en el 2024\u201d, por el trabajo que viene realizando para la la empresa, Grupo S\u00faper Canal, propiedad de Ing Frank Jorge El\u00edas, con sede en la Rep\u00fablica Dominicana.<\/p>\n\n\n\n<p>De su lado, Rojas, quien recientemente entr\u00f3 al \u201c staff \u201c de programa de televisi\u00f3n Geronimo\u2019 Show, agradeci\u00f3 porque su labor en la comunicaci\u00f3n haya sido tomada en cuneta, donde gracias a Dios por permitirle administrar el talento y los medios que la han brindado la oportunidad de \u2026<\/p>\n\n\n\n<p>Agradezco inmensamente que se nos tome en cuenta para esta edici\u00f3n de los premios \u201cDominican Awards USA 2024\u201d donde la gloria y honra son para nuestro Padre Creador y Dador de vida que nos permite administrar el talento y la valoraci\u00f3n del colectivo que recibe nuestro trabajo comunicacional\u201c.<\/p>\n\n\n\n<p>Nos vemos esta noche en 809 Lounge en Nueva York<\/p>\n\n\n\n<p>DONDE: 112 Dyckman St, Alto Manhattan; Nueva York.<\/p>\n\n\n\n<p>HORA: 7:00 PM<\/p>\n\n\n\n<p>Muchas gracias!<\/p>\n\n\n\n<p>Aquiles Rojas<br>Nominado a los Dominican Awards USA 2024.<\/p>\n","protected":false},"excerpt":{"rendered":"<p>Por: Henrry Almonte R NUEVA YORK. -El reportero en Estados Unidos para Grupo Super Canal, Aquiles Rojas, figura entre los nominados para la edici\u00f3n de este a\u00f1o de Premios Dominican&hellip;<\/p>\n","protected":false},"author":2,"featured_media":87084,"comment_status":"open","ping_status":"open","sticky":false,"template":"","format":"standard","meta":{"content-type":"","jetpack_post_was_ever_published":false,"_jetpack_newsletter_access":"","_jetpack_dont_email_post_to_subs":false,"_jetpack_newsletter_tier_id":0,"_jetpack_memberships_contains_paywalled_content":false,"_jetpack_memberships_contains_paid_content":false,"footnotes":""},"categories":[84],"tags":[14588,14589,14587,2409,14480],"class_list":["post-87083","post","type-post","status-publish","format-standard","has-post-thumbnail","hentry","category-entretenimiento","tag-dominican-awards","tag-grupo-super-canal","tag-nominado","tag-premios","tag-reportero"],"jetpack_featured_media_url":"https:\/\/lasprimeras.com.do\/wp-content\/uploads\/2024\/08\/Aquiles-Rojas-1.jpg","jetpack-related-posts":[{"id":82913,"url":"https:\/\/lasprimeras.com.do\/index.php\/2024\/05\/09\/premios-heat-seran-el-11-de-julio-en-rd-este-jueves-se-anuncian-los-nominados\/","url_meta":{"origin":87083,"position":0},"title":"Premios Heat ser\u00e1n el 11 de julio en RD, este jueves se anuncian los nominados","author":"BIMARY DE JES\u00daS Matos","date":"9 de mayo de 2024","format":false,"excerpt":"Los Heat Latin Music Awards 2024 en su d\u00e9cima versi\u00f3n se entregar\u00e1n el pr\u00f3ximo 11 de julio en Rep\u00fablica Dominicana y este jueves 9 de mayo se anunciar\u00e1n los artistas nominados a trav\u00e9s del canal de Youtube Premiosheatoficial. La tradicional noche de nominados de los Heat Awards tendr\u00e1 como anfitriona\u2026","rel":"","context":"En \u00abENTRETENIMIENTO\u00bb","block_context":{"text":"ENTRETENIMIENTO","link":"https:\/\/lasprimeras.com.do\/index.php\/category\/entretenimiento\/"},"img":{"alt_text":"","src":"","width":0,"height":0},"classes":[]},{"id":60999,"url":"https:\/\/lasprimeras.com.do\/index.php\/2023\/09\/21\/shakira-recibe-7-nominaciones-al-latin-grammy\/","url_meta":{"origin":87083,"position":1},"title":"Shakira recibe 7 nominaciones al Latin GRAMMY","author":"Nelson Feliz","date":"21 de septiembre de 2023","format":false,"excerpt":"Tras recibir 7 nominaciones a los Latin GRAMMY\u00ae y una destacada actuaci\u00f3n y ser honrada en los MTV Video Music Awards, la artista ganadora del GRAMMY\u00ae y del Latin GRAMMY\u00ae Shakira lanz\u00f3 su \u00faltimo sencillo \"El Jefe\" junto a Fuerza Regida, un pegajoso tema regional mexicano de ska. Adem\u00e1s, Shakira\u2026","rel":"","context":"En \u00abENTRETENIMIENTO\u00bb","block_context":{"text":"ENTRETENIMIENTO","link":"https:\/\/lasprimeras.com.do\/index.php\/category\/entretenimiento\/"},"img":{"alt_text":"Shakira","src":"https:\/\/i0.wp.com\/lasprimeras.com.do\/wp-content\/uploads\/2023\/09\/Shakira.jpg?resize=350%2C200&ssl=1","width":350,"height":200,"srcset":"https:\/\/i0.wp.com\/lasprimeras.com.do\/wp-content\/uploads\/2023\/09\/Shakira.jpg?resize=350%2C200&ssl=1 1x, https:\/\/i0.wp.com\/lasprimeras.com.do\/wp-content\/uploads\/2023\/09\/Shakira.jpg?resize=525%2C300&ssl=1 1.5x, https:\/\/i0.wp.com\/lasprimeras.com.do\/wp-content\/uploads\/2023\/09\/Shakira.jpg?resize=700%2C400&ssl=1 2x"},"classes":[]},{"id":114721,"url":"https:\/\/lasprimeras.com.do\/index.php\/2025\/11\/16\/republica-dominicana-alcanza-varios-premios-en-los-travvy-awards-2025\/","url_meta":{"origin":87083,"position":2},"title":"Rep\u00fablica Dominicana alcanza varios premios en los Travvy Awards 2025","author":"Nelson Feliz","date":"16 de noviembre de 2025","format":false,"excerpt":"El pa\u00eds recibe oro como \u201cMejor Destino del Caribe\u201d y \u201cMejor Oficina de Turismo del Caribe\u201d Fort Lauderdale, FL \u2013 Rep\u00fablica Dominicana fue reconocida con tres premios de oro y otros galardones durante los Travvy Awards 2025, celebrados en el Greater Fort Lauderdale Convention Center, en el marco de CruiseWorld.\u2026","rel":"","context":"En \u00abENTRETENIMIENTO\u00bb","block_context":{"text":"ENTRETENIMIENTO","link":"https:\/\/lasprimeras.com.do\/index.php\/category\/entretenimiento\/"},"img":{"alt_text":"","src":"https:\/\/i0.wp.com\/lasprimeras.com.do\/wp-content\/uploads\/2025\/11\/una.jpg?resize=350%2C200&ssl=1","width":350,"height":200,"srcset":"https:\/\/i0.wp.com\/lasprimeras.com.do\/wp-content\/uploads\/2025\/11\/una.jpg?resize=350%2C200&ssl=1 1x, https:\/\/i0.wp.com\/lasprimeras.com.do\/wp-content\/uploads\/2025\/11\/una.jpg?resize=525%2C300&ssl=1 1.5x, https:\/\/i0.wp.com\/lasprimeras.com.do\/wp-content\/uploads\/2025\/11\/una.jpg?resize=700%2C400&ssl=1 2x"},"classes":[]},{"id":63466,"url":"https:\/\/lasprimeras.com.do\/index.php\/2023\/10\/12\/premios-glamour-music-awards-2023-anuncia-conductores-de-su-gala-y-alfombra\/","url_meta":{"origin":87083,"position":3},"title":"Premios Glamour Music Awards 2023 anuncia conductores de su gala y alfombra","author":"BIMARY DE JES\u00daS Matos","date":"12 de octubre de 2023","format":false,"excerpt":"Santo Domingo.-La producci\u00f3n de los Premios Glamour Music Awards 2023, anunci\u00f3 a los destacados comunicadores Gaby Desangles y C\u00e9sar Grand como los conductores de la gala de premiaci\u00f3n, que tendr\u00e1 lugar el pr\u00f3ximo 19 de octubre en el teatro La Fiesta del hotel Jaragua. Dominick Liriano, Yuderki Rosa, ambos directivos\u2026","rel":"","context":"En \u00abENTRETENIMIENTO\u00bb","block_context":{"text":"ENTRETENIMIENTO","link":"https:\/\/lasprimeras.com.do\/index.php\/category\/entretenimiento\/"},"img":{"alt_text":"","src":"https:\/\/i0.wp.com\/lasprimeras.com.do\/wp-content\/uploads\/2023\/10\/WhatsApp-Image-2023-10-09-at-6.14.13-PM-2-8.jpeg?resize=350%2C200&ssl=1","width":350,"height":200,"srcset":"https:\/\/i0.wp.com\/lasprimeras.com.do\/wp-content\/uploads\/2023\/10\/WhatsApp-Image-2023-10-09-at-6.14.13-PM-2-8.jpeg?resize=350%2C200&ssl=1 1x, https:\/\/i0.wp.com\/lasprimeras.com.do\/wp-content\/uploads\/2023\/10\/WhatsApp-Image-2023-10-09-at-6.14.13-PM-2-8.jpeg?resize=525%2C300&ssl=1 1.5x, https:\/\/i0.wp.com\/lasprimeras.com.do\/wp-content\/uploads\/2023\/10\/WhatsApp-Image-2023-10-09-at-6.14.13-PM-2-8.jpeg?resize=700%2C400&ssl=1 2x"},"classes":[]},{"id":76204,"url":"https:\/\/lasprimeras.com.do\/index.php\/2024\/02\/08\/color-vision-sera-el-canal-oficial-de-los-xxix-premios-soberano-2024\/","url_meta":{"origin":87083,"position":4},"title":"Color Visi\u00f3n ser\u00e1 el canal oficial de los XXIX Premios Soberano 2024","author":"Nelson Feliz","date":"8 de febrero de 2024","format":false,"excerpt":"\u00a0Ser\u00e1 una transmisi\u00f3n en HD, a partir de las 7 PM, de la 39\u00aa edici\u00f3n de la ceremonia para todo el territorio nacional. Por Jos\u00e9 Rafael Paula Sosa Color Visi\u00f3 ser\u00e1 el canal oficial de la transmisi\u00f3n al pais de Premios Soberano 2024, anunci\u00f3 la Asociaci\u00f3n de Cronistas de Arte\u2026","rel":"","context":"En \u00abENTRETENIMIENTO\u00bb","block_context":{"text":"ENTRETENIMIENTO","link":"https:\/\/lasprimeras.com.do\/index.php\/category\/entretenimiento\/"},"img":{"alt_text":"La trayectoria historica de los logos de COLOR VISION","src":"https:\/\/i0.wp.com\/lasprimeras.com.do\/wp-content\/uploads\/2024\/02\/Logo-actual-de-Color-Vision-copia.png?resize=350%2C200&ssl=1","width":350,"height":200},"classes":[]},{"id":110151,"url":"https:\/\/lasprimeras.com.do\/index.php\/2025\/09\/26\/capitan-dominicano-de-aviacion-en-usa-lanza-canal-de-youtube-dedicado-a-la-ensenanza\/","url_meta":{"origin":87083,"position":5},"title":"Capit\u00e1n dominicano de aviaci\u00f3n en USA lanza canal de YouTube dedicado a la ense\u00f1anza","author":"Nelson Feliz","date":"26 de septiembre de 2025","format":false,"excerpt":"Por Ram\u00f3n Mercedes NUEVA YORK.- Con m\u00e1s de 25 a\u00f1os de experiencia en la cabina de mando, el capit\u00e1n de aviaci\u00f3n dominicano en Estados Unidos, Eric Rodr\u00edguez, anunci\u00f3 oficialmente el lanzamiento de su canal de YouTube, @CaptainRodriguez, un espacio creado para informar, educar y compartir datos sobre el fascinante mundo\u2026","rel":"","context":"En \u00abTECNOL\u00d3GIA\u00bb","block_context":{"text":"TECNOL\u00d3GIA","link":"https:\/\/lasprimeras.com.do\/index.php\/category\/tecnologia\/"},"img":{"alt_text":"","src":"https:\/\/i0.wp.com\/lasprimeras.com.do\/wp-content\/uploads\/2025\/09\/WhatsApp-Image-2025-09-26-at-6.48.01-AM-1.jpeg?resize=350%2C200&ssl=1","width":350,"height":200,"srcset":"https:\/\/i0.wp.com\/lasprimeras.com.do\/wp-content\/uploads\/2025\/09\/WhatsApp-Image-2025-09-26-at-6.48.01-AM-1.jpeg?resize=350%2C200&ssl=1 1x, https:\/\/i0.wp.com\/lasprimeras.com.do\/wp-content\/uploads\/2025\/09\/WhatsApp-Image-2025-09-26-at-6.48.01-AM-1.jpeg?resize=525%2C300&ssl=1 1.5x"},"classes":[]}],"jetpack_sharing_enabled":true,"_links":{"self":[{"href":"https:\/\/lasprimeras.com.do\/index.php\/wp-json\/wp\/v2\/posts\/87083","targetHints":{"allow":["GET"]}}],"collection":[{"href":"https:\/\/lasprimeras.com.do\/index.php\/wp-json\/wp\/v2\/posts"}],"about":[{"href":"https:\/\/lasprimeras.com.do\/index.php\/wp-json\/wp\/v2\/types\/post"}],"author":[{"embeddable":true,"href":"https:\/\/lasprimeras.com.do\/index.php\/wp-json\/wp\/v2\/users\/2"}],"replies":[{"embeddable":true,"href":"https:\/\/lasprimeras.com.do\/index.php\/wp-json\/wp\/v2\/comments?post=87083"}],"version-history":[{"count":1,"href":"https:\/\/lasprimeras.com.do\/index.php\/wp-json\/wp\/v2\/posts\/87083\/revisions"}],"predecessor-version":[{"id":87085,"href":"https:\/\/lasprimeras.com.do\/index.php\/wp-json\/wp\/v2\/posts\/87083\/revisions\/87085"}],"wp:featuredmedia":[{"embeddable":true,"href":"https:\/\/lasprimeras.com.do\/index.php\/wp-json\/wp\/v2\/media\/87084"}],"wp:attachment":[{"href":"https:\/\/lasprimeras.com.do\/index.php\/wp-json\/wp\/v2\/media?parent=87083"}],"wp:term":[{"taxonomy":"category","embeddable":true,"href":"https:\/\/lasprimeras.com.do\/index.php\/wp-json\/wp\/v2\/categories?post=87083"},{"taxonomy":"post_tag","embeddable":true,"href":"https:\/\/lasprimeras.com.do\/index.php\/wp-json\/wp\/v2\/tags?post=87083"}],"curies":[{"name":"wp","href":"https:\/\/api.w.org\/{rel}","templated":true}]}}