{"id":87116,"date":"2024-08-07T11:34:13","date_gmt":"2024-08-07T15:34:13","guid":{"rendered":"https:\/\/lasprimeras.com.do\/?p=87116"},"modified":"2024-08-07T11:34:13","modified_gmt":"2024-08-07T15:34:13","slug":"arranca-libre-mente-el-primer-panel-de-debate-de-vtv-canal-32","status":"publish","type":"post","link":"https:\/\/lasprimeras.com.do\/index.php\/2024\/08\/07\/arranca-libre-mente-el-primer-panel-de-debate-de-vtv-canal-32\/","title":{"rendered":"Arranca Libre Mente el primer panel de debate de VTV Canal 32"},"content":{"rendered":"\n<p>La propuesta se transmitir\u00e1 de lunes a viernes por VTV Canal 32 y la plataforma Podcast de Grupo de Medios Panorama.<\/p>\n\n\n\n<p>Grupo de Medios Panorama da un paso adelante en la programaci\u00f3n de VTV Canal 32 con el relanzamiento de Libre Mente, un espacio que se reinventa bajo la producci\u00f3n de Julissa Ubr\u00ed.<\/p>\n\n\n\n<p>Desde la cabina de Panorama Podcast, Libre Mente ofrecer\u00e1 una propuesta fresca y din\u00e1mica que busca la pluralidad del debate.<\/p>\n\n\n\n<p>El nuevo ciclo del programa, que se emitir\u00e1 de lunes a viernes a las 7:00 de la noche, contar\u00e1 con un equipo compuesto por Mario Herrera, Delvys Lanfranco, Indira P\u00e9rez y Pedro Ren\u00e9 Almonte. Este grupo de expertos y comentaristas se unir\u00e1 para abordar temas nacionales e internacionales.<\/p>\n\n\n\n<p>Con la renovaci\u00f3n de Libre Mente, VTV Canal y Panorama Podcast ofrece un espacio jovial que abordara la realidad social, las noticias y los principales hechos de una manera entretenida y din\u00e1mica.<\/p>\n","protected":false},"excerpt":{"rendered":"<p>La propuesta se transmitir\u00e1 de lunes a viernes por VTV Canal 32 y la plataforma Podcast de Grupo de Medios Panorama. Grupo de Medios Panorama da un paso adelante en&hellip;<\/p>\n","protected":false},"author":2,"featured_media":87117,"comment_status":"open","ping_status":"open","sticky":false,"template":"","format":"standard","meta":{"content-type":"","jetpack_post_was_ever_published":false,"_jetpack_newsletter_access":"","_jetpack_dont_email_post_to_subs":false,"_jetpack_newsletter_tier_id":0,"_jetpack_memberships_contains_paywalled_content":false,"_jetpack_memberships_contains_paid_content":false,"footnotes":""},"categories":[84],"tags":[6989,14603,6415,614],"class_list":["post-87116","post","type-post","status-publish","format-standard","has-post-thumbnail","hentry","category-entretenimiento","tag-debate","tag-libre-mente","tag-panel","tag-vtv-canal-32"],"jetpack_featured_media_url":"https:\/\/lasprimeras.com.do\/wp-content\/uploads\/2024\/08\/VTV-Canal-32.jpg","jetpack-related-posts":[{"id":112026,"url":"https:\/\/lasprimeras.com.do\/index.php\/2025\/10\/16\/hoy-inicia-grandes-en-los-deportes-desde-el-play-por-vtv-canal-32-y-panorama-fm-96-9\/","url_meta":{"origin":87116,"position":0},"title":"Hoy inicia Grandes en los Deportes desde el Play por VTV Canal 32 y Panorama FM 96.9","author":"Nelson Feliz","date":"16 de octubre de 2025","format":false,"excerpt":"El Grupo de Medios Panorama anunci\u00f3 hoy el inicio del programa \u00abGrandes en los Deportes desde el Play\u00bb en horario de 11 a 12 de la medianoche por el canal VTV 32 y por Panorama FM 96.9. Una producci\u00f3n de Enrique Rojas y Dionisio Soldevila, Grandes en los Deportes desde\u2026","rel":"","context":"En \u00abDEPORTES\u00bb","block_context":{"text":"DEPORTES","link":"https:\/\/lasprimeras.com.do\/index.php\/category\/deportes\/"},"img":{"alt_text":"Grandes en los Deportes desde el Play","src":"https:\/\/i0.wp.com\/lasprimeras.com.do\/wp-content\/uploads\/2025\/10\/Grandes-en-los-Deportes-desde-el-Play.jpg?resize=350%2C200&ssl=1","width":350,"height":200,"srcset":"https:\/\/i0.wp.com\/lasprimeras.com.do\/wp-content\/uploads\/2025\/10\/Grandes-en-los-Deportes-desde-el-Play.jpg?resize=350%2C200&ssl=1 1x, https:\/\/i0.wp.com\/lasprimeras.com.do\/wp-content\/uploads\/2025\/10\/Grandes-en-los-Deportes-desde-el-Play.jpg?resize=525%2C300&ssl=1 1.5x, https:\/\/i0.wp.com\/lasprimeras.com.do\/wp-content\/uploads\/2025\/10\/Grandes-en-los-Deportes-desde-el-Play.jpg?resize=700%2C400&ssl=1 2x"},"classes":[]},{"id":48944,"url":"https:\/\/lasprimeras.com.do\/index.php\/2023\/05\/05\/grupo-de-medios-panorama-asume-operaciones-y-administracion-de-vtv-canal-32\/","url_meta":{"origin":87116,"position":1},"title":"Grupo de Medios Panorama asume operaciones y administraci\u00f3n de VTV Canal 32","author":"prenxa100","date":"5 de mayo de 2023","format":false,"excerpt":"SANTO DOMINGO.- El Grupo de Medios Panorama (GMP) anunci\u00f3 que a trav\u00e9s de una alianza estrat\u00e9gica asumi\u00f3 la administraci\u00f3n, operaci\u00f3n y producci\u00f3n de VTV canal 32 con sede en Santo Domingo. El presidente de GMP, Miguel Medina, inform\u00f3 que trabajan a todo vapor en lo que ser\u00e1 la nueva programaci\u00f3n,\u2026","rel":"","context":"En \u00abENTRETENIMIENTO\u00bb","block_context":{"text":"ENTRETENIMIENTO","link":"https:\/\/lasprimeras.com.do\/index.php\/category\/entretenimiento\/"},"img":{"alt_text":"","src":"https:\/\/i0.wp.com\/atento.com.do\/wp-content\/uploads\/2023\/05\/WhatsApp-Image-2023-05-05-at-9.49.27-AM-1-1024x768.jpeg?resize=350%2C200&ssl=1","width":350,"height":200,"srcset":"https:\/\/i0.wp.com\/atento.com.do\/wp-content\/uploads\/2023\/05\/WhatsApp-Image-2023-05-05-at-9.49.27-AM-1-1024x768.jpeg?resize=350%2C200&ssl=1 1x, https:\/\/i0.wp.com\/atento.com.do\/wp-content\/uploads\/2023\/05\/WhatsApp-Image-2023-05-05-at-9.49.27-AM-1-1024x768.jpeg?resize=525%2C300&ssl=1 1.5x, https:\/\/i0.wp.com\/atento.com.do\/wp-content\/uploads\/2023\/05\/WhatsApp-Image-2023-05-05-at-9.49.27-AM-1-1024x768.jpeg?resize=700%2C400&ssl=1 2x"},"classes":[]},{"id":83292,"url":"https:\/\/lasprimeras.com.do\/index.php\/2024\/05\/14\/grupo-de-medios-panorama-pide-disculpa-por-incidente-entre-comunicadores\/","url_meta":{"origin":87116,"position":2},"title":"Grupo de Medios Panorama pide disculpa por incidente entre comunicadores","author":"Nelson Feliz","date":"14 de mayo de 2024","format":false,"excerpt":"El Grupo de Medios Panorama pidi\u00f3 disculpas por el incidente ocurrido este martes entre los comunicadores Alfredo de la Cruz y Domingo Bautista, durante la transmisi\u00f3n de su programa Meridiano VTV, que se transmite de lunes a viernes por el canal 32. Grupo de Medios Panorama explica que no comparte\u2026","rel":"","context":"En \u00abENTRETENIMIENTO\u00bb","block_context":{"text":"ENTRETENIMIENTO","link":"https:\/\/lasprimeras.com.do\/index.php\/category\/entretenimiento\/"},"img":{"alt_text":"Grupo de Medios Panorama","src":"https:\/\/i0.wp.com\/lasprimeras.com.do\/wp-content\/uploads\/2024\/05\/Grupo-de-Medios-Panorama.jpg?resize=350%2C200&ssl=1","width":350,"height":200,"srcset":"https:\/\/i0.wp.com\/lasprimeras.com.do\/wp-content\/uploads\/2024\/05\/Grupo-de-Medios-Panorama.jpg?resize=350%2C200&ssl=1 1x, https:\/\/i0.wp.com\/lasprimeras.com.do\/wp-content\/uploads\/2024\/05\/Grupo-de-Medios-Panorama.jpg?resize=525%2C300&ssl=1 1.5x, https:\/\/i0.wp.com\/lasprimeras.com.do\/wp-content\/uploads\/2024\/05\/Grupo-de-Medios-Panorama.jpg?resize=700%2C400&ssl=1 2x"},"classes":[]},{"id":110096,"url":"https:\/\/lasprimeras.com.do\/index.php\/2025\/09\/25\/alcalde-de-lawrence-brian-de-pena-entrega-reconocimiento-a-grupo-de-medios-panorama\/","url_meta":{"origin":87116,"position":3},"title":"Alcalde de Lawrence Brian de Pe\u00f1a, entrega reconocimiento a Grupo de Medios Panorama","author":"Nelson Feliz","date":"25 de septiembre de 2025","format":false,"excerpt":"Lawrence, Massachusetts.\u2013 El alcalde de esta ciudad, Bryan De Pe\u00f1a, entreg\u00f3 reconocimientos especiales al Grupo de Medios Panorama, al doctor Ricardo Nieves y a los integrantes del programa Panorama de la Ma\u00f1ana: Elvin Castillo, Alfredo de la Cruz, Dannira Caminero, Kimberly Taveras y Nilda Analiz, por la transmisi\u00f3n especial realizada\u2026","rel":"","context":"En \u00abINTERNACIONALES\u00bb","block_context":{"text":"INTERNACIONALES","link":"https:\/\/lasprimeras.com.do\/index.php\/category\/sin-categoria\/internacionales\/"},"img":{"alt_text":"","src":"https:\/\/i0.wp.com\/lasprimeras.com.do\/wp-content\/uploads\/2025\/09\/Reconocimiento-a-Grupo-de-Medios-Panorama.jpg?resize=350%2C200&ssl=1","width":350,"height":200,"srcset":"https:\/\/i0.wp.com\/lasprimeras.com.do\/wp-content\/uploads\/2025\/09\/Reconocimiento-a-Grupo-de-Medios-Panorama.jpg?resize=350%2C200&ssl=1 1x, https:\/\/i0.wp.com\/lasprimeras.com.do\/wp-content\/uploads\/2025\/09\/Reconocimiento-a-Grupo-de-Medios-Panorama.jpg?resize=525%2C300&ssl=1 1.5x, https:\/\/i0.wp.com\/lasprimeras.com.do\/wp-content\/uploads\/2025\/09\/Reconocimiento-a-Grupo-de-Medios-Panorama.jpg?resize=700%2C400&ssl=1 2x, https:\/\/i0.wp.com\/lasprimeras.com.do\/wp-content\/uploads\/2025\/09\/Reconocimiento-a-Grupo-de-Medios-Panorama.jpg?resize=1050%2C600&ssl=1 3x, https:\/\/i0.wp.com\/lasprimeras.com.do\/wp-content\/uploads\/2025\/09\/Reconocimiento-a-Grupo-de-Medios-Panorama.jpg?resize=1400%2C800&ssl=1 4x"},"classes":[]},{"id":123144,"url":"https:\/\/lasprimeras.com.do\/index.php\/2026\/02\/26\/grupo-de-medios-panorama-transmitira-la-serie-entre-la-seleccion-dominicana-y-los-tigres-de-detroit\/","url_meta":{"origin":87116,"position":4},"title":"Grupo de Medios Panorama transmitir\u00e1 la serie entre la Selecci\u00f3n Dominicana y los Tigres de Detroit","author":"Nelson Feliz","date":"26 de febrero de 2026","format":false,"excerpt":"Los medios oficiales ser\u00e1n VTV Canal 32, Teleantillas Canal 10, Coral Canal 39, Panorama FM 96.9, Expreso 89.1 FM y Ban\u00ed FM 97.5 El Grupo de Medios Panorama anunci\u00f3 que, como propietaria de los derechos exclusivos de transmisi\u00f3n para televisi\u00f3n abierta en territorio dominicano, llevar\u00e1 al p\u00fablico, junto a otros\u2026","rel":"","context":"En \u00abDEPORTES\u00bb","block_context":{"text":"DEPORTES","link":"https:\/\/lasprimeras.com.do\/index.php\/category\/deportes\/"},"img":{"alt_text":"","src":"https:\/\/i0.wp.com\/lasprimeras.com.do\/wp-content\/uploads\/2026\/02\/IMG-20260226-WA0189.jpg?resize=350%2C200&ssl=1","width":350,"height":200,"srcset":"https:\/\/i0.wp.com\/lasprimeras.com.do\/wp-content\/uploads\/2026\/02\/IMG-20260226-WA0189.jpg?resize=350%2C200&ssl=1 1x, https:\/\/i0.wp.com\/lasprimeras.com.do\/wp-content\/uploads\/2026\/02\/IMG-20260226-WA0189.jpg?resize=525%2C300&ssl=1 1.5x, https:\/\/i0.wp.com\/lasprimeras.com.do\/wp-content\/uploads\/2026\/02\/IMG-20260226-WA0189.jpg?resize=700%2C400&ssl=1 2x"},"classes":[]},{"id":79133,"url":"https:\/\/lasprimeras.com.do\/index.php\/2024\/03\/24\/somos-pueblo-y-grupo-panorama-anuncian-debate-con-los-candidatos-presidenciales-alternativos\/","url_meta":{"origin":87116,"position":5},"title":"Somos Pueblo y Grupo Panorama anuncian debate con los candidatos presidenciales alternativos","author":"Nelson Feliz","date":"24 de marzo de 2024","format":false,"excerpt":"En una alianza estrat\u00e9gica \u201cSomos Pueblo Media\u201d y \u201cGrupo de Medios Panorama\u201d sumaron sus esfuerzos para realizar un debate electoral con los candidatos presidenciales de los partidos alternativos que participar\u00e1n en los comicios de mayo pr\u00f3ximo. Los presidentes de Grupo de Medios Panorama y Somos Pueblo Media, Miguel Medina y\u2026","rel":"","context":"En \u00abPORTADA\u00bb","block_context":{"text":"PORTADA","link":"https:\/\/lasprimeras.com.do\/index.php\/category\/portada\/"},"img":{"alt_text":"candidatos presidenciales","src":"https:\/\/i0.wp.com\/lasprimeras.com.do\/wp-content\/uploads\/2024\/03\/candidatos-presidenciales-1.jpg?resize=350%2C200&ssl=1","width":350,"height":200,"srcset":"https:\/\/i0.wp.com\/lasprimeras.com.do\/wp-content\/uploads\/2024\/03\/candidatos-presidenciales-1.jpg?resize=350%2C200&ssl=1 1x, https:\/\/i0.wp.com\/lasprimeras.com.do\/wp-content\/uploads\/2024\/03\/candidatos-presidenciales-1.jpg?resize=525%2C300&ssl=1 1.5x, https:\/\/i0.wp.com\/lasprimeras.com.do\/wp-content\/uploads\/2024\/03\/candidatos-presidenciales-1.jpg?resize=700%2C400&ssl=1 2x"},"classes":[]}],"jetpack_sharing_enabled":true,"_links":{"self":[{"href":"https:\/\/lasprimeras.com.do\/index.php\/wp-json\/wp\/v2\/posts\/87116","targetHints":{"allow":["GET"]}}],"collection":[{"href":"https:\/\/lasprimeras.com.do\/index.php\/wp-json\/wp\/v2\/posts"}],"about":[{"href":"https:\/\/lasprimeras.com.do\/index.php\/wp-json\/wp\/v2\/types\/post"}],"author":[{"embeddable":true,"href":"https:\/\/lasprimeras.com.do\/index.php\/wp-json\/wp\/v2\/users\/2"}],"replies":[{"embeddable":true,"href":"https:\/\/lasprimeras.com.do\/index.php\/wp-json\/wp\/v2\/comments?post=87116"}],"version-history":[{"count":1,"href":"https:\/\/lasprimeras.com.do\/index.php\/wp-json\/wp\/v2\/posts\/87116\/revisions"}],"predecessor-version":[{"id":87118,"href":"https:\/\/lasprimeras.com.do\/index.php\/wp-json\/wp\/v2\/posts\/87116\/revisions\/87118"}],"wp:featuredmedia":[{"embeddable":true,"href":"https:\/\/lasprimeras.com.do\/index.php\/wp-json\/wp\/v2\/media\/87117"}],"wp:attachment":[{"href":"https:\/\/lasprimeras.com.do\/index.php\/wp-json\/wp\/v2\/media?parent=87116"}],"wp:term":[{"taxonomy":"category","embeddable":true,"href":"https:\/\/lasprimeras.com.do\/index.php\/wp-json\/wp\/v2\/categories?post=87116"},{"taxonomy":"post_tag","embeddable":true,"href":"https:\/\/lasprimeras.com.do\/index.php\/wp-json\/wp\/v2\/tags?post=87116"}],"curies":[{"name":"wp","href":"https:\/\/api.w.org\/{rel}","templated":true}]}}