{"id":87147,"date":"2024-08-07T21:42:49","date_gmt":"2024-08-08T01:42:49","guid":{"rendered":"https:\/\/lasprimeras.com.do\/?p=87147"},"modified":"2024-08-07T21:42:50","modified_gmt":"2024-08-08T01:42:50","slug":"osiris-de-leon-disertara-conferencia-magistral-en-el-escenario-la-tertulia-de-santiago","status":"publish","type":"post","link":"https:\/\/lasprimeras.com.do\/index.php\/2024\/08\/07\/osiris-de-leon-disertara-conferencia-magistral-en-el-escenario-la-tertulia-de-santiago\/","title":{"rendered":"Osiris De Le\u00f3n disertar\u00e1 conferencia magistral en el escenario La TERTULIA de Santiago"},"content":{"rendered":"\n<p>El destacado ingeniero ge\u00f3logo Osiris De Le\u00f3n participar\u00e1 de un encuentro organizado por el grupo filos\u00f3fico y cultural La Tertulia TERTURAMA en la ciudad de Santiago.<\/p>\n\n\n\n<p>El encuentro se realizar\u00e1 en el auditorio de la Facultad de Ingenier\u00eda de la Pontificia Universidad Cat\u00f3lica Madre y Maestra PUCMM de Santiago, este jueves 8 de agosto a las 6 de la tarde.<\/p>\n\n\n\n<p>El tema a tratar es el \u201cCAMBIO CLIM\u00c1TICO\u201d: perspectivas actuales y futuras en el desarrollo del calentamiento global.<\/p>\n\n\n\n<p>Este tema es cardinal en el manejo de las pol\u00edticas energ\u00e9ticas y los recursos del medio ambiente por lo tanto es un honor recibir la presencia en Santiago del destacado experto en la materia el Ing. Osiris De Le\u00f3n.<\/p>\n\n\n\n<p>El grupo filos\u00f3fico y cultural La Tertulia TERTURAMA es dirigido y coordinado por su presidente el doctor Bruno Rosario.<\/p>\n","protected":false},"excerpt":{"rendered":"<p>El destacado ingeniero ge\u00f3logo Osiris De Le\u00f3n participar\u00e1 de un encuentro organizado por el grupo filos\u00f3fico y cultural La Tertulia TERTURAMA en la ciudad de Santiago. El encuentro se realizar\u00e1&hellip;<\/p>\n","protected":false},"author":2,"featured_media":87148,"comment_status":"open","ping_status":"open","sticky":false,"template":"","format":"standard","meta":{"content-type":"","jetpack_post_was_ever_published":false,"_jetpack_newsletter_access":"","_jetpack_dont_email_post_to_subs":false,"_jetpack_newsletter_tier_id":0,"_jetpack_memberships_contains_paywalled_content":false,"_jetpack_memberships_contains_paid_content":false,"footnotes":""},"categories":[35,25],"tags":[14614,1416,1543,1049,14615],"class_list":["post-87147","post","type-post","status-publish","format-standard","has-post-thumbnail","hentry","category-nacionales","category-portada","tag-la-tertulia","tag-osiris-de-leon","tag-participara","tag-santiago","tag-terturama"],"jetpack_featured_media_url":"https:\/\/lasprimeras.com.do\/wp-content\/uploads\/2024\/08\/Osiris-De-Leon.jpg","jetpack-related-posts":[{"id":112874,"url":"https:\/\/lasprimeras.com.do\/index.php\/2025\/10\/28\/osiris-de-leon-habla-del-peligro-de-un-huracan-categoria-5\/","url_meta":{"origin":87147,"position":0},"title":"Osiris de Le\u00f3n habla del peligro de un hurac\u00e1n categor\u00eda 5","author":"Nelson Feliz","date":"28 de octubre de 2025","format":false,"excerpt":"El ge\u00f3logo llama a intervenir varios puentes del pa\u00eds. El ge\u00f3logo y ambientalista Osiris de Le\u00f3n, declar\u00f3 que donde pasa un hurac\u00e1n categor\u00eda 5 deja tierra arrasadas y llam\u00f3 a las autoridades intervenir varias infraestructura de la Rep\u00fablica Dominicana. De Le\u00f3n, revel\u00f3 que la tormenta Melissa pas\u00f3 por el sur\u2026","rel":"","context":"En \u00abCLIMA\u00bb","block_context":{"text":"CLIMA","link":"https:\/\/lasprimeras.com.do\/index.php\/category\/clima\/"},"img":{"alt_text":"","src":"https:\/\/i0.wp.com\/lasprimeras.com.do\/wp-content\/uploads\/2025\/10\/Osiris-de-Leon.jpg?resize=350%2C200&ssl=1","width":350,"height":200,"srcset":"https:\/\/i0.wp.com\/lasprimeras.com.do\/wp-content\/uploads\/2025\/10\/Osiris-de-Leon.jpg?resize=350%2C200&ssl=1 1x, https:\/\/i0.wp.com\/lasprimeras.com.do\/wp-content\/uploads\/2025\/10\/Osiris-de-Leon.jpg?resize=525%2C300&ssl=1 1.5x"},"classes":[]},{"id":121072,"url":"https:\/\/lasprimeras.com.do\/index.php\/2026\/01\/31\/osiris-de-leon-cataloga-como-una-gran-perdida-para-la-sociedad-el-fallecimiento-de-ramon-alburquerque\/","url_meta":{"origin":87147,"position":1},"title":"Osiris de Le\u00f3n cataloga como &#8220;una gran p\u00e9rdida para la sociedad&#8221; el fallecimiento de Ram\u00f3n Alburquerque","author":"Nelson Feliz","date":"31 de enero de 2026","format":false,"excerpt":"El ge\u00f3logo y ambientalista Osiris de Le\u00f3n cat\u00e1logo este s\u00e1bado que el fallecimiento del l\u00edder pol\u00edtico Ram\u00f3n Alburquerque como una gran p\u00e9rdida a la ciencia, la tecnolog\u00eda, la pol\u00edtica y para la sociedad dominicana. Al ser abordado por la prensa a las afueras de la Funeraria Jard\u00edn Memorial, Osiris record\u00f3\u2026","rel":"","context":"En \u00abPORTADA\u00bb","block_context":{"text":"PORTADA","link":"https:\/\/lasprimeras.com.do\/index.php\/category\/portada\/"},"img":{"alt_text":"Osiris de Le\u00f3n","src":"https:\/\/i0.wp.com\/lasprimeras.com.do\/wp-content\/uploads\/2026\/01\/Osiris-de-Leon.jpg?resize=350%2C200&ssl=1","width":350,"height":200,"srcset":"https:\/\/i0.wp.com\/lasprimeras.com.do\/wp-content\/uploads\/2026\/01\/Osiris-de-Leon.jpg?resize=350%2C200&ssl=1 1x, https:\/\/i0.wp.com\/lasprimeras.com.do\/wp-content\/uploads\/2026\/01\/Osiris-de-Leon.jpg?resize=525%2C300&ssl=1 1.5x"},"classes":[]},{"id":122037,"url":"https:\/\/lasprimeras.com.do\/index.php\/2026\/02\/12\/osiris-de-leon-reporta-749-infraestructuras-criticas-en-todo-el-territorio\/","url_meta":{"origin":87147,"position":2},"title":"Osiris de Le\u00f3n reporta 749 infraestructuras cr\u00edticas en todo el territorio","author":"Nelson Feliz","date":"12 de febrero de 2026","format":false,"excerpt":"El ge\u00f3logo y ambientalista Osiris de Le\u00f3n present\u00f3 el informe de resultados de la Comisi\u00f3n de Supervisi\u00f3n de Infraestructuras P\u00fablicas ante el Cambio Clim\u00e1tico, destacando que en dos a\u00f1os de trabajo el organismo ha evaluado de manera exhaustiva 749 infraestructuras cr\u00edticas en todo el territorio nacional. De Le\u00f3n, manifest\u00f3 que\u2026","rel":"","context":"En \u00abNACIONALES\u00bb","block_context":{"text":"NACIONALES","link":"https:\/\/lasprimeras.com.do\/index.php\/category\/nacionales\/"},"img":{"alt_text":"Osiris de Le\u00f3n","src":"https:\/\/i0.wp.com\/lasprimeras.com.do\/wp-content\/uploads\/2026\/02\/Osiris-de-Leon.jpg?resize=350%2C200&ssl=1","width":350,"height":200,"srcset":"https:\/\/i0.wp.com\/lasprimeras.com.do\/wp-content\/uploads\/2026\/02\/Osiris-de-Leon.jpg?resize=350%2C200&ssl=1 1x, https:\/\/i0.wp.com\/lasprimeras.com.do\/wp-content\/uploads\/2026\/02\/Osiris-de-Leon.jpg?resize=525%2C300&ssl=1 1.5x, https:\/\/i0.wp.com\/lasprimeras.com.do\/wp-content\/uploads\/2026\/02\/Osiris-de-Leon.jpg?resize=700%2C400&ssl=1 2x"},"classes":[]},{"id":111627,"url":"https:\/\/lasprimeras.com.do\/index.php\/2025\/10\/12\/osiris-de-leon-destaca-importancia-de-los-minerales-estrategicos-en-el-desarrollo-economico-y-la-seguridad-energetica\/","url_meta":{"origin":87147,"position":3},"title":"Osiris de Le\u00f3n destaca importancia de los minerales estrat\u00e9gicos en el desarrollo econ\u00f3mico y la seguridad energ\u00e9tica","author":"Nelson Feliz","date":"12 de octubre de 2025","format":false,"excerpt":"La Sociedad Dominicana de Geolog\u00eda (SODOGEO), con el respaldo de la Pontificia Universidad Cat\u00f3lica Madre y Maestra (PUCMM), concluy\u00f3 con \u00e9xito el seminario \u201cMinerales Estrat\u00e9gicos y Geopol\u00edtica\u201d, un encuentro acad\u00e9mico que reuni\u00f3 a destacados expertos nacionales e internacionales para analizar el papel de los recursos minerales en el desarrollo econ\u00f3mico,\u2026","rel":"","context":"En \u00abNACIONALES\u00bb","block_context":{"text":"NACIONALES","link":"https:\/\/lasprimeras.com.do\/index.php\/category\/nacionales\/"},"img":{"alt_text":"Osiris De Le\u00f3n","src":"https:\/\/i0.wp.com\/lasprimeras.com.do\/wp-content\/uploads\/2024\/08\/Osiris-De-Leon.jpg?resize=350%2C200&ssl=1","width":350,"height":200,"srcset":"https:\/\/i0.wp.com\/lasprimeras.com.do\/wp-content\/uploads\/2024\/08\/Osiris-De-Leon.jpg?resize=350%2C200&ssl=1 1x, https:\/\/i0.wp.com\/lasprimeras.com.do\/wp-content\/uploads\/2024\/08\/Osiris-De-Leon.jpg?resize=525%2C300&ssl=1 1.5x, https:\/\/i0.wp.com\/lasprimeras.com.do\/wp-content\/uploads\/2024\/08\/Osiris-De-Leon.jpg?resize=700%2C400&ssl=1 2x"},"classes":[]},{"id":127013,"url":"https:\/\/lasprimeras.com.do\/index.php\/2026\/04\/06\/osiris-de-leon-explica-por-que-llovio-tanto-en-semana-santa-y-sigue-el-mismo-patron\/","url_meta":{"origin":87147,"position":4},"title":"Osiris de Le\u00f3n explica \u00bfPor qu\u00e9 llovi\u00f3 tanto en Semana Santa y sigue el mismo patr\u00f3n?","author":"Nelson Feliz","date":"6 de abril de 2026","format":false,"excerpt":"Dijo que ser\u00e1 \u201ca partir de mayo 2026 que se espera una moderada disminuci\u00f3n de las lluvias en el Cibao y la costa atl\u00e1ntica de Rep\u00fablica Dominicana. Deyanira Polanco Tres vaguadas han sido las responsables de un conjunto de nubes dispersas provocaran aguaceros e inundaciones en algunas provincias y en\u2026","rel":"","context":"En \u00abSin categor\u00eda\u00bb","block_context":{"text":"Sin categor\u00eda","link":"https:\/\/lasprimeras.com.do\/index.php\/category\/sin-categoria\/"},"img":{"alt_text":"Osiris De Le\u00f3n","src":"https:\/\/i0.wp.com\/lasprimeras.com.do\/wp-content\/uploads\/2024\/08\/Osiris-De-Leon.jpg?resize=350%2C200&ssl=1","width":350,"height":200,"srcset":"https:\/\/i0.wp.com\/lasprimeras.com.do\/wp-content\/uploads\/2024\/08\/Osiris-De-Leon.jpg?resize=350%2C200&ssl=1 1x, https:\/\/i0.wp.com\/lasprimeras.com.do\/wp-content\/uploads\/2024\/08\/Osiris-De-Leon.jpg?resize=525%2C300&ssl=1 1.5x, https:\/\/i0.wp.com\/lasprimeras.com.do\/wp-content\/uploads\/2024\/08\/Osiris-De-Leon.jpg?resize=700%2C400&ssl=1 2x"},"classes":[]},{"id":114531,"url":"https:\/\/lasprimeras.com.do\/index.php\/2025\/11\/15\/familia-de-leon-invita-a-misas-en-memoria-de-la-sra-roilda-ismaela-de-leon\/","url_meta":{"origin":87147,"position":5},"title":"Familia de Le\u00f3n invita a misas en memoria de la Sra. Roilda Ismaela De Le\u00f3n","author":"Nelson Feliz","date":"15 de noviembre de 2025","format":false,"excerpt":"Con profundo dolor, la familia del reconocido ingeniero ge\u00f3logo y asesor cient\u00edfico del Poder Ejecutivo, Osiris de Le\u00f3n, informa el sentido fallecimiento de su querida madre, la se\u00f1ora Roilda Ismaela de Le\u00f3n. Sus hijos, nietos, yernos, nueras, dem\u00e1s familiares y relacionados, agradecen las numerosas muestras de apoyo, cari\u00f1o y solidaridad\u2026","rel":"","context":"En \u00abNACIONALES\u00bb","block_context":{"text":"NACIONALES","link":"https:\/\/lasprimeras.com.do\/index.php\/category\/nacionales\/"},"img":{"alt_text":"Osiris De Le\u00f3n","src":"https:\/\/i0.wp.com\/lasprimeras.com.do\/wp-content\/uploads\/2024\/08\/Osiris-De-Leon.jpg?resize=350%2C200&ssl=1","width":350,"height":200,"srcset":"https:\/\/i0.wp.com\/lasprimeras.com.do\/wp-content\/uploads\/2024\/08\/Osiris-De-Leon.jpg?resize=350%2C200&ssl=1 1x, https:\/\/i0.wp.com\/lasprimeras.com.do\/wp-content\/uploads\/2024\/08\/Osiris-De-Leon.jpg?resize=525%2C300&ssl=1 1.5x, https:\/\/i0.wp.com\/lasprimeras.com.do\/wp-content\/uploads\/2024\/08\/Osiris-De-Leon.jpg?resize=700%2C400&ssl=1 2x"},"classes":[]}],"jetpack_sharing_enabled":true,"_links":{"self":[{"href":"https:\/\/lasprimeras.com.do\/index.php\/wp-json\/wp\/v2\/posts\/87147","targetHints":{"allow":["GET"]}}],"collection":[{"href":"https:\/\/lasprimeras.com.do\/index.php\/wp-json\/wp\/v2\/posts"}],"about":[{"href":"https:\/\/lasprimeras.com.do\/index.php\/wp-json\/wp\/v2\/types\/post"}],"author":[{"embeddable":true,"href":"https:\/\/lasprimeras.com.do\/index.php\/wp-json\/wp\/v2\/users\/2"}],"replies":[{"embeddable":true,"href":"https:\/\/lasprimeras.com.do\/index.php\/wp-json\/wp\/v2\/comments?post=87147"}],"version-history":[{"count":1,"href":"https:\/\/lasprimeras.com.do\/index.php\/wp-json\/wp\/v2\/posts\/87147\/revisions"}],"predecessor-version":[{"id":87149,"href":"https:\/\/lasprimeras.com.do\/index.php\/wp-json\/wp\/v2\/posts\/87147\/revisions\/87149"}],"wp:featuredmedia":[{"embeddable":true,"href":"https:\/\/lasprimeras.com.do\/index.php\/wp-json\/wp\/v2\/media\/87148"}],"wp:attachment":[{"href":"https:\/\/lasprimeras.com.do\/index.php\/wp-json\/wp\/v2\/media?parent=87147"}],"wp:term":[{"taxonomy":"category","embeddable":true,"href":"https:\/\/lasprimeras.com.do\/index.php\/wp-json\/wp\/v2\/categories?post=87147"},{"taxonomy":"post_tag","embeddable":true,"href":"https:\/\/lasprimeras.com.do\/index.php\/wp-json\/wp\/v2\/tags?post=87147"}],"curies":[{"name":"wp","href":"https:\/\/api.w.org\/{rel}","templated":true}]}}