{"id":87171,"date":"2024-08-07T23:59:54","date_gmt":"2024-08-08T03:59:54","guid":{"rendered":"https:\/\/lasprimeras.com.do\/?p=87171"},"modified":"2024-08-07T23:59:55","modified_gmt":"2024-08-08T03:59:55","slug":"encuentran-cadaver-de-una-mujer-de-24-anos-en-un-tanque-en-bayaguana","status":"publish","type":"post","link":"https:\/\/lasprimeras.com.do\/index.php\/2024\/08\/07\/encuentran-cadaver-de-una-mujer-de-24-anos-en-un-tanque-en-bayaguana\/","title":{"rendered":"Encuentran cad\u00e1ver de una mujer de 24 a\u00f1os en un tanque en Bayaguana"},"content":{"rendered":"\n<p>La Polic\u00eda busca a la pareja de la occisa, identificada como Alexis de Jes\u00fas Alonso alias Alexis Celular, de 46 a\u00f1os.<\/p>\n\n\n\n<p>El cad\u00e1ver de una mujer de 24 a\u00f1os fue encontrado abandonado este mi\u00e9rcoles dentro de un tanque en un terreno bald\u00edo del sector La Bas\u00edlica, municipio Bayaguana de la provincia Monte Plata.<\/p>\n\n\n\n<p>A trav\u00e9s de una nota de prensa, la Polic\u00eda Nacional inform\u00f3 que la v\u00edctima es Alina Ram\u00edrez Felice.<\/p>\n\n\n\n<p>Indic\u00f3 que con relaci\u00f3n al caso est\u00e1 siendo perseguida la pareja sentimental de la occisa, identificado como Alexis de Jes\u00fas Alonso alias Alexis Celular, de 46 a\u00f1os, quien se encuentra pr\u00f3fugo.<\/p>\n\n\n\n<p>Entre tanto, la Polic\u00eda precis\u00f3 que agentes de la Direcci\u00f3n Central de Investigaci\u00f3n (DICRIM) apresaron para fines de investigaci\u00f3n a un hombre, cuya identidad se hace reserva, quien &#8220;es de alto inter\u00e9s en el proceso investigativo&#8221;.<\/p>\n\n\n\n<p>La instituci\u00f3n del orden precis\u00f3 que el cad\u00e1ver de Alina fue enviado al Instituto Nacional de Ciencias Forenses para determinar la causa de muerte.<\/p>\n","protected":false},"excerpt":{"rendered":"<p>La Polic\u00eda busca a la pareja de la occisa, identificada como Alexis de Jes\u00fas Alonso alias Alexis Celular, de 46 a\u00f1os. El cad\u00e1ver de una mujer de 24 a\u00f1os fue&hellip;<\/p>\n","protected":false},"author":2,"featured_media":87172,"comment_status":"open","ping_status":"open","sticky":false,"template":"","format":"standard","meta":{"content-type":"","jetpack_post_was_ever_published":false,"_jetpack_newsletter_access":"","_jetpack_dont_email_post_to_subs":false,"_jetpack_newsletter_tier_id":0,"_jetpack_memberships_contains_paywalled_content":false,"_jetpack_memberships_contains_paid_content":false,"footnotes":""},"categories":[35],"tags":[14629,240,429,14628],"class_list":["post-87171","post","type-post","status-publish","format-standard","has-post-thumbnail","hentry","category-nacionales","tag-bayaguana","tag-cadaver","tag-mujer","tag-tanque"],"jetpack_featured_media_url":"https:\/\/lasprimeras.com.do\/wp-content\/uploads\/2024\/08\/encuentra-cadaver-de-mujer-en-tanque-_3-focus-0-0-896-504.jpg","jetpack-related-posts":[{"id":87904,"url":"https:\/\/lasprimeras.com.do\/index.php\/2024\/08\/19\/hombre-mata-a-palos-a-su-pareja-y-causo-explosion-con-tanque-de-gas\/","url_meta":{"origin":87171,"position":0},"title":"Hombre mata a palos a su pareja y caus\u00f3 explosi\u00f3n con tanque de gas","author":"Nelson Feliz","date":"19 de agosto de 2024","format":false,"excerpt":"El hombre que mat\u00f3 a palos a su pareja en la ma\u00f1ana de este lunes tambi\u00e9n caus\u00f3 una explosi\u00f3n en la vivienda donde resid\u00eda con la v\u00edctima en el sector Cristo Rey, del Distrito Nacional. La mujer fue identificada como Milagros Cristina Veras, de 35 a\u00f1os, mientras que su victimario,\u2026","rel":"","context":"En \u00abNACIONALES\u00bb","block_context":{"text":"NACIONALES","link":"https:\/\/lasprimeras.com.do\/index.php\/category\/nacionales\/"},"img":{"alt_text":"quema vivienda","src":"https:\/\/i0.wp.com\/lasprimeras.com.do\/wp-content\/uploads\/2024\/08\/quema-vivienda.jpg?resize=350%2C200&ssl=1","width":350,"height":200,"srcset":"https:\/\/i0.wp.com\/lasprimeras.com.do\/wp-content\/uploads\/2024\/08\/quema-vivienda.jpg?resize=350%2C200&ssl=1 1x, https:\/\/i0.wp.com\/lasprimeras.com.do\/wp-content\/uploads\/2024\/08\/quema-vivienda.jpg?resize=525%2C300&ssl=1 1.5x, https:\/\/i0.wp.com\/lasprimeras.com.do\/wp-content\/uploads\/2024\/08\/quema-vivienda.jpg?resize=700%2C400&ssl=1 2x"},"classes":[]},{"id":68912,"url":"https:\/\/lasprimeras.com.do\/index.php\/2023\/11\/28\/muere-la-mujer-que-comio-sopa-envenenada-en-santiago\/","url_meta":{"origin":87171,"position":1},"title":"Muere la mujer que comi\u00f3 sopa envenenada en Santiago","author":"Nelson Feliz","date":"28 de noviembre de 2023","format":false,"excerpt":"Evelyn Contreras, la mujer que se encontraba ingresada en la Unidad de Cuidados intensivos de la Cl\u00ednica Corominas de Santiago tras haber ingerido una sopa con una sustancia venenosa, falleci\u00f3 esta tarde. Contreras, de 46 a\u00f1os de edad, muri\u00f3 a ra\u00edz del incidente, que se produjo el lunes en la\u2026","rel":"","context":"En \u00abNACIONALES\u00bb","block_context":{"text":"NACIONALES","link":"https:\/\/lasprimeras.com.do\/index.php\/category\/nacionales\/"},"img":{"alt_text":"MUERE NUJER","src":"https:\/\/i0.wp.com\/lasprimeras.com.do\/wp-content\/uploads\/2023\/11\/MUERE-NUJER.jpg?resize=350%2C200&ssl=1","width":350,"height":200,"srcset":"https:\/\/i0.wp.com\/lasprimeras.com.do\/wp-content\/uploads\/2023\/11\/MUERE-NUJER.jpg?resize=350%2C200&ssl=1 1x, https:\/\/i0.wp.com\/lasprimeras.com.do\/wp-content\/uploads\/2023\/11\/MUERE-NUJER.jpg?resize=525%2C300&ssl=1 1.5x, https:\/\/i0.wp.com\/lasprimeras.com.do\/wp-content\/uploads\/2023\/11\/MUERE-NUJER.jpg?resize=700%2C400&ssl=1 2x"},"classes":[]},{"id":77054,"url":"https:\/\/lasprimeras.com.do\/index.php\/2024\/02\/17\/encuentran-cadaver-de-mujer-en-rio-de-espana-y-se-cree-podria-ser-de-dominicana-gabriela-reyes\/","url_meta":{"origin":87171,"position":2},"title":"Encuentran cad\u00e1ver de mujer en r\u00edo de Espa\u00f1a y se cree podr\u00eda ser de dominicana Gabriela Reyes","author":"Nelson Feliz","date":"17 de febrero de 2024","format":false,"excerpt":"Navarra,\u00a0Espa\u00f1a.-El\u00a0cuerpo\u00a0sin vida de una\u00a0mujer\u00a0fue localizado este viernes en el\u00a0r\u00edo Arga\u00a0a su paso por Bara\u00f1\u00e1in, en Navarra,\u00a0Espa\u00f1a, y las autoridades manejan la hip\u00f3tesis de que pudiera tratarse de la dominicana\u00a0Gabriela Reyes, de 35 a\u00f1os,\u00a0desaparecida\u00a0desde el pasado 7 de diciembre. Seg\u00fan varios medios espa\u00f1oles, el\u00a0hallazgo\u00a0del\u00a0cuerpo\u00a0lo realiz\u00f3 una persona que paseaba por la\u2026","rel":"","context":"En \u00abPORTADA\u00bb","block_context":{"text":"PORTADA","link":"https:\/\/lasprimeras.com.do\/index.php\/category\/portada\/"},"img":{"alt_text":"Encuentran, cad\u00e1ver , mujer , Espa\u00f1a , dominicana, Gabriela Reyes","src":"https:\/\/i0.wp.com\/lasprimeras.com.do\/wp-content\/uploads\/2024\/02\/Gabriela-muy-linda.jpg?resize=350%2C200&ssl=1","width":350,"height":200,"srcset":"https:\/\/i0.wp.com\/lasprimeras.com.do\/wp-content\/uploads\/2024\/02\/Gabriela-muy-linda.jpg?resize=350%2C200&ssl=1 1x, https:\/\/i0.wp.com\/lasprimeras.com.do\/wp-content\/uploads\/2024\/02\/Gabriela-muy-linda.jpg?resize=525%2C300&ssl=1 1.5x"},"classes":[]},{"id":93621,"url":"https:\/\/lasprimeras.com.do\/index.php\/2025\/02\/15\/hallan-cadaver-de-joven-en-un-terreno-baldio-de-hato-nuevo\/","url_meta":{"origin":87171,"position":3},"title":"Hallan cad\u00e1ver de joven en un terreno bald\u00edo de Hato Nuevo","author":"Nelson Feliz","date":"15 de febrero de 2025","format":false,"excerpt":"El hoy occiso respond\u00eda al nombre de Junior Ra\u00fal S\u00e1nchez, de 22 a\u00f1os. El cad\u00e1ver del joven Junior Ra\u00fal S\u00e1nchez, de 22 a\u00f1os, fue encontrado con impactos de bala alrededor de las 5:00 de la tarde de este viernes en un terreno bald\u00edo en Hato Nuevo de Manoguayabo, municipio Santo\u2026","rel":"","context":"En \u00abNACIONALES\u00bb","block_context":{"text":"NACIONALES","link":"https:\/\/lasprimeras.com.do\/index.php\/category\/nacionales\/"},"img":{"alt_text":"","src":"https:\/\/i0.wp.com\/lasprimeras.com.do\/wp-content\/uploads\/2025\/02\/Raul-Sanchez.jpg?resize=350%2C200&ssl=1","width":350,"height":200,"srcset":"https:\/\/i0.wp.com\/lasprimeras.com.do\/wp-content\/uploads\/2025\/02\/Raul-Sanchez.jpg?resize=350%2C200&ssl=1 1x, https:\/\/i0.wp.com\/lasprimeras.com.do\/wp-content\/uploads\/2025\/02\/Raul-Sanchez.jpg?resize=525%2C300&ssl=1 1.5x, https:\/\/i0.wp.com\/lasprimeras.com.do\/wp-content\/uploads\/2025\/02\/Raul-Sanchez.jpg?resize=700%2C400&ssl=1 2x"},"classes":[]},{"id":63062,"url":"https:\/\/lasprimeras.com.do\/index.php\/2023\/10\/09\/encuentran-sin-vida-a-eusebio-mejia-genao-reportado-desaparecido\/","url_meta":{"origin":87171,"position":4},"title":"Encuentran sin vida a Eusebio Mej\u00eda Genao, reportado desaparecido","author":"Nelson Feliz","date":"9 de octubre de 2023","format":false,"excerpt":"Fue encontrado sin vida el se\u00f1or Eusebio Mej\u00eda Genao, quien fuera reportado como desaparecido por sus familiares, quienes dijeron que desconoc\u00edan su paradero desde el pasado viernes. El cad\u00e1ver de Mej\u00eda Genao fue descubierto por mun\u00edcipes de la zona llamada J\u00fabilo, perteneciente a Sierra Prieta de Monte Plata, sin signos\u2026","rel":"","context":"En \u00abNACIONALES\u00bb","block_context":{"text":"NACIONALES","link":"https:\/\/lasprimeras.com.do\/index.php\/category\/nacionales\/"},"img":{"alt_text":"Eusebio Mej\u00eda Genao","src":"https:\/\/i0.wp.com\/lasprimeras.com.do\/wp-content\/uploads\/2023\/10\/WhatsApp-Image-2023-10-09-at-4.50.49-PM.jpeg?resize=350%2C200&ssl=1","width":350,"height":200,"srcset":"https:\/\/i0.wp.com\/lasprimeras.com.do\/wp-content\/uploads\/2023\/10\/WhatsApp-Image-2023-10-09-at-4.50.49-PM.jpeg?resize=350%2C200&ssl=1 1x, https:\/\/i0.wp.com\/lasprimeras.com.do\/wp-content\/uploads\/2023\/10\/WhatsApp-Image-2023-10-09-at-4.50.49-PM.jpeg?resize=525%2C300&ssl=1 1.5x, https:\/\/i0.wp.com\/lasprimeras.com.do\/wp-content\/uploads\/2023\/10\/WhatsApp-Image-2023-10-09-at-4.50.49-PM.jpeg?resize=700%2C400&ssl=1 2x"},"classes":[]},{"id":103905,"url":"https:\/\/lasprimeras.com.do\/index.php\/2025\/07\/19\/agentes-de-la-policia-mata-a-un-individuo-acusado-de-varios-homicidios\/","url_meta":{"origin":87171,"position":5},"title":"Agentes de la Polic\u00eda mata a un individuo acusado de varios homicidios","author":"Nelson Feliz","date":"19 de julio de 2025","format":false,"excerpt":"La Polic\u00eda asesin\u00f3 a un \u00abreconocido\u00bb delincuente al que atribuye varios delitos, en el municipio Bayaguana, de Monte Plata Richard Sabino, alias Sonson, atac\u00f3 a tiros a miembros de la Divisi\u00f3n de Investigaci\u00f3n (Dicrim) y la Polic\u00eda Preventiva de Hato Mayor, durante un operativo, seg\u00fan la Uniformada. \u00abSonson\u00bb era requerido\u2026","rel":"","context":"En \u00abMILITARES\u00bb","block_context":{"text":"MILITARES","link":"https:\/\/lasprimeras.com.do\/index.php\/category\/militares\/"},"img":{"alt_text":"","src":"https:\/\/i0.wp.com\/lasprimeras.com.do\/wp-content\/uploads\/2025\/07\/SONSON.jpg?resize=350%2C200&ssl=1","width":350,"height":200},"classes":[]}],"jetpack_sharing_enabled":true,"_links":{"self":[{"href":"https:\/\/lasprimeras.com.do\/index.php\/wp-json\/wp\/v2\/posts\/87171","targetHints":{"allow":["GET"]}}],"collection":[{"href":"https:\/\/lasprimeras.com.do\/index.php\/wp-json\/wp\/v2\/posts"}],"about":[{"href":"https:\/\/lasprimeras.com.do\/index.php\/wp-json\/wp\/v2\/types\/post"}],"author":[{"embeddable":true,"href":"https:\/\/lasprimeras.com.do\/index.php\/wp-json\/wp\/v2\/users\/2"}],"replies":[{"embeddable":true,"href":"https:\/\/lasprimeras.com.do\/index.php\/wp-json\/wp\/v2\/comments?post=87171"}],"version-history":[{"count":1,"href":"https:\/\/lasprimeras.com.do\/index.php\/wp-json\/wp\/v2\/posts\/87171\/revisions"}],"predecessor-version":[{"id":87173,"href":"https:\/\/lasprimeras.com.do\/index.php\/wp-json\/wp\/v2\/posts\/87171\/revisions\/87173"}],"wp:featuredmedia":[{"embeddable":true,"href":"https:\/\/lasprimeras.com.do\/index.php\/wp-json\/wp\/v2\/media\/87172"}],"wp:attachment":[{"href":"https:\/\/lasprimeras.com.do\/index.php\/wp-json\/wp\/v2\/media?parent=87171"}],"wp:term":[{"taxonomy":"category","embeddable":true,"href":"https:\/\/lasprimeras.com.do\/index.php\/wp-json\/wp\/v2\/categories?post=87171"},{"taxonomy":"post_tag","embeddable":true,"href":"https:\/\/lasprimeras.com.do\/index.php\/wp-json\/wp\/v2\/tags?post=87171"}],"curies":[{"name":"wp","href":"https:\/\/api.w.org\/{rel}","templated":true}]}}