{"id":87205,"date":"2024-08-08T11:55:30","date_gmt":"2024-08-08T15:55:30","guid":{"rendered":"https:\/\/lasprimeras.com.do\/?p=87205"},"modified":"2024-08-08T11:56:25","modified_gmt":"2024-08-08T15:56:25","slug":"carta-publica-al-ingeniero-eligio-jaquez","status":"publish","type":"post","link":"https:\/\/lasprimeras.com.do\/index.php\/2024\/08\/08\/carta-publica-al-ingeniero-eligio-jaquez\/","title":{"rendered":"Carta p\u00fablica al ingeniero Eligio J\u00e1quez"},"content":{"rendered":"\n<p>Distinguido y apreciado ingeniero Eligio Jaqu\u00e9z:<\/p>\n\n\n\n<p>En tiempos de tormentas en un Mar revuelto a dos fuerzas nos debemos aferrar, a nuestro Dios, en primer lugar y a un buen Capit\u00e1n.&nbsp;&nbsp;&nbsp;&nbsp;&nbsp;<\/p>\n\n\n\n<p>Para m\u00ed, usted fue el capit\u00e1n que llego nombrado como C\u00f3nsul General de la Rep\u00fablica Dominicana en la ciudad de New York, en tiempos de tormentas en el mundo y en el Partido Revolucionario Moderno (PRM) en la Seccional de Nueva York.&nbsp;&nbsp;<\/p>\n\n\n\n<p>Todos sabemos la crisis interna que surgi\u00f3 cuando en nuestro Partido el cambio de la direcci\u00f3n de este ten\u00eda que darse y la Pandemia en el 2020 que sacudi\u00f3 la humanidad en todas partes del mundo.<\/p>\n\n\n\n<p>Fueron muchas personas que a igual est\u00e1 servidora le llegamos a conocer en su rol asignado, donde no solo conocimos a un pol\u00edtico con calidad humana, de servicios y sobre todo con un trato afable para todos los que como yo nos acercamos a usted.<\/p>\n\n\n\n<p>Ingeniero Jaqu\u00e9z, usted no solo lleg\u00f3 a dirigir el Consulado, sino que vino a empoderar m\u00e1s a nuestro Partido y a darle soporte a las columnas para que este se mantuviera m\u00e1s fuerte y unido para trabajar para las elecciones que finalizaron recientemente junto a nuestro Presidente Luis Abinader y los diputados que fueron electos en el exterior.<\/p>\n\n\n\n<p>Soy y siempre ser\u00e9 de esas personas que solo le desean dar las gracias por existir y por dejar un mensaje a esta ciudad y a toda la circunscripci\u00f3n No 1 del PRM en el Exterior \u201cQue la Humildad y la Unidad son partes esenciales de un pol\u00edtico y sin estas cualidades se pierde el Horizonte \u201c.<\/p>\n\n\n\n<p>Gracias.<\/p>\n\n\n\n<p>Bendiciones para usted y su familia.<\/p>\n\n\n\n<p>Su legado no ser\u00e1 olvidado jam\u00e1s.<\/p>\n\n\n\n<p>Con mucho aprecio y cari\u00f1o:<\/p>\n\n\n\n<p>Dra. Yanilda Santos y su equipo de Staten Island, Nueva York Jos\u00e9 Tineo, G\u00e9nesis Gonz\u00e1lez, Ingrid Cuevas, Cesar Ram\u00edrez, Luis Pe\u00f1a, Yasmeli Santos y Josefina Hern\u00e1ndez.<\/p>\n","protected":false},"excerpt":{"rendered":"<p>Distinguido y apreciado ingeniero Eligio Jaqu\u00e9z: En tiempos de tormentas en un Mar revuelto a dos fuerzas nos debemos aferrar, a nuestro Dios, en primer lugar y a un buen&hellip;<\/p>\n","protected":false},"author":2,"featured_media":87206,"comment_status":"open","ping_status":"open","sticky":false,"template":"","format":"standard","meta":{"content-type":"","jetpack_post_was_ever_published":false,"_jetpack_newsletter_access":"","_jetpack_dont_email_post_to_subs":false,"_jetpack_newsletter_tier_id":0,"_jetpack_memberships_contains_paywalled_content":false,"_jetpack_memberships_contains_paid_content":false,"footnotes":""},"categories":[95,25],"tags":[14645],"class_list":["post-87205","post","type-post","status-publish","format-standard","has-post-thumbnail","hentry","category-opinion","category-portada","tag-carta-publica-al-ingeniero-eligio-jaquez"],"jetpack_featured_media_url":"https:\/\/lasprimeras.com.do\/wp-content\/uploads\/2024\/08\/Yanilda-Santos.jpg","jetpack-related-posts":[{"id":88600,"url":"https:\/\/lasprimeras.com.do\/index.php\/2024\/08\/31\/prm-ny-despide-a-eligio-jaquez-y-da-bienvenida-a-nuevo-consul-jesus-vazquez\/","url_meta":{"origin":87205,"position":0},"title":"PRM- NY despide a Eligio Jaquez y da bienvenida a nuevo c\u00f3nsul Jes\u00fas V\u00e1zquez","author":"Nelson Feliz","date":"31 de agosto de 2024","format":false,"excerpt":"Por Tom\u00e1s Aybar NUEVA YORK. -El Partido Revolucionario Moderno sessional Nueva York (PRM-NY), presidido por Julio C\u00e9sar (Yulin) Mateo, realiz\u00f3 un acto especial la noche de este s\u00e1bado para despedir a Eligio Jaquez y dar la bienvenida oficial a Jes\u00fas \u201c Chu \u201c V\u00e1zquez Mart\u00ednez que asume como nuevo C\u00f3nsul\u2026","rel":"","context":"En \u00abSin categor\u00eda\u00bb","block_context":{"text":"Sin categor\u00eda","link":"https:\/\/lasprimeras.com.do\/index.php\/category\/sin-categoria\/"},"img":{"alt_text":"","src":"https:\/\/i0.wp.com\/lasprimeras.com.do\/wp-content\/uploads\/2024\/08\/jesus-vasquez.jpg?resize=350%2C200&ssl=1","width":350,"height":200,"srcset":"https:\/\/i0.wp.com\/lasprimeras.com.do\/wp-content\/uploads\/2024\/08\/jesus-vasquez.jpg?resize=350%2C200&ssl=1 1x, https:\/\/i0.wp.com\/lasprimeras.com.do\/wp-content\/uploads\/2024\/08\/jesus-vasquez.jpg?resize=525%2C300&ssl=1 1.5x"},"classes":[]},{"id":71723,"url":"https:\/\/lasprimeras.com.do\/index.php\/2023\/12\/22\/consulado-de-rd-en-ny-no-estara-ofreciendo-servicios-el-25-de-diciembre-y-1-de-enero\/","url_meta":{"origin":87205,"position":1},"title":"Consulado de RD en NY no estar\u00e1 ofreciendo servicios el 25 de Diciembre y 1 de enero","author":"Nelson Feliz","date":"22 de diciembre de 2023","format":false,"excerpt":"Por Aquiles Rojas NUEVA YORK. -El Consulado General de la Rep\u00fablica dominicana en Nueva York anunci\u00f3 hoy que su sede central, como tambi\u00e9n las oficinas de operativos m\u00f3viles, las que operan en El Bronx, Alto Manhattan, Brooklyn, Connecticut y Long Island, no operaran los d\u00edas lunes 25 de diciembre ni\u2026","rel":"","context":"En \u00abSin categor\u00eda\u00bb","block_context":{"text":"Sin categor\u00eda","link":"https:\/\/lasprimeras.com.do\/index.php\/category\/sin-categoria\/"},"img":{"alt_text":"Eligio Jaquez","src":"https:\/\/i0.wp.com\/lasprimeras.com.do\/wp-content\/uploads\/2023\/07\/Eligio-Jaquez.jpg?resize=350%2C200&ssl=1","width":350,"height":200},"classes":[]},{"id":86749,"url":"https:\/\/lasprimeras.com.do\/index.php\/2024\/07\/31\/jesus-vasquez-y-eligio-jaquez-reciben-nuevas-designaciones\/","url_meta":{"origin":87205,"position":2},"title":"Jes\u00fas V\u00e1squez y Eligio J\u00e1quez reciben nuevas designaciones","author":"Nelson Feliz","date":"31 de julio de 2024","format":false,"excerpt":"Designaciones Oficializadas Mediante el Decreto 420-24 El Presidente de la Rep\u00fablica, Luis Abinader, ha emitido el Decreto 420-24, mediante el cual se realizan nuevas designaciones para Jes\u00fas V\u00e1squez y Eligio J\u00e1quez, destacando sus continuos servicios al pa\u00eds en roles clave. Jes\u00fas V\u00e1squez, quien fungi\u00f3 como Ministro de Interior y Polic\u00eda\u2026","rel":"","context":"En \u00abNACIONALES\u00bb","block_context":{"text":"NACIONALES","link":"https:\/\/lasprimeras.com.do\/index.php\/category\/nacionales\/"},"img":{"alt_text":"Jes\u00fas V\u00e1squez y Eligio J\u00e1quez","src":"https:\/\/i0.wp.com\/lasprimeras.com.do\/wp-content\/uploads\/2024\/07\/Jesus-Vasquez-y-Eligio-Jaquez.jpg?resize=350%2C200&ssl=1","width":350,"height":200,"srcset":"https:\/\/i0.wp.com\/lasprimeras.com.do\/wp-content\/uploads\/2024\/07\/Jesus-Vasquez-y-Eligio-Jaquez.jpg?resize=350%2C200&ssl=1 1x, https:\/\/i0.wp.com\/lasprimeras.com.do\/wp-content\/uploads\/2024\/07\/Jesus-Vasquez-y-Eligio-Jaquez.jpg?resize=525%2C300&ssl=1 1.5x"},"classes":[]},{"id":57628,"url":"https:\/\/lasprimeras.com.do\/index.php\/2023\/08\/14\/eligio-defiende-acuerdo-entre-rd-y-guyana\/","url_meta":{"origin":87205,"position":3},"title":"Eligio defiende acuerdo entre RD y Guyana","author":"Nelson Feliz","date":"14 de agosto de 2023","format":false,"excerpt":"El ex secretario de agricultura, Eligio J\u00e1quez, sali\u00f3 en defensa de la firma del acuerdo entre Rep\u00fablica Dominicana y Guyana para siembra de 10 millones de tareas de tierras destinadas a la cosecha de ma\u00edz. El ex funcionario agr\u00edcola y actual c\u00f3nsul general en Nueva York, dice que quienes de\u2026","rel":"","context":"En \u00abECONOM\u00cdA\u00bb","block_context":{"text":"ECONOM\u00cdA","link":"https:\/\/lasprimeras.com.do\/index.php\/category\/economia\/"},"img":{"alt_text":"Eligio Jaquez","src":"https:\/\/i0.wp.com\/lasprimeras.com.do\/wp-content\/uploads\/2023\/07\/Eligio-Jaquez.jpg?resize=350%2C200&ssl=1","width":350,"height":200},"classes":[]},{"id":57889,"url":"https:\/\/lasprimeras.com.do\/index.php\/2023\/08\/17\/eligio-jaquez-expresa-pesar-por-la-tragedia-en-san-cristobal\/","url_meta":{"origin":87205,"position":4},"title":"Eligio J\u00e1quez expresa pesar por la tragedia en San Crist\u00f3bal","author":"Nelson Feliz","date":"17 de agosto de 2023","format":false,"excerpt":"El C\u00f3nsul de Rep\u00fablica Dominicana en Nueva York, Eligio J\u00e1quez, expres\u00f3 su consternaci\u00f3n y muestro pesar ante la tragedia ocurrida el pasado lunes en San Crist\u00f3bal, que ha ocasionado la muerte a 27 personas y caus\u00f3 heridas a otras 59, de acuerdo con el conteo oficial. J\u00e1quez, manifest\u00f3 que se\u2026","rel":"","context":"En \u00abNACIONALES\u00bb","block_context":{"text":"NACIONALES","link":"https:\/\/lasprimeras.com.do\/index.php\/category\/nacionales\/"},"img":{"alt_text":"Eligio Jaquez","src":"https:\/\/i0.wp.com\/lasprimeras.com.do\/wp-content\/uploads\/2023\/07\/Eligio-Jaquez.jpg?resize=350%2C200&ssl=1","width":350,"height":200},"classes":[]},{"id":55295,"url":"https:\/\/lasprimeras.com.do\/index.php\/2023\/07\/19\/consul-eligio-jaquez-da-toques-finales-para-los-juegos-patrios-dominicanos\/","url_meta":{"origin":87205,"position":5},"title":"C\u00f3nsul Eligio Jaquez da toques finales para los &#8220;Juegos Patrios Dominicanos&#8221;","author":"Nelson Feliz","date":"19 de julio de 2023","format":false,"excerpt":"El c\u00f3nsul general de Nueva York, Eligio Jaquez y otras las autoridades dominicanas de esta ciudad se llev\u00f3 a cabo en la Direcci\u00f3n de Cultura que encabeza Rey Andujar la rueda de prensa para ofrecer detalles de los Juegos Patrios Dominicanos que ser\u00e1n efectuados del 26 de agosto al 2\u2026","rel":"","context":"En \u00abSin categor\u00eda\u00bb","block_context":{"text":"Sin categor\u00eda","link":"https:\/\/lasprimeras.com.do\/index.php\/category\/sin-categoria\/"},"img":{"alt_text":"Eligio Jaquez","src":"https:\/\/i0.wp.com\/lasprimeras.com.do\/wp-content\/uploads\/2023\/07\/Eligio-Jaquez.jpg?resize=350%2C200&ssl=1","width":350,"height":200},"classes":[]}],"jetpack_sharing_enabled":true,"_links":{"self":[{"href":"https:\/\/lasprimeras.com.do\/index.php\/wp-json\/wp\/v2\/posts\/87205","targetHints":{"allow":["GET"]}}],"collection":[{"href":"https:\/\/lasprimeras.com.do\/index.php\/wp-json\/wp\/v2\/posts"}],"about":[{"href":"https:\/\/lasprimeras.com.do\/index.php\/wp-json\/wp\/v2\/types\/post"}],"author":[{"embeddable":true,"href":"https:\/\/lasprimeras.com.do\/index.php\/wp-json\/wp\/v2\/users\/2"}],"replies":[{"embeddable":true,"href":"https:\/\/lasprimeras.com.do\/index.php\/wp-json\/wp\/v2\/comments?post=87205"}],"version-history":[{"count":1,"href":"https:\/\/lasprimeras.com.do\/index.php\/wp-json\/wp\/v2\/posts\/87205\/revisions"}],"predecessor-version":[{"id":87207,"href":"https:\/\/lasprimeras.com.do\/index.php\/wp-json\/wp\/v2\/posts\/87205\/revisions\/87207"}],"wp:featuredmedia":[{"embeddable":true,"href":"https:\/\/lasprimeras.com.do\/index.php\/wp-json\/wp\/v2\/media\/87206"}],"wp:attachment":[{"href":"https:\/\/lasprimeras.com.do\/index.php\/wp-json\/wp\/v2\/media?parent=87205"}],"wp:term":[{"taxonomy":"category","embeddable":true,"href":"https:\/\/lasprimeras.com.do\/index.php\/wp-json\/wp\/v2\/categories?post=87205"},{"taxonomy":"post_tag","embeddable":true,"href":"https:\/\/lasprimeras.com.do\/index.php\/wp-json\/wp\/v2\/tags?post=87205"}],"curies":[{"name":"wp","href":"https:\/\/api.w.org\/{rel}","templated":true}]}}